{"id":115384,"date":"2024-09-05T17:09:12","date_gmt":"2024-09-05T15:09:12","guid":{"rendered":"http:\/\/www.reunion68.se\/?p=115384"},"modified":"2024-09-02T11:50:05","modified_gmt":"2024-09-02T09:50:05","slug":"02-09-95","status":"publish","type":"post","link":"https:\/\/www.reunion68.se\/?p=115384","title":{"rendered":"Zwierz\u0119ca dziko\u015b\u0107 i energia &#8211; Rozmowa z Avishai Cohenem"},"content":{"rendered":"<p style=\"text-align: center;\"><img decoding=\"async\" class=\"aligncenter\" src=\"https:\/\/img.fotocommunity.com\/avishai-cohen-d37f5744-fbf7-46d7-85d8-5ec94a1a30d8.jpg?height=1080\" width=\"100%\"><span style=\"color: #808080;\"><em>Avishai Cohen Foto &amp; Bild | kunstfotografie &amp; kultur, musik &amp; konzert, jazz Bilder auf fotocommunity<\/em><\/span><\/p>\n<hr>\n<h5 style=\"text-align: center;\"><a href=\"https:\/\/www.dwutygodnik.com\/\" target=\"_blank\" rel=\"noopener noreferrer\"><img decoding=\"async\" class=\"center alignleft\" src=\"https:\/\/www.dwutygodnik.com\/public\/frontend\/image_v4\/logo-top--dark.png\" alt=\"\" width=\"50%\"><\/a><span style=\"text-decoration: underline; color: #000080;\"><span style=\"text-decoration: underline;\"><strong><a style=\"color: #000080; text-decoration: underline;\" href=\"https:\/\/www.dwutygodnik.com\/artykul\/1858-zwierzeca-dzikosc-i-energia.html\" target=\"_blank\" rel=\"noopener noreferrer\">Zwierz\u0119ca dziko\u015b\u0107 i energia &#8211; Rozmowa z Avishai Cohenem<\/a><\/strong><\/span><\/span><\/h5>\n<p style=\"text-align: center;\"><span style=\"color: #000000;\"><strong>TOMASZ HANDZLIK<\/strong><\/span><\/p>\n<hr style=\"height: 15px; background: #d0e6fa; width: 100%;\">\n<h5 style=\"text-align: center;\">Avishai Cohen<\/h5>\n<p><span style=\"color: #808080;\"><em>Urodzony w&nbsp;Izraelu kontrabasista, kompozytor i&nbsp;aran\u017cer. Dorasta\u0142 w&nbsp;po\u0142o\u017conym na p\u00f3\u0142nocy kraju mie\u015bcie Kabri. Od 9&nbsp;roku \u017cycia uczy\u0142 si\u0119 gry na fortepianie, a&nbsp;nast\u0119pnie si\u0119gn\u0105\u0142 po gitar\u0119 basow\u0105. Po dw\u00f3ch latach s\u0142u\u017cby w&nbsp;izraelskiej armii, gdzie gra\u0142 w&nbsp;zespole reprezentacyjnym, rozpocz\u0105\u0142 studia w&nbsp;klasie kontrabasu Michaela Klinghoffera. Po kolejnych dw\u00f3ch latach przeni\u00f3s\u0142 si\u0119 do Nowego Jorku, gdzie uczy\u0142 si\u0119 jazzu w&nbsp;Mannes College The New School for Music. Tu\u017c po studiach zosta\u0142 zaproszony do zespo\u0142u s\u0142ynnego panamskiego pianisty Danilo Pereza, z&nbsp;kt\u00f3rym nagra\u0142 album \u201ePanamonk\u201d. W 1996 roku do\u0142\u0105czy\u0142 do sekstetu \u201eOrigin\u201d Chicka Corei, a&nbsp;siedem lat p\u00f3\u017aniej za\u0142o\u017cy\u0142 w\u0142asny zesp\u00f3\u0142 Avishai Cohen Trio. Nigdy jednak nie przerwa\u0142 wsp\u00f3\u0142pracy z&nbsp;gwiazdami. Pojawia\u0142 si\u0119 u&nbsp;boku takich gigant\u00f3w jak Bobby McFerrin, Roy Hargrove, Herbie Hancock czy Paquito D\u2019Rivera, za\u015b opiniotw\u00f3rczy ameryka\u0144ski magazyn \u201eDown Beat\u201d okrzykn\u0105\u0142 go wizjonerem gatunku i&nbsp;jednym z&nbsp;najciekawszych muzyk\u00f3w ostatnich lat. Na swym koncie Cohen ma 12 autorskich album\u00f3w.<\/em><\/span><br \/>\n<span style=\"color: #808080;\"><em>Podczas 13. Bielskiej Zadymki Jazzowej LOTOS JAZZ FESTIVAL artysta zaprezentowa\u0142 najnowszy z&nbsp;nich \u2013 \u201eSeven Seas\u201d. By\u0142a to \u015bwiatowa premiera nagrania<\/em><\/span><\/p>\n<hr>\n<div class=\"container\">\n<header class=\"article-header-txt\">\n<p class=\"article-header-txt__lead\" style=\"text-align: left;\"><span style=\"color: #000080;\">\u201eMuzyka Bliskiego Wschodu czerpie z wielu kultur \u2013 arabskiej, \u017cydowskiej, ba\u0142ka\u0144skiej, europejskiej, afryka\u0144skiej. I w\u0142a\u015bnie to jest najwi\u0119ksze pi\u0119kno muzyki. \u015awiat staje si\u0119 mniejszy\u201d \u2013 m\u00f3wi basista i kompozytor Avishai Cohen, kt\u00f3ry wyst\u0105pi\u0142 w\u0142a\u015bnie podczas 13. Bielskiej Zadymki Jazzowej<\/span><\/p>\n<\/header>\n<\/div>\n<div class=\"container container--relative\">\n<div class=\"article-header-reading article-header-reading--middle is-visible js-prevent-over-wide\"><\/div>\n<div class=\"article-content article-content--no-image js-end-dt\">\n<p><strong>TOMASZ HANDZLIK: Nie wiedzia\u0142em, \u017ce jazz jest tak popularny w&nbsp;Izraelu.<\/strong><\/p>\n<p style=\"text-align: left;\"><strong><br \/>\n<\/strong><span style=\"color: #000080;\"><strong>AVISHAI COHEN<\/strong>: Popularny to chyba niew\u0142a\u015bciwe s\u0142owo. Ale z&nbsp;pewno\u015bci\u0105 cieszy si\u0119 coraz wi\u0119kszym zainteresowaniem ludzi m\u0142odych, kt\u00f3rzy nie tylko s\u0142uchaj\u0105, ale coraz cz\u0119\u015bciej chc\u0105 si\u0119 uczy\u0107 jazzu.<\/span><\/p>\n<p><strong>A ja my\u015bla\u0142em, \u017ce u&nbsp;was to tylko tradycyjny folk i&nbsp;\u017cydowskie pie\u015bni.<\/strong><\/p>\n<p style=\"text-align: left;\"><span style=\"color: #000080;\">Dzi\u015b najpopularniejsza muzyka to ta, kt\u00f3r\u0105 gra si\u0119 w radiu. A ona niestety niewiele ma wsp\u00f3lnego z tradycj\u0105 jakiegokolwiek kraju. Pozostaje tylko nadzieja, \u017ce dobra muzyka zawsze znajdzie swoich s\u0142uchaczy.<\/span><\/p>\n<p style=\"text-align: left;\"><span style=\"color: #000000;\"><strong>Ty ich znajdujesz bez trudu?<\/strong><\/span><\/p>\n<p style=\"text-align: left;\"><span style=\"color: #000080;\">Tak naprawd\u0119 wybra\u0142em jazz dla samego siebie. Gram dla poczucia wolno\u015bci, jakie daje mi improwizacja. Zawsze kocha\u0142em nieograniczon\u0105 mo\u017cliwo\u015b\u0107 kreowania w\u0142asnego muzycznego \u015bwiata. I to w ci\u0105gu jednej chwili.<\/span><\/p>\n<p><strong>Podobno inspirowa\u0142 Ci\u0119 Jaco Pastorius?<\/strong><\/p>\n<p style=\"text-align: left;\"><span style=\"color: #000000;\">To jeden z&nbsp;tych artyst\u00f3w, kt\u00f3rych kocham najbardziej, kt\u00f3rzy ukszta\u0142towali mnie jako muzyka. Bo je\u015bli chodzi o&nbsp;bas, to w\u0142a\u015bnie Jaco by\u0142 najwa\u017cniejszy. Oczywi\u015bcie obok Bacha, Stevie Wondera i&nbsp;jeszcze paru im podobnych&nbsp;<em>(\u015bmiech)<\/em>.<\/span><\/p>\n<p style=\"text-align: right;\"><img decoding=\"async\" class=\"alignright\" src=\"https:\/\/a10.gaanacdn.com\/gn_img\/albums\/4Z9bqZoKyQ\/Z9bqZjloKy\/size_m.webp\"><span style=\"color: #808080;\"><em>Avishai Cohenem &#8220;Seven Seas&#8221;<\/em><\/span><\/p>\n<\/div>\n<\/div>\n<p><strong>Ale Pastorius to by\u0142 \u015bwir. Tymczasem Ty wygl\u0105dasz na zupe\u0142nie normalnego i&nbsp;spokojnego faceta.<\/strong><\/p>\n<p style=\"text-align: left;\"><span style=\"color: #000080;\">To niewa\u017cne. Mnie fascynowa\u0142o jego brzmienie. Kiedy go s\u0142ucha\u0142em, nie mog\u0142em uwierzy\u0107, \u017ce to gra bas. Bo w tych d\u017awi\u0119kach by\u0142o co\u015b zar\u00f3wno ponadludzkiego, jak i ponadinstrumentalnego. Jaka\u015b zwierz\u0119ca energia, dziko\u015b\u0107, \u017cywotno\u015b\u0107. Brzmienie Pastoriusa oczywi\u015bcie nie sprowadza\u0142o si\u0119 jedynie do tych d\u017awi\u0119k\u00f3w basu, ale ca\u0142okszta\u0142tu jego postaci jako artysty. To w\u0142a\u015bnie jego \u201eja\u201d ubrane by\u0142o w ten pot\u0119\u017cny d\u017awi\u0119k.<\/span><br \/>\n<span style=\"color: #000080;\">A czy ja jestem spokojny i&nbsp;opanowany? Teraz, w&nbsp;trakcie rozmowy, pewnie tak. Oszcz\u0119dzam energi\u0119. Ale kiedy wychodz\u0119 na scen\u0119, potrafi\u0119 by\u0107 bardziej \u017cywio\u0142owy. Jest we mnie ta druga, mroczna, nieco dzika natura. Przecie\u017c ka\u017cdy cz\u0142owiek ma w&nbsp;sobie t\u0119 drug\u0105 natur\u0119, kt\u00f3ra potrafi si\u0119 ujawni\u0107 na scenie czy w&nbsp;innych, zupe\u0142nie wyj\u0105tkowych sytuacjach. Wol\u0119 wewn\u0119trzny spok\u00f3j, bo tak \u0142atwiej si\u0119 \u017cyje. Zw\u0142aszcza, \u017ce bycie szalonym nie zawsze wychodzi na dobre. Ale z&nbsp;drugiej strony, b\u0119d\u0105c tak\u0105 oaz\u0105 spokoju na scenie, musia\u0142bym chyba gra\u0107 wy\u0142\u0105cznie jazzowe ballady.<\/span><\/p>\n<p><strong>A Ty przecie\u017c jeste\u015b twardy. Zw\u0142aszcza, \u017ce s\u0142u\u017cy\u0142e\u015b w&nbsp;izraelskiej armii.<\/strong><\/p>\n<p style=\"text-align: left;\"><span style=\"color: #000080;\">Nie pcha\u0142em si\u0119 wcale do wojska, nie chcia\u0142em by\u0107 \u017co\u0142nierzem. Ale w Izraelu ka\u017cdy musi swoje ods\u0142u\u017cy\u0107. Ja postanowi\u0142em gra\u0107 w wojskowej orkiestrze, bo to by\u0142o jedyne rozwi\u0105zanie, \u017ceby nie nosi\u0107 karabinu i nie musie\u0107 walczy\u0107. A muzyk\u0119 kocha\u0142em od zawsze. Mia\u0142em wi\u0119c du\u017co szcz\u0119\u015bcia, trafiaj\u0105c do garnizonowej orkiestry. Oczywi\u015bcie nie mog\u0142em tam gra\u0107 takiej muzyki, jak\u0105 sobie wymarzy\u0142em, ale i tak sporo si\u0119 nauczy\u0142em.<\/span><\/p>\n<p><strong>Grali\u015bcie wojskowe marsze?<\/strong><\/p>\n<p style=\"text-align: left;\"><span style=\"color: #000080;\">Nie. Przewa\u017cnie izraelski rock i pop, bo to najbardziej podoba\u0142o si\u0119 pozosta\u0142ym \u017co\u0142nierzom.<\/span><\/p>\n<p><strong>To dlaczego wynios\u0142e\u015b si\u0119 do Nowego Jorku?<\/strong><\/p>\n<p style=\"text-align: left;\"><span style=\"color: #000080;\">Bo zacz\u0105\u0142em traktowa\u0107 jazz bardziej serio. A wiadomo, \u017ce Nowy Jork to mekka jazzu. Najlepsze miejsce dla m\u0142odego muzyka. Poszed\u0142em wi\u0119c do szko\u0142y, zacz\u0105\u0142em odkrywa\u0107 tamtejsz\u0105 scen\u0119 i&nbsp;ju\u017c wiedzia\u0142em, \u017ce by\u0142a to najlepsza decyzja \u017cycia.<\/span><\/p>\n<p><strong>By\u0142o \u0142atwiej ni\u017c w&nbsp;Izraelu?<\/strong><\/p>\n<p style=\"text-align: left;\"><span style=\"color: #000080;\">Nie do ko\u0144ca. By\u0142em m\u0142odym ch\u0142opakiem, kt\u00f3ry przyjecha\u0142 do zupe\u0142nie obcego miasta i&nbsp;musia\u0142 jako\u015b zap\u0142aci\u0107 za szko\u0142\u0119 i&nbsp;czynsz. Nikt mnie jeszcze nie zna\u0142, nie mia\u0142em do\u015bwiadczenia jako basista i&nbsp;nie da\u0142bym rady wy\u017cy\u0107 z&nbsp;grania. Pocz\u0105tkowo pracowa\u0142em wi\u0119c na budowie, potem grywa\u0142em na ulicach i&nbsp;w metrze. Pocz\u0105tki by\u0142y trudne, ale traktowa\u0142em to jak wyzwanie, kt\u00f3rego szuka\u0142em i&nbsp;kt\u00f3re by\u0142o mi potrzebne. Potem przysz\u0142o pierwsze zaproszenie do latynoskiego zespo\u0142u szkolnych koleg\u00f3w. I zacz\u0105\u0142em wreszcie \u017cy\u0107 z&nbsp;grania<\/span>.<\/p>\n<p><strong>Muzyk z&nbsp;Bliskiego Wschodu graj\u0105cy latynoski jazz? Niez\u0142a historia!<\/strong><\/p>\n<p style=\"text-align: left;\"><span style=\"color: #000080;\">To jednocze\u015bnie dziwne i&nbsp;ca\u0142kiem normalne. Bo przecie\u017c muzyka Bliskiego Wschodu czerpie z&nbsp;wielu kultur \u2013 arabskiej, \u017cydowskiej, ba\u0142ka\u0144skiej, europejskiej, a&nbsp;czasem przypomina nawet muzyk\u0119 afryka\u0144sk\u0105. W\u0142a\u015bciwie mo\u017cesz j\u0105 po\u0142\u0105czy\u0107 z&nbsp;ka\u017cd\u0105 inn\u0105 kultur\u0105, je\u015bli tylko wyczuwasz podobie\u0144stwo w&nbsp;rytmie, groove\u2019ach. I w\u0142a\u015bnie to jest najwi\u0119ksze pi\u0119kno muzyki. \u015awiat staje si\u0119 mniejszy.<\/span><\/p>\n<p><strong>Spodziewa\u0142bym si\u0119, \u017ce jad\u0105c do Nowego Jorku, nawi\u0105\u017cesz raczej wsp\u00f3\u0142prac\u0119 z&nbsp;Johnem Zornem. Pr\u00f3bowa\u0142e\u015b?<\/strong><\/p>\n<p style=\"text-align: left;\"><span style=\"color: #000080;\">Nie, cho\u0107 dzisiaj ka\u017cdy mnie o&nbsp;to pyta. Nie twierdz\u0119, \u017ce nie by\u0142oby to ciekawe, bo Zorn to \u015bwietny muzyk, a&nbsp;m\u00f3j muzyczny \u015bwiat zbudowany jest na tych samych korzeniach, wp\u0142ywach i&nbsp;warto\u015bciach. Ale lubi\u0119 inne wzorce, lubi\u0119 ulega\u0107 wp\u0142ywom rzeczy, na kt\u00f3rych nie by\u0142em wychowywany, kt\u00f3rych jeszcze nie znam.<\/span><\/p>\n<p><strong>Magazyn \u201eDown Beat\u201d okrzykn\u0105\u0142 Ci\u0119 \u201ewizjonerem gatunku\u201d i&nbsp;umie\u015bci\u0142 na li\u015bcie najlepszych basist\u00f3w \u015bwiata.<\/strong><\/p>\n<p style=\"text-align: left;\"><span style=\"color: #000080;\">Kiedy by\u0142em m\u0142odszy my\u015bla\u0142em, \u017ce by\u0142oby wspaniale, gdyby kto\u015b kiedy\u015b powiedzia\u0142, \u017ce jestem znakomitym basist\u0105. Teraz patrz\u0119 na muzyk\u0119 w&nbsp;troch\u0119 szerszym kontek\u015bcie. Nie my\u015bl\u0119 ju\u017c tylko w&nbsp;kategoriach basu i&nbsp;basist\u00f3w. Po prostu uwielbiam siedzie\u0107 w&nbsp;tym \u015bwiecie. I tyle. I niewa\u017cne, co m\u00f3wi\u0105 czy pisz\u0105. Artysta nie powinien tego traktowa\u0107 zbyt serio, zw\u0142aszcza gdy pada has\u0142o, \u017ce jeste\u015b geniuszem. Najwa\u017cniejsza w&nbsp;tym zawodzie jest aktywno\u015b\u0107.<\/span><\/p>\n<p><strong>A ten szerszy kontekst?<\/strong><\/p>\n<p style=\"text-align: left;\"><span style=\"color: #000080;\">To moja recepta na muzyk\u0119. Najwi\u0119kszy dar, jaki mam. Ja po prostu kocham r\u00f3\u017cne gatunki i&nbsp;brzmienia. Oczywi\u015bcie muzyka musi by\u0107 dobra, ale styl nie ma znaczenia. Kiedy przyjecha\u0142em do Nowego Jorku, grywa\u0142em reggae z&nbsp;bardzo powa\u017cnymi przedstawicielami tego nurtu, ale gra\u0142em te\u017c funky, rocka, a&nbsp;zdarzy\u0142o si\u0119 nawet, \u017ce si\u0119ga\u0142em po flamenco. Pr\u00f3bowa\u0142em chyba wszystkiego. Najwa\u017cniejsza jest otwarto\u015b\u0107 na nowe doznania. To samo dzi\u015b zreszt\u0105 powtarzam wszystkim m\u0142odym muzykom, bo najlepsz\u0105 dla nich nauk\u0105 jest rozszerzenie horyzont\u00f3w, poznanie tylu rzeczy, ile si\u0119 tylko da. To kszta\u0142tuje dusz\u0119 muzyka. A ostatni sk\u0142adnik tej recepty to bycie szczerym z&nbsp;samym sob\u0105.<\/span><\/p>\n<p><strong>Wi\u0119c twoja muzyka to nie tylko jazz?<\/strong><\/p>\n<p style=\"text-align: left;\"><span style=\"color: #000080;\">Nie. I prawd\u0119 m\u00f3wi\u0105c nigdy nie gra\u0142em takiego typowego jazzu. Zwykle kr\u0105\u017cy\u0142em wok\u00f3\u0142 tej definicji.<\/span><\/p>\n<p><strong>A jednak gra\u0142e\u015b z&nbsp;Bobbym McFerrinem, Chickiem Core\u0105, Herbie Hancockiem. To giganci jazzu.<\/strong><\/p>\n<p style=\"text-align: left;\"><span style=\"color: #000080;\">Zagra\u0142em, bo to oni mnie zaprosili, a&nbsp;ja akurat mia\u0142em na to wielk\u0105 ochot\u0119. I nie widz\u0119 w&nbsp;tym nic nadzwyczajnego. By\u0142y to oczywi\u015bcie bardzo wymagaj\u0105ce i&nbsp;ambitne projekty, ale taka jest muzyka. Na tym polega wyzwanie.<\/span><br \/>\n<span style=\"color: #000080;\">Tak naprawd\u0119 trudniejsze od wsp\u00f3\u0142pracy z&nbsp;gwiazdami jest bycie liderem w\u0142asnego zespo\u0142u. Bo im wi\u0119cej obowi\u0105zk\u00f3w, tym robi si\u0119 ci\u0119\u017cej. Pojawia si\u0119 stres, bo to ty jeste\u015b teraz za wszystko odpowiedzialny. A przy tym jest te\u017c du\u017co wi\u0119cej rado\u015bci i&nbsp;zadowolenia. To jeden z&nbsp;powod\u00f3w, dla kt\u00f3rych warto \u017cy\u0107.<\/span><\/p>\n<p><strong>Czujesz si\u0119 ju\u017c spe\u0142niony?<\/strong><\/p>\n<p style=\"text-align: left;\"><span style=\"color: #000080;\">Tak, tyle \u017ce ci\u0105gle mi ma\u0142o.<\/span><\/p>\n<p><strong>Nadal mieszkasz w&nbsp;Nowym Jorku?<\/strong><\/p>\n<p style=\"text-align: left;\"><span style=\"color: #000080;\">Mieszka\u0142em tam 12 lat. W 2004 roku wr\u00f3ci\u0142em do Tel Awiwu.<\/span><\/p>\n<p><strong>Macie tam kluby jazzowe?<\/strong><\/p>\n<p style=\"text-align: left;\"><span style=\"color: #000080;\">Niewiele. Ale ludzie i&nbsp;tak znajduj\u0105 sposoby na granie. Je\u015bli tylko chc\u0105. Ja przewa\u017cnie wyst\u0119puj\u0119 poza Izraelem. W USA i&nbsp;Europie. Do Tel Awiwu wracam, \u017ceby si\u0119 zrelaksowa\u0107, napisa\u0107 co\u015b nowego. Bo takiej okazji nie mam w&nbsp;innych cz\u0119\u015bciach \u015bwiata.<\/span><\/p>\n<p><strong>Tel Awiw si\u0119 nie zmieni\u0142?<br \/>\n<\/strong><\/p>\n<p style=\"text-align: left;\"><span style=\"color: #000080;\">Raczej nie. Mo\u017ce poza paroma zwyczajnymi rzeczami, kt\u00f3re dziej\u0105 si\u0119 w&nbsp;ka\u017cdym rozwijaj\u0105cym si\u0119 mie\u015bcie. Ale kocham to miasto, to wci\u0105\u017c cudowne miejsce do \u017cycia<\/span><\/p>\n<hr>\n<p style=\"text-align: left;\"><span style=\"color: #808080;\"><em><strong>Tomasz Handzlik<\/strong> &#8211; Dziennikarz muzyczny, wsp\u00f3\u0142pracuje m.in. z \u201eGazet\u0105 Wyborcz\u0105\u201d i dwutygodnik.com, studiowa\u0142 muzykologi\u0119 na Uniwersytecie Jagiello\u0144skim, gra na tr\u0105bce.<\/em><\/span><\/p>\n<hr style=\"height: 15px; background: #d0e6fa; width: 100%;\">\n<div id=\"content\" class=\"content-alignment\">\n<div id=\"watch-description\" class=\"yt-uix-button-panel\">\n<div id=\"watch-description-text\" style=\"text-align: center;\">\n<p><em>Zawarto\u015b\u0107 publikowanych artyku\u0142\u00f3w i materia\u0142\u00f3w nie reprezentuje pogl\u0105d\u00f3w ani opinii Reunion&#8217;68,<\/em><em><br \/>\nani te\u017c webmastera Blogu Reunion&#8217;68, chyba ze jest to wyra\u017anie zaznaczone.<br \/>\nTwoje uwagi, linki, w\u0142asne artyku\u0142y lub wiadomo\u015bci prze\u015blij na adres:<br \/>\n<\/em><span style=\"color: #000080;\"><strong><em><a style=\"color: #000080;\" href=\"mailto:webmaster@reunion68.com\"><span style=\"text-decoration: underline;\">webmaster@reunion68.com<\/span><\/a><\/em><\/strong><\/span><\/p>\n<\/div>\n<\/div>\n<\/div>\n<hr style=\"width: 100%;\">\n","protected":false},"excerpt":{"rendered":"<p>Avishai Cohen Foto &amp; Bild | kunstfotografie &amp; kultur, musik &amp; konzert, jazz Bilder auf fotocommunity Zwierz\u0119ca dziko\u015b\u0107 i energia &#8211; Rozmowa z Avishai Cohenem TOMASZ HANDZLIK Avishai Cohen Urodzony w&nbsp;Izraelu kontrabasista, kompozytor i&nbsp;aran\u017cer. Dorasta\u0142 w&nbsp;po\u0142o\u017conym na p\u00f3\u0142nocy kraju mie\u015bcie Kabri. Od 9&nbsp;roku \u017cycia uczy\u0142 si\u0119 gry na fortepianie, a&nbsp;nast\u0119pnie si\u0119gn\u0105\u0142 po gitar\u0119 basow\u0105. Po [&hellip;]<\/p>\n","protected":false},"author":1,"featured_media":0,"comment_status":"closed","ping_status":"closed","sticky":false,"template":"","format":"standard","meta":[],"categories":[6],"tags":[26,24],"_links":{"self":[{"href":"https:\/\/www.reunion68.se\/index.php?rest_route=\/wp\/v2\/posts\/115384"}],"collection":[{"href":"https:\/\/www.reunion68.se\/index.php?rest_route=\/wp\/v2\/posts"}],"about":[{"href":"https:\/\/www.reunion68.se\/index.php?rest_route=\/wp\/v2\/types\/post"}],"author":[{"embeddable":true,"href":"https:\/\/www.reunion68.se\/index.php?rest_route=\/wp\/v2\/users\/1"}],"replies":[{"embeddable":true,"href":"https:\/\/www.reunion68.se\/index.php?rest_route=%2Fwp%2Fv2%2Fcomments&post=115384"}],"version-history":[{"count":13,"href":"https:\/\/www.reunion68.se\/index.php?rest_route=\/wp\/v2\/posts\/115384\/revisions"}],"predecessor-version":[{"id":115471,"href":"https:\/\/www.reunion68.se\/index.php?rest_route=\/wp\/v2\/posts\/115384\/revisions\/115471"}],"wp:attachment":[{"href":"https:\/\/www.reunion68.se\/index.php?rest_route=%2Fwp%2Fv2%2Fmedia&parent=115384"}],"wp:term":[{"taxonomy":"category","embeddable":true,"href":"https:\/\/www.reunion68.se\/index.php?rest_route=%2Fwp%2Fv2%2Fcategories&post=115384"},{"taxonomy":"post_tag","embeddable":true,"href":"https:\/\/www.reunion68.se\/index.php?rest_route=%2Fwp%2Fv2%2Ftags&post=115384"}],"curies":[{"name":"wp","href":"https:\/\/api.w.org\/{rel}","templated":true}]}}