{"id":115386,"date":"2024-08-30T17:05:49","date_gmt":"2024-08-30T15:05:49","guid":{"rendered":"http:\/\/www.reunion68.se\/?p=115386"},"modified":"2024-08-30T10:02:33","modified_gmt":"2024-08-30T08:02:33","slug":"02-05-105","status":"publish","type":"post","link":"https:\/\/www.reunion68.se\/?p=115386","title":{"rendered":"Israel Blasts UN Chief for Demanding Stop to West Bank Operation Amid Threat of Return to Suicide Bombings"},"content":{"rendered":"<h5 style=\"text-align: center;\"><a href=\"https:\/\/www.algemeiner.com\/\" target=\"_blank\" rel=\"noopener noreferrer\"><img decoding=\"async\" class=\"center alignleft\" src=\"http:\/\/www.reunion68.com\/Biuletyn\/img\/algem.png\" alt=\"\" width=\"35%\" \/><\/a><span style=\"text-decoration: underline; color: #000080;\"><span><strong><a style=\"color: #000080; text-decoration: underline;\" href=\"https:\/\/www.algemeiner.com\/2024\/08\/29\/israel-blasts-un-chief-demanding-stop-west-bank-operation-amid-threat-return-suicide-bombings\/\" target=\"_blank\" rel=\"noopener noreferrer\">Israel Blasts UN Chief for Demanding Stop to West Bank Operation Amid Threat of Return to Suicide Bombings<\/a><\/strong><\/span><\/span><\/h5>\n<p style=\"text-align: center;\"><span style=\"color: #000000;\"><strong>Corey Walker<\/strong><\/span><\/p>\n<hr style=\"height: 15px; background: #d0e6fa; width: 100%;\" \/>\n<p style=\"text-align: center;\"><img decoding=\"async\" class=\"aligncenter\" src=\"https:\/\/www.algemeiner.com\/wp-content\/uploads\/2023\/12\/2023-12-06T192240Z_1_LYNXMPEJB50X0_RTROPTP_4_ISRAEL-PALESTINIANS-UN1.jpg\" width=\"100%\" \/><span style=\"color: #808080;\"><em>United Nations Secretary-General Antonio Guterres speaks at the UN headquarters in New York City, US, before a meeting about the conflict in Gaza, Nov. 6, 2023. Photo: REUTERS\/Caitlin Ochs<\/em><\/span><\/p>\n<p style=\"text-align: left;\"><span style=\"color: #000080;\">Israeli Ambassador to the United Nations Danny Danon took a swipe at\u00a0<a style=\"color: #000080;\" href=\"https:\/\/www.algemeiner.com\/2023\/10\/24\/top-israeli-official-calls-un-chief-resign-saying-hamas-massacre-did-not-happen-in-vacuum\/\" target=\"_blank\" rel=\"noopener noreferrer\">UN Secretary-General Antonio Guterres<\/a>\u00a0for demanding an end to the Jewish state\u2019s counterterrorism operations in the West Bank at a time when Palestinian leaders have called for a return to suicide bombings against Israel.<\/span><\/p>\n<p style=\"text-align: left;\"><span style=\"color: #000080;\">Danon on Thursday morning defended the West Bank operations, saying intervention by the Israel Defense Forces (IDF) is necessary to thwart potential terrorist attacks.<span class=\"Apple-converted-space\"><br \/>\n<\/span><\/span><\/p>\n<p style=\"text-align: left;\"><span class=\"css-1jxf684 r-bcqeeo r-1ttztb7 r-qvutc0 r-poiln3\" style=\"color: #000080;\">\u201cSince Oct. 7, Iran has been working vigorously to introduce into Judea and Samaria [the West Bank] sophisticated explosive devices that are intended to explode in the centers of cities in Israel,\u201d Danon posted on X\/Twitter, referring to the aftermath of the Palestinian terrorist group Hamas\u2019s Oct. 7 massacre across southern Israel. Iran is the chief international sponsor of Hamas, providing the terrorist group with weapons, funding, and training.<br \/>\n<\/span><\/p>\n<p style=\"text-align: left;\"><span style=\"color: #000080;\"><span class=\"css-1jxf684 r-bcqeeo r-1ttztb7 r-qvutc0 r-poiln3\">\u201cThe State of Israel cannot sit idly by and wait for the spectacle of buses and cafes exploding in city centers,\u201d t<\/span>he ambassador continued. \u201c<span class=\"css-1jxf684 r-bcqeeo r-1ttztb7 r-qvutc0 r-poiln3\">The activity of the IDF forces \u2026 is intended for the clear purpose of thwarting terrorist attacks and acts before they are carried out under Iranian direction.\u201d<\/span><\/span><\/p>\n<p style=\"text-align: left;\"><span style=\"color: #000080;\">Danon was responding to Guterres, who hours earlier condemned\u00a0<a style=\"color: #000080;\" href=\"https:\/\/www.algemeiner.com\/2024\/06\/27\/israel-issues-detailed-response-refuting-un-human-rights-office-accusations-indiscriminate-bombing\/\" target=\"_blank\" rel=\"noopener noreferrer\">Israel\u2019s defensive military operations<\/a>\u00a0in the West Bank, arguing that they endanger the lives of innocent civilians.<span class=\"Apple-converted-space\">\u00a0<\/span><\/span><\/p>\n<p style=\"text-align: left;\"><span style=\"color: #000080;\">\u201cLatest developments in the occupied West Bank, including Israel\u2019s launch of large-scale military operations, are deeply concerning. I strongly condemn the loss of lives, including of children, and I call for an immediate cessation of these operations,\u201d Guterres posted on X\/Twitter.<\/span><\/p>\n<p style=\"text-align: left;\"><span style=\"color: #000080;\">Overnight on Wednesday, Israeli forces killed several Palestinian terrorists who hid in a mosque during counterterrorism activities in the West Bank city of Tulkarem. One of the men killed was Muhhamad Jabber, also known as Abu Shujaa, the head of the Nur Shams terrorist network, according to a joint statement from the IDF, Israel Security Agency, and Israel Border Police. Jabber, a local commander of the Iran-backed Palestinian Islamic Jihad terrorist group, was one of the most wanted men in the West Bank involved in planning attacks against Israeli targets, Israeli authorities said.<\/span><\/p>\n<p style=\"text-align: left;\"><span style=\"color: #000080;\">Guterres\u2019s condemnation came shortly after top Hamas official Khaled Mashal on Wednesday called for a resumption of suicide bombings in the West Bank. According to Arabic media, Mashal said during an address at a conference in Istanbul, Turkey that Palestinians should implement \u201cactual resistance against the Zionist entity [Israel].\u201d He also reportedly said that Hamas wanted to \u201creturn to [suicide] operations.\u201d<\/span><\/p>\n<p style=\"text-align: left;\"><span style=\"color: #000080;\">Mourning the\u00a0<a style=\"color: #000080;\" href=\"https:\/\/www.algemeiner.com\/2024\/07\/31\/symbolic-achievement-haniyehs-death-blow-hamas-will-not-change-terror-group-significantly-analysts-say\/\" target=\"_blank\" rel=\"noopener noreferrer\">elimination of Hamas leader Ismail Haniyeh<\/a>\u00a0in Tehran on July 31, Mashal added, \u201cThe enemy has opened the conflict on all fronts, seeking us all, whether we fight or not.\u201d<\/span><\/p>\n<p style=\"text-align: left;\"><span style=\"color: #000080;\">While Hamas\u2019s core terrorist infrastructure is in Gaza, it has\u00a0<a style=\"color: #000080;\" href=\"https:\/\/www.algemeiner.com\/2024\/08\/29\/israel-blasts-un-chief-demanding-stop-west-bank-operation-amid-threat-return-suicide-bombings\/aid%20that%20the%20Hamas%20terror%20group%20wanted%20to%20%E2%80%9Creturn%20to%20[suicide]%20operations.%E2%80%9D\" target=\"_blank\" rel=\"noopener noreferrer\">operatives in the West Bank<\/a>.<\/span><\/p>\n<p style=\"text-align: left;\"><span style=\"color: #000080;\">Last week, the military wings of both Hamas and Islamic Jihad claimed responsibility for a\u00a0<a style=\"color: #000080;\" href=\"https:\/\/www.algemeiner.com\/2024\/08\/19\/hamas-islamic-jihad-claim-responsibility-failed-suicide-bombing-tel-aviv\/\" target=\"_blank\" rel=\"noopener noreferrer\">failed suicide bombing<\/a>\u00a0near a synagogue in Tel Aviv. In a statement, Hamas\u2019s Al-Qassam Brigades said its \u201cmartyrdom operations\u201d (suicide attacks) inside<span class=\"highlight\" data-qa-component=\"highlight-text\">\u00a0Israel\u00a0<\/span>would continue as long as the \u201coccupation\u2019s massacres and assassination policy continue\u201d \u2014 a reference to Israel\u2019s military campaign in Gaza and and the killing of Haniyeh in the Iranian capital last month.<\/span><\/p>\n<p style=\"text-align: left;\"><span style=\"color: #000080;\">Israeli officials have long accused the UN of having a\u00a0<a style=\"color: #000080;\" href=\"https:\/\/www.algemeiner.com\/2024\/01\/04\/absurd-un-condemned-israel-twice-often-all-other-countries-combined-2023\/\" target=\"_blank\" rel=\"noopener noreferrer\">bias against the Jewish state<\/a>. Last year, the UN General Assembly condemned Israel twice as often as it did all other countries. Meanwhile, of all the country-specific resolutions passed by the UN Human Rights Council, nearly half have condemned Israel, a seemingly disproportionate focus on the lone democracy in the Middle East.<\/span><\/p>\n<p style=\"text-align: left;\"><span style=\"color: #000080;\">Just weeks following the Oct. 7 attacks by Hamas on Israel, the UN adopted a resolution calling for a \u201cceasefire\u201d between the two sides. The UN failed to pass a measure condemning the Hamas atrocities of Oct. 7.<\/span><\/p>\n<div class=\"content clear\">\n<div id=\"post_content\">\n<p dir=\"ltr\" style=\"text-align: left;\"><span style=\"color: #000080;\">In June, the\u00a0<a style=\"color: #000080;\" href=\"https:\/\/www.algemeiner.com\/2024\/06\/07\/un-adds-israel-infamous-list-shame-prompting-outrage\/\" target=\"_blank\" rel=\"noopener noreferrer\">UN put Israel<\/a>\u00a0on its so-called \u201clist of shame\u201d of countries that kill children in armed conflict. Israel is considered to be the only democracy on the list.<\/span><\/p>\n<p dir=\"ltr\" style=\"text-align: left;\"><span style=\"color: #000080;\">Since Oct. 7, top Israeli officials have called on Guterres to resign as secretary-general of the UN,\u00a0<a style=\"color: #000080;\" href=\"https:\/\/www.algemeiner.com\/2023\/11\/14\/israels-foreign-minister-says-un-chief-unfit-lead\/\" target=\"_blank\" rel=\"noopener noreferrer\">arguing he is unfit<\/a>\u00a0to lead and emboldening terrorism.<\/span><\/p>\n<\/div>\n<\/div>\n<hr style=\"height: 15px; background: #d0e6fa; width: 100%;\" \/>\n<div id=\"content\" class=\"content-alignment\">\n<div id=\"watch-description\" class=\"yt-uix-button-panel\">\n<div id=\"watch-description-text\" style=\"text-align: center;\">\n<p><em>Zawarto\u015b\u0107 publikowanych artyku\u0142\u00f3w i materia\u0142\u00f3w nie reprezentuje pogl\u0105d\u00f3w ani opinii Reunion&#8217;68,<\/em><em><br \/>\nani te\u017c webmastera Blogu Reunion&#8217;68, chyba ze jest to wyra\u017anie zaznaczone.<br \/>\nTwoje uwagi, linki, w\u0142asne artyku\u0142y lub wiadomo\u015bci prze\u015blij na adres:<br \/>\n<\/em><span style=\"color: #000080;\"><strong><em><a style=\"color: #000080;\" href=\"mailto:webmaster@reunion68.com\"><span style=\"text-decoration: underline;\">webmaster@reunion68.com<\/span><\/a><\/em><\/strong><\/span><\/p>\n<\/div>\n<\/div>\n<\/div>\n<hr style=\"width: 100%;\" \/>\n","protected":false},"excerpt":{"rendered":"<p>Israel Blasts UN Chief for Demanding Stop to West Bank Operation Amid Threat of Return to Suicide Bombings Corey Walker United Nations Secretary-General Antonio Guterres speaks at the UN headquarters in New York City, US, before a meeting about the conflict in Gaza, Nov. 6, 2023. Photo: REUTERS\/Caitlin Ochs Israeli Ambassador to the United Nations [&hellip;]<\/p>\n","protected":false},"author":1,"featured_media":0,"comment_status":"closed","ping_status":"closed","sticky":false,"template":"","format":"standard","meta":[],"categories":[6],"tags":[26,24],"_links":{"self":[{"href":"https:\/\/www.reunion68.se\/index.php?rest_route=\/wp\/v2\/posts\/115386"}],"collection":[{"href":"https:\/\/www.reunion68.se\/index.php?rest_route=\/wp\/v2\/posts"}],"about":[{"href":"https:\/\/www.reunion68.se\/index.php?rest_route=\/wp\/v2\/types\/post"}],"author":[{"embeddable":true,"href":"https:\/\/www.reunion68.se\/index.php?rest_route=\/wp\/v2\/users\/1"}],"replies":[{"embeddable":true,"href":"https:\/\/www.reunion68.se\/index.php?rest_route=%2Fwp%2Fv2%2Fcomments&post=115386"}],"version-history":[{"count":4,"href":"https:\/\/www.reunion68.se\/index.php?rest_route=\/wp\/v2\/posts\/115386\/revisions"}],"predecessor-version":[{"id":115404,"href":"https:\/\/www.reunion68.se\/index.php?rest_route=\/wp\/v2\/posts\/115386\/revisions\/115404"}],"wp:attachment":[{"href":"https:\/\/www.reunion68.se\/index.php?rest_route=%2Fwp%2Fv2%2Fmedia&parent=115386"}],"wp:term":[{"taxonomy":"category","embeddable":true,"href":"https:\/\/www.reunion68.se\/index.php?rest_route=%2Fwp%2Fv2%2Fcategories&post=115386"},{"taxonomy":"post_tag","embeddable":true,"href":"https:\/\/www.reunion68.se\/index.php?rest_route=%2Fwp%2Fv2%2Ftags&post=115386"}],"curies":[{"name":"wp","href":"https:\/\/api.w.org\/{rel}","templated":true}]}}