{"id":115435,"date":"2024-09-01T17:09:58","date_gmt":"2024-09-01T15:09:58","guid":{"rendered":"http:\/\/www.reunion68.se\/?p=115435"},"modified":"2024-09-01T12:20:45","modified_gmt":"2024-09-01T10:20:45","slug":"04-09-96","status":"publish","type":"post","link":"https:\/\/www.reunion68.se\/?p=115435","title":{"rendered":"Czy terrory\u015bci z Zachodniego Brzegu s\u0105 ju\u017c tak samo niebezpieczni jak ci, kt\u00f3rzy byli w Strefie Gazy?"},"content":{"rendered":"<p style=\"text-align: center;\"><img decoding=\"async\" class=\"aligncenter\" src=\"https:\/\/images.jpost.com\/image\/upload\/q_auto\/c_fill,g_faces:center,h_537,w_822\/595908\" width=\"100%\"><span style=\"color: #808080;\"><em>Si\u0142y bezpiecze\u0144stwa dzia\u0142aj\u0105 w budynku w dzielnicy Tulkarem na Zachodnim Brzegu, 7 maja 2024 r.(zdj\u0119cie: JEDNOSTKA RZECZNIKA IDF)<\/em><\/span><\/p>\n<hr>\n<h5 style=\"text-align: center;\"><a href=\"https:\/\/www.listyznaszegosadu.pl\/\" target=\"_blank\" rel=\"noopener noreferrer\"><img decoding=\"async\" class=\"center alignleft\" src=\"http:\/\/www.reunion68.com\/Biuletyn\/img\/z-naszego.jpg\" alt=\"\" width=\"50%\"><\/a><span style=\"text-decoration: underline; color: #000080;\"><strong><a style=\"color: #000080; text-decoration: underline;\" href=\"https:\/\/www.listyznaszegosadu.pl\/brunatna-fala\/czy-terrorysci-z-zachodniego-brzegu-sa-juz-tak-samo-niebezpieczni-jak-ci-ktalrzy-byli-w-strefie-gazy\" target=\"_blank\" rel=\"noopener noreferrer\">Czy terrory\u015bci z Zachodniego Brzegu s\u0105 ju\u017c tak samo niebezpieczni jak ci, kt\u00f3rzy byli w Strefie Gazy?<\/a><\/strong><\/span><\/h5>\n<p style=\"text-align: center;\"><span style=\"color: #000000;\"><strong>Seth J. Frantzman<br \/>\n<\/strong><span style=\"color: #808080;\"><em>T\u0142umaczenie:<\/em> <\/span><strong>Ma\u0142gorzata Koraszewska<\/strong><\/span><\/p>\n<hr style=\"height: 15px; background: #d0e6fa; width: 100%;\">\n<div class=\"templateArticleIngress\" style=\"text-align: left;\"><span style=\"color: #000080;\">W niedawnym ataku powietrznym IDF na ob\u00f3z&nbsp;<a style=\"color: #000080;\" href=\"https:\/\/www.jpost.com\/breaking-news\/article-816507\">dla uchod\u017ac\u00f3w Nur al-Szams<\/a>&nbsp;w pobli\u017cu Tulkarem zgin\u0119\u0142o pi\u0119ciu terroryst\u00f3w. Jak informuje \u201eYnet\u201d, atak zosta\u0142 przeprowadzony przez drona. Jest to cz\u0119\u015b\u0107 rosn\u0105cego trendu stosowania przez IDF atak\u00f3w powietrznych na Zachodnim Brzegu w celu neutralizacji terroryst\u00f3w. Na pocz\u0105tku lipca mia\u0142 miejsce taki atak. W po\u0142owie lipca mia\u0142 miejsce podobny atak w Nur al-Szams, a w po\u0142owie sierpnia zg\u0142oszono kolejny w pobli\u017cu Tubas.<\/span><\/div>\n<p style=\"text-align: left;\">\n<div class=\"templateArticleBrodtext\">\n<p style=\"text-align: left;\"><span style=\"color: #000080;\">Te ataki powietrzne s\u0105 cz\u0119\u015bci\u0105 szerszego trendu na Zachodnim Brzegu, aby poradzi\u0107 sobie z zagro\u017ceniem pochodz\u0105cym od grup terrorystycznych, kt\u00f3re gromadz\u0105 si\u0119 i zwi\u0119kszaj\u0105 swoj\u0105 aktywno\u015b\u0107 w regionie. Kom\u00f3rki terrorystyczne rozbudowuj\u0105 infrastruktur\u0119, wzmocnion\u0105 obecno\u015bci\u0105 przemycanych karabin\u00f3w, kt\u00f3re zala\u0142y cz\u0119\u015bci Zachodniego Brzegu w ci\u0105gu ostatnich dw\u00f3ch lat.<\/span><\/p>\n<p style=\"text-align: left;\"><span style=\"color: #000080;\">Palesty\u0144skie media poinformowa\u0142y, \u017ce w ataku na Nur al-Szams jednym z zabitych terroryst\u00f3w by\u0142 D\u017cibril D\u017cibril, kt\u00f3ry&nbsp;<a style=\"color: #000080;\" href=\"https:\/\/www.jpost.com\/opinion\/article-814957\">zosta\u0142 uwolniony w listopadzie 2023 r.<\/a>&nbsp;w ramach porozumienia o uwolnieniu porwanych zak\u0142adnik\u00f3w, na mocy kt\u00f3rego Izrael uwolni\u0142 palesty\u0144skich wi\u0119\u017ani\u00f3w w zamian za kobiety i dzieci przetrzymywane jako zak\u0142adnicy w Strefie Gazy.<\/span><\/p>\n<h5><strong>Podczas gdy Si\u0142y Obronne Izraela odnosz\u0105 sukcesy w Strefie Gazy, zagro\u017cenie ze strony Zachodniego Brzegu ro\u015bnie<\/strong><\/h5>\n<p style=\"text-align: left;\"><span style=\"color: #000080;\">Jest to wa\u017cne, poniewa\u017c pokazuje og\u00f3lny trend w p\u00f3\u0142nocnej cz\u0119\u015bci Zachodniego Brzegu: zagro\u017cenie terrorystyczne ro\u015bnie. W mi\u0119dzyczasie IDF odnosi sukcesy w walce z Hamasem w Strefie Gazy, gdy jednostki IDF docieraj\u0105 do obrze\u017cy Deir el-Balah.<\/span><\/p>\n<p style=\"text-align: left;\"><span style=\"color: #000080;\">Na przyk\u0142ad, IDF powiedzia\u0142a w tym tygodniu, \u017ce \u201e\u017co\u0142nierze 7. brygady nadal rozszerzaj\u0105 dzia\u0142alno\u015b\u0107 operacyjn\u0105 na obrze\u017cach Deir el-Balah. W ci\u0105gu ostatnich dw\u00f3ch tygodni \u017co\u0142nierze wyeliminowali dziesi\u0105tki terroryst\u00f3w, a w operacjach powietrznych w po\u0142udniowej Strefie Gazy uderzono w ponad 100 cel\u00f3w terrorystycznych\u201d.<\/span><\/p>\n<p style=\"text-align: left;\"><span style=\"color: #000080;\">Tak wi\u0119c zagro\u017cenie terrorystyczne jest powoli \u015bcierane w Gazie niczym drewno papierem \u015bciernym. Przyk\u0142adem mo\u017ce by\u0107 niedawny nalot na ten region, kiedy to si\u0142y IDF z 202. batalionu \u201ezlokalizowa\u0142y amunicj\u0119, pociski przeciwpancerne, kamizelki wojskowe i no\u017ce przechowywane obok \u0142\u00f3\u017ceczka dzieci\u0119cego w pokoju dzieci\u0119cym w bloku mieszkalnym\u201d \u2013 poinformowa\u0142o biuro prasowe armii w tym tygodniu.<\/span><\/p>\n<\/div>\n<p style=\"text-align: left;\">\n<p style=\"text-align: center;\"><img decoding=\"async\" class=\"aligncenter\" src=\"https:\/\/images.jpost.com\/image\/upload\/f_auto,fl_lossy\/c_fill,g_faces:center,h_537,w_822\/618117\" width=\"100%\"><span style=\"color: #808080;\"><em>Bro\u0144 odkryta przez izraelskie si\u0142y przy \u0142\u00f3\u017ceczku dziecka w Deir-al-Balah w Strefie Gazy, 26 sierpnia 2024 r. (\u017ar\u00f3d\u0142o: JEDNOSTKA RZECZNIKA IDF)<\/em><\/span><\/p>\n<p style=\"text-align: left;\"><span style=\"color: #000080;\">W Gazie IDF ma kilka dywizji zaanga\u017cowanych w walk\u0119 z Hamasem. 162. dywizja pokona\u0142a brygady Hamasu w Rafah w ci\u0105gu trzech miesi\u0119cy walk. Je\u015bli chodzi o korytarz Netzarim, 16. brygada, 10. brygada i 454. brygada pod dow\u00f3dztwem 252. dywizji zabi\u0142y oko\u0142o 200 terroryst\u00f3w w ci\u0105gu kilku miesi\u0119cy. 98. dywizja wyeliminowa\u0142a r\u00f3wnie\u017c dziesi\u0105tki terroryst\u00f3w w Chan Junis i obecnie znajduje si\u0119 na obrze\u017cach Deir el-Balah.<\/span><\/p>\n<p style=\"text-align: left;\"><span style=\"color: #000080;\">Jednak, podczas gdy IDF kontynuuje ofensyw\u0119 w Strefie Gazy i rozprawia si\u0119 z Hamasem, na Zachodnim Brzegu pos\u0142uguje si\u0119 atakami dron\u00f3w, a czasem nalotami na miejsca takie jak Nur al-Szams.<\/span><\/p>\n<p style=\"text-align: left;\"><span style=\"color: #000080;\">Coraz bardziej prowadzi to do zjawiska konwergencji mi\u0119dzy Zachodnim Brzegiem a Gaz\u0105. Im wi\u0119ksze sukcesy IDF w Gazie, tym bardziej mo\u017cna je por\u00f3wnywa\u0107 do Zachodniego Brzegu pod wzgl\u0119dem sukcesu w pokonaniu potencja\u0142u terroryst\u00f3w.<\/span><\/p>\n<p style=\"text-align: left;\"><span style=\"color: #000080;\">Niemniej mo\u017cliwo\u015bci grup terrorystycznych na Zachodnim Brzegu rosn\u0105. Mo\u017cliwe, \u017ce w pewnym momencie ta konwergencja mo\u017ce nast\u0105pi\u0107 i trendy mog\u0105 si\u0119 zmieni\u0107, tak \u017ce Zachodni Brzeg stanie si\u0119 wi\u0119kszym zagro\u017ceniem, a Hamas w Gazie b\u0119dzie w wi\u0119kszo\u015bci pokonany.<\/span><\/p>\n<p style=\"text-align: left;\"><span style=\"color: #000080;\">Co si\u0119 stanie, je\u015bli Zachodni Brzeg stanie si\u0119 bardziej podobny do dawnej Gazy, a Gaza stanie si\u0119 bardziej podobna do Zachodniego Brzegu pod wzgl\u0119dem zagro\u017cenia bezpiecze\u0144stwa, jakie stwarza?<\/span><\/p>\n<p style=\"text-align: left;\"><span style=\"color: #000080;\">Innymi s\u0142owy, mo\u017ce nadej\u015b\u0107 moment, w kt\u00f3rym infrastruktura terrorystyczna wzro\u015bnie w miejscach takich jak D\u017canin, Tulkarem, Kalkilja, Tubas i innych obszarach, a powstan\u0105 podwaliny dla grup terrorystycznych, aby zwi\u0119kszy\u0107 ich si\u0142\u0119 i zgromadzi\u0107 wi\u0119kszy potencja\u0142. To w\u0142a\u015bnie zrobi\u0142 Hamas w Gazie przed przej\u0119ciem jej w 2007 r. By\u0142 w stanie zrobi\u0107 to powoli i osi\u0105gn\u0105\u0107 to poprzez infiltracj\u0119 obszar\u00f3w takich jak Korytarz Filadelfijski podczas Drugiej Intifady. Obecne operacje IDF w Rafah, na przyk\u0142ad, nie s\u0105 pierwszym przypadkiem, gdy ten obszar musia\u0142 zosta\u0107 oczyszczony z infrastruktury Hamasu. W przesz\u0142o\u015bci Hamas tak\u017ce zak\u0142ada\u0142 fabryki broni i budowa\u0142 tunele.<\/span><\/p>\n<p style=\"text-align: left;\"><span style=\"color: #000080;\">Obecnie obawy o konwergencj\u0119 mog\u0105 by\u0107 jedynie ostrze\u017ceniem. Grupy terrorystyczne na Zachodnim Brzegu maj\u0105 karabiny, g\u0142\u00f3wnie M-4 i AR z przemytu, ale nie maj\u0105 zbyt wielu innych rodzaj\u00f3w broni.<\/span><\/p>\n<p style=\"text-align: left;\"><span style=\"color: #000080;\">Niemniej warto zauwa\u017cy\u0107, \u017ce Hamas mia\u0142 na celu wykorzystanie masakry z 7 pa\u017adziernika do zwi\u0119kszenia swojej w\u0142adzy w regionie. Uczyni\u0142 to w Libanie, a tak\u017ce na&nbsp;<a style=\"color: #000080;\" href=\"https:\/\/www.jpost.com\/tags\/west-bank\">Zachodnim Brzegu<\/a>. Za zagro\u017ceniem ze strony Hamasu stoj\u0105 Iran i inni pe\u0142nomocnicy Iranu, tacy jak Palesty\u0144ski Islamski D\u017cihad. Kraje takie jak Turcja r\u00f3wnie\u017c popieraj\u0105 Hamas, a Katar go\u015bci Hamas. To tworzy niepokoj\u0105c\u0105 mieszank\u0119 plan\u00f3w i interes\u00f3w. Poniewa\u017c IDF odnosi sukcesy w Strefie Gazy, warto skoncentrowa\u0107 si\u0119 na wyzwaniu na Zachodnim Brzegu, kt\u00f3re uciele\u015bniaj\u0105 gro\u017aby terrorystyczne w miejscach takich jak Nur al-Szams.<\/span><\/p>\n<hr>\n<p><span style=\"color: #808080;\"><em><strong>Seth Frantzman<\/strong>&nbsp;jest publicyst\u0105 \u201eJerusalem Post\u201d. &nbsp;<\/em><\/span><\/p>\n<hr style=\"height: 15px; background: #d0e6fa; width: 100%;\">\n<div id=\"content\" class=\"content-alignment\">\n<div id=\"watch-description\" class=\"yt-uix-button-panel\">\n<div id=\"watch-description-text\" style=\"text-align: center;\">\n<p><em>Zawarto\u015b\u0107 publikowanych artyku\u0142\u00f3w i materia\u0142\u00f3w nie reprezentuje pogl\u0105d\u00f3w ani opinii Reunion&#8217;68,<\/em><em><br \/>\nani te\u017c webmastera Blogu Reunion&#8217;68, chyba ze jest to wyra\u017anie zaznaczone.<br \/>\nTwoje uwagi, linki, w\u0142asne artyku\u0142y lub wiadomo\u015bci prze\u015blij na adres:<br \/>\n<\/em><span style=\"color: #000080;\"><strong><em><a style=\"color: #000080;\" href=\"mailto:webmaster@reunion68.com\"><span style=\"text-decoration: underline;\">webmaster@reunion68.com<\/span><\/a><\/em><\/strong><\/span><\/p>\n<\/div>\n<\/div>\n<\/div>\n<hr style=\"width: 100%;\">\n","protected":false},"excerpt":{"rendered":"<p>Si\u0142y bezpiecze\u0144stwa dzia\u0142aj\u0105 w budynku w dzielnicy Tulkarem na Zachodnim Brzegu, 7 maja 2024 r.(zdj\u0119cie: JEDNOSTKA RZECZNIKA IDF) Czy terrory\u015bci z Zachodniego Brzegu s\u0105 ju\u017c tak samo niebezpieczni jak ci, kt\u00f3rzy byli w Strefie Gazy? Seth J. Frantzman T\u0142umaczenie: Ma\u0142gorzata Koraszewska W niedawnym ataku powietrznym IDF na ob\u00f3z&nbsp;dla uchod\u017ac\u00f3w Nur al-Szams&nbsp;w pobli\u017cu Tulkarem zgin\u0119\u0142o pi\u0119ciu [&hellip;]<\/p>\n","protected":false},"author":1,"featured_media":0,"comment_status":"closed","ping_status":"closed","sticky":false,"template":"","format":"standard","meta":[],"categories":[6],"tags":[26,24],"_links":{"self":[{"href":"https:\/\/www.reunion68.se\/index.php?rest_route=\/wp\/v2\/posts\/115435"}],"collection":[{"href":"https:\/\/www.reunion68.se\/index.php?rest_route=\/wp\/v2\/posts"}],"about":[{"href":"https:\/\/www.reunion68.se\/index.php?rest_route=\/wp\/v2\/types\/post"}],"author":[{"embeddable":true,"href":"https:\/\/www.reunion68.se\/index.php?rest_route=\/wp\/v2\/users\/1"}],"replies":[{"embeddable":true,"href":"https:\/\/www.reunion68.se\/index.php?rest_route=%2Fwp%2Fv2%2Fcomments&post=115435"}],"version-history":[{"count":6,"href":"https:\/\/www.reunion68.se\/index.php?rest_route=\/wp\/v2\/posts\/115435\/revisions"}],"predecessor-version":[{"id":115454,"href":"https:\/\/www.reunion68.se\/index.php?rest_route=\/wp\/v2\/posts\/115435\/revisions\/115454"}],"wp:attachment":[{"href":"https:\/\/www.reunion68.se\/index.php?rest_route=%2Fwp%2Fv2%2Fmedia&parent=115435"}],"wp:term":[{"taxonomy":"category","embeddable":true,"href":"https:\/\/www.reunion68.se\/index.php?rest_route=%2Fwp%2Fv2%2Fcategories&post=115435"},{"taxonomy":"post_tag","embeddable":true,"href":"https:\/\/www.reunion68.se\/index.php?rest_route=%2Fwp%2Fv2%2Ftags&post=115435"}],"curies":[{"name":"wp","href":"https:\/\/api.w.org\/{rel}","templated":true}]}}