{"id":115595,"date":"2024-10-12T17:09:30","date_gmt":"2024-10-12T15:09:30","guid":{"rendered":"http:\/\/www.reunion68.se\/?p=115595"},"modified":"2024-10-06T12:00:27","modified_gmt":"2024-10-06T10:00:27","slug":"11-09-91","status":"publish","type":"post","link":"https:\/\/www.reunion68.se\/?p=115595","title":{"rendered":"Ameryka oskar\u017ca przyw\u00f3dc\u00f3w Hamasu o zbrodnie. Netanjahu: Nie zabior\u0119 \u017co\u0142nierzy z Gazy"},"content":{"rendered":"<p style=\"text-align: center;\"><img decoding=\"async\" class=\"aligncenter\" src=\"https:\/\/bi.im-g.pl\/im\/b5\/d2\/1d\/z31269557AMP,Izrael--Plakat-przedstawiajacy-zakladnikow-uprowad.jpg\" width=\"100%\"><span style=\"color: #808080;\"><em>Izrael. Plakat przedstawiaj\u0105cy zak\u0142adnik\u00f3w uprowadzonych przez Hamas 7 pa\u017adziernika 2023 r. (Fot. REUTERS\/Florion Goga)<\/em><\/span><\/p>\n<hr>\n<h5 style=\"text-align: center;\"><a href=\"https:\/\/wyborcza.pl\/\" target=\"_blank\" rel=\"noopener noreferrer\"><img decoding=\"async\" class=\"center alignleft\" src=\"http:\/\/www.reunion68.com\/Biuletyn\/img\/wyborcza.png\" alt=\"\" width=\"35%\"><\/a><span style=\"text-decoration: underline; color: #000080;\"><strong><a style=\"color: #000080; text-decoration: underline;\" href=\"https:\/\/wyborcza.pl\/7,75399,31280283,ameryka-oskarza-przywodcow-hamasu-o-zbrodnie-netanjahu-nie.html\" target=\"_blank\" rel=\"noopener noreferrer\">Ameryka oskar\u017ca przyw\u00f3dc\u00f3w Hamasu o zbrodnie. Netanjahu: Nie zabior\u0119 \u017co\u0142nierzy z Gazy<\/a><\/strong><\/span><\/h5>\n<p style=\"text-align: center;\"><span style=\"color: #000000;\"><strong>Marta Urz\u0119dowska<\/strong><\/span><\/p>\n<hr style=\"height: 15px; background: #d0e6fa; width: 100%;\">\n<div class=\"text--lead \" style=\"text-align: left;\" data-progress-bar-content=\"\"><span style=\"color: #000080;\">Departament Stanu USA oskar\u017cy\u0142 szef\u00f3w Hamasu o najgorsze zbrodnie. Jednocze\u015bnie Amerykanie pr\u00f3buj\u0105 pom\u00f3c osi\u0105gn\u0105\u0107 rozejm w Gazie, na co nie chc\u0105 si\u0119 zgodzi\u0107 w\u0142adze Izraela.<\/span><\/div>\n<div class=\"article--content article--content-free  \">\n<p class=\"text--paragraph\" style=\"text-align: left;\"><span style=\"color: #000080;\">&#8211; Od dekad finansuj\u0105 i kieruj\u0105 kampani\u0105 mordowania ameryka\u0144skich obywateli i nara\u017cania bezpiecze\u0144stwa Stan\u00f3w Zjednoczonych \u2013 m\u00f3wi\u0142 w \u015brod\u0119 prokurator generalny USA Merrick Garland, t\u0142umacz\u0105c, dlaczego Ameryka wystosowa\u0142a akt oskar\u017cenia wobec kilku najwa\u017cniejszych terroryst\u00f3w Hamasu. \u2013 To ludzie, kt\u00f3rzy kieruj\u0105 wysi\u0142kami Hamasu, by zniszczy\u0107 pa\u0144stwo Izrael i od dekad morduj\u0105 izraelskich cywil\u00f3w, by ten cel zrealizowa\u0107 \u2013 doda\u0142.<\/span><\/p>\n<p class=\"text--paragraph\" style=\"text-align: left;\"><span style=\"color: #000080;\">Garland przypomnia\u0142, \u017ce 7 pa\u017adziernika, podczas ataku Hamasu na Izrael, palesty\u0144scy terrory\u015bci \u201emordowali ca\u0142e rodziny w najbardziej krwawej masakrze \u017byd\u00f3w od Holocaustu&#8221;. \u2013 Zabijali osoby starsze i najm\u0142odsze dzieci. Uczynili bro\u0144 z przemocy seksualnej wobec kobiet \u2013 w tym z gwa\u0142t\u00f3w i okaleczania narz\u0105d\u00f3w p\u0142ciowych \u2013 wylicza\u0142.<\/span><\/p>\n<\/div>\n<div class=\"grid--c-6\">\n<div class=\"article--content article--content-paid \" data-progress-bar-content=\"\">\n<div class=\"paywall\">\n<h4 class=\"text--title font-head-700\"><strong>Ameryka\u0144skie oskar\u017cenie czysto symboliczne. Niekt\u00f3rzy z oskar\u017conych nie \u017cyj\u0105<\/strong><\/h4>\n<p class=\"text--paragraph\" style=\"text-align: left;\"><span style=\"color: #000080;\">Jak informuje CBS News, zarzuty pod adresem Hamasu sformu\u0142owano ju\u017c w lutym br., ale dot\u0105d ich nie ujawniano.<\/span><\/p>\n<p class=\"text--paragraph\" style=\"text-align: left;\"><span style=\"color: #000080;\">Najwa\u017cniejszy oskar\u017cony to Jahja Sinwar, obecny szef Hamasu, kt\u00f3ry najpewniej ukrywa si\u0119 w tunelach pod Gaz\u0105. Pozostali to by\u0142y przyw\u00f3dca politbiura grupy Ismail Hanija, zast\u0119pca szefa zbrojnego skrzyd\u0142a Hamasu Marwan Issa, nadzoruj\u0105cy hamasowc\u00f3w poza Gaz\u0105 i Zachodnim Brzegiem Jordanu Chalid Maszaal, i dw\u00f3ch pomniejszych lider\u00f3w \u2013 Muhammad Dejf i Ali Baraka. Hanija, Issa i Dejf w ostatnich miesi\u0105cach zgin\u0119li.<\/span><\/p>\n<p class=\"text--paragraph\" style=\"text-align: left;\"><span style=\"color: #000080;\">Na li\u015bcie zbrodni, jakie Departament Stanu zarzuca hamasowcom, znalaz\u0142y si\u0119 m.in. mordowanie dziesi\u0105tek obywateli USA, spiskowanie w celu finansowania terroryzmu i korzystanie z broni masowego ra\u017cenia. W Ameryce za te przest\u0119pstwa grozi do\u017cywocie lub kara \u015bmierci.<\/span><\/p>\n<p class=\"text--paragraph\" style=\"text-align: left;\"><span style=\"color: #000080;\">Stawianie zarzut\u00f3w wa\u017cnym terrorystom odbywa si\u0119 w czasie, gdy w Strefie Gazy trwa wojna rozp\u0119tana atakiem Hamasu na Izrael z 7 pa\u017adziernika ub. roku. Palesty\u0144scy terrory\u015bci zabili wtedy 1,2 tys. os\u00f3b, a 250 porwali do Gazy. Ponad sto z nich nadal pozostaje w ich r\u0119kach, cho\u0107 ok. 40 najpewniej nie \u017cyje.<\/span><\/p>\n<p class=\"text--paragraph\" style=\"text-align: left;\"><span style=\"color: #000080;\">W odpowiedzi na atak izraelska armia rozpocz\u0119\u0142a w enklawie operacj\u0119 zbrojn\u0105, w kt\u00f3rej do tej pory zgin\u0119\u0142o \u2013 wed\u0142ug wylicze\u0144 Hamasu \u2013 ponad 40 tys. os\u00f3b.<\/span><\/p>\n<p class=\"text--paragraph\" style=\"text-align: left;\"><span style=\"color: #000080;\">Oskar\u017cenia formu\u0142owane dzi\u015b przez Waszyngton dotycz\u0105 nie tylko pa\u017adziernikowego ataku, w kt\u00f3rym zgin\u0119\u0142o co najmniej 43 ameryka\u0144skich obywateli, ale te\u017c wcze\u015bniejszych, prowadzonych dekadami operacji palesty\u0144skich terroryst\u00f3w. Zarzuty s\u0105 jednak wy\u0142\u0105cznie symboliczne, bo Amerykanie nie zamierzaj\u0105 \u015bciga\u0107 hamasowc\u00f3w.<\/span><\/p>\n<h4 class=\"text--title font-head-700\"><strong>Terrory\u015bci opublikowali nagranie z zak\u0142adnikami<\/strong><\/h4>\n<p class=\"text--paragraph\" style=\"text-align: left;\"><span style=\"color: #000080;\">Powodem, dlaczego Amerykanie akurat teraz informuj\u0105 o oskar\u017ceniach, mo\u017ce by\u0107 ostatnia wyj\u0105tkowo g\u0142o\u015bna zbrodnia Hamasu. Tydzie\u0144 temu, gdy izraelscy \u017co\u0142nierze namierzyli miejsce przetrzymywania sz\u00f3stki izraelskich zak\u0142adnik\u00f3w i byli blisko ich uwolnienia, terrory\u015bci z premedytacj\u0105 ich zastrzelili. W\u015br\u00f3d ofiar by\u0142 Amerykanin, 23-letni Hersh Goldberg-Polin.<\/span><\/p>\n<p style=\"text-align: left;\"><span style=\"color: #000080;\">Ameryka\u0144ski prokurator odni\u00f3s\u0142 si\u0119 do jego \u015bmierci, og\u0142aszaj\u0105c zarzuty. \u2013 Prowadzimy \u015bledztwo w sprawie zamordowania Hersha i wszystkich innych brutalnych zab\u00f3jstw Amerykan\u00f3w. Traktujemy je jako akty terroryzmu \u2013 przekonywa\u0142. Wcze\u015bniej zabicie Goldberga-Polina pot\u0119pi\u0142&nbsp;<a style=\"color: #000080;\" href=\"https:\/\/wyborcza.pl\/0,128956.html?tag=Joe+Biden#anchorLink\">Joe Biden<\/a>, przyznaj\u0105c, \u017ce jego \u015bmier\u0107 jest \u201etak samo tragiczna, jak godna pot\u0119pienia&#8221;. &#8211; Hamas odpowie za te zbrodnie \u2013 powiedzia\u0142 ameryka\u0144ski przyw\u00f3dca.<\/span><\/p>\n<p class=\"text--paragraph\" style=\"text-align: left;\"><span style=\"color: #000080;\">Informacja o \u015bmierci zak\u0142adnik\u00f3w, kt\u00f3rzy przetrwali jedena\u015bcie miesi\u0119cy niewoli i zgin\u0119li tu\u017c przed uwolnieniem, wyj\u0105tkowo wstrz\u0105sn\u0119\u0142a Izraelczykami, kt\u00f3rzy \u017c\u0105daj\u0105 dealu z Hamasem i sprowadzenia porwanych do domu. W ostatni\u0105 niedziel\u0119 w kraju zorganizowano pot\u0119\u017cne protesty, w poniedzia\u0142ek najwi\u0119kszy zwi\u0105zek zawodowy og\u0142osi\u0142 kilkugodzinny strajk generalny.<\/span><\/p>\n<p class=\"text--paragraph\" style=\"text-align: left;\"><span style=\"color: #000080;\">Dzi\u015b, kiedy sytuacja w Izraelu nieco si\u0119 uspokoi\u0142a, terrory\u015bci postanowili dola\u0107 oliwy do ognia \u2013 opublikowali nagranie, na kt\u00f3rym wida\u0107 dwie spo\u015br\u00f3d sze\u015bciu zabitych os\u00f3b, cho\u0107 nie jest jasne kiedy powsta\u0142o.&nbsp;<\/span><\/p>\n<h4 class=\"text--title font-head-700\"><strong>Netanjahu: Nie zabierzemy \u017co\u0142nierzy z Gazy<\/strong><\/h4>\n<p class=\"text--paragraph\" style=\"text-align: left;\"><span style=\"color: #000080;\">Amerykanie nie tylko oskar\u017caj\u0105 terroryst\u00f3w, ale pr\u00f3buj\u0105 te\u017c pom\u00f3c Izraelczykom si\u0119 z nimi dogada\u0107. W ostatnich dniach og\u0142osili, \u017ce najwy\u017cszy czas \u201esfinalizowa\u0107&#8221; porozumienie dotycz\u0105ce rozejmu. \u2013 W najbli\u017cszych dniach b\u0119dziemy rozmawia\u0107 z negocjatorami z Egiptu i Kataru i naciska\u0107 na ostateczne porozumienie \u2013 poinformowa\u0142 rzecznik Departamentu Stanu Matthew Miller.<\/span><\/p>\n<p style=\"text-align: left;\"><span style=\"color: #000080;\">\u0141atwo nie b\u0119dzie, bo strony nie mog\u0105 si\u0119 porozumie\u0107 w kwestii wycofania izraelskich wojsk z Gazy. Hamas chce, by z enklawy wyszli po wojnie wszyscy \u017co\u0142nierze. Izraelskie w\u0142adze odpowiadaj\u0105, \u017ce to wykluczone i \u017ce zostawi\u0105 cz\u0119\u015b\u0107 oddzia\u0142\u00f3w na po\u0142udniu enklawy, w wa\u017cnym korytarzu buforowym przy granicy z Egiptem.<\/span><\/p>\n<p class=\"text--paragraph\" style=\"text-align: left;\"><span style=\"color: #000080;\">Sojusznicy, w tym Amerykanie i Brytyjczycy, naciskaj\u0105 na Izraelczyk\u00f3w, by odpu\u015bcili w imi\u0119 rozejmu, kt\u00f3ry ma doprowadzi\u0107 do przerwania walk i uwolnienia izraelskich zak\u0142adnik\u00f3w, a z czasem tak\u017ce do ko\u0144ca wojny.<\/span><\/p>\n<p class=\"text--paragraph\" style=\"text-align: left;\"><span style=\"color: #000080;\">Na razie Izrael si\u0119 sprzeciwia. W \u015brod\u0119 premier Benjamin Netanjahu powt\u00f3rzy\u0142, \u017ce Izrael musi zachowa\u0107 kontrol\u0119 nad stref\u0105 buforow\u0105. \u017be to niezb\u0119dny element, by osi\u0105gn\u0105\u0107 najwa\u017cniejszy cel wojny \u2014 zniszczenie Hamasu \u2014 i niedopuszczenie, by kiedykolwiek powt\u00f3rzy\u0142 si\u0119 atak na Izrael. \u2013 Gaza musi by\u0107 zdemilitaryzowana, a to mo\u017ce si\u0119 wydarzy\u0107 tylko, je\u015bli ta strefa pozostanie pod nasz\u0105 pe\u0142n\u0105 kontrol\u0105. Chyba \u017ce macie kogo\u015b, kto nas zast\u0105pi i b\u0119dzie w stanie zapobiec nowym atakom. Jako\u015b nie widz\u0119 nikogo takiego, wi\u0119c na razie musimy tam zosta\u0107 \u2013 przekonywa\u0142 na konferencji prasowej.<\/span><\/p>\n<p class=\"text--paragraph\" style=\"text-align: left;\"><span style=\"color: #000080;\">Netanjahu powt\u00f3rzy\u0142, \u017ce nie przekona go nawet dramat zak\u0142adnik\u00f3w i ich bliskich. \u2013 Rozumiem koszmar, jaki przechodz\u0105 te rodziny, ale zadaniem lider\u00f3w nie jest jedynie dzieli\u0107 ich emocje, ale te\u017c podejmowa\u0107 odpowiednie decyzje \u2013 stwierdzi\u0142 premier. Odm\u00f3wi\u0142 odpowiedzi na pytania kiedy wojna ma szans\u0119 si\u0119 sko\u0144czy\u0107. \u2013 Potrwa tak d\u0142ugo, jak trzeba, \u017ceby\u015bmy wygrali. My\u015bl\u0119, \u017ce jeste\u015bmy coraz bli\u017cej zwyci\u0119stwa.<\/span><\/p>\n<hr>\n<p class=\"text--paragraph\"><i>Red. Ludmi\u0142a Anannikova<\/i><\/p>\n<\/div>\n<\/div>\n<\/div>\n<hr style=\"height: 15px; background: #d0e6fa; width: 100%;\">\n<div id=\"content\" class=\"content-alignment\">\n<div id=\"watch-description\" class=\"yt-uix-button-panel\">\n<div id=\"watch-description-text\" style=\"text-align: center;\">\n<p><em>Zawarto\u015b\u0107 publikowanych artyku\u0142\u00f3w i materia\u0142\u00f3w nie reprezentuje pogl\u0105d\u00f3w ani opinii Reunion&#8217;68,<\/em><em><br \/>\nani te\u017c webmastera Blogu Reunion&#8217;68, chyba ze jest to wyra\u017anie zaznaczone.<br \/>\nTwoje uwagi, linki, w\u0142asne artyku\u0142y lub wiadomo\u015bci prze\u015blij na adres:<br \/>\n<\/em><span style=\"color: #000080;\"><strong><em><a style=\"color: #000080;\" href=\"mailto:webmaster@reunion68.com\"><span style=\"text-decoration: underline;\">webmaster@reunion68.com<\/span><\/a><\/em><\/strong><\/span><\/p>\n<\/div>\n<\/div>\n<\/div>\n<hr style=\"width: 100%;\">\n","protected":false},"excerpt":{"rendered":"<p>Izrael. Plakat przedstawiaj\u0105cy zak\u0142adnik\u00f3w uprowadzonych przez Hamas 7 pa\u017adziernika 2023 r. (Fot. REUTERS\/Florion Goga) Ameryka oskar\u017ca przyw\u00f3dc\u00f3w Hamasu o zbrodnie. Netanjahu: Nie zabior\u0119 \u017co\u0142nierzy z Gazy Marta Urz\u0119dowska Departament Stanu USA oskar\u017cy\u0142 szef\u00f3w Hamasu o najgorsze zbrodnie. Jednocze\u015bnie Amerykanie pr\u00f3buj\u0105 pom\u00f3c osi\u0105gn\u0105\u0107 rozejm w Gazie, na co nie chc\u0105 si\u0119 zgodzi\u0107 w\u0142adze Izraela. &#8211; Od [&hellip;]<\/p>\n","protected":false},"author":1,"featured_media":0,"comment_status":"closed","ping_status":"closed","sticky":false,"template":"","format":"standard","meta":[],"categories":[6],"tags":[26,24],"_links":{"self":[{"href":"https:\/\/www.reunion68.se\/index.php?rest_route=\/wp\/v2\/posts\/115595"}],"collection":[{"href":"https:\/\/www.reunion68.se\/index.php?rest_route=\/wp\/v2\/posts"}],"about":[{"href":"https:\/\/www.reunion68.se\/index.php?rest_route=\/wp\/v2\/types\/post"}],"author":[{"embeddable":true,"href":"https:\/\/www.reunion68.se\/index.php?rest_route=\/wp\/v2\/users\/1"}],"replies":[{"embeddable":true,"href":"https:\/\/www.reunion68.se\/index.php?rest_route=%2Fwp%2Fv2%2Fcomments&post=115595"}],"version-history":[{"count":6,"href":"https:\/\/www.reunion68.se\/index.php?rest_route=\/wp\/v2\/posts\/115595\/revisions"}],"predecessor-version":[{"id":115685,"href":"https:\/\/www.reunion68.se\/index.php?rest_route=\/wp\/v2\/posts\/115595\/revisions\/115685"}],"wp:attachment":[{"href":"https:\/\/www.reunion68.se\/index.php?rest_route=%2Fwp%2Fv2%2Fmedia&parent=115595"}],"wp:term":[{"taxonomy":"category","embeddable":true,"href":"https:\/\/www.reunion68.se\/index.php?rest_route=%2Fwp%2Fv2%2Fcategories&post=115595"},{"taxonomy":"post_tag","embeddable":true,"href":"https:\/\/www.reunion68.se\/index.php?rest_route=%2Fwp%2Fv2%2Ftags&post=115595"}],"curies":[{"name":"wp","href":"https:\/\/api.w.org\/{rel}","templated":true}]}}