{"id":115623,"date":"2024-09-13T17:05:30","date_gmt":"2024-09-13T15:05:30","guid":{"rendered":"http:\/\/www.reunion68.se\/?p=115623"},"modified":"2024-09-10T07:32:47","modified_gmt":"2024-09-10T05:32:47","slug":"12-05-103","status":"publish","type":"post","link":"https:\/\/www.reunion68.se\/?p=115623","title":{"rendered":"Antifa Must Obey the Law"},"content":{"rendered":"<h5 style=\"text-align: center;\"><a href=\"https:\/\/www.tabletmag.com\/\" target=\"_blank\" rel=\"noopener noreferrer\"><img decoding=\"async\" class=\"center alignleft\" src=\"http:\/\/www.reunion68.com\/Biuletyn\/img\/tablet-1.png\" alt=\"\" width=\"35%\"><\/a><span style=\"text-decoration: underline; color: #000080;\"><strong><a style=\"color: #000080; text-decoration: underline;\" href=\"https:\/\/www.tabletmag.com\/sections\/news\/articles\/antifa-political-violence-free-speech\" target=\"_blank\" rel=\"noopener noreferrer\">Antifa Must Obey the Law<\/a><\/strong><\/span><\/h5>\n<p style=\"text-align: center;\"><span style=\"color: #000000;\"><strong>Ben West<\/strong><\/span><\/p>\n<hr style=\"height: 15px; background: #d0e6fa; width: 100%;\">\n<div>\n<h4 style=\"text-align: center;\"><strong>The leftist militia thought they could riot in Clackamas County like they do in Portland. We proved them wrong.<\/strong><\/h4>\n<\/div>\n<p style=\"text-align: center;\">.<br \/>\n<img decoding=\"async\" class=\"aligncenter\" src=\"https:\/\/tablet-mag-images.b-cdn.net\/production\/c0fe9fe3f2a37c7a810ac1ea3fa04fc536d63418-2048x1365.jpg?w=1250&amp;q=70&amp;auto=format&amp;dpr=1\" width=\"100%\"><span style=\"color: #808080;\"><em>The author, at right, and his family \/ Courtesy the author<\/em><\/span><\/p>\n<div class=\"BlockContent col-12 lg:col-10 xl-wide:col-8 mxauto\">\n<p style=\"text-align: left;\"><span style=\"color: #000080;\">I am an elected county commissioner, a cardiology nurse, and an officer in the U.S. Navy Reserve who was born and raised in the heart of Portland, Oregon. In 2014 my husband and I successfully sued the state of Oregon in federal court for the right to marry, and overturned Oregon\u2019s ban on&nbsp;<a style=\"color: #000080;\" href=\"https:\/\/www.youtube.com\/watch?si=R99IVzVHEbqcPij0&amp;v=jwU4hNfLkqg&amp;feature=youtu.be\">same-sex marriage<\/a>. Just a few weeks before making history for marriage equality, my husband and I adopted our son Jay from the Oregon foster system and moved to Clackamas County, which is adjacent to Portland. We thought we had escaped the political radicalism of Portland to raise our son\u2014until it arrived on our doorstep in the form of antifa vs. Proud Boy violence.<\/span><\/p>\n<\/div>\n<div class=\"BlockContent col-12 lg:col-10 xl-wide:col-8 mxauto\" style=\"text-align: left;\">\n<p><span style=\"color: #000080;\">For decades, Portland has been characterized by its protests and political extremism. However, starting in 2016 and building up to 2020, the radicalism reached new heights of public intimidation and lawless violence. Over the last three and a half years, I have watched activist district attorneys, judges, and lawyers in Multnomah County including District Attorney Mike Schmidt provide cover and sweetheart deals to antifa and refuse to prosecute the group for its violent actions. Exhausted by the impunity with which groups such as antifa are allowed to operate like an armed militia in the streets\u2014under the apparent protective shield that renders them immune to prosecution\u2014many people question whether the criminal justice system is still effective.<\/span><\/p>\n<\/div>\n<div class=\"BlockContent col-12 lg:col-10 xl-wide:col-8 mxauto\" style=\"text-align: left;\">\n<p><span style=\"color: #000080;\">But this summer, Clackamas County\u2014where I now serve as county commissioner\u2014demonstrated that it\u2019s not like Portland. Twelve jurors, mostly women,&nbsp;<a style=\"color: #000080;\" href=\"https:\/\/thepostmillennial.com\/breaking-oregon-jury-convicts-violent-portland-antifa-ringleader-alissa-azar-of-felony-over-2021-attack\">convicted<\/a>&nbsp;a violent antifa ringleader of a 2021 attack at a public park. What they did was brave, especially since they were being intimated by members of antifa during the trial.&nbsp;<a style=\"color: #000080;\" href=\"https:\/\/thepostmillennial.com\/breaking-portland-antifa-journalist-charged-with-felony-robbery-assault?\">Alissa Eleanor Azar<\/a>, now a convicted felon, is believed to be the first antifa associate to be convicted at trial in Oregon. On Monday afternoon, she was sentenced to 14 days in jail and 36 months of supervised probation and GPS monitoring.<\/span><\/p>\n<\/div>\n<div class=\"BlockContent col-12 lg:col-10 xl-wide:col-8 mxauto\">\n<p style=\"text-align: left;\"><span style=\"color: #000080;\">As a county commissioner in a neighboring jurisdiction, I hadn\u2019t seen the chaos that had engulfed Portland spill over&nbsp;<a style=\"color: #000080;\" href=\"https:\/\/thepostmillennial.com\/breaking-oregons-clackamas-county-officially-dismantles-equity-diversity-and-inclusion-office\">into my community<\/a>&nbsp;until June 18, 2021, when Ms. Azar and Portland-based antifa militants mobilized to attack and shut down a First Amendment-protected event attended by members of the Proud Boys. Local media barely covered the political violence at that event. Poor and at times deliberately misleading press coverage obfuscated the degree of horrific and dangerous brawling instigated by antifa in a public park, making it hard for both local residents and officials to understand what had happened.<\/span><\/p>\n<\/div>\n<div class=\"PullQuote PullQuote--left flex flex-col items-center pt1_5 pb3 mt1_75 mb_75 border-bottom-black\">\n<blockquote>\n<p class=\"PullQuote__text PullQuote--left__text text-center\" style=\"text-align: left;\"><strong>Speech prevents violence by allowing us to use words and ideas to solve our differences. But for any of that to work, we must enforce our laws protecting speech and free assembly against the effects of political violence.<\/strong><\/p>\n<\/blockquote>\n<div class=\"ArticleView__content-switch bradford text-article-body-md font-300 mxauto\">\n<div class=\"BlockContent col-12 lg:col-10 xl-wide:col-8 mxauto\">\n<p style=\"text-align: left;\"><span style=\"color: #000080;\">I attended the five-day trial of Ms. Azar in Oregon City. As an elected leader, I know the full weight of my responsibility. That\u2019s why I spoke up outside the trial to make it clear that this county doesn\u2019t welcome political violence. The whole world is aware of the actions of antifa in Portland, but I wanted to know their impact on&nbsp;<a style=\"color: #000080;\" href=\"https:\/\/x.com\/tpostmillennial\/status\/1821787026292928653?s=61\">Clackamas<\/a>, which shares an approximate 10-mile border with the city of Portland; we\u2019re all in the same metro area. Here, unlike Portland, rampant violent outbursts from extremist groups are not commonplace or accepted. Clackamas is a county composed of urban, suburban, and rural communities. Politically, the county is purple; an amalgam of diverse political beliefs and citizens who desire to live together peacefully.<\/span><\/p>\n<\/div>\n<div class=\"BlockContent col-12 lg:col-10 xl-wide:col-8 mxauto\" style=\"text-align: left;\">\n<p><span style=\"color: #000080;\">As I sat as in the gallery during the trial, I could not help but notice how most of the courtroom observers were associates of antifa and Ms. Azar\u2014some of whom had been recorded in videos at the riot that the defendant was being prosecuted over. Most of them were masked in the courtroom, concealing their identity. Many of the antifa attendees at Ms. Azar\u2019s trial wore Palestinian kaffiyehs to advertise their allegiance to&nbsp;<a style=\"color: #000080;\" href=\"https:\/\/x.com\/mrandyngo\/status\/1823222950528471130?s=61\">extreme political causes<\/a>, some of which embrace terror. Their image made it clear that they were part of a political club, or gang, and virtue-signaling their allegiance to the political left.<\/span><\/p>\n<\/div>\n<div class=\"BlockContent col-12 lg:col-10 xl-wide:col-8 mxauto\" style=\"text-align: left;\">\n<p><span style=\"color: #000080;\">According to evidence presented in court by the prosecutor, Deputy District Attorney Josh Cutino, part of Clackamette Park was rented lawfully by a Proud Boys associate named Dan Tooze for a voter registration and flag-waving event. As a resident of Oregon City, Mr. Tooze has the right to rent public venues like anyone else, regardless of his political views. Antifa members are afforded the very same rights, but they shy from identifying themselves on official forms as part of their MO which elevates extrajudicial \u201cdirect action\u201d over lawful expression and debate.<\/span><\/p>\n<\/div>\n<div class=\"BlockContent col-12 lg:col-10 xl-wide:col-8 mxauto\" style=\"text-align: left;\">\n<p><span style=\"color: #000080;\">Like most residents of my county, I do not support either the Proud Boys or antifa. However, public institutions cannot deny people access because of their viewpoints. There is simply no question about the illegality of viewpoint-based discrimination according to our laws and the U.S. Constitution, which guarantees citizens the right to free speech and expression and to peaceable assembly.<\/span><\/p>\n<\/div>\n<div class=\"BlockContent col-12 lg:col-10 xl-wide:col-8 mxauto\" style=\"text-align: left;\">\n<p><span style=\"color: #000080;\">In response to the event, Portland antifa members organized online for \u201cdirect action\u201d to shut down the event through violence. Dozens traveled to the county both within the state and across state lines in vehicles that were outfitted for battle. Most of them wore black, covered their faces, and brought along melee weapons. Ms. Azar was part of that group.<\/span><\/p>\n<\/div>\n<div class=\"BlockContent col-12 lg:col-10 xl-wide:col-8 mxauto\" style=\"text-align: left;\">\n<p><span style=\"color: #000080;\">Antifa\u2019s \u201cdirect action\u201d in our park reached its climax when one of the group\u2019s members desecrated an American flag by lighting it on fire. A Proud Boy member rushed to the burning flag and stomped it out.<\/span><\/p>\n<\/div>\n<div class=\"BlockContent col-12 lg:col-10 xl-wide:col-8 mxauto\" style=\"text-align: left;\">\n<p><span style=\"color: #000080;\">What happened next was a violent brawl that was not contained to a small area of the park. Innocent bystanders wanting to enjoy a summer day with their families were instead choked by pepper spray and mace and forced to witness violent fights with weapons. Exhibits in court showed that weapons such as clubs, shields, bear spray, chemical wipes, and even homemade explosive devices were recovered at the scene.<\/span><\/p>\n<\/div>\n<div class=\"BlockContent col-12 lg:col-10 xl-wide:col-8 mxauto\" style=\"text-align: left;\">\n<p><span style=\"color: #000080;\">One elderly former Clackamas resident testified of her severe PTSD from the riot and how she, her son, and pet were surrounded during the melee. She told the court through tears that she chose to leave Oregon because of the trauma she endured that day.<\/span><\/p>\n<\/div>\n<div class=\"col-12 lg:col-10 xl-wide:col-8 mxauto\" style=\"text-align: left;\">\n<div class=\"Divider Divider--dotted-rule overflow-hidden\"><\/div>\n<\/div>\n<div class=\"BlockContent col-12 lg:col-10 xl-wide:col-8 mxauto\" style=\"text-align: left;\">\n<p><span style=\"color: #000080;\">I have a responsibility to represent my constituents, and I will not sit quietly and let unchecked crime happen in Clackamas County. I&nbsp;<a style=\"color: #000080;\" href=\"https:\/\/x.com\/BenforOregon\/status\/1823854131951583465\">spoke up<\/a>&nbsp;via video updates on X every day in front of the courthouse to share what I observed in the courtroom<strong>.&nbsp;<\/strong>John Hacker, a violent Portland antifa associate and close friend of Ms. Azar\u2019s,&nbsp;<a style=\"color: #000080;\" href=\"https:\/\/x.com\/benfororegon\/status\/1823529576766824863?s=61\">tried<\/a>&nbsp;multiple times to use the heckler\u2019s veto to silence me from speaking outside the courthouse.<\/span><\/p>\n<\/div>\n<div class=\"BlockContent col-12 lg:col-10 xl-wide:col-8 mxauto\" style=\"text-align: left;\">\n<p><span style=\"color: #000080;\">Ms. Azar was found guilty by a jury of her peers of felony riot and disorderly conduct. The jury was hung on the mace charge, which is a misdemeanor; the district attorney will not recharge that crime.<\/span><\/p>\n<\/div>\n<div class=\"BlockContent col-12 lg:col-10 xl-wide:col-8 mxauto\" style=\"text-align: left;\">\n<p><span style=\"color: #000080;\">Shortly after Alissa Azar\u2019s guilty verdict, Mr. Hacker became more aggressive. I witnessed him punch a man to the ground just steps from the courthouse. He bloodied the victim\u2019s face with a puncture wound. As a registered nurse, I provided medical aid to the man until emergency services arrived. He was dazed and had malformations to his upper jaw and face.<\/span><\/p>\n<\/div>\n<div class=\"BlockContent col-12 lg:col-10 xl-wide:col-8 mxauto\" style=\"text-align: left;\">\n<p><span style=\"color: #000080;\">Mr. Hacker was arrested a few streets away and charged with fourth-degree misdemeanor assault. He already has an open criminal case in Multnomah County. Similarly, Ms. Azar still faces a charge in Multnomah County for her alleged criminal behavior at a violent Portland State University occupation in May where the library was destroyed in the name of Palestinian resistance; Oregon taxpayers will have to foot the $1 million bill in damages. It remains to be seen if DA Mike Schmidt will see those cases to the end, or quietly let them drop, as has become the norm in Portland.<\/span><\/p>\n<\/div>\n<div class=\"BlockContent col-12 lg:col-10 xl-wide:col-8 mxauto\" style=\"text-align: left;\">\n<p><span style=\"color: #000080;\">America is a country that respects the rule of law. Freedom of speech, enshrined in the Bill of Rights, gives individuals the right to express themselves freely, which is a fundamental human right. However, radical political groups like antifa do not believe in freedom of speech. They assert that all speech that offends them should be violently extinguished. They rely on their political sponsors to protect them from the legal consequences of their repeated acts of political violence which deprive other citizens of their rights.<\/span><\/p>\n<\/div>\n<div class=\"BlockContent col-12 lg:col-10 xl-wide:col-8 mxauto\" style=\"text-align: left;\">\n<p><span style=\"color: #000080;\">I am committed to protecting the right to peaceful expression of opinions, even by those with whom I may disagree. The First Amendment would be meaningless if unpopular or uncomfortable speech were not protected. Speech is NOT violence; conversely, speech prevents violence by allowing us to use words and ideas to solve our differences. But for any of that to work, we must enforce our laws protecting speech, free assembly, and ordinary citizens enjoying a day in the park against the effects of political violence.<\/span><\/p>\n<\/div>\n<div class=\"BlockContent col-12 lg:col-10 xl-wide:col-8 mxauto\">\n<p style=\"text-align: left;\"><span style=\"color: #000080;\">Being so close to Portland, Clackamas County will never be immune to the public safety problems stemming from political extremism that has been allowed to run rampant in some of our major cities with cover from public officials. But when antifa tried their antics in Clackamas, they failed, because we were willing and able to enforce the laws that are meant to protect us all. If antifa seeks to endanger the public here by carrying out further criminal acts, they will again be prosecuted.<\/span><\/p>\n<hr>\n<\/div>\n<\/div>\n<div class=\"AuthorBioBlock col-12 lg:col-10 xl-wide:col-8 w100 mt6 mxauto\">\n<div class=\"AuthorBioBlock__container graebenbach mt1_5 text-section-details-sm font-300 color-red\">\n<p style=\"text-align: left;\"><span style=\"color: #808080;\"><em><strong><a style=\"color: #808080;\" href=\"https:\/\/x.com\/BenforOregon\">Ben West<\/a><\/strong>&nbsp;is a Clackamas County Commissioner, cardiology nurse, and U.S. Naval officer in Oregon.<\/em><\/span><\/p>\n<\/div>\n<\/div>\n<\/div>\n<hr style=\"height: 15px; background: #d0e6fa; width: 100%;\">\n<div id=\"content\" class=\"content-alignment\">\n<div id=\"watch-description\" class=\"yt-uix-button-panel\">\n<div id=\"watch-description-text\" style=\"text-align: center;\">\n<p><em>Zawarto\u015b\u0107 publikowanych artyku\u0142\u00f3w i materia\u0142\u00f3w nie reprezentuje pogl\u0105d\u00f3w ani opinii Reunion&#8217;68,<\/em><em><br \/>\nani te\u017c webmastera Blogu Reunion&#8217;68, chyba ze jest to wyra\u017anie zaznaczone.<br \/>\nTwoje uwagi, linki, w\u0142asne artyku\u0142y lub wiadomo\u015bci prze\u015blij na adres:<br \/>\n<\/em><span style=\"color: #000080;\"><strong><em><a style=\"color: #000080;\" href=\"mailto:webmaster@reunion68.com\"><span style=\"text-decoration: underline;\">webmaster@reunion68.com<\/span><\/a><\/em><\/strong><\/span><\/p>\n<\/div>\n<\/div>\n<\/div>\n<hr style=\"width: 100%;\">\n","protected":false},"excerpt":{"rendered":"<p>Antifa Must Obey the Law Ben West The leftist militia thought they could riot in Clackamas County like they do in Portland. We proved them wrong. . The author, at right, and his family \/ Courtesy the author I am an elected county commissioner, a cardiology nurse, and an officer in the U.S. Navy Reserve [&hellip;]<\/p>\n","protected":false},"author":1,"featured_media":0,"comment_status":"closed","ping_status":"closed","sticky":false,"template":"","format":"standard","meta":[],"categories":[6],"tags":[26,24],"_links":{"self":[{"href":"https:\/\/www.reunion68.se\/index.php?rest_route=\/wp\/v2\/posts\/115623"}],"collection":[{"href":"https:\/\/www.reunion68.se\/index.php?rest_route=\/wp\/v2\/posts"}],"about":[{"href":"https:\/\/www.reunion68.se\/index.php?rest_route=\/wp\/v2\/types\/post"}],"author":[{"embeddable":true,"href":"https:\/\/www.reunion68.se\/index.php?rest_route=\/wp\/v2\/users\/1"}],"replies":[{"embeddable":true,"href":"https:\/\/www.reunion68.se\/index.php?rest_route=%2Fwp%2Fv2%2Fcomments&post=115623"}],"version-history":[{"count":8,"href":"https:\/\/www.reunion68.se\/index.php?rest_route=\/wp\/v2\/posts\/115623\/revisions"}],"predecessor-version":[{"id":115646,"href":"https:\/\/www.reunion68.se\/index.php?rest_route=\/wp\/v2\/posts\/115623\/revisions\/115646"}],"wp:attachment":[{"href":"https:\/\/www.reunion68.se\/index.php?rest_route=%2Fwp%2Fv2%2Fmedia&parent=115623"}],"wp:term":[{"taxonomy":"category","embeddable":true,"href":"https:\/\/www.reunion68.se\/index.php?rest_route=%2Fwp%2Fv2%2Fcategories&post=115623"},{"taxonomy":"post_tag","embeddable":true,"href":"https:\/\/www.reunion68.se\/index.php?rest_route=%2Fwp%2Fv2%2Ftags&post=115623"}],"curies":[{"name":"wp","href":"https:\/\/api.w.org\/{rel}","templated":true}]}}