{"id":115800,"date":"2024-09-16T17:09:21","date_gmt":"2024-09-16T15:09:21","guid":{"rendered":"http:\/\/www.reunion68.se\/?p=115800"},"modified":"2024-09-16T07:26:00","modified_gmt":"2024-09-16T05:26:00","slug":"19-09-101","status":"publish","type":"post","link":"https:\/\/www.reunion68.se\/?p=115800","title":{"rendered":"&#8220;Jest w tym wirtuozeria&#8221;. Nie \u017cyje Micha\u0142 Sobelman. Mia\u0142 71 lat"},"content":{"rendered":"<p><img decoding=\"async\" src=\"https:\/\/bi.im-g.pl\/im\/cf\/d8\/1d\/z31296975AMP,Michal-Sobelman-nie-zyje.jpg\" width=\"100%\" \/>Micha\u0142 Sobelman nie \u017cyje (Fot. Artur Zawadzki\/REPORTER)<\/p>\n<hr \/>\n<h5 style=\"text-align: center;\"><a href=\"https:\/\/wyborcza.pl\/\" target=\"_blank\" rel=\"noopener noreferrer\"><img decoding=\"async\" class=\"center alignleft\" src=\"http:\/\/www.reunion68.com\/Biuletyn\/img\/wyborcza.png\" alt=\"\" width=\"35%\" \/><\/a><span style=\"text-decoration: underline; color: #000080;\"><strong><a style=\"color: #000080; text-decoration: underline;\" href=\"https:\/\/wyborcza.pl\/7,75517,31296931,nie-zyje-michal-sobelman-pisarz-i-tlumacz-literatury-hebrajskiej.html\" target=\"_blank\" rel=\"noopener noreferrer\">&#8220;Jest w tym wirtuozeria&#8221;. Nie \u017cyje Micha\u0142 Sobelman. Mia\u0142 71 lat<\/a><\/strong><\/span><\/h5>\n<p style=\"text-align: center;\"><span style=\"color: #000000;\"><strong>Rados\u0142aw Czy\u017c<\/strong><\/span><\/p>\n<hr style=\"height: 15px; background: #d0e6fa; width: 100%;\" \/>\n<h4 class=\"text--lead \" style=\"text-align: center;\"><strong>Micha\u0142 Sobelman t\u0142umaczy\u0142 na polski m.in. sztuki Hanocha Levina, Savyon Liebrecht i Edny Mazyi oraz proz\u0119 Benjamina Tammuza i Judith Katzir.<\/strong><\/h4>\n<div class=\"article--content article--content-free  \">\n<p class=\"text--paragraph\" style=\"text-align: left;\"><span style=\"color: #000080;\">Micha\u0142 Sobelman urodzi\u0142 si\u0119 w Sosnowcu, 26 marca 1953 roku. Jako nastolatek, po wydarzeniach Marca 1968 r., wyemigrowa\u0142 wraz z ojcem do Izraela. Do Polski, na tydzie\u0144, wr\u00f3ci\u0142 dopiero w 1983 r. Jak wspomina\u0142 w rozmowie Krystyn\u0105 Naszkowsk\u0105 w &#8220;Du\u017cym Formacie&#8221; pr\u00f3bowa\u0142 wr\u00f3ci\u0107 do kraju ju\u017c wcze\u015bniej, ale ani razu nie uda\u0142o mu si\u0119 zdoby\u0107 wizy.<\/span><\/p>\n<\/div>\n<p style=\"text-align: left;\"><span style=\"color: #000080;\">&#8220;W latach 80. pojawi\u0142a si\u0119 mo\u017cliwo\u015b\u0107 odwiedzenia Polski, ale mo\u017cna by\u0142o pojecha\u0107 wy\u0142\u0105cznie na zorganizowan\u0105 wycieczk\u0119. Z tej wycieczki mo\u017cna si\u0119 by\u0142o od\u0142\u0105czy\u0107 ju\u017c na lotnisku na Ok\u0119ciu i do\u0142\u0105czy\u0107 tu\u017c przed powrotem, te\u017c na Ok\u0119ciu. I ja z takiej mo\u017cliwo\u015bci skorzysta\u0142em w listopadzie 1983 roku. By\u0142em w Polsce tydzie\u0144.&#8221; &#8211; m\u00f3wi\u0142. \u00a0<\/span><\/p>\n<h4 class=\"text--title font-head-700\" style=\"text-align: left;\"><strong>Micha\u0142 Sobelman nie \u017cyje. T\u0142umaczy\u0142 sztuki Hanocha Levina<\/strong><\/h4>\n<p class=\"text--paragraph\" style=\"text-align: left;\"><span style=\"color: #000080;\">Kilkukrotnie wraca\u0142 do Polski, ale przez wiele lat czu\u0142 si\u0119 Izraelczykiem. Pracowa\u0142 w Uniwersytecie Hebrajskim w Jerozolimie. W\u00a01987 r. jako pierwszy obywatel Izraela dosta\u0142 stypendium UNESCO w Polsce. Od 1993 r. przez 30 lat by\u0142 rzecznikiem prasowym ambasady Izraela w Warszawie. \u00a0<\/span><\/p>\n<p class=\"text--paragraph\" style=\"text-align: left;\"><span style=\"color: #000080;\">Ale s\u0142yn\u0105\u0142 przede wszystkim jako t\u0142umacz literatury hebrajskiej. Przek\u0142ada\u0142 m.in. sztuki Hanocha Levina, Savyon Liebrecht i Edny Mazyi, oraz proz\u0119 Benjamina Tammuza, Batii Gur i Judith Katzir. \u00a0<\/span><\/p>\n<p class=\"text--paragraph\" style=\"text-align: left;\"><span style=\"color: #000080;\">O \u015bmierci Sobelmana na Facebooku poinformowa\u0142 dziennikarz Jan Ordy\u0144ski. Informacj\u0119 potwierdzili bliscy t\u0142umacza. Po\u017cegna\u0142 go te\u017c pisarz i kierownik literacki Teatru \u017bydowskiego, Remigiusz Grzela:\u00a0<\/span><\/p>\n<p class=\"text--paragraph\" style=\"text-align: left;\"><span style=\"color: #000080;\">&#8220;(&#8230;)\u00a0 z dramat\u00f3w Levina, jakie prze\u0142o\u017cy\u0142, ukocha\u0142em sobie ostatni, nie wystawiany w Polsce tekst, jaki mamy w planach w Teatrze \u017bydowskim, &#8220;Ca\u0142uj ciotk\u0119&#8221; (w tym przek\u0142adzie jest wirtuozeria Micha\u0142a, jak i maestria ju\u017c ci\u0119\u017cko chorego Levina). Bardzo smutna wiadomo\u015b\u0107.&#8221; &#8211; napisa\u0142.\u00a0<\/span><\/p>\n<p style=\"text-align: center;\"><img decoding=\"async\" class=\"aligncenter\" src=\"https:\/\/scontent.fbma6-1.fna.fbcdn.net\/v\/t39.30808-6\/459180833_10235797954548957_7604591111002772118_n.jpg?_nc_cat=101&amp;ccb=1-7&amp;_nc_sid=127cfc&amp;_nc_ohc=IAIpC8SW0eQQ7kNvgEKq60I&amp;_nc_ht=scontent.fbma6-1.fna&amp;oh=00_AYCd1vpxS5TdBN4BRULqFDqZ_lPlDI42to1pkWXpZ7BBaA&amp;oe=66ED780A\" width=\"100%\" \/>Jan Ordy\u0144ski powiadomi\u0142 na FB, \u017ce umar\u0142 Micha\u0142 Sobelman, wybitny t\u0142umacz prozy i dramaturgii izraelskiej na j\u0119zyk polski. Przek\u0142ada\u0142 m.in. a mo\u017ce przede wszystkim Hanocha Levina ale te\u017c dzi\u0119ki niemu docenili\u015bmy Savyon Liebrecht. Bardzo smutna wiadomo\u015b\u0107. Z dramat\u00f3w Levina, jakie prze\u0142o\u017cy\u0142, ukocha\u0142em sobie ostatni, nie wystawiany w Polsce tekst, jaki mamy w planach w Teatrze \u017bydowskim, &#8220;Ca\u0142uj ciotk\u0119&#8221; (w tym przek\u0142adzie jest wirtuozeria Micha\u0142a, jak i maestria ju\u017c ci\u0119\u017cko chorego Levina). Bardzo smutna wiadomo\u015b\u0107.<\/p>\n<hr \/>\n<p style=\"text-align: left;\"><img decoding=\"async\" class=\"alignleft\" src=\"https:\/\/bi.im-g.pl\/im\/76\/2e\/1c\/z29550198IAR.jpg\" width=\"15%\" \/> <span style=\"color: #808080;\"><em><strong>Rados\u0142aw Czy\u017c<\/strong> &#8211; <\/em><\/span><span style=\"color: #808080;\"><em>Dziennikarz opisuj\u0105cy \u015bwiat filmu i seriali w \u201eWyborczej TV\u201d i dziale kultura \u201eGW\u201d, wsp\u00f3\u0142prowadz\u0105cy podcastu \u201eSobotni Seans\u201d. Na \u0142amach \u201eKsi\u0105\u017cek. Magazynu do czytania\u201d pisze o komiksach.<\/em><\/span><\/p>\n<hr style=\"height: 15px; background: #d0e6fa; width: 100%;\" \/>\n<div id=\"content\" class=\"content-alignment\">\n<div id=\"watch-description\" class=\"yt-uix-button-panel\">\n<div id=\"watch-description-text\" style=\"text-align: center;\">\n<p><em>Zawarto\u015b\u0107 publikowanych artyku\u0142\u00f3w i materia\u0142\u00f3w nie reprezentuje pogl\u0105d\u00f3w ani opinii Reunion&#8217;68,<\/em><em><br \/>\nani te\u017c webmastera Blogu Reunion&#8217;68, chyba ze jest to wyra\u017anie zaznaczone.<br \/>\nTwoje uwagi, linki, w\u0142asne artyku\u0142y lub wiadomo\u015bci prze\u015blij na adres:<br \/>\n<\/em><span style=\"color: #000080;\"><strong><em><a style=\"color: #000080;\" href=\"mailto:webmaster@reunion68.com\"><span style=\"text-decoration: underline;\">webmaster@reunion68.com<\/span><\/a><\/em><\/strong><\/span><\/p>\n<\/div>\n<\/div>\n<\/div>\n<hr style=\"width: 100%;\" \/>\n","protected":false},"excerpt":{"rendered":"<p>Micha\u0142 Sobelman nie \u017cyje (Fot. Artur Zawadzki\/REPORTER) &#8220;Jest w tym wirtuozeria&#8221;. Nie \u017cyje Micha\u0142 Sobelman. Mia\u0142 71 lat Rados\u0142aw Czy\u017c Micha\u0142 Sobelman t\u0142umaczy\u0142 na polski m.in. sztuki Hanocha Levina, Savyon Liebrecht i Edny Mazyi oraz proz\u0119 Benjamina Tammuza i Judith Katzir. Micha\u0142 Sobelman urodzi\u0142 si\u0119 w Sosnowcu, 26 marca 1953 roku. Jako nastolatek, po wydarzeniach [&hellip;]<\/p>\n","protected":false},"author":1,"featured_media":0,"comment_status":"closed","ping_status":"closed","sticky":false,"template":"","format":"standard","meta":[],"categories":[6],"tags":[26,24],"_links":{"self":[{"href":"https:\/\/www.reunion68.se\/index.php?rest_route=\/wp\/v2\/posts\/115800"}],"collection":[{"href":"https:\/\/www.reunion68.se\/index.php?rest_route=\/wp\/v2\/posts"}],"about":[{"href":"https:\/\/www.reunion68.se\/index.php?rest_route=\/wp\/v2\/types\/post"}],"author":[{"embeddable":true,"href":"https:\/\/www.reunion68.se\/index.php?rest_route=\/wp\/v2\/users\/1"}],"replies":[{"embeddable":true,"href":"https:\/\/www.reunion68.se\/index.php?rest_route=%2Fwp%2Fv2%2Fcomments&post=115800"}],"version-history":[{"count":8,"href":"https:\/\/www.reunion68.se\/index.php?rest_route=\/wp\/v2\/posts\/115800\/revisions"}],"predecessor-version":[{"id":115812,"href":"https:\/\/www.reunion68.se\/index.php?rest_route=\/wp\/v2\/posts\/115800\/revisions\/115812"}],"wp:attachment":[{"href":"https:\/\/www.reunion68.se\/index.php?rest_route=%2Fwp%2Fv2%2Fmedia&parent=115800"}],"wp:term":[{"taxonomy":"category","embeddable":true,"href":"https:\/\/www.reunion68.se\/index.php?rest_route=%2Fwp%2Fv2%2Fcategories&post=115800"},{"taxonomy":"post_tag","embeddable":true,"href":"https:\/\/www.reunion68.se\/index.php?rest_route=%2Fwp%2Fv2%2Ftags&post=115800"}],"curies":[{"name":"wp","href":"https:\/\/api.w.org\/{rel}","templated":true}]}}