{"id":115804,"date":"2024-09-19T17:00:22","date_gmt":"2024-09-19T15:00:22","guid":{"rendered":"http:\/\/www.reunion68.se\/?p=115804"},"modified":"2024-09-16T07:42:11","modified_gmt":"2024-09-16T05:42:11","slug":"19-00-92","status":"publish","type":"post","link":"https:\/\/www.reunion68.se\/?p=115804","title":{"rendered":"Largest Township in US Creates Antisemitism Task Force for Second Biggest Jewish Population in the Nation"},"content":{"rendered":"<h5 style=\"text-align: center;\"><a href=\"https:\/\/www.algemeiner.com\/\" target=\"_blank\" rel=\"noopener noreferrer\"><img decoding=\"async\" class=\"center alignleft\" src=\"http:\/\/www.reunion68.com\/Biuletyn\/img\/algem.png\" alt=\"\" width=\"35%\" \/><\/a><span style=\"text-decoration: underline; color: #000080;\"><span><strong><a style=\"color: #000080; text-decoration: underline;\" href=\"https:\/\/www.algemeiner.com\/2024\/09\/13\/largest-township-us-creates-antisemitism-task-force-second-biggest-jewish-population-nation\/\" target=\"_blank\" rel=\"noopener noreferrer\">Largest Township in US Creates Antisemitism Task Force for Second Biggest Jewish Population in the Nation<\/a><\/strong><\/span><\/span><\/h5>\n<p style=\"text-align: center;\"><span style=\"color: #000000;\"><strong>Shiryn Ghermezian<\/strong><\/span><\/p>\n<hr style=\"height: 15px; background: #d0e6fa; width: 100%;\" \/>\n<p style=\"text-align: center;\"><img decoding=\"async\" class=\"aligncenter\" src=\"https:\/\/www.algemeiner.com\/wp-content\/uploads\/2022\/02\/20220217_122656-copy-2-1.jpg\" width=\"100%\" \/><span style=\"color: #808080;\"><em>Antisemitic graffiti daubed outside Miriam, an Israeli-owned restaurant on New York City\u2019s Upper West Side. Photo: The Algemeiner.<\/em><\/span><\/p>\n<p style=\"text-align: left;\"><span style=\"color: #000080;\">The Town of Hempstead in New York, which is the largest township in America, has a new task force to combat antisemitism and help keep its local Jewish community safe.<\/span><\/p>\n<p style=\"text-align: left;\"><span style=\"color: #000080;\">Hempstead Town Supervisor Don Clavin announced on Thursday the creation of The Antisemitism Task Force. The newly formed group of local community and spiritual leaders will take a number of approaches to combat hate and intolerance in the Town of Hempstead.<\/span><\/p>\n<p style=\"text-align: left;\"><span style=\"color: #000080;\">\u201cEducation and community outreach will include various methods such as partnering with local educational institutions to host historical programs, implementing Holocaust education programs, working with local villages within Hempstead Town to adopt the IHRA working definition of antisemitism, supporting interfaith and multicultural initiatives to promote tolerance, and enhancing security for Jewish community centers by working with local law enforcement, to name a few,\u201d read a statement about the task force published by the town and\u00a0<a style=\"color: #000080;\" href=\"https:\/\/combatantisemitism.org\/government-and-policy\/town-of-hempstead-establishes-municipal-task-force-to-combat-rising-antisemitism\/\" target=\"_blank\" rel=\"noopener noreferrer\">shared<\/a>\u00a0by the Combat Antisemitism Movement.<\/span><\/p>\n<p style=\"text-align: left;\"><span style=\"color: #000080;\">Clavin made the announcement about the new task force in front of West Hempstead\u2019s Hebrew Academy of Nassau County Samuel and Elizabeth Bass Golding Elementary School.<\/span><\/p>\n<p style=\"text-align: left;\"><span style=\"color: #000080;\">The Town of Hempstead reportedly has the second largest Jewish population in the US, following New York City. In 2021, it become the first municipality in its region to adopt legislation against the\u00a0<a style=\"color: #000080;\" href=\"https:\/\/www.algemeiner.com\/2024\/06\/19\/german-domestic-intelligence-agency-designates-bds-a-suspected-extremist-case\/\" target=\"_blank\" rel=\"noopener noreferrer\">boycott, divestment, and sanctions (BDS) movement<\/a>\u00a0against Israel.<\/span><\/p>\n<p style=\"text-align: left;\"><span style=\"color: #000080;\">Hempstead also adopted the International Holocaust Remembrance Alliance\u2019s (IHRA)\u00a0<a style=\"color: #000080;\" href=\"https:\/\/www.algemeiner.com\/2024\/06\/27\/north-carolina-legislature-approves-bill-adopting-leading-definition-antisemitism\/\" target=\"_blank\" rel=\"noopener noreferrer\">definition of antisemitism<\/a>. Beyond classic antisemitic behavior associated with the likes of the medieval period and Nazi Germany, the IHRA definition includes denial of the Holocaust and newer forms of antisemitism targeting Israel such as demonizing the Jewish state, denying its right to exist, and holding it to standards not expected of any other democratic state.<\/span><\/p>\n<p style=\"text-align: left;\"><span style=\"color: #000080;\">In April, Clavin and other local leaders\u00a0<a style=\"color: #000080;\" href=\"https:\/\/hempsteadny.gov\/CivicAlerts.aspx?AID=211\" target=\"_blank\" rel=\"noopener noreferrer\">denounced<\/a>\u00a0anti-Israel and antisemitic graffiti that was spray painted on an elementary school and over posters of the hostages taken from Israel by Hamas terrorists during their deadly rampage on Oct. 7. One of the American hostages still held in captivity in the Gaza Strip, Omer Neutra, is from Plainview in Long Island.<\/span><\/p>\n<p style=\"text-align: left;\"><span style=\"color: #000080;\">Sebastian Patino Caceres, 23, was arrested in connection to the incident and charged with seven counts of criminal mischief, possession of graffiti instruments, and seven counts of making graffiti.<\/span><\/p>\n<p style=\"text-align: left;\"><span style=\"color: #000080;\">\u201cThe Town of Hempstead has a zero-tolerance policy against hate and intolerance of all kinds,\u201d Clavin said on Thursday. \u201cWe are quick to publicly denounce any and all acts of intolerance within our township, however there is a growing trend of antisemitism ramping up through the nation. It is our responsibility to be proactive against this disturbing trend and the creation of an Antisemitism Task Force is the first step towards making this defense a reality.\u201d<\/span><\/p>\n<p style=\"text-align: left;\"><span style=\"color: #000080;\">\u201cAs the holy days of the Jewish faith approach, I am proud that the Town of Hempstead is a home where residents from all walks of life can practice religion freely and without concern,\u201d he added. \u201cI remain committed to combating hatred and intolerance in all forms, and I thank the spiritual leaders and global activists who have joined me today for this important announcement.\u201d<\/span><\/p>\n<div class=\"styles_HTMLContent__LDG2k\">\n<p style=\"text-align: left;\"><span style=\"color: #000080;\">The Anti-Defamation League (ADL) reported earlier this year that antisemitic incidents in New York jumped 110 percent in 2023, which is the highest number ADL has ever recorded in the state and the second-highest number reported in any state across the US last year.<\/span><\/p>\n<p style=\"text-align: left;\"><span style=\"color: #000080;\">Last week, a Pakistani national was\u00a0<a style=\"color: #000080;\" href=\"https:\/\/www.justice.gov\/usao-sdny\/pr\/pakistani-national-charged-plotting-terrorist-attack-new-york-city-support-isis\" target=\"_blank\" rel=\"noopener noreferrer\">arrested and charged<\/a>\u00a0for planning to carry out an ISIS-inspired, mass shooting terrorist attack at a Jewish center in New York City.<\/span><\/p>\n<\/div>\n<hr style=\"height: 15px; background: #d0e6fa; width: 100%;\" \/>\n<div id=\"content\" class=\"content-alignment\">\n<div id=\"watch-description\" class=\"yt-uix-button-panel\">\n<div id=\"watch-description-text\" style=\"text-align: center;\">\n<p><em>Zawarto\u015b\u0107 publikowanych artyku\u0142\u00f3w i materia\u0142\u00f3w nie reprezentuje pogl\u0105d\u00f3w ani opinii Reunion&#8217;68,<\/em><em><br \/>\nani te\u017c webmastera Blogu Reunion&#8217;68, chyba ze jest to wyra\u017anie zaznaczone.<br \/>\nTwoje uwagi, linki, w\u0142asne artyku\u0142y lub wiadomo\u015bci prze\u015blij na adres:<br \/>\n<\/em><span style=\"color: #000080;\"><strong><em><a style=\"color: #000080;\" href=\"mailto:webmaster@reunion68.com\"><span style=\"text-decoration: underline;\">webmaster@reunion68.com<\/span><\/a><\/em><\/strong><\/span><\/p>\n<\/div>\n<\/div>\n<\/div>\n<hr style=\"width: 100%;\" \/>\n","protected":false},"excerpt":{"rendered":"<p>Largest Township in US Creates Antisemitism Task Force for Second Biggest Jewish Population in the Nation Shiryn Ghermezian Antisemitic graffiti daubed outside Miriam, an Israeli-owned restaurant on New York City\u2019s Upper West Side. Photo: The Algemeiner. The Town of Hempstead in New York, which is the largest township in America, has a new task force [&hellip;]<\/p>\n","protected":false},"author":1,"featured_media":0,"comment_status":"closed","ping_status":"closed","sticky":false,"template":"","format":"standard","meta":[],"categories":[6],"tags":[26,24],"_links":{"self":[{"href":"https:\/\/www.reunion68.se\/index.php?rest_route=\/wp\/v2\/posts\/115804"}],"collection":[{"href":"https:\/\/www.reunion68.se\/index.php?rest_route=\/wp\/v2\/posts"}],"about":[{"href":"https:\/\/www.reunion68.se\/index.php?rest_route=\/wp\/v2\/types\/post"}],"author":[{"embeddable":true,"href":"https:\/\/www.reunion68.se\/index.php?rest_route=\/wp\/v2\/users\/1"}],"replies":[{"embeddable":true,"href":"https:\/\/www.reunion68.se\/index.php?rest_route=%2Fwp%2Fv2%2Fcomments&post=115804"}],"version-history":[{"count":4,"href":"https:\/\/www.reunion68.se\/index.php?rest_route=\/wp\/v2\/posts\/115804\/revisions"}],"predecessor-version":[{"id":115819,"href":"https:\/\/www.reunion68.se\/index.php?rest_route=\/wp\/v2\/posts\/115804\/revisions\/115819"}],"wp:attachment":[{"href":"https:\/\/www.reunion68.se\/index.php?rest_route=%2Fwp%2Fv2%2Fmedia&parent=115804"}],"wp:term":[{"taxonomy":"category","embeddable":true,"href":"https:\/\/www.reunion68.se\/index.php?rest_route=%2Fwp%2Fv2%2Fcategories&post=115804"},{"taxonomy":"post_tag","embeddable":true,"href":"https:\/\/www.reunion68.se\/index.php?rest_route=%2Fwp%2Fv2%2Ftags&post=115804"}],"curies":[{"name":"wp","href":"https:\/\/api.w.org\/{rel}","templated":true}]}}