{"id":115884,"date":"2024-09-19T17:09:17","date_gmt":"2024-09-19T15:09:17","guid":{"rendered":"http:\/\/www.reunion68.se\/?p=115884"},"modified":"2024-09-19T07:47:43","modified_gmt":"2024-09-19T05:47:43","slug":"23-09-100","status":"publish","type":"post","link":"https:\/\/www.reunion68.se\/?p=115884","title":{"rendered":"Nagroda za terroryzm: \u201ePa\u0144stwo Palestyna\u201d zajmuje miejsce w Zgromadzeniu Og\u00f3lnym ONZ"},"content":{"rendered":"<p style=\"text-align: center;\"><img decoding=\"async\" class=\"aligncenter\" src=\"https:\/\/assets-news.asharq.com\/images\/articles\/864x488\/16-9\/9FRUN8RZFe_1713486379.webp\" width=\"100%\" \/><span style=\"color: #808080;\"><em>Zgromadzenie Og\u00f3lne ONZ w 2012 roku nada\u0142o \u201ePalestynie\u201d statut nieb\u0119d\u0105cego cz\u0142onkiem obserwatora. We wtorek 10 wrze\u015bnia Palesty\u0144czycy zaj\u0119li miejsce w\u015br\u00f3d pa\u0144stw cz\u0142onkowskich Zgromadzenia Og\u00f3lnego ONZ, co jest nowym prawem przyznanym delegacji Autonomii Palesty\u0144skiej, mimo \u017ce nie jest pe\u0142noprawnym cz\u0142onkiem tego organu. (Zdj\u0119cie Rick Bajornas archiwum ONZ)<\/em><\/span><\/p>\n<hr \/>\n<h5 style=\"text-align: center;\"><a href=\"https:\/\/www.listyznaszegosadu.pl\/\" target=\"_blank\" rel=\"noopener noreferrer\"><img decoding=\"async\" class=\"center alignleft\" src=\"http:\/\/www.reunion68.com\/Biuletyn\/img\/z-naszego.jpg\" alt=\"\" width=\"50%\" \/><\/a><span style=\"text-decoration: underline; color: #000080;\"><strong><a style=\"color: #000080; text-decoration: underline;\" href=\"https:\/\/www.listyznaszegosadu.pl\/notatki\/nagroda-za-terroryzm-a-panstwo-palestyna-zajmuje-miejsce-w-zgromadzeniu-ogallnym-onz\" target=\"_blank\" rel=\"noopener noreferrer\">Nagroda za terroryzm: \u201ePa\u0144stwo Palestyna\u201d zajmuje miejsce w Zgromadzeniu Og\u00f3lnym ONZ<\/a><\/strong><\/span><\/h5>\n<p style=\"text-align: center;\"><span style=\"color: #000000;\"><strong>Robert Spencer<br \/>\n<\/strong><span style=\"color: #808080;\"><em>T\u0142umaczenie:<\/em><\/span> <strong>Ma\u0142gorzata Koraszew<\/strong><\/span><\/p>\n<hr style=\"height: 15px; background: #d0e6fa; width: 100%;\" \/>\n<div class=\"templateArticleIngress\" style=\"text-align: left;\"><span style=\"color: #000080;\">Organizacja Narod\u00f3w Zjednoczonych sk\u0142ada si\u0119 obecnie ze 193 pa\u0144stw cz\u0142onkowskich i dw\u00f3ch sta\u0142ych pa\u0144stw obserwator\u00f3w nieb\u0119d\u0105cych cz\u0142onkami: Watykanu i \u201ePa\u0144stwa Palestyna\u201d. Palesty\u0144czycy s\u0105 jednak na drodze do uzyskania statusu pe\u0142noprawnego cz\u0142onka. \u201e<a style=\"color: #000080;\" href=\"https:\/\/www.timesofisrael.com\/palestinians-take-seat-in-un-general-assembly-despite-lack-of-full-membership\/\" target=\"_blank\" rel=\"noopener noreferrer\">Times of Israel<\/a>\u201d\u00a0poinformowa\u0142 w \u015brod\u0119, \u017ce \u201eWe wtorek Palesty\u0144czycy zaj\u0119li miejsce w\u015br\u00f3d pa\u0144stw cz\u0142onkowskich Zgromadzenia Og\u00f3lnego ONZ, co jest nowym prawem przyznanym delegacji Autonomii Palesty\u0144skiej, mimo \u017ce nie jest pe\u0142noprawnym cz\u0142onkiem tego organu\u201d. W ten spos\u00f3b ONZ odpowiada na terroryzm d\u017cihadu: nagradzaj\u0105c tych, kt\u00f3rzy si\u0119 w niego anga\u017cuj\u0105.<\/span><\/div>\n<p style=\"text-align: left;\">\n<div class=\"templateArticleBrodtext\">\n<p style=\"text-align: left;\"><span style=\"color: #000080;\">Inicjatywa przyznania \u201ePa\u0144stwu Palestyny\u201d miejsca w Zgromadzeniu Og\u00f3lnym rozpocz\u0119\u0142a si\u0119 sze\u015b\u0107 miesi\u0119cy po tym, jak Palesty\u0144czycy zamordowali 1200 Izraelczyk\u00f3w 7 pa\u017adziernika 2023 r. \u201eW maju &#8211; pisze Times of Israel &#8211; przyt\u0142aczaj\u0105ca wi\u0119kszo\u015b\u0107 Zgromadzenia Og\u00f3lnego stwierdzi\u0142a, \u017ce Palesty\u0144czycy zas\u0142uguj\u0105 na pe\u0142ne cz\u0142onkostwo, co zosta\u0142o zablokowane przez Stany Zjednoczone, kt\u00f3re wraz z Izraelem twierdz\u0105, \u017ce uznanie pa\u0144stwowo\u015bci palesty\u0144skiej musi nast\u0105pi\u0107 w drodze porozumienia pokojowego\u201d. Jednym z warunk\u00f3w pa\u0144stwowo\u015bci palesty\u0144skiej zawsze by\u0142o to, \u017ce \u201ePa\u0144stwo Palestyna\u201d uznaje prawo Izraela do istnienia i zobowi\u0105zuje si\u0119 do \u017cycia z nim w pokoju. To jest co\u015b, czego palesty\u0144scy przyw\u00f3dcy nigdy nie byli sk\u0142onni zrobi\u0107.\u00a0<\/span><\/p>\n<p style=\"text-align: left;\">\n<span style=\"color: #000080;\">Niemniej ONZ ruszy\u0142a naprz\u00f3d z planami nagradzania Palesty\u0144czyk\u00f3w, najwyra\u017aniej \u0142udz\u0105c si\u0119, \u017ce powstanie pa\u0144stwa palesty\u0144skiego zako\u0144czy wszystkie konflikty. Tak wi\u0119c, \u201epocz\u0105wszy od 79. sesji Zgromadzenia Og\u00f3lnego, kt\u00f3ra rozpocz\u0119\u0142a si\u0119 we wtorek, Palesty\u0144czycy mog\u0105 sk\u0142ada\u0107 propozycje i poprawki oraz zasiada\u0107 w\u015br\u00f3d pa\u0144stw cz\u0142onkowskich\u201d. Rijad Mansour, wys\u0142annik \u201ePa\u0144stwa Palestyny\u201d przy ONZ, \u201ezaj\u0105\u0142 miejsce we wtorek po po\u0142udniu przy stole oznaczonym \u2018Pa\u0144stwo Palestyna\u2019 mi\u0119dzy Sri Lank\u0105 a Sudanem\u201d.<\/span><\/p>\n<p style=\"text-align: left;\">\n<span style=\"color: #000080;\">Ambasador Egiptu Osama Mahmoud Abdelkhalek Mahmoud by\u0142 zachwycony, m\u00f3wi\u0105c: \u201eTo nie jest tylko kwestia proceduralna. To dla nas historyczny moment\u201d. Jonathan Miller, zast\u0119pca ambasadora Izraela przy ONZ, by\u0142 bardziej realistyczny, zauwa\u017caj\u0105c, \u017ce \u201eka\u017cda decyzja i\/lub dzia\u0142anie, kt\u00f3re poprawia status Palesty\u0144czyk\u00f3w, czy to w Zgromadzeniu Og\u00f3lnym ONZ, czy dwustronnie, jest obecnie nagrod\u0105\u2026 dla terroryzmu og\u00f3lnie, a terroryst\u00f3w z Hamasu w szczeg\u00f3lno\u015bci\u201d.\u00a0<\/span><\/p>\n<p style=\"text-align: left;\">\n<span style=\"color: #000080;\">Istotnie. Wszelkie w\u0105tpliwo\u015bci co do tego, jakim pa\u0144stwem mo\u017ce by\u0107 \u201ePa\u0144stwo Palestyna\u201d, rozwia\u0142y si\u0119 pod koniec lipca, kiedy doradca prezydenta Autonomii Palesty\u0144skiej Mahmuda Abbasa ds. Religii i Stosunk\u00f3w Islamskich, Mahmoud Al-Habbasz,\u00a0<a style=\"color: #000080;\" href=\"https:\/\/palwatch.org\/page\/35457\" target=\"_blank\" rel=\"noopener noreferrer\">o\u015bwiadczy\u0142<\/a>:<\/span><\/p>\n<blockquote><p><strong>\u201eNasza religia jest religi\u0105 tolerancji i religi\u0105 ludzkiego braterstwa. Ale jeste\u015bmy r\u00f3wnie\u017c lud\u017ami d\u017cihadu i lud\u017ami si\u0142y przeciwko tym, kt\u00f3rzy na to zas\u0142uguj\u0105 od nas i przeciwko tym, kt\u00f3rzy chc\u0105 skrzywdzi\u0107 nasz\u0105 godno\u015b\u0107, zbezcze\u015bci\u0107 nasze miejsca \u015bwi\u0119te lub pozbawi\u0107 nas praw\u2026 Palestyna hojnie oddaje swoj\u0105 krew dla waszego dobra, narodzie islamu\u201d.<\/strong><\/p><\/blockquote>\n<p style=\"text-align: left;\"><span style=\"color: #000080;\">Nast\u0119pnie na pocz\u0105tku sierpnia al-Habbasz wzmocni\u0142 wezwanie do d\u017cihadu przeciwko Izraelowi:<\/span><\/p>\n<blockquote>\n<p style=\"text-align: left;\"><strong>\u201eTwoim najlepszym d\u017cihadem jest\u00a0<em>Ribat\u00a0<\/em>\u00a0(tj. konflikt religijny o ziemi\u0119, kt\u00f3ra rzekomo nale\u017cy do islamu), a twoim najlepszym\u00a0<em>d\u017cihadem<\/em>\u00a0jest Aszkelon. Gdzie jest Aszkelon? Aszkelon to miasto w Palestynie (<em>sic<\/em>, jest to izraelskie miasto nadmorskie), a ziemia Palestyny jest ziemi\u0105\u00a0<em>Ribat<\/em>\u00a0i d\u017cihadu a\u017c do Dnia S\u0105du Ostatecznego. Drodzy wyznawcy Jego [proroka Mahometa] przybyli, prowadz\u0105c d\u017cihad dla Allaha, do Palestyny i Wielkiej Syrii i wyzwolili j\u0105 spod okupacji bizantyjskiej. Saladyn wyzwoli\u0142 j\u0105 spod okupacji krzy\u017cowc\u00f3w. A dzi\u015b zostanie wyzwolona [ponownie], je\u015bli Allah pozwoli. Palestyna powr\u00f3ci i zostanie wyzwolona, pr\u0119dzej czy p\u00f3\u017aniej\u201d.\u00a0<\/strong><\/p>\n<\/blockquote>\n<p style=\"text-align: left;\"><span style=\"color: #000080;\">Czy to brzmi tak, jakby \u201ePa\u0144stwo Palestyna\u201d uspokoi\u0142o i zadowoli\u0142o al-Habbasza i jego towarzyszy do tego stopnia, \u017ce przestan\u0105 prowadzi\u0107 wojn\u0119 przeciwko Izraelowi? Nie. D\u017cihad Al-Habbasza b\u0119dzie trwa\u0142 \u201ea\u017c do Dnia S\u0105du Ostatecznego\u201d, a bynajmniej nie on jeden wyznaje taki pogl\u0105d. Koran nakazuje muzu\u0142manom \u201ewyp\u0119dzi\u0107 ich stamt\u0105d, sk\u0105d oni was wyp\u0119dzili\u201d (2:191), i chocia\u017c jest historycznym mitem, \u017ce Izraelczycy wyp\u0119dzili palesty\u0144skich Arab\u00f3w z Izraela, jest to przewodnia zasada ca\u0142ego konfliktu. Palesty\u0144ska walka (po arabsku \u201ed\u017cihad\u201d) b\u0119dzie trwa\u0142a, a\u017c ca\u0142y Izrael zostanie zniszczony.<\/span><\/p>\n<p style=\"text-align: left;\">\n<span style=\"color: #000080;\">Taka jest prawda, niezale\u017cnie od tego, co zrobi Organizacja Narod\u00f3w Zjednoczonych. \u017badna liczba nagr\u00f3d za masakr\u0119 d\u017cihadu z 7 pa\u017adziernika nie st\u0119pi si\u0142y d\u017cihadu przeciwko Izraelowi; w rzeczywisto\u015bci takie nagrody tylko o\u015bmiel\u0105 d\u017cihadyst\u00f3w. Kiedy \u201ePa\u0144stwo Palestyna\u201d zaj\u0119\u0142o swoje miejsce w Zgromadzeniu Og\u00f3lnym ONZ, przes\u0142anie do \u201ePalesty\u0144czyk\u00f3w\u201d by\u0142o jasne: mordujcie wi\u0119cej \u017byd\u00f3w, a dostaniecie jeszcze wi\u0119cej tego, czego chcecie. \u201ePa\u0144stwo Palestyna\u201d jest tylko odskoczni\u0105 do ca\u0142kowitego wymazania Izraela i nowego ludob\u00f3jstwa \u017byd\u00f3w.<\/span><\/p>\n<hr \/>\n<p style=\"text-align: left;\"><span style=\"color: #808080;\"><em><strong>Robert Spencer<\/strong>\u00a0ameryka\u0144ski dziennikarz pochodz\u0105cy z Libanu, za\u0142o\u017cyciel i redaktor naczelny Jihad Watch.<\/em><\/span><\/p>\n<\/div>\n<hr style=\"height: 15px; background: #d0e6fa; width: 100%;\" \/>\n<div id=\"content\" class=\"content-alignment\">\n<div id=\"watch-description\" class=\"yt-uix-button-panel\">\n<div id=\"watch-description-text\" style=\"text-align: center;\">\n<p><em>Zawarto\u015b\u0107 publikowanych artyku\u0142\u00f3w i materia\u0142\u00f3w nie reprezentuje pogl\u0105d\u00f3w ani opinii Reunion&#8217;68,<\/em><em><br \/>\nani te\u017c webmastera Blogu Reunion&#8217;68, chyba ze jest to wyra\u017anie zaznaczone.<br \/>\nTwoje uwagi, linki, w\u0142asne artyku\u0142y lub wiadomo\u015bci prze\u015blij na adres:<br \/>\n<\/em><span style=\"color: #000080;\"><strong><em><a style=\"color: #000080;\" href=\"mailto:webmaster@reunion68.com\"><span style=\"text-decoration: underline;\">webmaster@reunion68.com<\/span><\/a><\/em><\/strong><\/span><\/p>\n<\/div>\n<\/div>\n<\/div>\n<hr style=\"width: 100%;\" \/>\n","protected":false},"excerpt":{"rendered":"<p>Zgromadzenie Og\u00f3lne ONZ w 2012 roku nada\u0142o \u201ePalestynie\u201d statut nieb\u0119d\u0105cego cz\u0142onkiem obserwatora. We wtorek 10 wrze\u015bnia Palesty\u0144czycy zaj\u0119li miejsce w\u015br\u00f3d pa\u0144stw cz\u0142onkowskich Zgromadzenia Og\u00f3lnego ONZ, co jest nowym prawem przyznanym delegacji Autonomii Palesty\u0144skiej, mimo \u017ce nie jest pe\u0142noprawnym cz\u0142onkiem tego organu. (Zdj\u0119cie Rick Bajornas archiwum ONZ) Nagroda za terroryzm: \u201ePa\u0144stwo Palestyna\u201d zajmuje miejsce w Zgromadzeniu [&hellip;]<\/p>\n","protected":false},"author":1,"featured_media":0,"comment_status":"closed","ping_status":"closed","sticky":false,"template":"","format":"standard","meta":[],"categories":[6],"tags":[26,24],"_links":{"self":[{"href":"https:\/\/www.reunion68.se\/index.php?rest_route=\/wp\/v2\/posts\/115884"}],"collection":[{"href":"https:\/\/www.reunion68.se\/index.php?rest_route=\/wp\/v2\/posts"}],"about":[{"href":"https:\/\/www.reunion68.se\/index.php?rest_route=\/wp\/v2\/types\/post"}],"author":[{"embeddable":true,"href":"https:\/\/www.reunion68.se\/index.php?rest_route=\/wp\/v2\/users\/1"}],"replies":[{"embeddable":true,"href":"https:\/\/www.reunion68.se\/index.php?rest_route=%2Fwp%2Fv2%2Fcomments&post=115884"}],"version-history":[{"count":7,"href":"https:\/\/www.reunion68.se\/index.php?rest_route=\/wp\/v2\/posts\/115884\/revisions"}],"predecessor-version":[{"id":115906,"href":"https:\/\/www.reunion68.se\/index.php?rest_route=\/wp\/v2\/posts\/115884\/revisions\/115906"}],"wp:attachment":[{"href":"https:\/\/www.reunion68.se\/index.php?rest_route=%2Fwp%2Fv2%2Fmedia&parent=115884"}],"wp:term":[{"taxonomy":"category","embeddable":true,"href":"https:\/\/www.reunion68.se\/index.php?rest_route=%2Fwp%2Fv2%2Fcategories&post=115884"},{"taxonomy":"post_tag","embeddable":true,"href":"https:\/\/www.reunion68.se\/index.php?rest_route=%2Fwp%2Fv2%2Ftags&post=115884"}],"curies":[{"name":"wp","href":"https:\/\/api.w.org\/{rel}","templated":true}]}}