{"id":115910,"date":"2024-09-21T17:09:33","date_gmt":"2024-09-21T15:09:33","guid":{"rendered":"http:\/\/www.reunion68.se\/?p=115910"},"modified":"2024-09-21T13:41:01","modified_gmt":"2024-09-21T11:41:01","slug":"24-09-100","status":"publish","type":"post","link":"https:\/\/www.reunion68.se\/?p=115910","title":{"rendered":"Rezolucja parow\u00f3z dziej\u00f3w, chwa\u0142a jej maszynistom"},"content":{"rendered":"<p style=\"text-align: center;\"><img decoding=\"async\" class=\"aligncenter\" src=\"https:\/\/www.listyznaszegosadu.pl\/upload\/article\/bild\/3106\/1074763\/_00aa_2d___1a___2xy__s.png\" width=\"70%\" \/><span style=\"color: #808080;\"><em>Ambasador Czech wyja\u015bnia dlaczego jego kraj nie mo\u017ce poprze\u0107 rezolucji Zgromadzenia Og\u00f3lnego ONZ. (Zrzut z ekranu)<\/em><\/span><\/p>\n<hr \/>\n<h5 style=\"text-align: center;\"><a href=\"https:\/\/www.listyznaszegosadu.pl\/\" target=\"_blank\" rel=\"noopener noreferrer\"><img decoding=\"async\" class=\"center alignleft\" src=\"http:\/\/www.reunion68.com\/Biuletyn\/img\/z-naszego.jpg\" alt=\"\" width=\"50%\" \/><\/a><span style=\"text-decoration: underline; color: #000080;\"><span><strong><a style=\"color: #000080; text-decoration: underline;\" href=\"https:\/\/www.listyznaszegosadu.pl\/notatki\/rezolucja-parowalz-dziejalw-chwala-jej-maszynistom\" target=\"_blank\" rel=\"noopener noreferrer\">Rezolucja parow\u00f3z dziej\u00f3w, chwa\u0142a jej maszynistom<\/a><\/strong><\/span><\/span><\/h5>\n<p style=\"text-align: center;\"><span style=\"color: #000000;\"><strong>Andrzej Koraszewski<\/strong><\/span><\/p>\n<hr style=\"height: 15px; background: #d0e6fa; width: 100%;\" \/>\n<div class=\"templateArticleIngress\" style=\"text-align: left;\"><span style=\"color: #000080;\">Zgromadzenie Og\u00f3lne ONZ podj\u0119\u0142o w \u015brod\u0119 11 wrze\u015bnia rezolucj\u0119, kt\u00f3r\u0105 (je\u015bli wierzy\u0107 Google), zauwa\u017cy\u0142a w naszym kraju tylko strona internetowa Kresy.pl. Ta strona informuje, \u017ce Oxford Internet Institute uzna\u0142 j\u0105 za nale\u017c\u0105c\u0105 do pierwszej pi\u0105tki najbardziej rzetelnych w Polsce \u00a0i faktycznie w tym doniesieniu rzetelnie informuje, co postanowiono. Zgromadzenie 124 g\u0142osami za, przy 14 przeciw i 42 wstrzymuj\u0105cych si\u0119 uzna\u0142o, \u017ce Izrael ma w ci\u0105gu roku zako\u0144czy\u0107 okupacj\u0119 i\u00a0 wycofa\u0107 nielegalnych osadnik\u00f3w z teren\u00f3w palesty\u0144skich.<\/span><\/div>\n<p style=\"text-align: left;\">\n<div class=\"templateArticleBrodtext\">\n<p style=\"text-align: left;\"><span style=\"color: #000080;\">Kresy.pl donosz\u0105, i\u017c rezolucja traktuje o \u201ebezprawnej okupacji\u201d (trwaj\u0105cej od 1967 roku), o \u201enielegalnych osadnikach\u201d, o tym, \u017ce \u201ewi\u0119kszo\u015b\u0107 pa\u0144stw uznaje \u017cydowskie osady za nielegalne\u201d.<\/span><\/p>\n<p style=\"text-align: left;\">\n<p style=\"text-align: left;\"><span style=\"color: #000080;\">Jest to poprawne streszczenie tekstu rezolucji. Redakcja nie przypomina, \u017ce te sformu\u0142owania i ten j\u0119zyk znajdujemy w mediach radzieckich i rosyjskich od wielu dziesi\u0119cioleci.<\/span><\/p>\n<p style=\"text-align: left;\">\n<p style=\"text-align: left;\"><span style=\"color: #000080;\">Polska heroicznie wstrzyma\u0142a si\u0119 od g\u0142osu, nie wiemy jednak, czym si\u0119 kierowa\u0142a. Doprawdy trudno si\u0119 domy\u015bli\u0107, czym m\u00f3g\u0142 si\u0119 kierowa\u0107 minister Radek Sikorski, instruuj\u0105c swojego pracownika na stanowisku ambasadora RP, i\u017cby si\u0119 wstrzyma\u0142. Mo\u017ce minister nie chcia\u0142 \u0142ama\u0107 tradycji, (w ko\u0144cu Polska uzna\u0142a \u201epa\u0144stwo Palestyna\u201d jeszcze przed upadkiem komunizmu), mo\u017ce tak mu doradzi\u0142a \u017cona, a mo\u017ce tylko nie chcia\u0142 urazi\u0107 hiszpa\u0144skiego komunisty Borrella, kt\u00f3ry jest nie tylko komisarzem politycznym Unii Europejskiej, ale pochodzi z kraju, kt\u00f3ry wsp\u00f3\u0142sponsorowa\u0142 t\u0119 rezolucj\u0119.<\/span><\/p>\n<p style=\"text-align: left;\">\n<p style=\"text-align: left;\"><span style=\"color: #000080;\">Mi\u0119dzynarodowe media, kt\u00f3re donosi\u0142y o tej rezolucji Zgromadzenia Og\u00f3lnego ONZ, nie rozwodzi\u0142y si\u0119 nad motywacj\u0105 kraj\u00f3w, kt\u00f3re si\u0119 jej sprzeciwi\u0142y. By\u0142o ich zaledwie 14 na 180 bior\u0105cych udzia\u0142 w g\u0142osowaniu. Sprzeciwi\u0142y si\u0119 Stany Zjednoczone, ale media z jakiego\u015b powodu nie napisa\u0142y, czym si\u0119 pani ambasador kierowa\u0142a. D\u0142ugo musia\u0142em szuka\u0107, \u017ceby si\u0119 dowiedzie\u0107, czym kierowali si\u0119 nasi s\u0105siedzi Czesi, kt\u00f3rzy podobnie jak USA odm\u00f3wili poparcia tej haniebnej rezolucji.<\/span><\/p>\n<p style=\"text-align: left;\">\n<p style=\"text-align: left;\"><span style=\"color: #000080;\">Przed g\u0142osowaniem ambasador Jakub Kulhanek m\u00f3wi\u0142, \u017ce\u00a0<a style=\"color: #000080;\" href=\"https:\/\/x.com\/JakubKulhanek\/status\/1836440700944060687\">ta rezolucja po raz kolejny wzmacnia konflikty<\/a>, nie wspomina o zagro\u017ceniach Izraela, o porwanych zak\u0142adnikach, o u\u017cywaniu przez Hamas palesty\u0144skich cywil\u00f3w jako \u017cywych tarcz.<\/span><\/p>\n<p style=\"text-align: left;\">\n<p style=\"text-align: left;\"><span style=\"color: #000080;\">Na swoim koncie X ambasador Kulhanek pisa\u0142:<\/span><\/p>\n<blockquote><p><strong>\u201eDzisiaj przedstawiono projekt rezolucji Zgromadzenia Og\u00f3lnego w oparciu o opini\u0119 doradcz\u0105 Mi\u0119dzynarodowego Trybuna\u0142u Sprawiedliwo\u015bci. G\u0142osowali\u015bmy przeciw. W pe\u0142ni szanujemy niezale\u017cno\u015b\u0107 MTS. Jednak pytania sformu\u0142owane przez Zgromadzenie Og\u00f3lne w rezolucji 247 z 2022 r. nie pozwoli\u0142y Trybuna\u0142owi oceni\u0107 sytuacji jako ca\u0142o\u015bci. Trybuna\u0142 nie m\u00f3g\u0142 po\u015bwi\u0119ci\u0107 wystarczaj\u0105cej uwagi uzasadnionym interesom bezpiecze\u0144stwa Izraela i jego prawu do samoobrony.\u201d<\/strong><\/p><\/blockquote>\n<p style=\"text-align: left;\"><span style=\"color: #000080;\">Nie trudno zgadn\u0105\u0107, \u017ce najrzetelniejsze sprawozdania z tego posiedzenia Zgromadzenia Og\u00f3lnego ONZ i najwi\u0119cej opinii na temat tej rezolucji znajdujemy w mediach izraelskich.<\/span><\/p>\n<p style=\"text-align: left;\">\n<span style=\"color: #000080;\">Jak\u00a0<a style=\"color: #000080;\" href=\"https:\/\/www.jpost.com\/breaking-news\/article-820725\">pisa\u0142a<\/a>, \u201eJerusalem Post\u201d, Antonio Guterres popar\u0142 t\u0119 rezolucj\u0119 jeszcze przed g\u0142osowaniem, nie zauwa\u017caj\u0105c faktu, i\u017c nie wspomina ona o Hamasie, Hezbollahu, Islamskiej Republice Iranu, ani o wspieraniu terroryzmu przez Autonomi\u0119 Palesty\u0144sk\u0105. Rezolucja nie tylko wzywa do zako\u0144czenia \u201eokupacji\u201d i zlikwidowania \u201enielegalnych\u201d osiedli, ale zwraca si\u0119 r\u00f3wnie\u017c do wszystkich narod\u00f3w \u015bwiata, \u017ceby nie sprzedawa\u0142y Izraelowi broni i nie kupowa\u0142y u \u017byda.\u00a0\u00a0\u00a0<\/span><\/p>\n<p style=\"text-align: left;\">\n<span style=\"color: #000080;\">Rezolucja Zgromadzenia Og\u00f3lnego nie jest wi\u0105\u017c\u0105ca, ale podobnie jak sponsorowana przez ZSRR rezolucja z 1975 roku zr\u00f3wnuj\u0105ca syjonizm z rasizmem by\u0142a pierwszym krokiem do konferencji w Durbanie i wykorzystania ONZ dla nakr\u0119cania og\u00f3lno\u015bwiatowej orgii antysemityzmu, tak mamy powody, by s\u0105dzi\u0107, \u017ce ta rezolucja b\u0119dzie mia\u0142a silny wp\u0142yw psychologiczny i jeszcze bardziej wzmocni antysemityzm \u015bwiatowych medi\u00f3w oraz polityk\u00f3w. \u015awiat nie chce walczy\u0107 z zagra\u017caj\u0105cym demokracji wojuj\u0105cym islamem i jego terroryzmem, zdecydowanie woli walk\u0119 z Izraelem, bo to apeluje do w\u0142a\u015bciwych uczu\u0107 ideologicznych i religijnych.\u00a0\u00a0\u00a0<\/span><\/p>\n<p style=\"text-align: left;\">\n<span style=\"color: #000080;\">Jak czytamy w tym doniesieniu \u201eJerusalem Post\u201d ambasadorka Nowej Zelandii, Carolyn Schwalger, (kt\u00f3ra popar\u0142a rezolucj\u0119), da\u0142a do zrozumienia, \u017ce to tylko cyrk i z powa\u017cn\u0105 min\u0105 m\u00f3wi\u0142a:<\/span><\/p>\n<blockquote>\n<p style=\"text-align: left;\"><strong>\u201eWskazany w rezolucji 12-miesi\u0119czny okres na wycofanie si\u0119 Izraela z okupowanego terytorium palesty\u0144skiego jest szczerze m\u00f3wi\u0105c nierealny. Rozwi\u0105zanie w postaci dw\u00f3ch pa\u0144stw musi by\u0107 wynikiem negocjacji. Aspiracje musz\u0105 by\u0107 \u0142agodzone przez realizm, bior\u0105c pod uwag\u0119 z\u0142o\u017cono\u015b\u0107, kt\u00f3r\u0105 nale\u017cy rozwi\u0105za\u0107.<\/strong><\/p>\n<p style=\"text-align: left;\">\n<strong>Oczekujemy jednak, \u017ce w ci\u0105gu najbli\u017cszych 12 miesi\u0119cy Izrael podejmie znacz\u0105ce kroki w kierunku przestrzegania prawa mi\u0119dzynarodowego, w szczeg\u00f3lno\u015bci poprzez wycofanie si\u0119 z okupowanych terytori\u00f3w palesty\u0144skich.\u201d<\/strong><\/p>\n<\/blockquote>\n<p style=\"text-align: left;\"><span style=\"color: #000080;\">Bior\u0105c pod uwag\u0119, \u017ce\u00a0 ta ambasadorka nie oczekuje niczego od tych, kt\u00f3rzy deklaruj\u0105 zamiar zniszczenia Izraela i wymordowania jego ludno\u015bci, reszty jej motywacji sk\u0142aniaj\u0105cej do poparcia tej rezolucji mo\u017cemy si\u0119 domy\u015bla\u0107.\u00a0\u00a0\u00a0<\/span><\/p>\n<p style=\"text-align: left;\">\n<span style=\"color: #000080;\">Ambasador Kanady zauwa\u017cy\u0142 nawet, \u017ce \u201ew rezolucji nie ma \u017cadnej wzmianki o konieczno\u015bci po\u0142o\u017cenia kresu terroryzmowi, co do kt\u00f3rego Izrael ma powa\u017cne i uzasadnione obawy dotycz\u0105ce bezpiecze\u0144stwa\u201d i uzna\u0142 za rzecz moraln\u0105 nie przeszkadzanie w jej uchwaleniu i wstrzymanie si\u0119 od g\u0142osu.<\/span><\/p>\n<p style=\"text-align: left;\">\n<span style=\"color: #000080;\">Urodzony w Kanadzie polityk izraelski Dan Illouz pisz\u0105c o tej rezolucji na swoim koncie X stwierdzi\u0142:<\/span><\/p>\n<blockquote>\n<p style=\"text-align: left;\"><strong>\u201eW tym teatrze absurdu ONZ o\u015bmiela si\u0119 oskar\u017ca\u0107 Izrael o \u0142amanie prawa mi\u0119dzynarodowego \u2013 gdy Izrael jest jedynym krajem w regionie, kt\u00f3ry je przestrzega i egzekwuje, nawet w czasie wojny. Izrael jest moraln\u0105 busol\u0105, krajem broni\u0105cym swojego narodu, kt\u00f3ry jednocze\u015bnie przestrzega najwy\u017cszych standard\u00f3w prawa i sprawiedliwo\u015bci.<\/strong><\/p>\n<p style=\"text-align: left;\">\n<strong>Nie \u0142ud\u017acie si\u0119: to nie jest tylko wojna Izraela. To wojna o prawo ca\u0142ego wolnego \u015bwiata do obrony przed terrorem i z\u0142em. Nie dajcie si\u0119 zwie\u015b\u0107 \u2013 Izrael mo\u017ce by\u0107 na pierwszej linii frontu, ale wy wszyscy jeste\u015bcie na celowniku. Ta walka toczy si\u0119 o przetrwanie wolno\u015bci, przyzwoito\u015bci i samego \u017cycia\u201d<\/strong><\/p>\n<\/blockquote>\n<p style=\"text-align: left;\"><span style=\"color: #000080;\">Je\u015bli kto\u015b s\u0105dzi, \u017ce ta rezolucja jest bez znaczenia i \u017ce media s\u0142usznie j\u0105 zignorowa\u0142y, to prawdopodobnie jest w powa\u017cnym b\u0142\u0119dzie. Tego rodzaju rezolucje wracaj\u0105 w dyskursie latami i powo\u0142uj\u0105 si\u0119 na nie nie tylko tacy \u201em\u0119\u017cowie stanu\u201d jak Mahmoud Abbas, Putin, czy Erdogan, ale politycy uznawani za demokrat\u00f3w i przedstawicieli wolnego \u015bwiata.<\/span><\/p>\n<p style=\"text-align: left;\">\n<span style=\"color: #000080;\">W 1975 roku przed g\u0142osowaniem nad rezolucj\u0105 zr\u00f3wnuj\u0105c\u0105 syjonizm z rasizmem, ambasador Stan\u00f3w Zjednoczonych przy ONZ, Daniel Patrick Moynihan ostrzeg\u0142, \u017ce \u201eNarody Zjednoczone wkr\u00f3tce uczyni\u0105 antysemityzm prawem mi\u0119dzynarodowym\u201d. Powiedzia\u0142 r\u00f3wnie\u017c, \u017ce \u201eStany Zjednoczone nie uznaj\u0105, nie b\u0119d\u0105 przestrzega\u0107 i nigdy nie pogodz\u0105 si\u0119 z t\u0105 haniebn\u0105 rezolucj\u0105\u201d.<\/span><\/p>\n<p style=\"text-align: left;\">\n<span style=\"color: #000080;\">Po upadku ZSRR tamta rezolucja zosta\u0142a uniewa\u017cniona, nic jednak nie mog\u0142o naprawi\u0107 jej tragicznych skutk\u00f3w.<\/span><\/p>\n<p style=\"text-align: left;\">\n<span style=\"color: #000080;\">M\u0142ode pokolenie na szcz\u0119\u015bcie nie musi si\u0119 uczy\u0107 s\u0142ynnego wiersza W\u0142adys\u0142awa Broniewskiego \u201eS\u0142owo o Stalinie\u201d:<\/span><\/p>\n<blockquote>\n<p style=\"text-align: left;\"><strong>&#8220;Rewolucja &#8211; parow\u00f3z dziej\u00f3w\u201d\u2026<\/strong><br \/>\n<strong>Chwa\u0142a jej maszynistom!<\/strong><br \/>\n<strong>C\u00f3\u017c, \u017ce wrogie wiatry powiej\u0105?<\/strong><br \/>\n<strong>Chwa\u0142a p\u0142on\u0105cym iskrom!<\/strong><br \/>\n<strong>Chwa\u0142a tym, co w\u015br\u00f3d ognia i mrozu<\/strong><br \/>\n<strong>jak z\u0142om granitowy trwali,<\/strong><br \/>\n<strong>jak wcielona wola i rozum,<\/strong><br \/>\n<strong>jak Stalin.<\/strong><\/p>\n<\/blockquote>\n<p style=\"text-align: left;\"><span style=\"color: #000080;\">W \u015brod\u0119 11 wrze\u015bnia Zgromadzenie Og\u00f3lne ONZ wesz\u0142o ponownie w stare koleiny. 49 lat temu Polska g\u0142osowa\u0142a za uchwaleniem haniebnej rezolucji, prawie p\u00f3\u0142 wieku p\u00f3\u017aniej, wstrzyma\u0142a si\u0119 od g\u0142osu. To niebywa\u0142y post\u0119p moralny.<\/span><\/p>\n<\/div>\n<hr style=\"height: 15px; background: #d0e6fa; width: 100%;\" \/>\n<div id=\"content\" class=\"content-alignment\">\n<div id=\"watch-description\" class=\"yt-uix-button-panel\">\n<div id=\"watch-description-text\" style=\"text-align: center;\">\n<p><em>Zawarto\u015b\u0107 publikowanych artyku\u0142\u00f3w i materia\u0142\u00f3w nie reprezentuje pogl\u0105d\u00f3w ani opinii Reunion&#8217;68,<\/em><em><br \/>\nani te\u017c webmastera Blogu Reunion&#8217;68, chyba ze jest to wyra\u017anie zaznaczone.<br \/>\nTwoje uwagi, linki, w\u0142asne artyku\u0142y lub wiadomo\u015bci prze\u015blij na adres:<br \/>\n<\/em><span style=\"color: #000080;\"><strong><em><a style=\"color: #000080;\" href=\"mailto:webmaster@reunion68.com\"><span style=\"text-decoration: underline;\">webmaster@reunion68.com<\/span><\/a><\/em><\/strong><\/span><\/p>\n<\/div>\n<\/div>\n<\/div>\n<hr style=\"width: 100%;\" \/>\n","protected":false},"excerpt":{"rendered":"<p>Ambasador Czech wyja\u015bnia dlaczego jego kraj nie mo\u017ce poprze\u0107 rezolucji Zgromadzenia Og\u00f3lnego ONZ. (Zrzut z ekranu) Rezolucja parow\u00f3z dziej\u00f3w, chwa\u0142a jej maszynistom Andrzej Koraszewski Zgromadzenie Og\u00f3lne ONZ podj\u0119\u0142o w \u015brod\u0119 11 wrze\u015bnia rezolucj\u0119, kt\u00f3r\u0105 (je\u015bli wierzy\u0107 Google), zauwa\u017cy\u0142a w naszym kraju tylko strona internetowa Kresy.pl. Ta strona informuje, \u017ce Oxford Internet Institute uzna\u0142 j\u0105 za [&hellip;]<\/p>\n","protected":false},"author":1,"featured_media":0,"comment_status":"closed","ping_status":"closed","sticky":false,"template":"","format":"standard","meta":[],"categories":[1],"tags":[26,24],"_links":{"self":[{"href":"https:\/\/www.reunion68.se\/index.php?rest_route=\/wp\/v2\/posts\/115910"}],"collection":[{"href":"https:\/\/www.reunion68.se\/index.php?rest_route=\/wp\/v2\/posts"}],"about":[{"href":"https:\/\/www.reunion68.se\/index.php?rest_route=\/wp\/v2\/types\/post"}],"author":[{"embeddable":true,"href":"https:\/\/www.reunion68.se\/index.php?rest_route=\/wp\/v2\/users\/1"}],"replies":[{"embeddable":true,"href":"https:\/\/www.reunion68.se\/index.php?rest_route=%2Fwp%2Fv2%2Fcomments&post=115910"}],"version-history":[{"count":7,"href":"https:\/\/www.reunion68.se\/index.php?rest_route=\/wp\/v2\/posts\/115910\/revisions"}],"predecessor-version":[{"id":115921,"href":"https:\/\/www.reunion68.se\/index.php?rest_route=\/wp\/v2\/posts\/115910\/revisions\/115921"}],"wp:attachment":[{"href":"https:\/\/www.reunion68.se\/index.php?rest_route=%2Fwp%2Fv2%2Fmedia&parent=115910"}],"wp:term":[{"taxonomy":"category","embeddable":true,"href":"https:\/\/www.reunion68.se\/index.php?rest_route=%2Fwp%2Fv2%2Fcategories&post=115910"},{"taxonomy":"post_tag","embeddable":true,"href":"https:\/\/www.reunion68.se\/index.php?rest_route=%2Fwp%2Fv2%2Ftags&post=115910"}],"curies":[{"name":"wp","href":"https:\/\/api.w.org\/{rel}","templated":true}]}}