{"id":116079,"date":"2024-09-27T17:09:37","date_gmt":"2024-09-27T15:09:37","guid":{"rendered":"http:\/\/www.reunion68.se\/?p=116079"},"modified":"2024-09-27T14:09:13","modified_gmt":"2024-09-27T12:09:13","slug":"01-09-85","status":"publish","type":"post","link":"https:\/\/www.reunion68.se\/?p=116079","title":{"rendered":"Tradycja nienawi\u015bci do \u017byd\u00f3w"},"content":{"rendered":"<p style=\"text-align: center;\"><img decoding=\"async\" class=\"aligncenter\" src=\"https:\/\/static-cdn.sr.se\/images\/101\/201987_310_215.jpg?preset=1024x576&amp;format=webp\" width=\"100%\"><span style=\"color: #808080;\"><em>Antysemityzmu nie nale\u017cy minimalizowa\u0107 ani lekcewa\u017cy\u0107. To nie jest chwilowa sytuacja. To trwaj\u0105ca, nieust\u0119pliwa, z\u0142o\u015bliwa ideologia, kt\u00f3ra manifestuje si\u0119 przez tysi\u0105clecia. Zawsze, gdy nie napotyka sprzeciwu, wybucha. Na zdj\u0119ciu: Zniszczony sklep nale\u017c\u0105cy do \u017byd\u00f3w w Magdeburgu, Niemcy, w 1938 r. (Zdj\u0119cie: Wikipedia)<\/em><\/span><\/p>\n<hr>\n<h5 style=\"text-align: center;\"><a href=\"https:\/\/www.listyznaszegosadu.pl\/\" target=\"_blank\" rel=\"noopener noreferrer\"><img decoding=\"async\" class=\"center alignleft\" src=\"http:\/\/www.reunion68.com\/Biuletyn\/img\/z-naszego.jpg\" alt=\"\" width=\"50%\"><\/a><span style=\"text-decoration: underline; color: #000080;\"><strong><a style=\"color: #000080; text-decoration: underline;\" href=\"https:\/\/www.listyznaszegosadu.pl\/brunatna-fala\/tradycja-nienawisci-do-zydalw\" target=\"_blank\" rel=\"noopener noreferrer\">Tradycja nienawi\u015bci do \u017byd\u00f3w<\/a><\/strong><\/span><\/h5>\n<p style=\"text-align: center;\"><span style=\"color: #000000;\"><strong>Nils A. Haug<br \/>\n<\/strong><span style=\"color: #808080;\"><em>T\u0142umaczenie: <\/em><\/span><strong>Ma\u0142gorzata Koraszewska<\/strong><\/span><\/p>\n<hr style=\"height: 15px; background: #d0e6fa; width: 100%;\">\n<div class=\"templateArticleIngress\" style=\"text-align: left;\"><span style=\"color: #000080;\">W burzliwym \u015brodowisku geopolitycznym, w kt\u00f3rym nowe wyzwania polityczne i militarne pojawiaj\u0105 si\u0119 niemal niespodziewanie, narastaj\u0105ce zagro\u017cenia dla \u017byd\u00f3w na ca\u0142ym \u015bwiecie zas\u0142uguj\u0105 na piln\u0105 uwag\u0119. Pogl\u0105d ten opiera si\u0119 nie tylko na codziennych sytuacjach na Zachodzie, ale tak\u017ce na d\u0142ugiej i niepokoj\u0105cej historii.<\/span><\/div>\n<p style=\"text-align: left;\">\n<div class=\"templateArticleBrodtext\">\n<p style=\"text-align: left;\"><span style=\"color: #000080;\">Co niepokoj\u0105ce, raport z 2023 r.&nbsp;<a style=\"color: #000080;\" href=\"https:\/\/www.osc.ny.gov\/files\/reports\/pdf\/concerning-growth-of-hate-crimes-nys.pdf\" target=\"_blank\" rel=\"noopener noreferrer\">wskaza\u0142<\/a>, \u017ce w stanie Nowy Jork \u201e44% wszystkich zarejestrowanych incydent\u00f3w przest\u0119pstw z nienawi\u015bci i 88% przest\u0119pstw z nienawi\u015bci na tle religijnym dotyczy\u0142o ofiar \u017cydowskich, co stanowi najwi\u0119ksz\u0105 cz\u0119\u015b\u0107 wszystkich takich przest\u0119pstw\u201d. Raport ujawnia wzrost liczby tych przest\u0119pstw o 89% w ci\u0105gu ostatnich pi\u0119ciu lat. Ponadto w roku akademickim 2024&nbsp;<a style=\"color: #000080;\" href=\"https:\/\/www.ynetnews.com\/article\/hy7xzfpoa\" target=\"_blank\" rel=\"noopener noreferrer\">nast\u0105pi\u0142<\/a>&nbsp;wzrost niepokoj\u00f3w na kampusach pozornie o to, czy Palesty\u0144czycy powinni otrzyma\u0107 pa\u0144stwo jako nagrod\u0119 za terroryzm. Gdyby demonstranci naprawd\u0119 troszczyli si\u0119 o Palesty\u0144czyk\u00f3w,&nbsp;<a style=\"color: #000080;\" href=\"https:\/\/www.gatestoneinstitute.org\/19532\/meaning-of-pro-palestinian\" target=\"_blank\" rel=\"noopener noreferrer\">jak pisze<\/a>&nbsp;muzu\u0142ma\u0144ski arabski dziennikarz Bassam Tawil to:<\/span><\/p>\n<blockquote>\n<p style=\"text-align: left;\"><strong>\u201ewypowiadaliby si\u0119 przeciwko represyjnym \u015brodkom i naruszeniom praw cz\u0142owieka dokonywanym przez Hamas w Strefie Gazy&#8230; zamiast poprawia\u0107 warunki \u017cycia swoich ludzi, przyw\u00f3dcy Hamasu i Palesty\u0144skiego Islamskiego D\u017cihadu nak\u0142adaj\u0105 nowe podatki i prowadz\u0105 wygodne \u017cycie w Katarze, Libanie i innych krajach. Zamiast przynie\u015b\u0107 demokracj\u0119 i wolno\u015b\u0107 s\u0142owa swoim ludziom, grupy terrorystyczne aresztuj\u0105 i zastraszaj\u0105 dziennikarzy, aktywist\u00f3w praw cz\u0142owieka i przeciwnik\u00f3w politycznych\u201d.<\/strong><\/p>\n<\/blockquote>\n<p style=\"text-align: left;\"><span style=\"color: #000080;\">\u201eBudynki Cornell University zosta\u0142y zdewastowane \u2013 czytamy w raporcie. &#8211; Zarz\u0105d studencki Michigan University wzywa\u0142 do zerwania wi\u0119zi z Izraelem; a na Columbia University wybuch\u0142y protesty, kt\u00f3re doprowadzi\u0142y do kolejnych aresztowa\u0144\u201d.<\/span><\/p>\n<p style=\"text-align: left;\">\n<span style=\"color: #000080;\">Po drugiej stronie Atlantyku, w Wielkiej Brytanii, wrogo\u015b\u0107 wobec \u017byd\u00f3w przejawia si\u0119 masowymi&nbsp;<a style=\"color: #000080;\" href=\"https:\/\/www.bbc.com\/news\/articles\/c74lwnxxxzjo\" target=\"_blank\" rel=\"noopener noreferrer\">demonstracjami<\/a>, przemoc\u0105 i \u201e<a style=\"color: #000080;\" href=\"https:\/\/melaniephillips.substack.com\/p\/intimidate-the-jews-day?utm_source=post-email-title&amp;publication_id=77655&amp;post_id=148821039&amp;utm_campaign=email-post-title&amp;isFreemail=true&amp;r=31m9zx&amp;triedRedirect=true&amp;utm_medium=email\" target=\"_blank\" rel=\"noopener noreferrer\">marszami nienawi\u015bci<\/a>\u201d na rzecz islamistycznych organizacji terrorystycznych i ich roszcze\u0144 do&nbsp;<a style=\"color: #000080;\" href=\"https:\/\/www.gatestoneinstitute.org\/11401\/palestinian-people\" target=\"_blank\" rel=\"noopener noreferrer\">fikcyjnej<\/a>, nie posiadaj\u0105cej granic i&nbsp;<a style=\"color: #000080;\" href=\"https:\/\/www.theatlantic.com\/international\/archive\/2023\/10\/palestinian-authority-gaza-hamas\/675695\/\" target=\"_blank\" rel=\"noopener noreferrer\">awanturniczej<\/a>&nbsp;\u201ePalestyny\u201d. Ta sytuacja nie wykazuje oznak ust\u0119powania, wr\u0119cz przeciwnie, prawdopodobnie b\u0119dzie&nbsp;<a style=\"color: #000080;\" href=\"https:\/\/www.jns.org\/year-two-of-the-siege-on-jewish-students-begins\/?_sc=NTAyMDI0NiM4NTcwOA%3D%3D&amp;utm_campaign=Evening+Syndicate+Friday+8302024&amp;utm_medium=email&amp;utm_source=brevo\" target=\"_blank\" rel=\"noopener noreferrer\">si\u0119 nasila\u0107<\/a>, a szanse na kompromis s\u0105 niewielkie. Wysoki Komisarz Narod\u00f3w Zjednoczonych ds. Praw Cz\u0142owieka, Volker T\u00fcrk, niedawno odni\u00f3s\u0142 si\u0119&nbsp;<a style=\"color: #000080;\" href=\"https:\/\/www.jns.org\/un-human-rights-commissioner-calls-jew-hate-an-assault-on-our-collective-humanity\/?_sc=NTAyMDI0NiM4NTcwOA%3D%3D&amp;utm_campaign=Evening+Syndicate+Wednesday+942024&amp;utm_medium=email&amp;utm_source=brevo\" target=\"_blank\" rel=\"noopener noreferrer\">do<\/a>&nbsp;tego wydarzenia: \u201eantysemityzm n\u0119ka nasz \u015bwiat&#8230; od Bliskiego Wschodu po Europ\u0119 i Afryk\u0119, doniesienia o atakach i mowie nienawi\u015bci mno\u017c\u0105 si\u0119\u201d.<\/span><\/p>\n<p style=\"text-align: left;\">\n<span style=\"color: #000080;\">Rosn\u0105ca wrogo\u015b\u0107 wobec mniejszo\u015bci \u017cydowskich zaczyna przypomina\u0107 preludium do wydarzenia inspirowanego przez nazist\u00f3w,&nbsp;<em>Kristallnacht<\/em>&nbsp;(\u201enoc t\u0142uczonego szk\u0142a\u201d), 9 listopada 1938 r., kiedy to tysi\u0105ce \u017cydowskich dom\u00f3w, przedsi\u0119biorstw, sklep\u00f3w i synagog zosta\u0142o spl\u0105drowanych i zniszczonych w ca\u0142ych Niemczech i w Austrii. Ponad&nbsp;<a style=\"color: #000080;\" href=\"https:\/\/historycollection.com\/24-photographs-kristallnacht-destruction-1938\/\" target=\"_blank\" rel=\"noopener noreferrer\">30 tysi\u0119cy<\/a>&nbsp;\u017cydowskich m\u0119\u017cczyzn wys\u0142ano do oboz\u00f3w koncentracyjnych. Wi\u0119kszo\u015b\u0107 z nich zosta\u0142a stracona.<\/span><\/p>\n<p style=\"text-align: left;\">\n<span style=\"color: #000080;\">\u201eNienawi\u015b\u0107 rasowa i histeria, jak si\u0119 wydaje, ca\u0142kowicie opanowa\u0142y porz\u0105dnych ludzi. \u2014&nbsp;<a style=\"color: #000080;\" href=\"https:\/\/allthatsinteresting.com\/kristallnacht-night-of-broken-glass\" target=\"_blank\" rel=\"noopener noreferrer\">powiedzia\u0142<\/a>&nbsp;naoczny \u015bwiadek. \u2014 Widzia\u0142em modnie ubrane kobiety klaszcz\u0105ce i krzycz\u0105ce ze z\u0142o\u015bliw\u0105 rado\u015bci\u0105, podczas gdy szanowane matki z klasy \u015bredniej podnosi\u0142y swoje dzieci, by mog\u0142y zobaczy\u0107 t\u0119 \u2018zabaw\u0119\u2019\u201d.<\/span><\/p>\n<p style=\"text-align: left;\">\n<span style=\"color: #000080;\">Cho\u0107 takie skrajne spo\u0142eczne przejawy nienawi\u015bci do \u017byd\u00f3w nie s\u0105 jeszcze powszechne na Zachodzie, podobne wydarzenia pokazuj\u0105 rosn\u0105c\u0105 wrogo\u015b\u0107. W przesz\u0142o\u015bci takie uczucia na Zachodzie by\u0142y subtelne i w du\u017cej mierze ukryte. Teraz, cytuj\u0105c&nbsp;<a style=\"color: #000080;\" href=\"https:\/\/www.gatestoneinstitute.org\/20946\/in%20the%20past%20Jew-hatred%20was%20subtle%20and%20largely%20hidden%20but%20now\" target=\"_blank\" rel=\"noopener noreferrer\">Stevena<\/a>&nbsp;Spielberga, antysemityzm \u201enie czai si\u0119 ju\u017c, ale dumnie podnosi g\u0142ow\u0119 jak w Niemczech lat 30\u201d.<\/span><\/p>\n<p style=\"text-align: left;\"><span style=\"color: #000080;\"><em><br \/>\nKristallnacht<\/em>&nbsp;mia\u0142a miejsce w czasie rosn\u0105cej popularno\u015bci Adolfa Hitlera, kiedy \u017cydo\u017cercy \u2013 zar\u00f3wno zwolennicy partii nazistowskiej, jak i inni obywatele \u2013 po\u0142\u0105czyli si\u0142y, aby wy\u0142adowa\u0107 sw\u00f3j gniew, (prawdopodobnie z powodu&nbsp;<a style=\"color: #000080;\" href=\"https:\/\/www.gale.com\/binaries\/content\/assets\/gale-us-en\/primary-sources\/archives-unbound\/primary-sources_archives-unbound_economy-and-war-in-the-third-reich_1933-1944.pdf#:~:text=While%20the%20strict%20state%20intervention%20into%20the%20economy%2C,as%20collective%20bargaining%20and%20the%20right%20to%20strike.\" target=\"_blank\" rel=\"noopener noreferrer\">za\u0142amania gospodarczego<\/a>), na osobach i maj\u0105tku \u017byd\u00f3w \u017cyj\u0105cych spokojnie w\u015br\u00f3d nich. Podczas gdy oczywistym katalizatorem by\u0142o zab\u00f3jstwo niemieckiego dyplomaty, Ernsta von Ratha, przez 17-letniego \u017byda w Pary\u017cu we Francji, innym z le\u017c\u0105cych u podstaw powod\u00f3w by\u0142a prawdopodobnie masowa propaganda nazistowska obwiniaj\u0105ca \u017byd\u00f3w o kl\u0119sk\u0119 Niemiec w I wojnie \u015bwiatowej, a tak\u017ce op\u0142akana sytuacja gospodarcza.<\/span><\/p>\n<p style=\"text-align: left;\">\n<span style=\"color: #000080;\">Pomimo faktu, \u017ce przed przej\u0119ciem w\u0142adzy przez parti\u0119 nazistowsk\u0105 wi\u0119kszo\u015b\u0107 obywateli pochodzenia \u017cydowskiego by\u0142a na poz\u00f3r dobrze zintegrowana ze spo\u0142ecze\u0144stwem niemieckim, oficjalny antysemityzm, kt\u00f3rego g\u0142\u00f3wnym \u017ar\u00f3d\u0142em by\u0142&nbsp;Joseph Goebbels,&nbsp;<a style=\"color: #000080;\" href=\"https:\/\/en.wikipedia.org\/wiki\/Reich_Ministry_of_Public_Enlightenment_and_Propaganda\" target=\"_blank\" rel=\"noopener noreferrer\">minister propagandy Rzeszy w latach 1933-1945<\/a>, skutecznie podburza\u0142 spo\u0142ecze\u0144stwo.<\/span><\/p>\n<p style=\"text-align: left;\">\n<span style=\"color: #000080;\">Mo\u017cna zrozumie\u0107, dlaczego Chaim Weizmann (p\u00f3\u017aniejszy pierwszy prezydent Izraela)&nbsp;<a style=\"color: #000080;\" href=\"https:\/\/www.gatestoneinstitute.org\/20946\/Manchester%20Guardian,%2023%20May%201936,%20cited%20in%20A.J.%20Sherman,%20Island%20Refuge,%20Britain%20and%20the%20Refugees%20from%20the%20Third%20Reich,%201933%E2%80%931939,%20(London,%20Elek%20Books%20Ltd,%201973),%20p.%20112,%20also%20in%20The%20Evian%20Conference%20%E2%80%94%20Hitler's%20Green%20Light%20for%20Genocide%20Archived%2027%20August%202013%20at%20the%20Wayback%20Machine,%20by%20Annette%20Shaw\" target=\"_blank\" rel=\"noopener noreferrer\">napisa\u0142<\/a>&nbsp;w\u00f3wczas: \u201e\u015awiat wydawa\u0142 si\u0119 podzielony na dwie cz\u0119\u015bci \u2013 te miejsca, w kt\u00f3rych \u017bydzi nie mogli \u017cy\u0107, i te, do kt\u00f3rych nie mogli wej\u015b\u0107\u201d. Innymi s\u0142owy, byli znienawidzeni ze wszystkich stron i nie mieli dok\u0105d p\u00f3j\u015b\u0107.<\/span><\/p>\n<p style=\"text-align: left;\">\n<span style=\"color: #000080;\">W ironicznej imitacji nazistowskich \u017c\u0105da\u0144, aby \u017bydzi opu\u015bcili swoje domy w Niemczech i udali si\u0119 do \u201ePalestyny\u201d, teraz wzywa si\u0119&nbsp;<a style=\"color: #000080;\" href=\"https:\/\/www.jns.org\/zoa-counters-claims-that-anti-israel-rioters-have-a-point\/\" target=\"_blank\" rel=\"noopener noreferrer\">ich<\/a>&nbsp;do opuszczenia \u201ePalestyny\u201d, obecnie pa\u0144stwa Izrael. \u017bydzi ponownie staj\u0105 w obliczu k\u0142amliwych oskar\u017ce\u0144 i przemocy ze strony ludzi, kt\u00f3rzy chc\u0105 ich wyrzuci\u0107 z dom\u00f3w. Przez stulecia, poprzez&nbsp;<a style=\"color: #000080;\" href=\"https:\/\/www.gatestoneinstitute.org\/20885\/pogrom-at-kibbutz-beeri\" target=\"_blank\" rel=\"noopener noreferrer\">pogromy<\/a>&nbsp;w Europie, a tak\u017ce prze\u015bladowania w&nbsp;<a style=\"color: #000080;\" href=\"https:\/\/blogs.timesofisrael.com\/how-3000-years-of-jewish-civilization-in-the-arab-world-vanished-overnight\/\" target=\"_blank\" rel=\"noopener noreferrer\">\u015bwiecie muzu\u0142ma\u0144skim<\/a>, \u017byd\u00f3w wyp\u0119dzano z miast, miasteczek i wiosek, w kt\u00f3rych spokojnie mieszkali od czas\u00f3w biblijnych.<\/span><\/p>\n<p style=\"text-align: left;\">\n<span style=\"color: #000080;\">Chocia\u017c 7 pa\u017adziernika 2023 r. w Izraelu dosz\u0142o do przera\u017caj\u0105cej powt\u00f3rki gwa\u0142townych pogrom\u00f3w, \u017bydzi nie s\u0105 ju\u017c intruzami, ale prawowitymi mieszka\u0144cami ojczyzny swoich przodk\u00f3w. Mog\u0105 tam broni\u0107 swojego prawa do \u017cycia, si\u0142\u0105, je\u015bli to konieczne, i skutecznie to robi\u0105. Przypominaj\u0105c liczne historyczne masakry na przestrzeni oko\u0142o 2000 lat, \u017bydzi w diasporze europejskiej staj\u0105 teraz w obliczu nowych wezwa\u0144 do ich wydalenia i zag\u0142ady. Ponownie pod\u017cegaj\u0105ca&nbsp;<a style=\"color: #000080;\" href=\"https:\/\/www.memri.org\/tv\/hizbullah-official-ali-al-haj-hassan-efforts-mobilize-students-west-campus-palestine-action\" target=\"_blank\" rel=\"noopener noreferrer\">propagand<\/a>a&nbsp;pobudza te \u017c\u0105dania, ale teraz pochodzi ona od ekstremist\u00f3w islamistycznych i ich zachodnich zwolennik\u00f3w, kt\u00f3rzy, by\u0107 mo\u017ce nie\u015bwiadomie, we wsp\u00f3lnej nienawi\u015bci do \u017byd\u00f3w i odnowionym zaanga\u017cowaniu w ideologi\u0119 \u201ekrwi i ziemi\u201d, uto\u017csamiaj\u0105 si\u0119 z nazistowskim zamiarem eksterminacji \u017byd\u00f3w.<\/span><\/p>\n<p style=\"text-align: left;\">\n<span style=\"color: #000080;\">Jak to cz\u0119sto bywa, \u017bydzi cierpi\u0105 z powodu szk\u00f3d ubocznych spowodowanych rozwojem sytuacji gospodarczej, etnicznej i religijnej, na kt\u00f3ry nie maj\u0105 wp\u0142ywu. G\u0142o\u015bne przejawy antysemickiej nienawi\u015bci do \u017byd\u00f3w wybuch\u0142y w&nbsp;<a style=\"color: #000080;\" href=\"https:\/\/www.algemeiner.com\/2024\/02\/26\/antisemitism-in-norway-at-highest-levels-since-wwii-says-local-rabbi\/\" target=\"_blank\" rel=\"noopener noreferrer\">Norwegii<\/a>,&nbsp;<a style=\"color: #000080;\" href=\"https:\/\/www.jns.org\/police-officer-wounded-in-blast-outside-synagogue-in-france\/\" target=\"_blank\" rel=\"noopener noreferrer\">Francji<\/a>,&nbsp;<a style=\"color: #000080;\" href=\"https:\/\/www.cbc.ca\/news\/canada\/toronto\/hate-crimes-toronto-demkiw-update-1.7147113\" target=\"_blank\" rel=\"noopener noreferrer\">Kanadzie<\/a>,&nbsp;<a style=\"color: #000080;\" href=\"https:\/\/www.bbc.com\/news\/live\/uk-67390343\" target=\"_blank\" rel=\"noopener noreferrer\">Wielkiej Brytanii<\/a>,&nbsp;<a style=\"color: #000080;\" href=\"https:\/\/blogs.timesofisrael.com\/political-antisemitism-in-ireland-reaches-terrifying-new-lows\/\" target=\"_blank\" rel=\"noopener noreferrer\">Irlandii<\/a>,&nbsp;<a style=\"color: #000080;\" href=\"https:\/\/www.reuters.com\/world\/europe\/antisemitism-rose-more-than-80-germany-last-year-watchdog-says-2024-06-25\/\" target=\"_blank\" rel=\"noopener noreferrer\">Niemczech<\/a>,&nbsp;<a style=\"color: #000080;\" href=\"https:\/\/www.israelhayom.com\/2024\/08\/26\/italian-far-left-party-publishes-list-of-jews-to-be-condemned-and-fought\/\" target=\"_blank\" rel=\"noopener noreferrer\">W\u0142oszech<\/a>,&nbsp;<a style=\"color: #000080;\" href=\"https:\/\/besacenter.org\/sweden-liberalism-jews\/\" target=\"_blank\" rel=\"noopener noreferrer\">Szwecji<\/a>,&nbsp;<a style=\"color: #000080;\" href=\"https:\/\/www.timesofisrael.com\/uniting-as-the-student-intifada-anti-israel-groups-plan-to-further-disrupt-us-campuses\/\" target=\"_blank\" rel=\"noopener noreferrer\">USA<\/a>&nbsp;i innych krajach zachodniego sojuszu&nbsp; w zasadzie bez konkretnych dzia\u0142a\u0144 ze strony&nbsp;<a style=\"color: #000080;\" href=\"https:\/\/www.jns.org\/canada-draws-criticism-for-ignoring-local-jew-hatred-condemning-it-abroad\/\" target=\"_blank\" rel=\"noopener noreferrer\">w\u0142adz<\/a>. Chocia\u017c rz\u0105dy zachodnie nie opowiadaj\u0105 si\u0119 otwarcie za dyskryminacj\u0105 swoich \u017cydowskich mieszka\u0144c\u00f3w, \u201e<a style=\"color: #000080;\" href=\"https:\/\/www.jns.org\/the-nazification-of-anti-zionism\/?_sc=NTAyMDI0NiM4NTcwOA%3D%3D&amp;utm_campaign=Evening+Syndicate+Friday+8302024&amp;utm_medium=email&amp;utm_source=brevo\" target=\"_blank\" rel=\"noopener noreferrer\">wiele<\/a>&nbsp;z nich podsyca antysemickie nastroje\u201d w\u015br\u00f3d swoich obywateli, takie jak oskar\u017cenia, \u017ce Izrael rzekomo&nbsp;<a style=\"color: #000080;\" href=\"https:\/\/www.timesofisrael.com\/people-are-accusing-israel-of-genocide-these-human-rights-lawyers-beg-to-differ\/\" target=\"_blank\" rel=\"noopener noreferrer\">dopuszcza si\u0119 ludob\u00f3jstwa<\/a>. Niedawno nast\u0105pi\u0142o r\u00f3wnie\u017c oficjalne uznanie pa\u0144stwa Palestyna zakazane przez Porozumienia z Oslo, kt\u00f3re stanowi\u0142y, \u017ce wszelkie sprawy mi\u0119dzy Izraelem a Palesty\u0144czykami musz\u0105 by\u0107 negocjowane twarz\u0105 w twarz. Niemniej Hiszpania, Irlandia i Norwegia pospieszy\u0142y z og\u0142oszeniem uznania pa\u0144stwa palesty\u0144skiego.<\/span><\/p>\n<p style=\"text-align: left;\">\n<span style=\"color: #000080;\">Nazistowsk\u0105 \u201estrategi\u0119\u201d antysemick\u0105 Goebbelsa w du\u017cej mierze powieli\u0142a \u201edobrze naoliwiona machina propagandowa\u201d Hamasu, Iranu i Hezbollahu. K\u0142amstwa mia\u0142y na&nbsp;<a style=\"color: #000080;\" href=\"https:\/\/www.timesofisrael.com\/terrorize-israelis-while-eliciting-sympathy-abroad-inside-hamass-propaganda-strategy\/\" target=\"_blank\" rel=\"noopener noreferrer\">celu<\/a>&nbsp;\u201ewywo\u0142anie wsp\u00f3\u0142czucia za granic\u0105\u201d, a zarazem&nbsp;\u201ena jednym froncie&nbsp;<a style=\"color: #000080;\" href=\"https:\/\/www.timesofisrael.com\/terrorize-israelis-while-eliciting-sympathy-abroad-inside-hamass-propaganda-strategy\/\" target=\"_blank\" rel=\"noopener noreferrer\">wzbudzenie<\/a>&nbsp;strachu w\u015br\u00f3d Izraelczyk\u00f3w, a na drugim zdobycie poparcia ze strony ich palesty\u0144skich i mi\u0119dzynarodowych baz\u201d. To by\u0142a w\u0142a\u015bnie nazistowska metoda rozwi\u0105zywania tak zwanej \u201e<a style=\"color: #000080;\" href=\"https:\/\/www.facinghistory.org\/resource-library\/targeting-jews\" target=\"_blank\" rel=\"noopener noreferrer\">kwestii \u017cydowskiej<\/a>\u201d, a mianowicie najpierw \u201ewzbudzenie strachu\u201d przed \u017bydami, a nast\u0119pnie \u201ewywo\u0142anie wsp\u00f3\u0142czucia\u201d w\u015br\u00f3d og\u00f3\u0142u spo\u0142ecze\u0144stwa dla ich rzekomych ofiar. Nazistowska gazeta&nbsp;\u201eDer St\u00fcrmer\u201d&nbsp;bezlito\u015bnie oczernia\u0142a \u017byd\u00f3w \u2013 akt, kt\u00f3ry&nbsp;<a style=\"color: #000080;\" href=\"https:\/\/www.facinghistory.org\/resource-library\/targeting-jews\" target=\"_blank\" rel=\"noopener noreferrer\">skutkowa\u0142<\/a>&nbsp;cz\u0119stymi aktami terroru, kt\u00f3re skutecznie \u201ewzbudza\u0142y strach\u201d, zgodnie z zamierzeniem.<\/span><\/p>\n<p style=\"text-align: left;\"><span style=\"color: #000080;\"><a style=\"color: #000080;\" href=\"https:\/\/www.gatestoneinstitute.org\/20924\/france-at-war-with-itself\" target=\"_blank\" rel=\"noopener noreferrer\"><br \/>\nPodobny<\/a>&nbsp;incydent mia\u0142 miejsce podczas wybor\u00f3w krajowych we Francji w 2024 r., kiedy kandydatem skrajnie lewicowym by\u0142 Jean-Luc M\u00e9lenchon. Jak pisze Drieu Godefridi:<\/span><\/p>\n<blockquote>\n<p style=\"text-align: left;\"><strong>\u201eM\u00e9lenchon zabiega\u0142 przede wszystkim o radykalnych muzu\u0142ma\u0144skich wyborc\u00f3w i mno\u017cy\u0142 zapalne deklaracje na rzecz Palestyny i nienawistne werbalne ataki na \u017byd\u00f3w&#8230;. Przekaz wydaje si\u0119 by\u0107 a\u017c nazbyt dobrze znanym marksistowskim konceptem&nbsp;<em>Volksrache<\/em>&nbsp;(\u201ezemsty ludu\u201d): wzbudzania nienawi\u015bci, aby skierowa\u0107 j\u0105 w stron\u0119 \u2018wrog\u00f3w re\u017cimu\u2019, a ostatecznie ich zlikwidowa\u0107\u201d.<\/strong><\/p>\n<\/blockquote>\n<p style=\"text-align: left;\"><span style=\"color: #000080;\">Re\u017cim nazistowski stosowa\u0142 t\u0119 metod\u0119, aby \u017bydzi stali si\u0119 obiektem gniewu, podobnie jak robi\u0105 to aktywi\u015bci Hamasu na Zachodzie.<\/span><\/p>\n<p style=\"text-align: left;\">\n<span style=\"color: #000080;\">D\u017cihadystyczne&nbsp;<a style=\"color: #000080;\" href=\"https:\/\/www.memri.org\/tv\/hizbullah-official-ali-al-haj-hassan-efforts-mobilize-students-west-campus-palestine-action\" target=\"_blank\" rel=\"noopener noreferrer\">wysi\u0142ki<\/a>&nbsp;medialne, a zw\u0142aszcza masowe darowizny na rzecz uniwersytet\u00f3w z&nbsp;<a style=\"color: #000080;\" href=\"https:\/\/www.thefp.com\/p\/qatars-war-for-young-american-minds\" target=\"_blank\" rel=\"noopener noreferrer\">Kataru<\/a>&nbsp;i&nbsp;<a style=\"color: #000080;\" href=\"https:\/\/www.jns.org\/colleges-universities\/campus-antisemitism\/23\/6\/14\/294984\/\" target=\"_blank\" rel=\"noopener noreferrer\">innych bogatych w rop\u0119 kraj\u00f3w islamskich<\/a>, odnios\u0142y tak wielki sukces, \u017ce wielu pracownik\u00f3w naukowych i student\u00f3w zachodnich instytucji edukacyjnych da\u0142o si\u0119 porwa\u0107 ciasn\u0105 ideologi\u0105 nienawi\u015bci do \u017byd\u00f3w. Rabin Andy Bachman&nbsp;<a style=\"color: #000080;\" href=\"https:\/\/jewishjournal.com\/commentary\/opinion\/374411\/canceled-for-being-a-zionist-a-rabbi-calls-for-interfaith-dialogue\/\" target=\"_blank\" rel=\"noopener noreferrer\">ostrzega<\/a>, \u017ce uczelnie w ca\u0142ych Stanach Zjednoczonych s\u0105 centrum \u201enienawi\u015bci, nietolerancji i przemocy\u201d i sta\u0142y si\u0119 \u201eplatformami dla nieustannego oskar\u017cania \u017byd\u00f3w o rasizm, kolonializm i ludob\u00f3jstwo\u201d. Wskazuje r\u00f3wnie\u017c na fundamentalne ideologie \u201erasizmu\u201d i \u201ekolonializmu\u201d, kt\u00f3re le\u017c\u0105 u podstaw tej nienawi\u015bci.<\/span><\/p>\n<p style=\"text-align: left;\">\n<span style=\"color: #000080;\">Te ideologie mo\u017cna prawdopodobnie rozumie\u0107 jako powi\u0105zane ze sob\u0105 koncepcje wi\u0119zi krwi, ziemi i religii. Po pierwsze, przynale\u017cno\u015b\u0107 etniczna (\u201erasa\u201d) rzekomo nadaje legitymacj\u0119. Wed\u0142ug teologii nazistowskiej, poniewa\u017c \u017bydzi nie byli pochodzenia aryjskiego, byli nieprawi, niechciani i niegodni \u017cycia. Wielu islamist\u00f3w wydaje si\u0119 podziela\u0107 podobne podej\u015bcie: artyku\u0142 7&nbsp;<a style=\"color: #000080;\" href=\"https:\/\/avalon.law.yale.edu\/20th_century\/hamas.asp\" target=\"_blank\" rel=\"noopener noreferrer\">Paktu Hamasu<\/a>&nbsp;z 1988 r., skopiowany z hadis\u00f3w \u2013 czyn\u00f3w i wypowiedzi Mahometa, innej \u015bwi\u0119tej ksi\u0119gi islamu, po Koranie \u2013 stanowi:<\/span><\/p>\n<blockquote><p><strong>\u201eDzie\u0144 S\u0105du nie nadejdzie, a\u017c muzu\u0142manie nie zaczn\u0105 walczy\u0107 z \u017bydami (zabijaj\u0105c \u017byd\u00f3w), kiedy to \u017bydzi b\u0119d\u0105 si\u0119 chowa\u0107 za kamieniami i drzewami. Kamienie i drzewa powiedz\u0105: O muzu\u0142manie, o Abdullahu, za mn\u0105 jest \u017byd, przyjd\u017a i zabij go\u201d.<\/strong><\/p><\/blockquote>\n<p style=\"text-align: left;\"><span style=\"color: #000080;\">Po drugie, kwestia ziemi: ojczyzny. Wielu muzu\u0142man\u00f3w \u2013 wyznaj\u0105cych religi\u0119, kt\u00f3ra nie istnia\u0142a a\u017c do VII wieku n.e. \u2013 uwa\u017ca \u017byd\u00f3w nie za ludzi, kt\u00f3rzy zamieszkuj\u0105 t\u0119 ziemi\u0119 nieprzerwanie od prawie 4000 lat \u2013 znacznie d\u0142u\u017cej ni\u017c 1400 lat od VII wieku n.e., kiedy pojawi\u0142 si\u0119 Mahomet \u2013 ale za intruz\u00f3w w regionie,&nbsp;<a style=\"color: #000080;\" href=\"https:\/\/www.jta.org\/2024\/08\/25\/ideas\/a-literary-critic-on-why-the-settler-colonial-framing-is-deadly-for-israel-and-palestine\" target=\"_blank\" rel=\"noopener noreferrer\">osadnik\u00f3w i kolonizator\u00f3w<\/a>, kt\u00f3rych nale\u017cy wyp\u0119dzi\u0107 lub wykorzeni\u0107. D\u017cihady\u015bci roszcz\u0105 sobie prawa do tego samego obszaru, kt\u00f3ry pod brytyjskim mandatem nazywa\u0142 si\u0119 \u201ePalestyna\u201d i istnia\u0142 od ko\u0144ca Imperium Osma\u0144skiego w 1922 r., niemal do uzyskania niepodleg\u0142o\u015bci przez Izrael w 1948 r. Pod rz\u0105dami Brytyjczyk\u00f3w ka\u017cdy tam by\u0142 Palesty\u0144czykiem. \u201ePalestyna\u201d to by\u0142o to, co by\u0142o zapisane w paszporcie, niezale\u017cnie od tego, czy kto\u015b by\u0142 muzu\u0142maninem, chrze\u015bcijaninem czy \u017bydem. Jak przyzna\u0142 otwarcie nie\u017cyj\u0105cy ju\u017c urz\u0119dnik Organizacji Wyzwolenia Palestyny, Zuheir Mohsen, dziennikarzowi Jamesowi Dorseyowi w&nbsp;<a style=\"color: #000080;\" href=\"https:\/\/martienpennings.wordpress.com\/2016\/02\/16\/zuheir-mohsen-zuhayr-muhsin-zahir-muhsein-trouw-palestinian-people-does-not-exist\/\" target=\"_blank\" rel=\"noopener noreferrer\">holenderskiej gazecie&nbsp;\u201eTrouw<\/a>\u201d&nbsp;w 1977 r.:<\/span><\/p>\n<blockquote><p><strong>\u201eNar\u00f3d palesty\u0144ski nie istnieje. Utworzenie pa\u0144stwa palesty\u0144skiego jest jedynie \u015brodkiem do kontynuowania naszej walki z pa\u0144stwem Izrael o nasz\u0105 arabsk\u0105 jedno\u015b\u0107. W rzeczywisto\u015bci dzisiaj nie ma r\u00f3\u017cnicy mi\u0119dzy Jorda\u0144czykami, Palesty\u0144czykami, Syryjczykami i Liba\u0144czykami. Tylko z powod\u00f3w politycznych i taktycznych m\u00f3wimy dzisiaj o istnieniu narodu palesty\u0144skiego, poniewa\u017c arabskie interesy narodowe wymagaj\u0105, by\u015bmy za\u0142o\u017cyli istnienie odr\u0119bnego \u2018narodu palesty\u0144skiego\u2019, aby przeciwstawi\u0107 si\u0119 syjonizmowi\u201d.<\/strong><\/p><\/blockquote>\n<p style=\"text-align: left;\"><span style=\"color: #000080;\">Po trzecie, kwestia religii. W przem\u00f3wieniu radiowym z 1940 r. niemiecki powie\u015bciopisarz Thomas Mann&nbsp;<a style=\"color: #000080;\" href=\"https:\/\/www.firstthings.com\/article\/1991\/10\/the-god-of-abraham-and-the-enemies-of-eurocentrism\" target=\"_blank\" rel=\"noopener noreferrer\">stwierdzi\u0142<\/a>, \u017ce program III Rzeszy w zakresie oczyszczania kraju z europejskich \u017byd\u00f3w \u201eby\u0142 niczym innym, jak tylko stale powtarzaj\u0105cym si\u0119 buntem niepokonanych poga\u0144skich instynkt\u00f3w, protestuj\u0105cych przeciwko ograniczeniom Dziesi\u0119ciu Przykaza\u0144\u201d. W uj\u0119ciu d\u017cihadyst\u00f3w islam jest jedyn\u0105 prawdziw\u0105 wiar\u0105, a zatem chrze\u015bcijanie, \u017bydzi, Hindusi i wszyscy inni \u201eniewierni\u201d wyznaj\u0105 fa\u0142szyw\u0105 religi\u0119 i dlatego mog\u0105 zosta\u0107 sprawiedliwie zabici:<\/span><\/p>\n<blockquote>\n<p style=\"text-align: left;\"><strong>\u201eA gdy \u015bwi\u0119te miesi\u0105ce min\u0105, zabijajcie politeist\u00f3w, gdziekolwiek ich znajdziecie, chwytajcie ich, oblegajcie i czyhajcie na nich w ka\u017cdym miejscu zasadzki. A je\u015bli si\u0119 nawr\u00f3c\u0105, odprawi\u0105 modlitw\u0119 i dadz\u0105 ja\u0142mu\u017cn\u0119, pozw\u00f3lcie im [i\u015b\u0107] swoj\u0105 drog\u0105. Zaprawd\u0119, Allah jest Przebaczaj\u0105cy i Lito\u015bciwy\u201d. \u2014 Koran 9:5<\/strong><\/p>\n<p style=\"text-align: left;\">\n<strong>\u201eWalczcie z tymi, kt\u00f3rzy nie wierz\u0105 w Allaha ani w Dzie\u0144 Ostateczny, kt\u00f3rzy nie uwa\u017caj\u0105 za nieprawe tego, co Allah i Jego Pos\u0142aniec uczynili nieprawym, i kt\u00f3rzy nie przyjmuj\u0105 religii prawdy spo\u015br\u00f3d tych, kt\u00f3rym dano Pismo \u2013 [walczcie], a\u017c sami zap\u0142ac\u0105 d\u017cizj\u0119 dobrowolnie, b\u0119d\u0105c upokorzeni.\u201d \u2014 Koran 9:29<\/strong><\/p>\n<p style=\"text-align: left;\">\n<strong>\u201eZabijajcie ich [niewiernych], gdziekolwiek ich spotkacie,&nbsp;i wyp\u0119dzajcie ich z miejsc, z kt\u00f3rych oni was wyp\u0119dzili.\u201d \u2014 Koran 2:191<\/strong><\/p><\/blockquote>\n<p style=\"text-align: left;\"><span style=\"color: #000080;\">Sytuacja staje si\u0119 niepokoj\u0105ca dla \u017byd\u00f3w wsz\u0119dzie, jak r\u00f3wnie\u017c dla dw\u00f3ch politycznych lider\u00f3w USA, prezydenta Joe Bidena i wiceprezydentki i kandydatki na prezydenta, Kamali Harris. \u201eRozwi\u0105zanie w postaci dw\u00f3ch pa\u0144stw\u201d to dla nich g\u0142osy&nbsp;<a style=\"color: #000080;\" href=\"https:\/\/dersh.substack.com\/p\/bidens-2-state-solution\" target=\"_blank\" rel=\"noopener noreferrer\">Michigan i Minnesoty<\/a>. Biden i Harris, a tak\u017ce inni liderzy na Zachodzie og\u00f3lnie rzecz bior\u0105c, nie pot\u0119piaj\u0105 publicznych demonstracji nienawi\u015bci do \u017byd\u00f3w i wydaj\u0105 si\u0119 tolerowa\u0107 takie akty&nbsp;<a style=\"color: #000080;\" href=\"https:\/\/www.jns.org\/canada-draws-criticism-for-ignoring-local-jew-hatred-condemning-it-abroad\/\" target=\"_blank\" rel=\"noopener noreferrer\">w swoich kraj<\/a>ach.<\/span><\/p>\n<p style=\"text-align: left;\">\n<span style=\"color: #000080;\">Og\u00f3lnie rzecz bior\u0105c, ambiwalencja i ust\u0119pstwa s\u0105 cechami charakterystycznymi administracji Bidena. W przem\u00f3wieniu na Konwencji Narodowej Demokrat\u00f3w w sierpniu 2024 r. Biden&nbsp;<a style=\"color: #000080;\" href=\"\/\/www.jns.org\/zoa-counters-claims-that-anti-israel-rioters-have-a-point\/\" target=\"_blank\" rel=\"noopener noreferrer\">powiedzia\u0142<\/a>: \u201eci antyizraelscy protestuj\u0105cy na ulicy maj\u0105 pewn\u0105 racj\u0119\u201d. Wiceprezydent Kamala Harris&nbsp;<a style=\"color: #000080;\" href=\"https:\/\/www.thenation.com\/article\/politics\/kamala-harris-interview-profile-excerpt\/\" target=\"_blank\" rel=\"noopener noreferrer\">stwierdzi\u0142a<\/a>: \u201eprotestuj\u0105cy pokazuj\u0105 dok\u0142adnie, jakie powinny by\u0107 ludzkie emocje, jako odpowied\u017a na Gaz\u0119, i rozumiem emocje za tym stoj\u0105ce\u201d. Kr\u00f3tko po masakrze dokonanej przez d\u017cihadyst\u00f3w 7 pa\u017adziernika Biden&nbsp;<a style=\"color: #000080;\" href=\"https:\/\/www.yahoo.com\/news\/u-condemns-hamas-terrorism-attacks-121003750.html\" target=\"_blank\" rel=\"noopener noreferrer\">zadeklarowa\u0142<\/a>&nbsp;\u201eniez\u0142omne i niezachwiane\u201d poparcie dla Izraela, ale wkr\u00f3tce&nbsp;<a style=\"color: #000080;\" href=\"https:\/\/edition.cnn.com\/2024\/05\/05\/politics\/war-israel-palestine-gaza-biden-weapons\/index.html\" target=\"_blank\" rel=\"noopener noreferrer\">odm\u00f3wi\u0142<\/a>&nbsp;Izraelowi broni obronnej lub obieca\u0142 jej&nbsp;<a style=\"color: #000080;\" href=\"https:\/\/www.timesofisrael.com\/us-approves-20-billion-in-weapons-sales-to-israel-including-50-fighter-jets\/\" target=\"_blank\" rel=\"noopener noreferrer\">dostaw\u0119 w 2029 r<\/a>.!<\/span><\/p>\n<p style=\"text-align: left;\">\n<span style=\"color: #000080;\">Krytykuj\u0105c jawne antysemickie czyny \u2013 i pr\u00f3buj\u0105c unikn\u0105\u0107 oskar\u017ce\u0144 o religijny, etniczny rasizm \u2013 grupy popieraj\u0105ce Hamas, takie jak \u201eStudent Intifada\u201d na zachodnich kampusach, maskuj\u0105 nienawi\u015b\u0107 do \u017byd\u00f3w u\u017cywaj\u0105c obecnie obra\u017aliwego kodu: \u201esyjoni\u015bci\u201d. Wydaje si\u0119, \u017ce termin ten ma na celu unikni\u0119cie dra\u017cliwych konotacji religii lub przynale\u017cno\u015bci etnicznej \u017byd\u00f3w i skupia uwag\u0119 na tym, \u017ce ich oskar\u017cenia dotycz\u0105 ziemi: \u017ce \u017bydzi s\u0105 nielegalnymi osadnikami-kolonialistami na rzekomo palesty\u0144skiej ziemi.<\/span><\/p>\n<p style=\"text-align: left;\">\n<span style=\"color: #000080;\">Na uczelniach takich jak&nbsp;<a style=\"color: #000080;\" href=\"https:\/\/jewishjournal.com\/commentary\/opinion\/374400\/protests-are-only-the-beginning-of-the-deep-problem-of-campus-antisemitism\/\" target=\"_blank\" rel=\"noopener noreferrer\">Sarah Lawrence<\/a>&nbsp;w stanie Nowy Jork \u201eg\u0142\u0119boka nienawi\u015b\u0107 jest tak mocno zakorzeniona w wielu aspektach kampusu, \u017ce konieczna jest zupe\u0142nie nowa strategia\u201d. Mo\u017cna zatem by\u0107&nbsp;<a style=\"color: #000080;\" href=\"https:\/\/jewishjournal.com\/commentary\/opinion\/374400\/protests-are-only-the-beginning-of-the-deep-problem-of-campus-antisemitism\/\" target=\"_blank\" rel=\"noopener noreferrer\">pewnym<\/a>,&nbsp;\u017ce aktywi\u015bci pro-d\u017cihadystyczni \u201epowr\u00f3c\u0105 tej jesieni, g\u0142o\u015bniejsi i bardziej zdeterminowani ni\u017c wcze\u015bniej\u201d. Poniewa\u017c kampusy uniwersyteckie cz\u0119sto kszta\u0142c\u0105 przysz\u0142ych edukator\u00f3w i przyw\u00f3dc\u00f3w politycznych, obecna sytuacja wygl\u0105da do\u015b\u0107 ponuro. Przynajmniej w Izraelu, w przeciwie\u0144stwie do innych kraj\u00f3w, rz\u0105d jest zaniepokojony bezpiecze\u0144stwem swoich obywateli.<\/span><\/p>\n<p style=\"text-align: left;\">\n<span style=\"color: #000080;\">Mimo powszechnych zagro\u017ce\u0144 dla bezpiecze\u0144stwa narodowego, kraje zachodnie reaguj\u0105 bardzo powoli. Wydaje si\u0119, \u017ce nie rozumiej\u0105, \u017ce wrogo\u015b\u0107 wobec ich \u017cydowskich obywateli jest oznak\u0105 g\u0142\u0119bszego wyzwania dla istnienia tradycji liberalno-demokratycznej Zachodu jako ca\u0142o\u015bci. Przyw\u00f3dcy polityczni wydaj\u0105 si\u0119 nie rozumie\u0107 d\u0142ugoterminowego planu przeciwnik\u00f3w ich narodu. Chiny, Rosja, Korea P\u00f3\u0142nocna i Iran d\u0105\u017c\u0105 do upadku Zachodu i wdra\u017caj\u0105 z\u0142o\u015bliwe strategie \u2014 militarne, ekonomiczne i elektroniczne \u2014 aby to osi\u0105gn\u0105\u0107.<\/span><\/p>\n<p style=\"text-align: left;\">\n<span style=\"color: #000080;\">Oczernianie \u017byd\u00f3w jest cz\u0119sto papierkiem lakmusowym, wska\u017anikiem nadchodz\u0105cych konflikt\u00f3w. W Niemczech, w okresie nazistowskim, prze\u015bladowania zacz\u0119\u0142y si\u0119 od \u017byd\u00f3w, a nast\u0119pnie szybko rozprzestrzeni\u0142y si\u0119 na cz\u0142onk\u00f3w innych grup etnicznych, innych religii, \u201eniedoskona\u0142ych\u201d ludzi, ekonomicznie nieproduktywnych ludzi itd. Nast\u0119pnie pojawi\u0142y si\u0119 cele imperialistyczno-nacjonalistyczne, usprawiedliwione ideologiami opartymi na krwi, ziemi lub religii. Rezultatem by\u0142y rany i \u015bmier\u0107 milion\u00f3w.<\/span><\/p>\n<p style=\"text-align: left;\">\n<span style=\"color: #000080;\">Z jakiego\u015b powodu \u017bydzi zawsze s\u0105 nies\u0142usznie obwiniani za to, co si\u0119 dzieje \u2013 koz\u0142y ofiarne za inne problemy w spo\u0142ecze\u0144stwie. Na przyk\u0142ad podczas straszliwych&nbsp;<a style=\"color: #000080;\" href=\"https:\/\/www.chabad.org\/library\/article_cdo\/aid\/6514154\/jewish\/13-Facts-You-Should-Know-About-the-Chmielnicki-Massacres.htm#footnote1a6514154\" target=\"_blank\" rel=\"noopener noreferrer\">masakr Chmielnickiego<\/a>&nbsp;w 1648 r. \u017bydzi stali si\u0119 niewinnymi ofiarami w konflikcie mi\u0119dzy wojownikami kozackimi a si\u0142ami polskimi i zostali bezlito\u015bnie wymordowani.<\/span><\/p>\n<p style=\"text-align: left;\">\n<span style=\"color: #000080;\">W XVII&nbsp;i&nbsp;XVIII&nbsp;wieku&nbsp;plemiona \u201e<a style=\"color: #000080;\" href=\"https:\/\/www.chabad.org\/library\/article_cdo\/aid\/6569869\/jewish\/19-Facts-About-the-Mountain-Jews.htm#utm_medium=email&amp;utm_source=1_chabad.org_magazine_en&amp;utm_campaign=en&amp;utm_content=content\" target=\"_blank\" rel=\"noopener noreferrer\">g\u00f3rskich \u017byd\u00f3w<\/a>\u201d \u017cyj\u0105ce po obu stronach granicy azersko-rosyjskiej zosta\u0142y \u201ezaatakowane i wybite w walkach, kt\u00f3re mia\u0142y miejsce mi\u0119dzy ich s\u0105siadami\u201d. \u017byd\u00f3w wymordowano podczas inkwizycji, a&nbsp;<a style=\"color: #000080;\" href=\"https:\/\/www.cambridge.org\/core\/books\/abs\/cambridge-world-history-of-genocide\/genocidal-massacres-of-jews-in-medieval-western-europe-10961392\/00724C8FEFEDF90A56EE4CF62E2CB536\" target=\"_blank\" rel=\"noopener noreferrer\">kilka wiek\u00f3w wcze\u015bniej,<\/a>&nbsp;podczas pierwszej \u201echrze\u015bcija\u0144skiej\u201d krucjaty w 1096 r., rycerze w drodze do wyzwolenia Ziemi \u015awi\u0119tej spod w\u0142adzy muzu\u0142man\u00f3w&nbsp;<a style=\"color: #000080;\" href=\"https:\/\/www.nytimes.com\/2015\/02\/15\/opinion\/sunday\/the-first-victims-of-the-first-crusade.html\" target=\"_blank\" rel=\"noopener noreferrer\">zabijali<\/a>&nbsp;ka\u017cdego napotkanego \u017byda. Po przybyciu do Jerozolimy krzy\u017cowcy&nbsp;<a style=\"color: #000080;\" href=\"https:\/\/www.chabad.org\/library\/article_cdo\/aid\/2617029\/jewish\/The-Bloody-Crusades.htm#:~:text=Undaunted%2C%20unstoppable%2C%20the%20Crusaders%20conquered%20Eretz%20Israel%2C%20reaching,on%20the%20Temple%20Mount%2C%20were%20caught%20and%20beheaded.\" target=\"_blank\" rel=\"noopener noreferrer\">wymordowali<\/a>&nbsp;tam wszystkich \u017byd\u00f3w:<\/span><\/p>\n<blockquote><p><strong>\u201eKrzy\u017cowcy podbili&nbsp;<em>Eretz<\/em>&nbsp;Israel, docieraj\u0105c do&nbsp;<a href=\"https:\/\/www.chabad.org\/library\/article_cdo\/aid\/4246466\/jewish\/Jerusalem.htm\" target=\"_blank\" rel=\"noopener noreferrer\">Jerozolimy<\/a>&nbsp;w 1099 r. Po dotarciu na miejsce zgromadzili wszystkich \u017byd\u00f3w z Jerozolimy w centralnej synagodze i podpalili j\u0105. Inni \u017bydzi, kt\u00f3rzy wspi\u0119li si\u0119 na dach meczetu Al-Aksa na Wzg\u00f3rzu \u015awi\u0105tynnym, zostali z\u0142apani i \u015bci\u0119ci\u201d.<\/strong><\/p><\/blockquote>\n<p style=\"text-align: left;\"><span style=\"color: #000080;\">Antysemityzmu nie nale\u017cy minimalizowa\u0107 ani lekcewa\u017cy\u0107. Nie jest to chwilowa sytuacja. Jest to trwaj\u0105ca, nieust\u0119pliwa, z\u0142o\u015bliwa ideologia, kt\u00f3ra manifestuje si\u0119 przez tysi\u0105clecia. Kiedy nie napotyka sprzeciwu, ro\u015bnie wybuchowo.<\/span><\/p>\n<p style=\"text-align: left;\">\n<span style=\"color: #000080;\">W tym bolesnym czasie nale\u017cy przypomnie\u0107&nbsp;<a style=\"color: #000080;\" href=\"https:\/\/jewishjournal.com\/judaism\/sephardic-torah\/374477\/abarbanels-prophecy-on-radical-islam\/\" target=\"_blank\" rel=\"noopener noreferrer\">s\u0142owa<\/a>&nbsp;rabina Izaaka ben Judy Abarbanela (1437-1508): \u201eS\u0105 religie, kt\u00f3re dzi\u015b zabijaj\u0105 wszystkich, kt\u00f3rzy odrzucaj\u0105 ich wiar\u0119. Izmaelici islamu nale\u017c\u0105 do tej kategorii\u201d. Ponad pi\u0119\u0107set lat p\u00f3\u017aniej niewiele si\u0119 zmieni\u0142o.<\/span><\/p>\n<\/div>\n<hr>\n<p style=\"text-align: left;\"><span style=\"color: #808080;\"><em><strong>Nils A. Haug<\/strong> &#8211; emerytowany prawnik, cz\u0142onek International Bar Association, felietonista, autor wielu ksi\u0105\u017cek, w tym: \u201ePolitics, Law, and Disorder in the Garden of Eden \u2013 the Quest for Identity\u201d; i \u201eEnemies of the Innocent \u2013 Life, Truth, and Meaning in a Dark Age\u201d.<\/em><\/span><\/p>\n<hr style=\"height: 15px; background: #d0e6fa; width: 100%;\">\n<div id=\"content\" class=\"content-alignment\">\n<div id=\"watch-description\" class=\"yt-uix-button-panel\">\n<div id=\"watch-description-text\" style=\"text-align: center;\">\n<p><em>Zawarto\u015b\u0107 publikowanych artyku\u0142\u00f3w i materia\u0142\u00f3w nie reprezentuje pogl\u0105d\u00f3w ani opinii Reunion&#8217;68,<\/em><em><br \/>\nani te\u017c webmastera Blogu Reunion&#8217;68, chyba ze jest to wyra\u017anie zaznaczone.<br \/>\nTwoje uwagi, linki, w\u0142asne artyku\u0142y lub wiadomo\u015bci prze\u015blij na adres:<br \/>\n<\/em><span style=\"color: #000080;\"><strong><em><a style=\"color: #000080;\" href=\"mailto:webmaster@reunion68.com\"><span style=\"text-decoration: underline;\">webmaster@reunion68.com<\/span><\/a><\/em><\/strong><\/span><\/p>\n<\/div>\n<\/div>\n<\/div>\n<hr style=\"width: 100%;\">\n","protected":false},"excerpt":{"rendered":"<p>Antysemityzmu nie nale\u017cy minimalizowa\u0107 ani lekcewa\u017cy\u0107. To nie jest chwilowa sytuacja. To trwaj\u0105ca, nieust\u0119pliwa, z\u0142o\u015bliwa ideologia, kt\u00f3ra manifestuje si\u0119 przez tysi\u0105clecia. Zawsze, gdy nie napotyka sprzeciwu, wybucha. Na zdj\u0119ciu: Zniszczony sklep nale\u017c\u0105cy do \u017byd\u00f3w w Magdeburgu, Niemcy, w 1938 r. (Zdj\u0119cie: Wikipedia) Tradycja nienawi\u015bci do \u017byd\u00f3w Nils A. Haug T\u0142umaczenie: Ma\u0142gorzata Koraszewska W burzliwym \u015brodowisku [&hellip;]<\/p>\n","protected":false},"author":1,"featured_media":0,"comment_status":"closed","ping_status":"closed","sticky":false,"template":"","format":"standard","meta":[],"categories":[1],"tags":[26,24],"_links":{"self":[{"href":"https:\/\/www.reunion68.se\/index.php?rest_route=\/wp\/v2\/posts\/116079"}],"collection":[{"href":"https:\/\/www.reunion68.se\/index.php?rest_route=\/wp\/v2\/posts"}],"about":[{"href":"https:\/\/www.reunion68.se\/index.php?rest_route=\/wp\/v2\/types\/post"}],"author":[{"embeddable":true,"href":"https:\/\/www.reunion68.se\/index.php?rest_route=\/wp\/v2\/users\/1"}],"replies":[{"embeddable":true,"href":"https:\/\/www.reunion68.se\/index.php?rest_route=%2Fwp%2Fv2%2Fcomments&post=116079"}],"version-history":[{"count":9,"href":"https:\/\/www.reunion68.se\/index.php?rest_route=\/wp\/v2\/posts\/116079\/revisions"}],"predecessor-version":[{"id":116103,"href":"https:\/\/www.reunion68.se\/index.php?rest_route=\/wp\/v2\/posts\/116079\/revisions\/116103"}],"wp:attachment":[{"href":"https:\/\/www.reunion68.se\/index.php?rest_route=%2Fwp%2Fv2%2Fmedia&parent=116079"}],"wp:term":[{"taxonomy":"category","embeddable":true,"href":"https:\/\/www.reunion68.se\/index.php?rest_route=%2Fwp%2Fv2%2Fcategories&post=116079"},{"taxonomy":"post_tag","embeddable":true,"href":"https:\/\/www.reunion68.se\/index.php?rest_route=%2Fwp%2Fv2%2Ftags&post=116079"}],"curies":[{"name":"wp","href":"https:\/\/api.w.org\/{rel}","templated":true}]}}