{"id":116104,"date":"2024-09-28T17:09:37","date_gmt":"2024-09-28T15:09:37","guid":{"rendered":"http:\/\/www.reunion68.se\/?p=116104"},"modified":"2024-09-28T13:42:39","modified_gmt":"2024-09-28T11:42:39","slug":"02-09-96","status":"publish","type":"post","link":"https:\/\/www.reunion68.se\/?p=116104","title":{"rendered":"Szejk, terrorysta, szara eminencja regionu. Kim by\u0142 Hassan Nasrallah?"},"content":{"rendered":"<p style=\"text-align: center;\"><img decoding=\"async\" src=\"https:\/\/bi.im-g.pl\/im\/c0\/e4\/1d\/z31343296AMP,Hassan-Nasrallah.jpg\" width=\"100%\" \/><span style=\"color: #808080;\"><em>Hassan Nasrallah (Fot. REUTERS\/Al-manar Tv)<\/em><\/span><\/p>\n<hr \/>\n<h5 style=\"text-align: center;\"><a href=\"https:\/\/wyborcza.pl\/\" target=\"_blank\" rel=\"noopener noreferrer\"><img decoding=\"async\" class=\"center alignleft\" src=\"http:\/\/www.reunion68.com\/Biuletyn\/img\/wyborcza.png\" alt=\"\" width=\"35%\" \/><\/a><span style=\"text-decoration: underline; color: #000080;\"><strong><a style=\"color: #000080; text-decoration: underline;\" href=\"https:\/\/wyborcza.pl\/7,75399,31343338,szejk-terrorysta-szara-eminencja-regionu-kim-byl-hassan-nasrallah.html\" target=\"_blank\" rel=\"noopener noreferrer\">Szejk, terrorysta, szara eminencja regionu. Kim by\u0142 Hassan Nasrallah?<\/a><\/strong><\/span><\/h5>\n<p style=\"text-align: center;\"><span style=\"color: #000000;\"><strong>Marta Urz\u0119dowska<\/strong><\/span><\/p>\n<hr style=\"height: 15px; background: #d0e6fa; width: 100%;\" \/>\n<h4 class=\"text--lead \"><strong>Dla Zachodu znienawidzony terrorysta czyhaj\u0105cy na bezpiecze\u0144stwo Izraela i destabilizuj\u0105cy region, dla zwolennik\u00f3w uwielbiany szejk, traktowany niemal jak prorok. Kim by\u0142 Hassan Nasrallah, jeden z najwa\u017cniejszych ludzi Bliskiego Wschodu, kt\u00f3ry w pi\u0105tek zgin\u0105\u0142 w izraelskim nalocie?<\/strong><\/h4>\n<p>.<\/p>\n<div class=\"article--content article--content-free  \">\n<p class=\"text--paragraph\" style=\"text-align: left;\"><span style=\"color: #000080;\">Dyskretny. Od lat ma\u0142o kto go widywa\u0142. M\u00f3wi\u0105cy cichym g\u0142osem, z siw\u0105 brod\u0105 i dobrotliwym spojrzeniem, w nieod\u0142\u0105cznym turbanie na g\u0142owie, z zasady nie pokazywa\u0142 si\u0119 publicznie, s\u0142usznie boj\u0105c si\u0119, \u017ce przy pierwszej okazji Izraelczycy go zabij\u0105.<\/span><\/p>\n<\/div>\n<p style=\"text-align: left;\"><span style=\"color: #000080;\">Jego przem\u00f3wienia puszczane by\u0142y zwolennikom Hezbollahu wy\u0142\u0105cznie z wielkich telebim\u00f3w rozstawianych w Dahiji, mateczniku Hezbollahu w Bejrucie, i nadawane w stacjach telewizyjnych i radiowych Partii Boga.<\/span><\/p>\n<h4 class=\"text--title font-head-700\"><strong>Hassan Nasrallah nie \u017cyje. Zmieni\u0142 Hezbollah z niepozornej boj\u00f3wki w pot\u0119\u017cn\u0105 armi\u0119<\/strong><\/h4>\n<p class=\"text--paragraph\" style=\"text-align: left;\"><span style=\"color: #000080;\">Nasrallah by\u0142 szyickim duchownym wykszta\u0142conym w irackim Nad\u017cafie. Zwolennicy Hezbollahu traktowali go niemal jak proroka. Od 1992 r. sta\u0142 na czele Hezbollahu, kt\u00f3ry dzi\u0119ki jego ambicji i bliskim osobistym relacjom z Teheranem zmieni\u0142 nie do poznania. \u00a0Ze zwyk\u0142ej boj\u00f3wki utworzonej w latach 80., by walczy\u0107 z Izraelczykami okupuj\u0105cymi Liban, Nasrallah zrobi\u0142 z Hezbollahu pot\u0119\u017cn\u0105 armi\u0119 i jeden z najwa\u017cniejszych ruch\u00f3w polityczno-spo\u0142ecznych Libanu, kt\u00f3ry dekadami mniej lub bardziej intensywnie walczy\u0142 z Izraelem, jednocze\u015bnie trz\u0119s\u0105c ca\u0142ym Libanem.<\/span><\/p>\n<p class=\"text--paragraph\" style=\"text-align: left;\"><span style=\"color: #000080;\">Hezbollah, uznawany s\u0142usznie za pa\u0144stwo w pa\u0144stwie, zapewnia\u0142 swoim zwolennikom s\u0142u\u017cb\u0119 zdrowia, szko\u0142y i us\u0142ugi spo\u0142eczne, cho\u0107 dla Zachodu zawsze by\u0142 tylko band\u0105 terroryst\u00f3w czyhaj\u0105cych na bezpiecze\u0144stwo Izraela. Partia Boga nigdy nie usun\u0119\u0142a z listy swoich cel\u00f3w do unicestwienia pa\u0144stwa Izrael i latami budowa\u0142a sw\u00f3j imponuj\u0105cy arsena\u0142 pocisk\u00f3w, rakiet i dron\u00f3w, by by\u0142 w stanie powa\u017cnie zagrozi\u0107 Izraelczykom.<\/span><\/p>\n<p class=\"text--paragraph\" style=\"text-align: left;\"><span style=\"color: #000080;\">Ambicje Nasrallaha nigdy nie ko\u0144czy\u0142y si\u0119 na Libanie. Jak jego pot\u0119\u017cni sponsorzy w Teheranie, lubi\u0142 budowa\u0107 wp\u0142ywy w ca\u0142ym regionie. To Hezbollah pom\u00f3g\u0142 syryjskiemu dyktatorowi-szyicie wygra\u0107 wojn\u0119 domow\u0105, szyickim rebeliantom Huti w\u00a0<a style=\"color: #000080;\" href=\"http:\/\/wyborcza.pl\/7,75399,24181478,razem-pomozmy-jemenczykom.html#anchorLink\">Jemenie<\/a>\u00a0odnosi\u0107 sukcesy w wojnie z armi\u0105, a szyickim boj\u00f3wkom w Iraku i Syrii n\u0119ka\u0107 atakami sojusznik\u00f3w Izraela.<\/span><\/p>\n<h4 class=\"text--title font-head-700\"><strong>Hassan Nasrallah nie \u017cyje. Mia\u0142 32 lata, gdy zosta\u0142 przyw\u00f3dc\u0105<\/strong><\/h4>\n<p class=\"text--paragraph\" style=\"text-align: left;\"><span style=\"color: #000080;\">Hassan Nasrallah urodzi\u0142 si\u0119 w 1960 r. Dorasta\u0142 w Bejrucie jako najstarszy z dziewi\u0119ciorga dzieci sklepikarza. Jako nastolatek po wybuchu wojny domowej w 1975 r. do\u0142\u0105czy\u0142 do ruchu Amal, miejscowej szyickiej boj\u00f3wki, po czym wyjecha\u0142 do Iraku, gdzie uczy\u0142 si\u0119 w szyickim seminarium. Po powrocie na kr\u00f3tko wr\u00f3ci\u0142 do Amal, jednak szybko zapragn\u0105\u0142 p\u00f3j\u015b\u0107 na swoje.<\/span><\/p>\n<p class=\"text--paragraph\" style=\"text-align: left;\"><span style=\"color: #000080;\">Razem z innymi bojownikami od\u0142\u0105czy\u0142 si\u0119 od macierzystego ruchu, tworz\u0105c jego now\u0105 wersj\u0119, Islamski Amal, kt\u00f3ry od pocz\u0105tku cieszy\u0142 si\u0119 wsparciem Teheranu marz\u0105cego o utworzeniu na miejscu swojego przycz\u00f3\u0142ka walcz\u0105cego z Izraelem, dzi\u0119ki czemu wkr\u00f3tce Amal sta\u0142 si\u0119 najwa\u017cniejsz\u0105 szyick\u0105 boj\u00f3wk\u0105.<\/span><\/p>\n<p style=\"text-align: left;\"><span style=\"color: #000080;\">W 1985 r. oficjalnie og\u0142oszono powstanie Hezbollahu, kt\u00f3ry od pocz\u0105tku jako g\u0142\u00f3wnych wrog\u00f3w islamu wskazywa\u0142 USA i Zwi\u0105zek Radziecki, a jako g\u0142\u00f3wny sw\u00f3j cel \u2013 unicestwienie pa\u0144stwa Izrael.<\/span><\/p>\n<p class=\"text--paragraph\" style=\"text-align: left;\"><span style=\"color: #000080;\">Nasrallah od pocz\u0105tku brylowa\u0142 w nowej grupie, b\u0142yskawicznie pn\u0105c si\u0119 po szczeblach kariery. By\u0142 kolejno jej przyw\u00f3dc\u0105 w Baalbek, potem w ca\u0142ej Dolinie Bekaa, a nast\u0119pnie w liba\u0144skiej stolicy, by w wieku zaledwie 32 lat zosta\u0107 przyw\u00f3dc\u0105 ca\u0142ego Hezbollahu.<\/span><\/p>\n<h4 class=\"text--title font-head-700\"><strong>W ostatnim przem\u00f3wieniu Nasrallah grozi\u0142 Izraelczykom nowymi atakami<\/strong><\/h4>\n<p class=\"text--paragraph\" style=\"text-align: left;\"><span style=\"color: #000080;\">W czasie ostatniej wojny w Strefie Gazy, rozp\u0119tanej atakiem Hamasu na Izrael, pocz\u0105tkowo zachowa\u0142 zimn\u0105 krew. Cho\u0107 pochwali\u0142 Hamas, \u017ce zadali Izraelczykom du\u017cy cios, to podkre\u015bla\u0142, \u017ce by\u0142a to wy\u0142\u0105cznie ich decyzja i \u017ce jego ludzi im nie pomogli. Jednak \u2013 by przypodoba\u0107 si\u0119 zwolennikom \u2013 kaza\u0142 n\u0119ka\u0107 p\u00f3\u0142nocny Izrael atakami, kt\u00f3re trwaj\u0105 do dzi\u015b. W sumie od jesieni ub. roku jego ludzie odpalili na Izrael tysi\u0105ce rakiet, pocisk\u00f3w i dron\u00f3w.<\/span><\/p>\n<p style=\"text-align: left;\"><span style=\"color: #000080;\">W ostatnich dniach wyg\u0142osi\u0142 przem\u00f3wienie, w kt\u00f3rym ostro skrytykowa\u0142\u00a0<a id=\"LinkArea:embed_link\" class=\"text--link \" style=\"color: #000080;\" title=\"ataki Izraela na Hezbollah, w ramach kt\u00f3rych w r\u0119kach bojownik\u00f3w wybuch\u0142y pagery i kr\u00f3tkofal\u00f3wki zabijaj\u0105c kilkadziesi\u0105t os\u00f3b i rani\u0105c tysi\u0105ce.\" href=\"https:\/\/wyborcza.pl\/7,75399,31312995,masowe-eksplozje-w-libanie-wybuchly-pagery-hezbollahu.html#S.embed_link-K.C-B.1-L.1.zw\" rel=\"dofollow\" data-bd-viewability=\"1\" data-bd-viewability-id=\"embed_link\" data-bd-viewability-href=\"https:\/\/wyborcza.pl\/7,75399,31312995,masowe-eksplozje-w-libanie-wybuchly-pagery-hezbollahu.html#S.embed_link-K.C-B.1-L.1.zw\">ataki Izraela na Hezbollah, w ramach kt\u00f3rych w r\u0119kach bojownik\u00f3w wybuch\u0142y pagery i kr\u00f3tkofal\u00f3wki zabijaj\u0105c kilkadziesi\u0105t os\u00f3b i rani\u0105c tysi\u0105ce.<\/a>\u00a0\u2013 Zem\u015bcimy si\u0119, bo przekroczyli wszystkie czerwone linie \u2013 zapowiada\u0142 wtedy przyw\u00f3dca Hezbollahu. \u2013 Jednak spos\u00f3b odwetu, jego rozmiary, miejsce i czas zachowamy dla siebie, dla najbli\u017cszych kr\u0119g\u00f3w naszego dow\u00f3dztwa \u2013 zapewni\u0142.<\/span><\/p>\n<p class=\"text--paragraph\" style=\"text-align: left;\"><span style=\"color: #000080;\">Pono\u0107 Izraelczycy do ostatniej chwili wahali si\u0119, czy go zabi\u0107. Dos\u0142ownie tu\u017c przed atakiem plan mia\u0142 zosta\u0107 odwo\u0142any. Ale kiedy okaza\u0142o si\u0119, \u017ce\u00a0szef Hezbollahu jednak przyjecha\u0142 na spotkanie do Bejrutu, pokusa okaza\u0142a si\u0119 zbyt silna. Po kilku godzinach obwie\u015bcili: &#8220;Hassan Nasrallah nie b\u0119dzie ju\u017c zagra\u017ca\u0142 \u015bwiatu&#8221;.<\/span><\/p>\n<hr \/>\n<p class=\"text--paragraph\" style=\"text-align: left;\"><span style=\"color: #808080;\"><i>Red. <strong>Ludmi\u0142a Anannikova<\/strong><\/i><\/span><\/p>\n<hr style=\"height: 15px; background: #d0e6fa; width: 100%;\" \/>\n<div id=\"content\" class=\"content-alignment\">\n<div id=\"watch-description\" class=\"yt-uix-button-panel\">\n<div id=\"watch-description-text\" style=\"text-align: center;\">\n<p><em>Zawarto\u015b\u0107 publikowanych artyku\u0142\u00f3w i materia\u0142\u00f3w nie reprezentuje pogl\u0105d\u00f3w ani opinii Reunion&#8217;68,<\/em><em><br \/>\nani te\u017c webmastera Blogu Reunion&#8217;68, chyba ze jest to wyra\u017anie zaznaczone.<br \/>\nTwoje uwagi, linki, w\u0142asne artyku\u0142y lub wiadomo\u015bci prze\u015blij na adres:<br \/>\n<\/em><span style=\"color: #000080;\"><strong><em><a style=\"color: #000080;\" href=\"mailto:webmaster@reunion68.com\"><span style=\"text-decoration: underline;\">webmaster@reunion68.com<\/span><\/a><\/em><\/strong><\/span><\/p>\n<\/div>\n<\/div>\n<\/div>\n<hr style=\"width: 100%;\" \/>\n","protected":false},"excerpt":{"rendered":"<p>Hassan Nasrallah (Fot. REUTERS\/Al-manar Tv) Szejk, terrorysta, szara eminencja regionu. Kim by\u0142 Hassan Nasrallah? Marta Urz\u0119dowska Dla Zachodu znienawidzony terrorysta czyhaj\u0105cy na bezpiecze\u0144stwo Izraela i destabilizuj\u0105cy region, dla zwolennik\u00f3w uwielbiany szejk, traktowany niemal jak prorok. Kim by\u0142 Hassan Nasrallah, jeden z najwa\u017cniejszych ludzi Bliskiego Wschodu, kt\u00f3ry w pi\u0105tek zgin\u0105\u0142 w izraelskim nalocie? . Dyskretny. Od [&hellip;]<\/p>\n","protected":false},"author":1,"featured_media":0,"comment_status":"closed","ping_status":"closed","sticky":false,"template":"","format":"standard","meta":[],"categories":[6],"tags":[26,24],"_links":{"self":[{"href":"https:\/\/www.reunion68.se\/index.php?rest_route=\/wp\/v2\/posts\/116104"}],"collection":[{"href":"https:\/\/www.reunion68.se\/index.php?rest_route=\/wp\/v2\/posts"}],"about":[{"href":"https:\/\/www.reunion68.se\/index.php?rest_route=\/wp\/v2\/types\/post"}],"author":[{"embeddable":true,"href":"https:\/\/www.reunion68.se\/index.php?rest_route=\/wp\/v2\/users\/1"}],"replies":[{"embeddable":true,"href":"https:\/\/www.reunion68.se\/index.php?rest_route=%2Fwp%2Fv2%2Fcomments&post=116104"}],"version-history":[{"count":6,"href":"https:\/\/www.reunion68.se\/index.php?rest_route=\/wp\/v2\/posts\/116104\/revisions"}],"predecessor-version":[{"id":116114,"href":"https:\/\/www.reunion68.se\/index.php?rest_route=\/wp\/v2\/posts\/116104\/revisions\/116114"}],"wp:attachment":[{"href":"https:\/\/www.reunion68.se\/index.php?rest_route=%2Fwp%2Fv2%2Fmedia&parent=116104"}],"wp:term":[{"taxonomy":"category","embeddable":true,"href":"https:\/\/www.reunion68.se\/index.php?rest_route=%2Fwp%2Fv2%2Fcategories&post=116104"},{"taxonomy":"post_tag","embeddable":true,"href":"https:\/\/www.reunion68.se\/index.php?rest_route=%2Fwp%2Fv2%2Ftags&post=116104"}],"curies":[{"name":"wp","href":"https:\/\/api.w.org\/{rel}","templated":true}]}}