{"id":116108,"date":"2024-10-04T17:00:48","date_gmt":"2024-10-04T15:00:48","guid":{"rendered":"http:\/\/www.reunion68.se\/?p=116108"},"modified":"2024-10-01T06:45:37","modified_gmt":"2024-10-01T04:45:37","slug":"02-00-103","status":"publish","type":"post","link":"https:\/\/www.reunion68.se\/?p=116108","title":{"rendered":"Jewish Icon Barbra Streisand Announces Production Has Begun on Her Multi-Part Documentary"},"content":{"rendered":"<h5 style=\"text-align: center;\"><a href=\"https:\/\/www.algemeiner.com\/\" target=\"_blank\" rel=\"noopener noreferrer\"><img decoding=\"async\" class=\"center alignleft\" src=\"http:\/\/www.reunion68.com\/Biuletyn\/img\/algem.png\" alt=\"\" width=\"35%\"><\/a><span style=\"text-decoration: underline; color: #000080;\"><span><strong><a style=\"color: #000080; text-decoration: underline;\" href=\"https:\/\/www.algemeiner.com\/2024\/09\/27\/jewish-icon-barbra-streisand-announces-production-has-begun-on-her-multi-part-documentary\/\" target=\"_blank\" rel=\"noopener noreferrer\">Jewish Icon Barbra Streisand Announces Production Has Begun on Her Multi-Part Documentary<\/a><\/strong><\/span><\/span><\/h5>\n<p style=\"text-align: center;\"><span style=\"color: #000000;\"><strong> Shiryn Ghermezian<\/strong><\/span><\/p>\n<hr style=\"height: 15px; background: #d0e6fa; width: 100%;\">\n<p style=\"text-align: center;\"><img decoding=\"async\" class=\"aligncenter\" src=\"https:\/\/www.algemeiner.com\/wp-content\/uploads\/2023\/05\/2023-02-07T203123Z_1675801869_CVMDEND05290E3X4C0EX4F82XB175X0CAE3B6385EA_RTRFIPP_4_COVER-SHOWBIZ-1.jpg\" width=\"100%\"><span style=\"color: #808080;\"><em>Barbra Streisand. Photo: Vince Flores\/startraksphoto.com via Reuters<\/em><\/span><\/p>\n<p style=\"text-align: left;\"><span style=\"color: #000080;\">Production has commenced on a documentary about legendary Jewish singer, actress, producer and director Barbra Streisand, she announced on Thursday.<\/span><\/p>\n<p style=\"text-align: left;\"><span style=\"color: #000080;\">\u201cFor years I\u2019ve been thinking about the best way to share the vast amount of content I\u2019ve been safely storing in my vault, much never seen or heard by the public. And today I\u2019m delighted to finally share that we\u2019re starting production on my official documentary,\u201d Streisand&nbsp;<a style=\"color: #000080;\" href=\"https:\/\/www.instagram.com\/p\/DAYgYR7IC5X\/\" target=\"_blank\" rel=\"noopener noreferrer\">wrote<\/a>&nbsp;in an Instagram post.<\/span><\/p>\n<p style=\"text-align: left;\"><span style=\"color: #000080;\">The SAG Lifetime Achievement Award winner added that she is collaborating on the Sony Music project with director and fellow Oscar winner Frank Marshall and Oscar-winning producer Alex Gibney. Streisand is excited \u201cto bring this very personal project to screens around the world,\u201d she said.<\/span><\/p>\n<div class=\"singles-left clearfix\" style=\"text-align: left;\">\n<div class=\"singles-content\">\n<p><span style=\"color: #000080;\">\u201cPeople have been talking about the need for the definitive documentary on Barbra Streisand for years. After a series of wonderful conversations and rigorous research, we are moving forward with Frank Marshall at the helm,\u201d said Gibney. \u201cI am delighted to produce this film on Barbra, a legendary singer, extraordinary actor, director, and political activist who inspires us all. Did I forget to mention that she\u2019s a great storyteller who is funny as hell?\u201d<\/span><\/p>\n<\/div>\n<\/div>\n<p style=\"text-align: left;\"><span style=\"color: #000080;\">Sony Music Vision&nbsp;<a style=\"color: #000080;\" href=\"https:\/\/www.sonymusic.com\/sonymusic\/barbra-streisand-documentary-directed-by-frank-marshall-produced-by-alex-gibney\/\" target=\"_blank\" rel=\"noopener noreferrer\">announced<\/a>&nbsp;that it is developing the \u201cdefinitive multi-part documentary\u201d in partnership with Columbia Records, Jigsaw Productions and the Kennedy\/Marshall Company. The documentary will follow Streisand\u2019s life starting from her upbringing in Brooklyn to her many career accomplishments, like her acclaimed breakout performance in \u201cFunny Girl\u201d on stage and then her Oscar win for that performance on film, but will also document her current life.<\/span><\/p>\n<p style=\"text-align: left;\"><span style=\"color: #000080;\">\u201cThe project will offer an intimate and comprehensive exploration of every facet of the iconic multi-hyphenate, who, in a career spanning six decades, has excelled in every area of entertainment,\u201d according to Sony Music Vision.<\/span><\/p>\n<p style=\"text-align: left;\"><span style=\"color: #000080;\">The production team has also been granted one-of-a-kind access to Streisand\u2019s \u201d treasure trove\u201d of personal archival materials, including never-before-seen video, photographs, audio recordings and more. \u201cWe have been given unprecedented access to archival footage from decades of her groundbreaking career and intimate visibility to the trailblazing she continues to do in life today,\u201d Marshall said. \u201cUncovering these remarkable moments illustrate why she has become an enduring icon to a global audience of all generations.\u201d<\/span><\/p>\n<p style=\"text-align: left;\"><span style=\"color: #000080;\">Streisand became the first woman to write, produce, direct, and star in a major motion picture with the 1983 film \u201cYentl.\u201d A EGOT winner, she won her first Oscar at the age of 27 and has been nominated for a Grammy 46 times. In 2023 she was awarded the annual&nbsp;<a style=\"color: #000080;\" href=\"https:\/\/www.algemeiner.com\/2023\/05\/01\/barbra-streisand-to-receive-1-million-jewish-nobel-donates-award-money-to-non-profit-groups-helping-tikkun-olam\/\" target=\"_blank\" rel=\"noopener noreferrer\">Genesis Prize,<\/a>&nbsp;nicknamed the \u201cJewish Nobel\u201d by&nbsp;<em>TIME<\/em>&nbsp;magazine, which recognizes individuals for their achievements and commitment to Jewish values. She was also&nbsp;<a style=\"color: #000080;\" href=\"https:\/\/www.algemeiner.com\/2023\/02\/24\/barbara-streisand-to-receive-woman-of-leadership-award-named-after-late-supreme-court-justice-ruth-bader-ginsburg\/\" target=\"_blank\" rel=\"noopener noreferrer\">awarded<\/a>&nbsp;last year the Justice Ruth Bader Ginsburg Woman of Leadership Award, named after the late Jewish Supreme Court justice.<\/span><\/p>\n<hr style=\"height: 15px; background: #d0e6fa; width: 100%;\">\n<div id=\"content\" class=\"content-alignment\">\n<div id=\"watch-description\" class=\"yt-uix-button-panel\">\n<div id=\"watch-description-text\" style=\"text-align: center;\">\n<p><em>Zawarto\u015b\u0107 publikowanych artyku\u0142\u00f3w i materia\u0142\u00f3w nie reprezentuje pogl\u0105d\u00f3w ani opinii Reunion&#8217;68,<\/em><em><br \/>\nani te\u017c webmastera Blogu Reunion&#8217;68, chyba ze jest to wyra\u017anie zaznaczone.<br \/>\nTwoje uwagi, linki, w\u0142asne artyku\u0142y lub wiadomo\u015bci prze\u015blij na adres:<br \/>\n<\/em><span style=\"color: #000080;\"><strong><em><a style=\"color: #000080;\" href=\"mailto:webmaster@reunion68.com\"><span style=\"text-decoration: underline;\">webmaster@reunion68.com<\/span><\/a><\/em><\/strong><\/span><\/p>\n<\/div>\n<\/div>\n<\/div>\n<hr style=\"width: 100%;\">\n","protected":false},"excerpt":{"rendered":"<p>Jewish Icon Barbra Streisand Announces Production Has Begun on Her Multi-Part Documentary Shiryn Ghermezian Barbra Streisand. Photo: Vince Flores\/startraksphoto.com via Reuters Production has commenced on a documentary about legendary Jewish singer, actress, producer and director Barbra Streisand, she announced on Thursday. \u201cFor years I\u2019ve been thinking about the best way to share the vast amount [&hellip;]<\/p>\n","protected":false},"author":1,"featured_media":0,"comment_status":"closed","ping_status":"closed","sticky":false,"template":"","format":"standard","meta":[],"categories":[6],"tags":[26,24],"_links":{"self":[{"href":"https:\/\/www.reunion68.se\/index.php?rest_route=\/wp\/v2\/posts\/116108"}],"collection":[{"href":"https:\/\/www.reunion68.se\/index.php?rest_route=\/wp\/v2\/posts"}],"about":[{"href":"https:\/\/www.reunion68.se\/index.php?rest_route=\/wp\/v2\/types\/post"}],"author":[{"embeddable":true,"href":"https:\/\/www.reunion68.se\/index.php?rest_route=\/wp\/v2\/users\/1"}],"replies":[{"embeddable":true,"href":"https:\/\/www.reunion68.se\/index.php?rest_route=%2Fwp%2Fv2%2Fcomments&post=116108"}],"version-history":[{"count":4,"href":"https:\/\/www.reunion68.se\/index.php?rest_route=\/wp\/v2\/posts\/116108\/revisions"}],"predecessor-version":[{"id":116178,"href":"https:\/\/www.reunion68.se\/index.php?rest_route=\/wp\/v2\/posts\/116108\/revisions\/116178"}],"wp:attachment":[{"href":"https:\/\/www.reunion68.se\/index.php?rest_route=%2Fwp%2Fv2%2Fmedia&parent=116108"}],"wp:term":[{"taxonomy":"category","embeddable":true,"href":"https:\/\/www.reunion68.se\/index.php?rest_route=%2Fwp%2Fv2%2Fcategories&post=116108"},{"taxonomy":"post_tag","embeddable":true,"href":"https:\/\/www.reunion68.se\/index.php?rest_route=%2Fwp%2Fv2%2Ftags&post=116108"}],"curies":[{"name":"wp","href":"https:\/\/api.w.org\/{rel}","templated":true}]}}