{"id":116232,"date":"2024-10-04T17:05:32","date_gmt":"2024-10-04T15:05:32","guid":{"rendered":"http:\/\/www.reunion68.se\/?p=116232"},"modified":"2024-10-03T10:56:04","modified_gmt":"2024-10-03T08:56:04","slug":"09-05-109","status":"publish","type":"post","link":"https:\/\/www.reunion68.se\/?p=116232","title":{"rendered":"Israel declares Guterres persona non grata on Rosh Hashanah eve"},"content":{"rendered":"<h5 style=\"text-align: center;\"><a href=\"\/\/www.jns.org\/\" target=\"_blank\" rel=\"noopener noreferrer\"><img decoding=\"async\" class=\"center alignleft\" src=\"http:\/\/www.reunion68.com\/Biuletyn\/img\/jns-1.png\" alt=\"\" width=\"35%\" \/><\/a><span style=\"text-decoration: underline; color: #000080;\"><strong><a style=\"color: #000080; text-decoration: underline;\" href=\"https:\/\/www.jns.org\/israel-declares-guterres-persona-non-grata-on-rosh-hashanah-eve\/\" target=\"_blank\" rel=\"noopener noreferrer\">Israel declares Guterres persona non grata on Rosh Hashanah eve<\/a><\/strong><\/span><\/h5>\n<p style=\"text-align: center;\"><span style=\"color: #000000;\"><strong>Mike Wagenheim<\/strong><\/span><\/p>\n<hr style=\"height: 15px; background: #d0e6fa; width: 100%;\" \/>\n<div>\n<h4 style=\"text-align: center;\"><strong>\u201cAnyone who cannot unequivocally condemn Iran\u2019s heinous attack on Israel, as almost every country in the world has done, does not deserve to step foot on Israeli soil,\u201d the Israeli foreign minister said.<\/strong><\/h4>\n<\/div>\n<p style=\"text-align: center;\">.<br \/>\n<img decoding=\"async\" class=\"aligncenter\" src=\"https:\/\/cdn.jns.org\/uploads\/2024\/10\/UN71069963_MRG_7811_-1320x880.jpg\" width=\"100%\" \/><span style=\"color: #808080;\"><em>Danny Danon, Israeli ambassador to the United Nations, briefs reporters ahead of the Security Council meeting on the situation in the Middle East on Oct. 2, 2024. Credit: Mark Garten\/U.N. Photo.<\/em><\/span><\/p>\n<p class=\"wp-block-paragraph\" style=\"text-align: left;\"><span style=\"color: #000080;\">Israeli Foreign Minister Israel Katz declared Ant\u00f3nio Guterres, the U.N. secretary-general, persona non grata in the Jewish state on Wednesday morning, hours before Rosh Hashanah begins.<\/span><\/p>\n<p class=\"wp-block-paragraph\" style=\"text-align: left;\"><span style=\"color: #000080;\">\u201cAnyone who cannot unequivocally condemn Iran\u2019s heinous attack on Israel, as almost every country in the world has done, does not deserve to step foot on Israeli soil,\u201d Katz\u00a0<a style=\"color: #000080;\" href=\"https:\/\/x.com\/Israel_katz\/status\/1841422324890812763\" target=\"_blank\" rel=\"noreferrer noopener\">stated<\/a>. \u201cThis is a secretary-general, who has yet to denounce the massacre and sexual atrocities committed by Hamas murderers on Oct. 7, nor has he led any efforts to declare them a terrorist organization.\u201d<\/span><\/p>\n<p class=\"wp-block-paragraph\" style=\"text-align: left;\"><span style=\"color: #000080;\">\u201cIsrael will continue to defend its citizens and uphold its national dignity, with or without Ant\u00f3nio Guterres,\u201d added Katz, referring to the secretary-general as \u201ca stain on the history of the United Nations.\u201d<\/span><\/p>\n<p class=\"wp-block-paragraph\" style=\"text-align: left;\"><span style=\"color: #000080;\">Hours after Katz\u2019s announcement, Guterres continued to blame the Jewish state for recent escalations in the Middle East and for being attacked in Iran\u2019s ballistic missile barrage on Tuesday.<\/span><\/p>\n<p class=\"wp-block-paragraph\" style=\"text-align: left;\"><span style=\"color: #000080;\">Addressing an emergency session of the U.N. Security Council on Wednesday morning, Guterres chastised Israel for balking at last week\u2019s proposal by the United States and France, which called for a three-week ceasefire between Israel and Hezbollah.<\/span><\/p>\n<p class=\"wp-block-paragraph\" style=\"text-align: left;\"><span style=\"color: #000080;\">\u201cIsrael refused that proposal and stepped up its strikes, including bombing the Hezbollah headquarters where its leader was killed,\u201d Guterres said.<\/span><\/p>\n<p class=\"wp-block-paragraph\" style=\"text-align: left;\"><span style=\"color: #000080;\">The secretary-general said that he issued warnings last week about growing tensions along the Israel-Lebanon border, but a JNS search of his public statements and social media accounts suggests that Guterres has barely mentioned Hezbollah as the terror group has launched some 9,000 rockets at Israel since Oct. 8, the day after Hamas\u2019s massacre. When Guterres did mention Hezbollah, JNS found, it was in a statement that also blamed Israel.<\/span><\/p>\n<p class=\"wp-block-paragraph\" style=\"text-align: left;\"><span style=\"color: #000080;\">Guterres shared Iran\u2019s reasoning for its ballistic missile attack on Israel with attendees of the Wednesday meeting, which included Israeli, Lebanese, Iranian, Iraqi and Syrian representatives.<\/span><\/p>\n<p class=\"wp-block-paragraph\" style=\"text-align: left;\"><span style=\"color: #000080;\">\u201cIt stated it was in response to the killings of Hassan Nasrallah and the Islamic Revolutionary Guards Corp commander Abbas Nilforoushan last week, as well as that of the Hamas leader Ismail Haniyeh in Tehran in July,\u201d Guterres said.<\/span><\/p>\n<p class=\"wp-block-paragraph\" style=\"text-align: left;\"><span style=\"color: #000080;\">He clarified a statement he issued on Tuesday, for which he was widely criticized,\u00a0<a style=\"color: #000080;\" href=\"https:\/\/x.com\/antonioguterres\/status\/1841167889191112704\" target=\"_blank\" rel=\"noreferrer noopener\">stati<\/a>ng: \u201cI condemn the broadening of the Middle East conflict with escalation after escalation. This must stop. We absolutely need a ceasefire.\u201d At the Wednesday meeting, Guterres said that he condemned Iran\u2019s attack.<\/span><\/p>\n<p class=\"wp-block-paragraph\" style=\"text-align: left;\"><span style=\"color: #000080;\">St\u00e9phane Dujarric, Guterres\u2019s spokesman, told reporters on Wednesday afternoon that the United Nations regards Katz\u2019s declaration \u201cas a political statement by the foreign minister\u201d that has no practical impact. Guterres can only come to Israel at the Jewish state\u2019s invitation, which was unlikely anyway given the tension between the global body\u2019s head and Israel.<\/span><\/p>\n<p class=\"wp-block-paragraph\" style=\"text-align: left;\"><span style=\"color: #000080;\">\u201cWe continue our contacts with Israel at the operational level and other levels because we need to,\u201d Dujarric said.<\/span><\/p>\n<p class=\"wp-block-paragraph\" style=\"text-align: left;\"><span style=\"color: #000080;\">JNS asked Dujarric at the press conference about a lack of\u00a0 clarity in multiple Guterres statements about Israel, including his condemnation initially of Hamas\u2019s Oct. 7 terror attack, which he followed by a lengthy attempt to\u00a0<a style=\"color: #000080;\" href=\"https:\/\/www.jns.org\/after-brief-condolences-un-head-chides-jewish-state-notes-legitimate-palestinian-grievances\/\">justify<\/a>\u00a0the attack.<\/span><\/p>\n<p class=\"wp-block-paragraph\" style=\"text-align: left;\"><span style=\"color: #000080;\">Dujarric told JNS that Guterres was clear at Wednesday\u2019s Security Council meeting when he condemned Iran\u2019s attack. The secretary-general\u2019s statement on Tuesday was \u201cwithin the context of what everybody knew and what the news was,\u201d Dujarric said.<\/span><\/p>\n<p style=\"text-align: center;\"><img decoding=\"async\" class=\"aligncenter\" src=\"https:\/\/cdn.jns.org\/uploads\/2024\/10\/UN71069994_20241002_LF_6442_.jpg\" width=\"100%\" \/><span style=\"color: #808080;\"><em>Danny Danon, Israeli ambassador to the United Nations, addresses the Security Council meeting on the situation in the Middle East on Oct. 2, 2024. Credit: Loey Felipe\/U.N. Photo.<\/em><\/span><\/p>\n<h4 class=\"wp-block-paragraph\"><strong>\u2018Flag still flies\u2019<\/strong><\/h4>\n<p class=\"wp-block-paragraph\" style=\"text-align: left;\"><span style=\"color: #000080;\">Guterres stated during Wednesday\u2019s meeting that Israel had requested that U.N. Interim Force In Lebanon peacekeeping troops relocate within Southern Lebanon, ostensibly for their safety as Israel carries out ground operations to further degrade Hezbollah\u2019s capabilities.<\/span><\/p>\n<p class=\"wp-block-paragraph\" style=\"text-align: left;\"><span style=\"color: #000080;\">Guterres said that the \u201cU.N. flag still flies\u201d in UNIFIL\u2019s area of operation, suggesting that the troops won\u2019t heed Israel\u2019s request.<\/span><\/p>\n<p class=\"wp-block-paragraph\" style=\"text-align: left;\"><span style=\"color: #000080;\">JNS sought further clarification from Dujarric, who said that Jerusalem requested \u201cUNIFIL to leave several positions near the Blue Line,\u201d but the decision was made \u201coperationally and politically to stay.\u201d<\/span><\/p>\n<p class=\"wp-block-paragraph\" style=\"text-align: left;\"><span style=\"color: #000080;\">Dujarric added that the United Nations \u201cwill continue to stay while at the same time assessing our posture and the security of the peacekeepers, I would say, on an hourly basis.\u201d<\/span><\/p>\n<p class=\"wp-block-paragraph\" style=\"text-align: left;\"><span style=\"color: #000080;\">Guterres also told the Security Council on Wednesday that \u201cI wonder what remains of the framework\u201d on Security Council Resolution 1701, which was passed in 2006 and was supposed to lead to the disarmament of the Lebanese Armed Forces and folding of Hezbollah. It was also meant to reestablish Lebanese government sovereignty in Southern Lebanon.<\/span><\/p>\n<p class=\"wp-block-paragraph\" style=\"text-align: left;\"><span style=\"color: #000080;\">Asked on Wednesday which party to the resolution\u2014Israel or Lebanon\u2014ought to enforce it, given that Lebanon has not done so in 18 years, Dujarric said that \u201cdiplomacy takes time.\u201d<\/span><\/p>\n<p class=\"wp-block-paragraph\" style=\"text-align: left;\"><span style=\"color: #000080;\">\u201cWe want to see the gun silenced, and we want to see a return to diplomacy,\u201d he said.<\/span><\/p>\n<p class=\"wp-block-paragraph\" style=\"text-align: left;\"><span style=\"color: #000080;\">Danny Danon, the Israeli ambassador to the United Nations, told the Security Council that calls to \u201cboth sides\u201d to stop escalating the conflict is \u201can absurd comparison between the one who causes destruction and the one who defends himself.\u201d<\/span><\/p>\n<p class=\"wp-block-paragraph\" style=\"text-align: left;\"><span style=\"color: #000080;\">The conflict between Israel and Iran \u201cis a struggle between a sovereign state fighting for its right to exist and a regime that desires nothing but the destruction of Israel,\u201d Danon said.<\/span><\/p>\n<div id=\"content\" class=\"content-alignment\">\n<div id=\"watch-description\" class=\"yt-uix-button-panel\">\n<div id=\"watch-description-text\" style=\"text-align: center;\">\n<p><iframe loading=\"lazy\" title=\"Israel on the Middle East - Security Council Media Stakeout | United Nations\" src=\"https:\/\/www.youtube.com\/embed\/Pi-8sWcuQ5Y\" width=\"680\" height=\"400\" frameborder=\"0\" allowfullscreen=\"allowfullscreen\"><\/iframe><\/p>\n<\/div>\n<\/div>\n<\/div>\n<h4>.<br \/>\n<strong>\u2018Significant escalation\u2019<\/strong><\/h4>\n<p class=\"wp-block-paragraph\" style=\"text-align: left;\"><span style=\"color: #000080;\">Linda Thomas-Greenfield, Washington\u2019s U.N. ambassador, said in Wednesday\u2019s Security Council meeting that Iran\u2019s failure to kill Israelis on Tuesday \u201cdoes not diminish the fact that this attack, intended to cause significant death and destruction, marked a significant escalation by Iran.\u201d<\/span><\/p>\n<p class=\"wp-block-paragraph\" style=\"text-align: left;\"><span style=\"color: #000080;\">\u201cThis is a moment for this council to speak out\u2014with one voice\u2014and condemn Iran for its unprovoked attack against another member state,\u201d she said, \u201cand equally important, to impose serious consequences on the IRGC for its actions.\u201d<\/span><\/p>\n<p class=\"wp-block-paragraph\" style=\"text-align: left;\"><span style=\"color: #000080;\">Thomas-Greenfield accused Iran of complicity in the Oct. 7 attacks by funding and training Hamas. She told the council that the United States warned Iran not to use the aftermath of the massacre to \u201crisk propelling the region into a broader war.\u201d\u00a0<\/span><\/p>\n<p class=\"wp-block-paragraph\" style=\"text-align: left;\"><span style=\"color: #000080;\">Iran\u2019s military, the Islamic Revolutionary Guard Corps, \u201cflagrantly and repeatedly ignored this warning\u201d by enabling its terror proxies to inflict further damage and chaos, Thomas-Greenfield said.<\/span><\/p>\n<p class=\"wp-block-paragraph\" style=\"text-align: left;\"><span style=\"color: #000080;\">She also pushed back on the U.N. secretary-general\u2019s explanation. \u201cThe IRGC was acting in solidarity with Hezbollah\u201d after last Friday\u2019s killing of Hassan Nasrallah,the Hezbollah secretary-general, she said.<\/span><\/p>\n<p class=\"wp-block-paragraph\" style=\"text-align: left;\"><span style=\"color: #000080;\">\u201cI can think of no starker example of state support of terrorism than launching ballistic missiles to avenge the death of a terrorist leader,\u201d the U.S. envoy added.<\/span><\/p>\n<p style=\"text-align: center;\"><img decoding=\"async\" class=\"aligncenter\" src=\"https:\/\/cdn.jns.org\/uploads\/2024\/10\/UN71070015__ME10282_.jpg\" width=\"100%\" \/><span style=\"color: #808080;\"><em>Vassily Nebenzia, Russian ambassador to the United Nations, briefs reporters at UN Headquarters on Oct. 2, 2024. Credit: Manuel El\u00edas\/U.N. Photo.<\/em><\/span><\/p>\n<p class=\"wp-block-paragraph\" style=\"text-align: left;\"><span style=\"color: #000080;\">Vassily Nebenzia, the Russian ambassador to the global body, blamed the United States for supporting Israel. \u201cAs a result, the flames of the all-consuming conflict are spreading wider, engulfing more of Israel\u2019s neighbors in the region,\u201d he said.<\/span><\/p>\n<p class=\"wp-block-paragraph\" style=\"text-align: left;\"><span style=\"color: #000080;\">A harsh critic of the U.S.-Israel alliance, Nebenzia said that \u201cthere is a vast and dangerous illusion that Israel will be able to remain unscathed in this growing fire.\u201d<\/span><\/p>\n<hr style=\"height: 15px; background: #d0e6fa; width: 100%;\" \/>\n<div id=\"content\" class=\"content-alignment\">\n<div id=\"watch-description\" class=\"yt-uix-button-panel\">\n<div id=\"watch-description-text\" style=\"text-align: center;\">\n<p><em>Zawarto\u015b\u0107 publikowanych artyku\u0142\u00f3w i materia\u0142\u00f3w nie reprezentuje pogl\u0105d\u00f3w ani opinii Reunion&#8217;68,<\/em><em><br \/>\nani te\u017c webmastera Blogu Reunion&#8217;68, chyba ze jest to wyra\u017anie zaznaczone.<br \/>\nTwoje uwagi, linki, w\u0142asne artyku\u0142y lub wiadomo\u015bci prze\u015blij na adres:<br \/>\n<\/em><span style=\"color: #000080;\"><strong><em><a style=\"color: #000080;\" href=\"mailto:webmaster@reunion68.com\"><span style=\"text-decoration: underline;\">webmaster@reunion68.com<\/span><\/a><\/em><\/strong><\/span><\/p>\n<\/div>\n<\/div>\n<\/div>\n<hr style=\"width: 100%;\" \/>\n","protected":false},"excerpt":{"rendered":"<p>Israel declares Guterres persona non grata on Rosh Hashanah eve Mike Wagenheim \u201cAnyone who cannot unequivocally condemn Iran\u2019s heinous attack on Israel, as almost every country in the world has done, does not deserve to step foot on Israeli soil,\u201d the Israeli foreign minister said. . Danny Danon, Israeli ambassador to the United Nations, briefs [&hellip;]<\/p>\n","protected":false},"author":1,"featured_media":0,"comment_status":"closed","ping_status":"closed","sticky":false,"template":"","format":"standard","meta":[],"categories":[6],"tags":[26,24],"_links":{"self":[{"href":"https:\/\/www.reunion68.se\/index.php?rest_route=\/wp\/v2\/posts\/116232"}],"collection":[{"href":"https:\/\/www.reunion68.se\/index.php?rest_route=\/wp\/v2\/posts"}],"about":[{"href":"https:\/\/www.reunion68.se\/index.php?rest_route=\/wp\/v2\/types\/post"}],"author":[{"embeddable":true,"href":"https:\/\/www.reunion68.se\/index.php?rest_route=\/wp\/v2\/users\/1"}],"replies":[{"embeddable":true,"href":"https:\/\/www.reunion68.se\/index.php?rest_route=%2Fwp%2Fv2%2Fcomments&post=116232"}],"version-history":[{"count":11,"href":"https:\/\/www.reunion68.se\/index.php?rest_route=\/wp\/v2\/posts\/116232\/revisions"}],"predecessor-version":[{"id":116300,"href":"https:\/\/www.reunion68.se\/index.php?rest_route=\/wp\/v2\/posts\/116232\/revisions\/116300"}],"wp:attachment":[{"href":"https:\/\/www.reunion68.se\/index.php?rest_route=%2Fwp%2Fv2%2Fmedia&parent=116232"}],"wp:term":[{"taxonomy":"category","embeddable":true,"href":"https:\/\/www.reunion68.se\/index.php?rest_route=%2Fwp%2Fv2%2Fcategories&post=116232"},{"taxonomy":"post_tag","embeddable":true,"href":"https:\/\/www.reunion68.se\/index.php?rest_route=%2Fwp%2Fv2%2Ftags&post=116232"}],"curies":[{"name":"wp","href":"https:\/\/api.w.org\/{rel}","templated":true}]}}