{"id":116308,"date":"2024-10-11T17:00:50","date_gmt":"2024-10-11T15:00:50","guid":{"rendered":"http:\/\/www.reunion68.se\/?p=116308"},"modified":"2024-10-05T08:57:29","modified_gmt":"2024-10-05T06:57:29","slug":"11-00-102","status":"publish","type":"post","link":"https:\/\/www.reunion68.se\/?p=116308","title":{"rendered":"Pro-Hezbollah Protests Are a Threat to Australian Society"},"content":{"rendered":"<h5 style=\"text-align: center;\"><a href=\"https:\/\/www.algemeiner.com\/\" target=\"_blank\" rel=\"noopener noreferrer\"><img decoding=\"async\" class=\"center alignleft\" src=\"http:\/\/www.reunion68.com\/Biuletyn\/img\/algem.png\" alt=\"\" width=\"35%\" \/><\/a><span style=\"text-decoration: underline; color: #000080;\"><span><strong><a style=\"color: #000080; text-decoration: underline;\" href=\"https:\/\/www.algemeiner.com\/2024\/10\/02\/pro-hezbollah-protests-are-a-threat-to-australian-society\/\" target=\"_blank\" rel=\"noopener noreferrer\">Pro-Hezbollah Protests Are a Threat to Australian Society<\/a><\/strong><\/span><\/span><\/h5>\n<p style=\"text-align: center;\"><span style=\"color: #000000;\"><strong>Justin Amler<\/strong><\/span><\/p>\n<hr style=\"height: 15px; background: #d0e6fa; width: 100%;\" \/>\n<p style=\"text-align: center;\"><img decoding=\"async\" class=\"aligncenter\" src=\"https:\/\/www.algemeiner.com\/wp-content\/uploads\/2023\/11\/2023-11-26T020823Z_1161715897_MT1AAP000FMI593_RTRMADP_3_FREE-PALESTINE-RALLY-MELBOURNE.jpeg\" width=\"100%\" \/><span style=\"color: #808080;\"><em>Illustrative: Supporters of Hamas gather for a rally in Melbourne, Australia. Photo: Reuters\/Joel Carrett<\/em><\/span><\/p>\n<p style=\"text-align: left;\"><span style=\"color: #000080;\">Last weekend, a large group of protestors in Melbourne and Sydney, waved Hezbollah flags and displayed photographs of assassinated Hezbollah terror chief, Hassan Nasrallah.<\/span><\/p>\n<p style=\"text-align: left;\"><span style=\"color: #000080;\">Hezbollah is a proscribed terrorist organization in Australia, so this kind of public support is illegal, yet this did not stop the protestors from turning out and chanting anti-Israel slogans through the streets of Australia\u2019s biggest cities.<\/span><\/p>\n<p style=\"text-align: left;\"><span style=\"color: #000080;\">Unfortunately, Australia has regularly experienced this kind of open hatred.<\/span><\/p>\n<p style=\"text-align: left;\"><span style=\"color: #000080;\">Just one day after the October 7 Hamas massacre, a frenzied group of demonstrators\u00a0<a style=\"color: #000080;\" href=\"https:\/\/www.australianjewishnews.com\/sickening-murder-of-israelis-celebrated-in-sydney\/\" target=\"_blank\" rel=\"noopener noreferrer\" data-saferedirecturl=\"https:\/\/www.google.com\/url?q=https:\/\/www.australianjewishnews.com\/sickening-murder-of-israelis-celebrated-in-sydney\/&amp;source=gmail&amp;ust=1727885836351000&amp;usg=AOvVaw0clSGaBFrgPwSg1L1j5qce\">gathered<\/a>\u00a0on the steps of the iconic Sydney Opera House, burning Israeli flags and chanting \u201cf\u2026k the Jews\u201d and \u201cWhere\u2019s the Jews?\u201d<\/span><\/p>\n<p style=\"text-align: left;\"><span style=\"color: #000080;\">That violent display of hate should have been shut down immediately, but it wasn\u2019t \u2014 marking the beginning of what would be a difficult year for Australia\u2019s Jewish community, with weekly protests often descending into intimidation, violence, and antisemitism.<\/span><\/p>\n<p style=\"text-align: left;\"><span style=\"color: #000080;\">Law enforcement has kept order, but mostly seemed determined to avoid levying any actual charges against the perpetrators.<\/span><\/p>\n<p style=\"text-align: left;\"><span style=\"color: #000080;\">This hatred on the streets of Australia has not been helped by radical imams who have praised Hamas\u2019 terror attacks and spouted hateful, antisemitic rhetoric.<\/span><\/p>\n<p style=\"text-align: left;\"><span style=\"color: #000080;\">After Nasrallah\u2019s death, one mosque in Sydney issued a\u00a0<a style=\"color: #000080;\" href=\"https:\/\/www.facebook.com\/100064764968383\/posts\/941018121400345\/\" target=\"_blank\" rel=\"noopener noreferrer\" data-saferedirecturl=\"https:\/\/www.google.com\/url?q=https:\/\/www.facebook.com\/100064764968383\/posts\/941018121400345\/&amp;source=gmail&amp;ust=1727885836351000&amp;usg=AOvVaw2YyunmgJodvW0qdWjZ1mRb\">notice<\/a>\u00a0publicizing\u00a0 a vigil to be held for him, called him a \u201crighteous martyr.\u201d This was followed by a\u00a0hateful\u00a0<a style=\"color: #000080;\" href=\"https:\/\/www.facebook.com\/watch\/live\/?ref=watch_permalink&amp;v=1602030650736144\" target=\"_blank\" rel=\"noopener noreferrer\" data-saferedirecturl=\"https:\/\/www.google.com\/url?q=https:\/\/www.facebook.com\/watch\/live\/?ref%3Dwatch_permalink%26v%3D1602030650736144&amp;source=gmail&amp;ust=1727885836351000&amp;usg=AOvVaw2v6sld78s4bhzIy1nVULkA\">sermon<\/a>\u00a0calling for Israel\u2019s defeat, which cited a notorious tradition accusing the Jews of rejecting Allah and having distorted the Torah.<\/span><\/p>\n<p style=\"text-align: left;\"><span style=\"color: #000080;\">Particularly disturbing in these demonstrations is the open support from members of The Greens political party, including its deputy leader, Mehreen Faruqi, who frequently accuses Israel of committing genocide. Faruqi, a regular at anti-Israel demonstrations since October 7, attended the pro-Hezbollah rally in Sydney and\u00a0<a style=\"color: #000080;\" href=\"https:\/\/www.theaustralian.com.au\/nation\/protesters-in-melbourne-wave-hezbollah-flags\/news-story\/ecda6a1fb87b37a3a22730b09acb8796\" target=\"_blank\" rel=\"noopener noreferrer\" data-saferedirecturl=\"https:\/\/www.google.com\/url?q=https:\/\/www.theaustralian.com.au\/nation\/protesters-in-melbourne-wave-hezbollah-flags\/news-story\/ecda6a1fb87b37a3a22730b09acb8796&amp;source=gmail&amp;ust=1727885836352000&amp;usg=AOvVaw3pZS_-FN8waHGFGlvVttIy\">spoke<\/a>\u00a0to the crowd.<\/span><\/p>\n<p style=\"text-align: left;\"><span style=\"color: #000080;\">Another Greens Senator attended a pro-Hezbollah rally in Adelaide, the capital city in South Australia.<\/span><\/p>\n<p style=\"text-align: left;\"><span style=\"color: #000080;\">In response to the actions of the Greens, Foreign Minister Penny Wong\u00a0<a style=\"color: #000080;\" href=\"https:\/\/x.com\/SenatorWong\/status\/1840545937300840603\" target=\"_blank\" rel=\"noopener noreferrer\" data-saferedirecturl=\"https:\/\/www.google.com\/url?q=https:\/\/x.com\/SenatorWong\/status\/1840545937300840603&amp;source=gmail&amp;ust=1727885836352000&amp;usg=AOvVaw2tgWAg-pj-mNtZNC2cJiMZ\">condemned<\/a>\u00a0\u201cany indication of support for a terrorist organisation such as Hizballah,\u201d adding that \u201cAll of us \u2014 including every political leader \u2013must stand together to reject terrorism and extremism.\u201d<\/span><\/p>\n<p style=\"text-align: left;\"><span style=\"color: #000080;\">Home Affairs Minister Tony Burke also\u00a0<a style=\"color: #000080;\" href=\"https:\/\/www.sbs.com.au\/news\/article\/tony-burke-warns-of-visa-cancellations-after-hezbollah-flags-waved-at-melbourne-protest\/z15858ja3\" target=\"_blank\" rel=\"noopener noreferrer\" data-saferedirecturl=\"https:\/\/www.google.com\/url?q=https:\/\/www.sbs.com.au\/news\/article\/tony-burke-warns-of-visa-cancellations-after-hezbollah-flags-waved-at-melbourne-protest\/z15858ja3&amp;source=gmail&amp;ust=1727885836352000&amp;usg=AOvVaw1s0WWzU-bwj357XdOojyMU\">warned<\/a>\u00a0of potential visa cancellations for any non-citizens waving the Hezbollah flag.<\/span><\/p>\n<p style=\"text-align: left;\"><span style=\"color: #000080;\">Meanwhile, Opposition Home Affairs Senator James Paterson\u00a0<a style=\"color: #000080;\" href=\"https:\/\/www.senatorpaterson.com.au\/news\/media-release-hezbollah-flag-wavers-must-face-consequences-29-september-2024\" target=\"_blank\" rel=\"noopener noreferrer\" data-saferedirecturl=\"https:\/\/www.google.com\/url?q=https:\/\/www.senatorpaterson.com.au\/news\/media-release-hezbollah-flag-wavers-must-face-consequences-29-september-2024&amp;source=gmail&amp;ust=1727885836352000&amp;usg=AOvVaw0Ywpyhg1WkkBULANMDnkK9\">accused<\/a>\u00a0the government of displaying \u201cequivocation and ambivalence in the face of an anti-Semitism crisis,\u201d and warned that unless there were consequences, \u201cthe extremism we have seen on our streets today will continue to flourish.\u201d<\/span><\/p>\n<p style=\"text-align: left;\"><span style=\"color: #000080;\">Opposition Leader Peter Dutton\u00a0<a style=\"color: #000080;\" href=\"https:\/\/au.news.yahoo.com\/not-pm-call-hezbollah-rallies-020917520.html?guccounter=1\" target=\"_blank\" rel=\"noopener noreferrer\" data-saferedirecturl=\"https:\/\/www.google.com\/url?q=https:\/\/au.news.yahoo.com\/not-pm-call-hezbollah-rallies-020917520.html?guccounter%3D1&amp;source=gmail&amp;ust=1727885836352000&amp;usg=AOvVaw0tW_XEnbM1xyNTFtH88GLb\">reiterated<\/a>\u00a0this, saying it was \u201ccompletely unacceptable\u201d that there haven\u2019t been arrests yet or the cancelling of visas of people who \u201cglorify\u201d terrorist groups.<\/span><\/p>\n<p style=\"text-align: left;\"><span style=\"color: #000080;\">The Australian Federal Police have also\u00a0<a style=\"color: #000080;\" href=\"https:\/\/www.dailytelegraph.com.au\/news\/doubt-over-whether-hezbollah-flag-waver-protesters-can-be-charged\/news-story\/4ef7a131f98d6b257a262202bca3f556\" target=\"_blank\" rel=\"noopener noreferrer\" data-saferedirecturl=\"https:\/\/www.google.com\/url?q=https:\/\/www.dailytelegraph.com.au\/news\/doubt-over-whether-hezbollah-flag-waver-protesters-can-be-charged\/news-story\/4ef7a131f98d6b257a262202bca3f556&amp;source=gmail&amp;ust=1727885836352000&amp;usg=AOvVaw1F46R7FqVCbRQ2BzY0MOGD\">confirmed<\/a>\u00a0that they have been asked to investigate at least six people from the pro-Hezbollah rallies in Melbourne and Sydney.<\/span><\/p>\n<p style=\"text-align: left;\"><span style=\"color: #000080;\">Despite its vast distance from Israel, Australia is experiencing, like many other countries, an explosive increase in antisemitism after the October 7 attacks. Jewish schools and other communal buildings have been forced to increase security measures that were already tight before October 7.<\/span><\/p>\n<p style=\"text-align: left;\"><span style=\"color: #000080;\">Indeed, there are many in the Jewish community \u2014 including Holocaust survivors \u2014 who are currently living in fear.<\/span><\/p>\n<p style=\"text-align: left;\"><span style=\"color: #000080;\">An online WhatsApp group of 600 Jewish creatives was \u201cdoxxed\u201d by pro-Palestinian activists, causing many of them to be subjected to death threats and ongoing harassment, and others losing employment opportunities.<\/span><\/p>\n<p style=\"text-align: left;\"><span style=\"color: #000080;\">It is simply outrageous that in a multicultural tolerant country like Australia, which also has the largest per-capita number of Holocaust survivors outside of Israel, the glorification of terrorist leaders can be so brazenly displayed and tolerated.<\/span><\/p>\n<p style=\"text-align: left;\"><span style=\"color: #000080;\">It is imperative that governments, state and federal, and law enforcement crack down on this behavior, otherwise there is a risk to the cohesive fabric of Australian society.<\/span><\/p>\n<hr \/>\n<p style=\"text-align: left;\"><span style=\"color: #808080;\"><em><strong>Justin Amler<\/strong> is a policy analyst at the Australia\/Israel &amp; Jewish Affairs Council (AIJAC).<\/em><\/span><\/p>\n<hr style=\"height: 15px; background: #d0e6fa; width: 100%;\" \/>\n<div id=\"content\" class=\"content-alignment\">\n<div id=\"watch-description\" class=\"yt-uix-button-panel\">\n<div id=\"watch-description-text\" style=\"text-align: center;\">\n<p><em>Zawarto\u015b\u0107 publikowanych artyku\u0142\u00f3w i materia\u0142\u00f3w nie reprezentuje pogl\u0105d\u00f3w ani opinii Reunion&#8217;68,<\/em><em><br \/>\nani te\u017c webmastera Blogu Reunion&#8217;68, chyba ze jest to wyra\u017anie zaznaczone.<br \/>\nTwoje uwagi, linki, w\u0142asne artyku\u0142y lub wiadomo\u015bci prze\u015blij na adres:<br \/>\n<\/em><span style=\"color: #000080;\"><strong><em><a style=\"color: #000080;\" href=\"mailto:webmaster@reunion68.com\"><span style=\"text-decoration: underline;\">webmaster@reunion68.com<\/span><\/a><\/em><\/strong><\/span><\/p>\n<\/div>\n<\/div>\n<\/div>\n<hr style=\"width: 100%;\" \/>\n","protected":false},"excerpt":{"rendered":"<p>Pro-Hezbollah Protests Are a Threat to Australian Society Justin Amler Illustrative: Supporters of Hamas gather for a rally in Melbourne, Australia. Photo: Reuters\/Joel Carrett Last weekend, a large group of protestors in Melbourne and Sydney, waved Hezbollah flags and displayed photographs of assassinated Hezbollah terror chief, Hassan Nasrallah. Hezbollah is a proscribed terrorist organization in [&hellip;]<\/p>\n","protected":false},"author":1,"featured_media":0,"comment_status":"closed","ping_status":"closed","sticky":false,"template":"","format":"standard","meta":[],"categories":[6],"tags":[26,24],"_links":{"self":[{"href":"https:\/\/www.reunion68.se\/index.php?rest_route=\/wp\/v2\/posts\/116308"}],"collection":[{"href":"https:\/\/www.reunion68.se\/index.php?rest_route=\/wp\/v2\/posts"}],"about":[{"href":"https:\/\/www.reunion68.se\/index.php?rest_route=\/wp\/v2\/types\/post"}],"author":[{"embeddable":true,"href":"https:\/\/www.reunion68.se\/index.php?rest_route=\/wp\/v2\/users\/1"}],"replies":[{"embeddable":true,"href":"https:\/\/www.reunion68.se\/index.php?rest_route=%2Fwp%2Fv2%2Fcomments&post=116308"}],"version-history":[{"count":5,"href":"https:\/\/www.reunion68.se\/index.php?rest_route=\/wp\/v2\/posts\/116308\/revisions"}],"predecessor-version":[{"id":116331,"href":"https:\/\/www.reunion68.se\/index.php?rest_route=\/wp\/v2\/posts\/116308\/revisions\/116331"}],"wp:attachment":[{"href":"https:\/\/www.reunion68.se\/index.php?rest_route=%2Fwp%2Fv2%2Fmedia&parent=116308"}],"wp:term":[{"taxonomy":"category","embeddable":true,"href":"https:\/\/www.reunion68.se\/index.php?rest_route=%2Fwp%2Fv2%2Fcategories&post=116308"},{"taxonomy":"post_tag","embeddable":true,"href":"https:\/\/www.reunion68.se\/index.php?rest_route=%2Fwp%2Fv2%2Ftags&post=116308"}],"curies":[{"name":"wp","href":"https:\/\/api.w.org\/{rel}","templated":true}]}}