{"id":116351,"date":"2024-10-13T17:09:08","date_gmt":"2024-10-13T15:09:08","guid":{"rendered":"http:\/\/www.reunion68.se\/?p=116351"},"modified":"2024-10-07T08:10:52","modified_gmt":"2024-10-07T06:10:52","slug":"13-09-83","status":"publish","type":"post","link":"https:\/\/www.reunion68.se\/?p=116351","title":{"rendered":"Antysemityzm i pot\u0119ga wielkiego k\u0142amstwa"},"content":{"rendered":"<p style=\"text-align: center;\"><img decoding=\"async\" class=\"aligncenter\" src=\"https:\/\/api.qalam.global\/storage\/media\/r\/1600x-\/12b761f8-fe9c-40b2-b4fc-9dd6e953fe8f\/lead_img.webp\" width=\"100%\" \/><span style=\"color: #808080;\"><em>W lutym 1349 r. ponad 2000 \u017byd\u00f3w ze Strasburga zosta\u0142o publicznie spalonych \u017cywcem podczas prze\u015bladowa\u0144 z powodu Czarnej \u015amierci. \u017byd\u00f3w oskar\u017cono o rozprzestrzenianie zarazy poprzez zatruwanie studni. Od niepami\u0119tnych czas\u00f3w antysemici promowali takie potworne oszczerstwa przeciwko \u017bydom, judaizmowi i pa\u0144stwu \u017cydowskiemu.<\/em><\/span><\/p>\n<hr \/>\n<h5 style=\"text-align: center;\"><a href=\"https:\/\/www.listyznaszegosadu.pl\/\" target=\"_blank\" rel=\"noopener noreferrer\"><img decoding=\"async\" class=\"center alignleft\" src=\"http:\/\/www.reunion68.com\/Biuletyn\/img\/z-naszego.jpg\" alt=\"\" width=\"50%\" \/><\/a><span style=\"text-decoration: underline; color: #000080;\"><strong><a style=\"color: #000080; text-decoration: underline;\" href=\"https:\/\/www.listyznaszegosadu.pl\/brunatna-fala\/antysemityzm-i-potega-wielkiego-klamstwa\" target=\"_blank\" rel=\"noopener noreferrer\">Antysemityzm i pot\u0119ga wielkiego k\u0142amstwa<\/a><\/strong><\/span><\/h5>\n<p style=\"text-align: center;\"><span style=\"color: #000000;\"><strong>Jeff Jacoby<br \/>\n<\/strong><span style=\"color: #808080;\"><em>T\u0142umaczenie: <\/em><\/span><strong>Ma\u0142gorzata Koraszewska<\/strong><\/span><\/p>\n<hr style=\"height: 15px; background: #d0e6fa; width: 100%;\" \/>\n<div class=\"templateArticleIngress\" style=\"text-align: left;\"><span style=\"color: #000080;\">Si\u00f3dmego pa\u017adziernika zesz\u0142ego roku by\u0142 najkrwawszym dniem przemocy wobec \u017byd\u00f3w od zako\u0144czenia Holokaustu. By\u0142 to r\u00f3wnie\u017c pocz\u0105tek najbardziej jadowitego wybuchu antysemityzmu na Zachodzie od II wojny \u015bwiatowej. Jako ilustracj\u0119 mo\u017cna wymieni\u0107 tylko jedn\u0105 statystyk\u0119: w ci\u0105gu pierwszych trzech dni po makabrycznym pogromie Hamasu, internetowe wezwania do przemocy wobec \u017byd\u00f3w\u00a0<a style=\"color: #000080;\" href=\"https:\/\/www.jpost.com\/diaspora\/antisemitism\/article-768393\" target=\"_blank\" rel=\"noopener noreferrer\">wzros\u0142y o 1200 procent<\/a>, wed\u0142ug\u00a0<a style=\"color: #000080;\" href=\"https:\/\/antisemitism.org.il\/2023\/10\/17\/calls-for-violence-against-jews-rise-by-1200-since-hamas-massacre-2\/\" target=\"_blank\" rel=\"noopener noreferrer\">Antisemitism Cyber Security Monitoring System<\/a>. Orgiastyczny rozlew krwi \u017cydowskiej wp\u0119dzi\u0142 antysemit\u00f3w w sza\u0142 nienawi\u015bci, kt\u00f3ry do tej chwili nie os\u0142ab\u0142.<\/span><\/div>\n<div class=\"templateArticleBrodtext\">\n<p style=\"text-align: left;\"><span style=\"color: #000080;\">Rok temu mo\u017cna by\u0142o wierzy\u0107, \u017ce tabu dotycz\u0105ce otwartej nienawi\u015bci do \u017byd\u00f3w wci\u0105\u017c obowi\u0105zywa\u0142o. Chocia\u017c wybuchy antysemickiej zjadliwo\u015bci\u00a0zdarza\u0142y si\u0119 w\u00a0ostatnich latach\u00a0z coraz wi\u0119ksz\u0105 i alarmuj\u0105c\u0105 cz\u0119stotliwo\u015bci\u0105\u00a0i\u00a0\u00a0\u2014 i pochodzi\u0142y zar\u00f3wno z lewej jak i z prawej strony\u00a0\u2014 wydawa\u0142y si\u0119 wyj\u0105tkiem od powszechnie egzekwowanej regu\u0142y. Ju\u017c tak nie jest. Nawet w Ameryce antysemityzm staje si\u0119 g\u0142\u00f3wnym nurtem, szczeg\u00f3lnie w\u015br\u00f3d m\u0142odych. Postholokaustowe wytchnienie dobieg\u0142o ko\u0144ca. Antysemityzm powr\u00f3ci\u0142 ze zdwojon\u0105 si\u0142\u0105, bezczelny i pewny siebie.<\/span><\/p>\n<p style=\"text-align: left;\">\n<span style=\"color: #000080;\">Przez tysi\u0105clecia nienawi\u015b\u0107 do \u017byd\u00f3w przybiera\u0142a przewidywalne wzorce, z kt\u00f3rych \u017caden nie by\u0142 bardziej fundamentalny ni\u017c \u201ewielkie k\u0142amstwo\u201d. Antysemici \u2014 niezale\u017cnie od tego, czy nienawidz\u0105 narodu \u017cydowskiego, religii \u017cydowskiej czy pa\u0144stwa \u017cydowskiego \u2014 wyra\u017cali swoj\u0105 nienawi\u015b\u0107 nie tylko poprzez wyolbrzymianie negatywnych stereotyp\u00f3w, zaprzeczanie niewygodnym prawdom lub powielanie bigoteryjnych obelg. Wielokrotnie promowali r\u00f3wnie\u017c k\u0142amstwa tak potworne i okrutne, tak bezczelnie i agresywnie nieprawdziwe, \u017ce ich ca\u0142kowita nieprawdopodobno\u015b\u0107 daje im iluzj\u0119 prawdy.<\/span><\/p>\n<p style=\"text-align: left;\">\n<span style=\"color: #000080;\">\u201eW wielkim k\u0142amstwie zawsze jest pewna si\u0142a wiarygodno\u015bci\u201d \u2014\u00a0<a style=\"color: #000080;\" href=\"https:\/\/www.jewishvirtuallibrary.org\/excerpts-from-mein-kampf#2\" target=\"_blank\" rel=\"noopener noreferrer\">napisa\u0142 Adolf Hitler w \u201eMein Kampf\u201d.<\/a>\u00a0Wielu ludzi \u201em\u00f3wi ma\u0142e k\u0142amstwa w ma\u0142ych sprawach\u201d \u2014 zauwa\u017cy\u0142, ale \u201enigdy nie przysz\u0142oby im do g\u0142owy, aby wymy\u015bla\u0107 kolosalne nieprawdy i nie uwierzyliby, \u017ce inni mogliby mie\u0107 czelno\u015b\u0107 tak haniebnie zniekszta\u0142ca\u0107 prawd\u0119\u201d. To jest paradoks i moc wielkiego k\u0142amstwa, zw\u0142aszcza gdy jest powtarzane wystarczaj\u0105co cz\u0119sto: nawet rozs\u0105dne umys\u0142y stopniowo przyjmuj\u0105 je jako fakt. W ko\u0144cu, jak pod\u015bwiadomie zak\u0142adaj\u0105, dlaczego urz\u0119dnicy pa\u0144stwowi, prasa lub elity spo\u0142eczne wyg\u0142asza\u0142yby tak szokuj\u0105ce i skandaliczne twierdzenia, gdyby nie by\u0142y prawdziwe?<\/span><\/p>\n<p style=\"text-align: left;\">\n<span style=\"color: #000080;\">Hitler rozpocz\u0105\u0142 wojn\u0119 z \u017bydami od wielkiego k\u0142amstwa, \u017ce Niemcy zosta\u0142y pokonane w I wojnie \u015bwiatowej, poniewa\u017c zosta\u0142y \u201eugodzone w plecy\u201d przez \u017cydowskich zdrajc\u00f3w. W rzeczywisto\u015bci niemieccy \u017bydzi byli\u00a0<a style=\"color: #000080;\" href=\"https:\/\/wienerholocaustlibrary.org\/exhibition\/the-kaisers-jewish-soldiers-loyalty-identity-betrayal\/\" target=\"_blank\" rel=\"noopener noreferrer\">nadzwyczaj lojalni wobec ojczyzny<\/a>\u00a0\u2014 ponad 100 tysi\u0119cy s\u0142u\u017cy\u0142o w armii niemieckiej podczas I wojny \u015bwiatowej, a 12 tysi\u0119cy zgin\u0119\u0142o w bitwach. P\u00f3\u017aniej pojawi\u0142o si\u0119 jeszcze bardziej niewypowiedziane k\u0142amstwo: groteskowe twierdzenie, \u017ce \u017bydzi byli rasowymi podlud\u017ami, kt\u00f3rzy bezcze\u015bcili czysto\u015b\u0107 aryjskiej krwi. Dzisiaj wydaje si\u0119 niewiarygodne, \u017ce obywatele Niemiec, najbardziej wyrafinowanego i kulturalnego narodu w Europie, mogli uwierzy\u0107 w tak szalone k\u0142amstwa. Ale dziesi\u0105tki milion\u00f3w Niemc\u00f3w w nie uwierzy\u0142o. A kiedy nazi\u015bci przyst\u0105pili do ostracyzmu, a nast\u0119pnie eksterminacji europejskich \u017byd\u00f3w, dzia\u0142o si\u0119 to przy gorliwym wsparciu i udziale niezliczonych obywateli niemieckich.<\/span><\/p>\n<p style=\"text-align: left;\">\n<span style=\"color: #000080;\">Historia \u017byd\u00f3w jest pe\u0142na takich \u015bmierciono\u015bnych k\u0142amstw.<\/span><\/p>\n<p style=\"text-align: left;\">\n<span style=\"color: #000080;\">Pocz\u0105wszy od XII wieku, \u017bydzi byli oskar\u017cani o porywanie i mordowanie chrze\u015bcija\u0144skich dzieci, aby wykorzysta\u0107 ich krew do wypieku macy paschalnej. Na mocy tych \u201eoszczerstw o rytuale krwi\u201d, wci\u0105\u017c na nowo przywo\u0142ywanych w \u015bredniowiecznej Europie (i\u00a0<a style=\"color: #000080;\" href=\"https:\/\/www.washingtoninstitute.org\/policy-analysis\/classic-blood-libel-against-jews-goes-mainstream-iran\" target=\"_blank\" rel=\"noopener noreferrer\">do dzi\u015b powtarzanych w \u015bwiecie muzu\u0142ma\u0144skim<\/a>), niezliczeni \u017bydzi byli wi\u0119zieni, wyp\u0119dzani lub mordowani. Oskar\u017cenie to nie by\u0142o po prostu fa\u0142szywe, by\u0142o to ca\u0142kowite odwr\u00f3cenie prawdy. W kulturze \u017cydowskiej spo\u017cywanie krwi jest zabronione; w rzeczywisto\u015bci jest to\u00a0<a style=\"color: #000080;\" href=\"https:\/\/www.biblegateway.com\/passage\/?search=Genesis%209%3A3-4&amp;version=TLB\" target=\"_blank\" rel=\"noopener noreferrer\">jeden z pierwszych zakaz\u00f3w w Biblii hebrajskiej<\/a>. Niezb\u0119dnym krokiem w przygotowywaniu koszernego mi\u0119sa jest dok\u0142adne wyp\u0142ukanie go z krwi. Mimo to, w to szalone wielkie k\u0142amstwo uwierzy\u0142a ogromna liczba Europejczyk\u00f3w.<\/span><\/p>\n<p style=\"text-align: left;\">\n<span style=\"color: #000080;\">Podobnie by\u0142o z wielkim k\u0142amstwem, rozprzestrzenionym podczas niszczycielskiej Czarnej \u015amierci w XIV wieku, \u017ce \u017bydzi spowodowali zaraz\u0119, zatruwaj\u0105c studnie i \u017ar\u00f3d\u0142a. Zamierzali, jak powiedziano, \u201ezabi\u0107 i zniszczy\u0107 ca\u0142e chrze\u015bcija\u0144stwo i mie\u0107 w\u0142adz\u0119 nad ca\u0142ym \u015bwiatem\u201d. Oskar\u017cenie by\u0142o absurdalne, tak\u017ce dlatego, \u017ce \u017bydzi umierali na zaraz\u0119, tak jak wszyscy inni. Jednak k\u0142amstwo by\u0142o tak skuteczne, a antysemicki g\u0142\u00f3d wiary w \u017cydowsk\u0105 win\u0119 tak \u017carliwy, \u017ce doprowadzi\u0142o do\u00a0<a style=\"color: #000080;\" href=\"https:\/\/aish.com\/the-strasbourg-massacre\/\" target=\"_self\" rel=\"noopener noreferrer\">z\u0142apania i spalenia \u017cywcem\u00a0<\/a><a style=\"color: #000080;\" href=\"blank\" target=\"_blank\" rel=\"noopener noreferrer\">tysi\u0119cy \u017byd\u00f3w<\/a>.<\/span><\/p>\n<p style=\"text-align: left;\">\n<span style=\"color: #000080;\">Z epoki na epok\u0119, wielkie k\u0142amstwa opowiadane o \u017bydach mutuj\u0105. Na pocz\u0105tku XX wieku \u017bydzi zostali oskar\u017ceni w nies\u0142awnych\u00a0<em>Protoko\u0142ach m\u0119drc\u00f3w Syjonu<\/em>\u00a0o spisek maj\u0105cy na celu kontrolowanie \u015bwiata. Po 11 wrze\u015bnia\u00a0zostali oskar\u017ceni o planowanie atak\u00f3w terrorystycznych.\u00a0<a style=\"color: #000080;\" href=\"https:\/\/www.splcenter.org\/fighting-hate\/extremist-files\/individual\/louis-farrakhan\" target=\"_blank\" rel=\"noopener noreferrer\">Louis Farrakhan<\/a>\u00a0od lat wmawia swoim wyznawcom z Narodu Islamu oszczerstwo, \u017ce \u017bydzi s\u0105 winni \u201ehorrorowi transatlantyckiego handlu niewolnikami, niewolnictwu na plantacjach [i] prawom Jima Crowa\u201d. Kwitn\u0105cy przemys\u0142 k\u0142amstw zaprzecza, \u017ce kiedykolwiek mia\u0142 miejsce Holokaust, twierdz\u0105c, \u017ce najbardziej kompleksowo udokumentowane ludob\u00f3jstwo w historii jest \u017cydowsk\u0105 fikcj\u0105. Wszystkie te k\u0142amstwa s\u0105 tak szalone, s\u0105 tak oczywistym odwr\u00f3ceniem rzeczywisto\u015bci, \u017ce \u017caden zdrowy na umy\u015ble cz\u0142owiek nie powinien w nie uwierzy\u0107.<\/span><\/p>\n<p style=\"text-align: left;\">\n<span style=\"color: #000080;\">A jednak we wszystkie z nich wierzono i nadal wierzy w nie bardzo wielu ludzi, w tym ludzie\u00a0<a style=\"color: #000080;\" href=\"https:\/\/www.salon.com\/2002\/10\/17\/baraka_2\/\" target=\"_blank\" rel=\"noopener noreferrer\">znani<\/a>\u00a0i\u00a0<a style=\"color: #000080;\" href=\"https:\/\/www.americanjewisharchives.org\/snapshots\/henry-ford-and-antisemitism-the-notorious-dearborn-independent\/\" target=\"_blank\" rel=\"noopener noreferrer\">wp\u0142ywowi<\/a>.<\/span><\/p>\n<p style=\"text-align: left;\">\n<span style=\"color: #000080;\">W erze nowo\u017cytnej najbardziej zab\u00f3jcze antysemickie wielkie k\u0142amstwa to te, kt\u00f3re rozprzestrzeniano na temat Izraela. Pa\u0144stwo \u017cydowskie jest oczerniane od dziesi\u0119cioleci jako zbudowane na rasizmie\u00a0i praktykuj\u0105ce apartheid. Izrael jest oczerniany jako kolonialny intruz bez \u017cadnego uzasadnionego prawa do istnienia. D\u0142ugo po tym, jak ca\u0142kowicie wycofa\u0142 si\u0119 z Gazy, jest rutynowo pot\u0119piany jako \u201eokupant\u201d.<\/span><\/p>\n<\/div>\n<p style=\"text-align: center;\">\n<img decoding=\"async\" class=\"aligncenter\" src=\"https:\/\/img.lemde.fr\/2023\/06\/16\/0\/0\/4363\/2908\/556\/0\/75\/0\/885bbcd_f4d522af3bc248c499cbf579898c37fa-0-a6fadd8a23cf4e8785ce79177c316332.jpg\" width=\"100%\" \/><span style=\"color: #808080;\"><em>Cz\u0142owiek w jarmu\u0142ce z napisem \u201eSilniejszy ni\u017c nienawi\u015b\u0107\u201d przed synagog\u0105 Drzewo \u017bycia w Pittsburghu, gdzie w 2018 roku dosz\u0142o do masakry 11 \u017byd\u00f3w.<\/em><\/span><\/p>\n<p style=\"text-align: left;\"><span style=\"color: #000080;\">Przez dziesi\u0119ciolecia, kiedykolwiek Izrael by\u0142 zmuszony walczy\u0107 w swojej obronie, antysemici w\u015bciekali si\u0119, \u017ce morduje cywil\u00f3w z bezmy\u015blnym lekcewa\u017ceniem przyzwoito\u015bci i prawa mi\u0119dzynarodowego. W ci\u0105gu roku od 7 pa\u017adziernika k\u0142amstwa te zosta\u0142y doprowadzone do fantastycznych skrajno\u015bci \u2014 \u017ce Izrael celowo bombarduje szpitale, \u017ce \u015bwiadomie wywo\u0142uje g\u0142\u00f3d, a nawet, w zaktualizowanej imitacji negacji Holokaustu, \u017ce sfingowa\u0142\u00a0<a style=\"color: #000080;\" href=\"https:\/\/www.washingtonpost.com\/technology\/2024\/01\/21\/hamas-attack-october-7-conspiracy-israel\/\" target=\"_blank\" rel=\"noopener noreferrer\">masakr\u0119 z 7 pa\u017adziernika<\/a>\u00a0w celach propagandowych i\u00a0<a style=\"color: #000080;\" href=\"https:\/\/www.theatlantic.com\/ideas\/archive\/2024\/04\/october-7-hamas-sexual-assault\/678091\/\" target=\"_blank\" rel=\"noopener noreferrer\">spreparowa\u0142 dowody masowych gwa\u0142t\u00f3w<\/a>\u00a0i tortur seksualnych.<\/span><\/p>\n<p style=\"text-align: left;\">\n<span style=\"color: #000080;\">Najwi\u0119kszym z tych wielkich k\u0142amstw jest, \u017ce Izrael dopuszcza si\u0119 ludob\u00f3jstwa na Palesty\u0144czykach. Po raz kolejny, nie jest to po prostu fa\u0142sz, ale ca\u0142kowite odwr\u00f3cenie rzeczywisto\u015bci. To Hamas rozp\u0119ta\u0142 ludob\u00f3jcz\u0105 przemoc przeciwko Izraelowi\u00a07 pa\u017adziernika, Hamas, kt\u00f3rego przyw\u00f3dcy publicznie przysi\u0119gaj\u0105 przeprowadzi\u0107 \u201erze\u017a, eksterminacj\u0119 i zag\u0142ad\u0119\u201d \u017byd\u00f3w, Hamas, kt\u00f3rego strategia wyra\u017anie polega na\u00a0<a style=\"color: #000080;\" href=\"https:\/\/www.hudson.org\/terrorism\/hamas-strategy-depends-maximizing-palestinian-civilian-casualties-douglas-feith\" target=\"_blank\" rel=\"noopener noreferrer\">maksymalizacji liczby ofiar w\u015br\u00f3d Palesty\u0144czyk\u00f3w<\/a>. Wiara, \u017ce Izrael \u2014 kt\u00f3ry\u00a0<a style=\"color: #000080;\" href=\"https:\/\/www.newsweek.com\/israel-implemented-more-measures-prevent-civilian-casualties-any-other-nation-history-opinion-1865613\" target=\"_blank\" rel=\"noopener noreferrer\">zawsze robi\u0142 wszystko,\u00a0<\/a><a style=\"color: #000080;\" href=\"blank\" target=\"_blank\" rel=\"noopener noreferrer\">aby\u00a0<em>unikn\u0105\u0107<\/em>\u00a0ofiar w\u015br\u00f3d ludno\u015bci cywilnej<\/a>\u00a0\u2014 w rzeczywisto\u015bci pr\u00f3buje dokona\u0107 eksterminacji narodu palesty\u0144skiego, jest mniej wi\u0119cej tak logiczna, jak wiara, \u017ce \u017bydzi rozprzestrzeniali Czarn\u0105 \u015amier\u0107, zatruwaj\u0105c wod\u0119 pitn\u0105.<\/span><\/p>\n<p style=\"text-align: left;\">\n<span style=\"color: #000080;\">Ale je\u015bli chodzi o \u017byd\u00f3w, ludzie \u2014 nawet wykszta\u0142ceni i wyrafinowani\u00a0\u2014 zawsze byli sk\u0142onni uwierzy\u0107 w najbardziej potworne wielkie k\u0142amstwa. A horror 7 pa\u017adziernika, zamiast sprawi\u0107, \u017ce takie k\u0142amstwa jawi\u0142y si\u0119 jako bardziej szalone ni\u017c kiedykolwiek, sprawi\u0142, \u017ce jeszcze wi\u0119cej ludzi je przyj\u0119\u0142o.<\/span><\/p>\n<hr \/>\n<p style=\"text-align: left;\"><span style=\"color: #808080;\"><em><strong>Jeff Jacoby<\/strong> \u2013 ameryka\u0144ski prawnik i wieloletni publicysta \u201eBoston Globe\u201d.<\/em><\/span><\/p>\n<hr style=\"height: 15px; background: #d0e6fa; width: 100%;\" \/>\n<div id=\"content\" class=\"content-alignment\">\n<div id=\"watch-description\" class=\"yt-uix-button-panel\">\n<div id=\"watch-description-text\" style=\"text-align: center;\">\n<p><em>Zawarto\u015b\u0107 publikowanych artyku\u0142\u00f3w i materia\u0142\u00f3w nie reprezentuje pogl\u0105d\u00f3w ani opinii Reunion&#8217;68,<\/em><em><br \/>\nani te\u017c webmastera Blogu Reunion&#8217;68, chyba ze jest to wyra\u017anie zaznaczone.<br \/>\nTwoje uwagi, linki, w\u0142asne artyku\u0142y lub wiadomo\u015bci prze\u015blij na adres:<br \/>\n<\/em><span style=\"color: #000080;\"><strong><em><a style=\"color: #000080;\" href=\"mailto:webmaster@reunion68.com\"><span style=\"text-decoration: underline;\">webmaster@reunion68.com<\/span><\/a><\/em><\/strong><\/span><\/p>\n<\/div>\n<\/div>\n<\/div>\n<hr style=\"width: 100%;\" \/>\n","protected":false},"excerpt":{"rendered":"<p>W lutym 1349 r. ponad 2000 \u017byd\u00f3w ze Strasburga zosta\u0142o publicznie spalonych \u017cywcem podczas prze\u015bladowa\u0144 z powodu Czarnej \u015amierci. \u017byd\u00f3w oskar\u017cono o rozprzestrzenianie zarazy poprzez zatruwanie studni. Od niepami\u0119tnych czas\u00f3w antysemici promowali takie potworne oszczerstwa przeciwko \u017bydom, judaizmowi i pa\u0144stwu \u017cydowskiemu. Antysemityzm i pot\u0119ga wielkiego k\u0142amstwa Jeff Jacoby T\u0142umaczenie: Ma\u0142gorzata Koraszewska Si\u00f3dmego pa\u017adziernika zesz\u0142ego roku [&hellip;]<\/p>\n","protected":false},"author":1,"featured_media":0,"comment_status":"closed","ping_status":"closed","sticky":false,"template":"","format":"standard","meta":[],"categories":[6],"tags":[26,24],"_links":{"self":[{"href":"https:\/\/www.reunion68.se\/index.php?rest_route=\/wp\/v2\/posts\/116351"}],"collection":[{"href":"https:\/\/www.reunion68.se\/index.php?rest_route=\/wp\/v2\/posts"}],"about":[{"href":"https:\/\/www.reunion68.se\/index.php?rest_route=\/wp\/v2\/types\/post"}],"author":[{"embeddable":true,"href":"https:\/\/www.reunion68.se\/index.php?rest_route=\/wp\/v2\/users\/1"}],"replies":[{"embeddable":true,"href":"https:\/\/www.reunion68.se\/index.php?rest_route=%2Fwp%2Fv2%2Fcomments&post=116351"}],"version-history":[{"count":6,"href":"https:\/\/www.reunion68.se\/index.php?rest_route=\/wp\/v2\/posts\/116351\/revisions"}],"predecessor-version":[{"id":116361,"href":"https:\/\/www.reunion68.se\/index.php?rest_route=\/wp\/v2\/posts\/116351\/revisions\/116361"}],"wp:attachment":[{"href":"https:\/\/www.reunion68.se\/index.php?rest_route=%2Fwp%2Fv2%2Fmedia&parent=116351"}],"wp:term":[{"taxonomy":"category","embeddable":true,"href":"https:\/\/www.reunion68.se\/index.php?rest_route=%2Fwp%2Fv2%2Fcategories&post=116351"},{"taxonomy":"post_tag","embeddable":true,"href":"https:\/\/www.reunion68.se\/index.php?rest_route=%2Fwp%2Fv2%2Ftags&post=116351"}],"curies":[{"name":"wp","href":"https:\/\/api.w.org\/{rel}","templated":true}]}}