{"id":116372,"date":"2024-10-19T17:05:51","date_gmt":"2024-10-19T15:05:51","guid":{"rendered":"http:\/\/www.reunion68.se\/?p=116372"},"modified":"2024-10-18T14:02:58","modified_gmt":"2024-10-18T12:02:58","slug":"14-05-112","status":"publish","type":"post","link":"https:\/\/www.reunion68.se\/?p=116372","title":{"rendered":"Jewish groups call for UN to fire special rapporteur Albanese"},"content":{"rendered":"<h5 style=\"text-align: center;\"><a href=\"https:\/\/www.jns.org\/\" target=\"_blank\" rel=\"noopener noreferrer\"><img decoding=\"async\" class=\"center alignleft\" src=\"http:\/\/www.reunion68.com\/Biuletyn\/img\/jns-1.png\" alt=\"\" width=\"35%\"><\/a><span style=\"text-decoration: underline; color: #000080;\"><strong><a style=\"color: #000080; text-decoration: underline;\" href=\"https:\/\/www.jns.org\/jewish-groups-call-for-un-to-fire-special-rapporteur-albanese\/\" target=\"_blank\" rel=\"noopener noreferrer\">Jewish groups call for UN to fire special rapporteur Albanese<\/a><\/strong><\/span><\/h5>\n<p style=\"text-align: center;\"><span style=\"color: #000000;\"><strong>JNS Staff<\/strong><\/span><\/p>\n<hr style=\"height: 15px; background: #d0e6fa; width: 100%;\">\n<div>\n<h4 style=\"text-align: center;\"><strong>Francesca Albanese &#8220;must be immediately removed from her post if the U.N. is to salvage the modicum of its integrity that still remains,&#8221; said William Daroff, CEO of the Conference of Presidents of Major American Jewish Organizations.<\/strong><\/h4>\n<\/div>\n<p style=\"text-align: center;\">.<br \/>\n<img decoding=\"async\" class=\"aligncenter\" src=\"https:\/\/cdn.jns.org\/uploads\/2024\/02\/UN71008261_20231025_LF_3253_-1320x880.jpg\" width=\"100%\"><span style=\"color: #808080;\"><em>Francesca Albanese, U.N. special rapporteur, briefs reporters at UN Headquarters. Credit: Loey Felipe\/U.N. Photo.<\/em><\/span><\/p>\n<p class=\"wp-block-paragraph\"><span style=\"color: #000080;\">Jewish groups denounced Francesca Albanese after the special U.N. rapporteur&nbsp;on the situation of human rights in the Palestinian territories appeared to compare Israel to the Nazis, as she has done often in the past.<\/span><\/p>\n<p class=\"wp-block-paragraph\"><span style=\"color: #000080;\">\u201cAs we speak, write, tweet, sob: Israeli forces are committing another massacre in northern Gaza. People in Jabalyia are killed\u2014both in groups and one by one\u2014amid unspeakable cruelty and sadism,\u201d the special adviser to the United Nations&nbsp;<a style=\"color: #000080;\" href=\"https:\/\/x.com\/FranceskAlbs\/status\/1845360590509785537\" target=\"_blank\" rel=\"noreferrer noopener\">wrote<\/a>. \u201cBy Israelis who have accepted to be \u2018willing executioners\u2019 of a genocidal plan. With Western-manufactured weapons and with Western support.\u201d<\/span><\/p>\n<p class=\"wp-block-paragraph\"><span style=\"color: #000080;\">\u201cIt blows my mind to think that we know what Israel is doing and altogether, we cannot stop it,\u201d she added. \u201cLooking at where we were 100 years ago, no [sic] much progress has been achieved.\u201d<\/span><\/p>\n<p class=\"wp-block-paragraph\"><span style=\"color: #000080;\">The United Nations considers special rapporteurs to be independent \u201cexperts.\u201d<\/span><\/p>\n<p class=\"wp-block-paragraph\"><span style=\"color: #000080;\">Harriet Schleifer and William Daroff, chair and CEO respectively of the Conference of Presidents of Major American Jewish Organizations,&nbsp;<a style=\"color: #000080;\" href=\"https:\/\/conferenceofpresidents.org\/press\/jewish-leaders-demand-removal-of-un-special-rapporteur-albanese\/\" target=\"_blank\" rel=\"noreferrer noopener\">called<\/a>&nbsp;Albanese \u201cone of the worst offenders in the entire apparatus\u201d of the United Nations, which \u201chas long demonstrated ceaseless, deeply ingrained bias against the state of Israel.\u201d<\/span><\/p>\n<p class=\"wp-block-paragraph\"><span style=\"color: #000080;\">\u201cAlbanese\u2019s malign fixation on the Jewish state has of late escalated to comparing it to Nazi Germany, mocking the recent tragic deaths of four IDF soldiers and even demanding that Israel be&nbsp;<a style=\"color: #000080;\" href=\"https:\/\/x.com\/FranceskAlbs\/status\/1845526246010073575\" target=\"_blank\" rel=\"noreferrer noopener\">stripped of its seat<\/a>&nbsp;at the U.N.,\u201d the two leaders stated. \u201cThis comes after she claimed that the Hamas pogrom was not an act of antisemitism, which drew the condemnation of several governments, including the United States.\u201d<\/span><\/p>\n<p class=\"wp-block-paragraph\"><span style=\"color: #000080;\">Schleifer and Daroff added that \u201cAlbanese\u2019s rhetoric reflects a lack of basic decency and humanity and consistently violates her obligations under the charter and code of conduct of the U.N.\u201d and call for her to \u201cbe immediately removed from her post if the U.N. is to salvage the modicum of its integrity that still remains.\u201d<\/span><\/p>\n<h4 class=\"wp-block-paragraph\"><strong>\u2018Accountability is needed now\u2019<\/strong><\/h4>\n<p class=\"wp-block-paragraph\"><span style=\"color: #000080;\">The World Jewish Congress stated that \u201cthe constant statements made by Francesca Albanese comparing Israel to Nazi Germany are not only deeply offensive but a gross distortion of history.\u201d<\/span><\/p>\n<p class=\"wp-block-paragraph\"><span style=\"color: #000080;\">\u201cThis blatant Holocaust inversion and antisemitism weaponizes the tragedy of the Jewish people to demonize Israel. Such speech by officials not only undermines the U.N.\u2019s integrity but also violates the principles on which it was established\u2014principles born from the Nazi attempt to destroy the Jewish people,\u201d the WJC&nbsp;<a style=\"color: #000080;\" href=\"https:\/\/x.com\/worldjewishcong\/status\/1846214038918676701\">stated<\/a>. \u201cIt\u2019s imperative the U.N. ensures its platforms are not hijacked to spread hatred and fuel division. Accountability is needed now.\u201d<\/span><\/p>\n<p class=\"wp-block-paragraph\"><span style=\"color: #000080;\">Jonathan Greenblatt, CEO and national director of the Anti-Defamation League,&nbsp;<a style=\"color: #000080;\" href=\"https:\/\/x.com\/JGreenblattADL\/status\/1846276664545923517\" target=\"_blank\" rel=\"noreferrer noopener\">wrote<\/a>&nbsp;that \u201cat this point, no one is surprised to see U.N. special rapporteur Albanese expose her deep bias and blatantly use antisemitic tropes like comparing Israel to Nazi Germany.\u201d<\/span><\/p>\n<p class=\"wp-block-paragraph\"><span style=\"color: #000080;\">\u201cBut this is why ADL requested that the U.N. Human Rights Council open proceedings to remove her from office,\u201d he wrote. \u201cU.N. officials should check their biases at the door and maintain professional standards. This is as basic as it gets and yet Albanese falls far short.\u201d<\/span><\/p>\n<p class=\"wp-block-paragraph\"><span style=\"color: #000080;\">Simone Rodan-Benzaquen, managing director of the American Jewish Committee\u2019s European offices,&nbsp;<a style=\"color: #000080;\" href=\"https:\/\/x.com\/srodan\/status\/1846074392662487100\" target=\"_blank\" rel=\"noreferrer noopener\">wrote<\/a>&nbsp;that Albanese\u2019s \u201ccomparison of Israel to the \u2018Third Reich\u2019 and talk of \u2018pure race\u2019 ideology is the embodiment of antisemitism, as defined by the International Holocaust Remembrance Alliance.\u201d<\/span><\/p>\n<p class=\"wp-block-paragraph\"><span style=\"color: #000080;\">\u201cShe is a repeat offender in spreading such hate,\u201d Rodan-Benzaquen added. \u201cThe fact that she is still in this role is a disgrace.\u201d<\/span><\/p>\n<p class=\"wp-block-paragraph\"><span style=\"color: #000080;\">\u201cHow much longer will we have to put up with her blatant antisemitism and anti-Israel biases?\u201d the American Jewish Committee&nbsp;<a style=\"color: #000080;\" href=\"https:\/\/x.com\/AJCGlobal\/status\/1846277197746639108\" target=\"_blank\" rel=\"noreferrer noopener\">stated<\/a>. \u201cU.N. members must condemn this.\u201d<\/span><\/p>\n<p class=\"wp-block-paragraph\"><span style=\"color: #000080;\">It added that Albanese \u201ccontinues to prove how unfit she is for her job.\u201d<\/span><\/p>\n<p class=\"wp-block-paragraph\"><span style=\"color: #000080;\">The Centre for Israel and Jewish Affairs, the advocacy arm of the Jewish Federations of Canada-UIA,&nbsp;<a style=\"color: #000080;\" href=\"https:\/\/x.com\/CIJAinfo\/status\/1846191524129673491\">wrote<\/a>&nbsp;that \u201ccomparing Israel to Nazi Germany is textbook antisemitism\u2014plain and simple.\u201d<\/span><\/p>\n<p class=\"wp-block-paragraph\"><span style=\"color: #000080;\">Albanese \u201conce again peddles antisemitic conspiracy theories and proves she is an unfit, partial representative,\u201d CIJA stated. \u201cWe call on the Government of Canada to urgently condemn these hateful comments.\u201d<\/span><\/p>\n<p class=\"wp-block-paragraph\"><span style=\"color: #000080;\">The group cited a post, in which Albanese&nbsp;<a style=\"color: #000080;\" href=\"https:\/\/x.com\/FranceskAlbs\/status\/1845800904550666454\" target=\"_blank\" rel=\"noreferrer noopener\">wrote<\/a>&nbsp;that \u201cbecause of their history, one might have thought Germans and Italians would be at the forefront of the opposition to the Netanyahu-driven assault on Gaza, which is now metastasizing across the region.\u201d<\/span><\/p>\n<p class=\"wp-block-paragraph\"><span style=\"color: #000080;\">\u201cOur collective obliviousness to what led, 100 years ago, to the Third Reich\u2019s expansionism and the genocide of people not in conformity with the \u2018pure race\u2019 is asinine,\u201d she wrote. \u201cIt is leading to the commission of yet another genocide, yet another regional war and potentially yet another global one. Shame on all those who are making it happen.\u201d<\/span><\/p>\n<hr>\n<p><img decoding=\"async\" class=\"alignleft\" src=\"https:\/\/pbs.twimg.com\/profile_images\/765240208690388998\/srBQsrh8_400x400.jpg\" width=\"15%\"><strong>Hillel Neuer @HillelNeuer<\/strong><\/p>\n<p><span style=\"color: #800000;\"><strong>&#8211; No, @FranceskAlbs , it&#8217;s time to unseat YOU from the UN: https:\/\/actionnetwork.org\/petitions\/fire-un-special-rapporteur-francesca-albanese\/<\/strong><\/span><\/p>\n<p><span style=\"color: #800000;\"><strong>When your colleague Miloon Kothari committed the same breach of mandate, the Secretary-General was clear: \u201cIsrael is unquestionably a Member State of the United Nations, with the same rights and responsibilities as the other 192 countries that make up this organization.\u201d https:\/\/x.com\/UNWatch\/status\/1554490274767945734<\/strong><\/span><\/p>\n<p><span style=\"color: #800000;\"><strong>You are violating your duty to act with impartiality. The Code of Conduct requires you to engage with governments in dialogue, an obligation mentioned in the Code seven times, in the Preamble and Articles 3, 11 and 13. Under no circumstances is a UN mandate holder entitled to call for the removal of a member state, which is the complete opposite of your duties and oblifgations.<\/strong><\/span><\/p>\n<p><span style=\"color: #800000;\"><strong>We also note that you are selective\u2014you have never called for the removal from the UN of the Islamic Regime in Iran, which is the one fueling Hamas, Hezbollah and the Houthis in their war against Israel. On the contrary, you constitute a key asset for their axis, acting as their surrogate within the UN human rights system.<\/strong><\/span><\/p>\n<p><span style=\"color: #800000;\"><strong>The United Nations was founded by the Allies who defeated Hitler. Its human rights declaration was created by Eleanor Rooselvelt and Ren\u00e9 Cassin, who were champions of Israel.<\/strong><\/span><\/p>\n<p><span style=\"color: #800000;\"><strong>I agree with U.S. Ambassador <\/strong><strong>@LindaT_G<\/strong><strong>: <span style=\"color: #000000;\">Antisemites like you ought to have no place in this body.<\/span><\/strong><\/span><\/p>\n<hr>\n<hr style=\"height: 15px; background: #d0e6fa; width: 100%;\">\n<div id=\"content\" class=\"content-alignment\">\n<div id=\"watch-description\" class=\"yt-uix-button-panel\">\n<div id=\"watch-description-text\" style=\"text-align: center;\">\n<p><em>Zawarto\u015b\u0107 publikowanych artyku\u0142\u00f3w i materia\u0142\u00f3w nie reprezentuje pogl\u0105d\u00f3w ani opinii Reunion&#8217;68,<\/em><em><br \/>\nani te\u017c webmastera Blogu Reunion&#8217;68, chyba ze jest to wyra\u017anie zaznaczone.<br \/>\nTwoje uwagi, linki, w\u0142asne artyku\u0142y lub wiadomo\u015bci prze\u015blij na adres:<br \/>\n<\/em><span style=\"color: #000080;\"><strong><em><a style=\"color: #000080;\" href=\"mailto:webmaster@reunion68.com\"><span style=\"text-decoration: underline;\">webmaster@reunion68.com<\/span><\/a><\/em><\/strong><\/span><\/p>\n<\/div>\n<\/div>\n<\/div>\n<hr style=\"width: 100%;\">\n","protected":false},"excerpt":{"rendered":"<p>Jewish groups call for UN to fire special rapporteur Albanese JNS Staff Francesca Albanese &#8220;must be immediately removed from her post if the U.N. is to salvage the modicum of its integrity that still remains,&#8221; said William Daroff, CEO of the Conference of Presidents of Major American Jewish Organizations. . Francesca Albanese, U.N. special rapporteur, [&hellip;]<\/p>\n","protected":false},"author":1,"featured_media":0,"comment_status":"closed","ping_status":"closed","sticky":false,"template":"","format":"standard","meta":[],"categories":[6],"tags":[26,24],"_links":{"self":[{"href":"https:\/\/www.reunion68.se\/index.php?rest_route=\/wp\/v2\/posts\/116372"}],"collection":[{"href":"https:\/\/www.reunion68.se\/index.php?rest_route=\/wp\/v2\/posts"}],"about":[{"href":"https:\/\/www.reunion68.se\/index.php?rest_route=\/wp\/v2\/types\/post"}],"author":[{"embeddable":true,"href":"https:\/\/www.reunion68.se\/index.php?rest_route=\/wp\/v2\/users\/1"}],"replies":[{"embeddable":true,"href":"https:\/\/www.reunion68.se\/index.php?rest_route=%2Fwp%2Fv2%2Fcomments&post=116372"}],"version-history":[{"count":13,"href":"https:\/\/www.reunion68.se\/index.php?rest_route=\/wp\/v2\/posts\/116372\/revisions"}],"predecessor-version":[{"id":116421,"href":"https:\/\/www.reunion68.se\/index.php?rest_route=\/wp\/v2\/posts\/116372\/revisions\/116421"}],"wp:attachment":[{"href":"https:\/\/www.reunion68.se\/index.php?rest_route=%2Fwp%2Fv2%2Fmedia&parent=116372"}],"wp:term":[{"taxonomy":"category","embeddable":true,"href":"https:\/\/www.reunion68.se\/index.php?rest_route=%2Fwp%2Fv2%2Fcategories&post=116372"},{"taxonomy":"post_tag","embeddable":true,"href":"https:\/\/www.reunion68.se\/index.php?rest_route=%2Fwp%2Fv2%2Ftags&post=116372"}],"curies":[{"name":"wp","href":"https:\/\/api.w.org\/{rel}","templated":true}]}}