{"id":116401,"date":"2024-10-19T17:09:54","date_gmt":"2024-10-19T15:09:54","guid":{"rendered":"http:\/\/www.reunion68.se\/?p=116401"},"modified":"2024-10-18T13:47:44","modified_gmt":"2024-10-18T11:47:44","slug":"19-09-102","status":"publish","type":"post","link":"https:\/\/www.reunion68.se\/?p=116401","title":{"rendered":"Dlaczego Arabowie \u015bwi\u0119tuj\u0105 \u015bmier\u0107 Hassana Nasrallaha"},"content":{"rendered":"<p style=\"text-align: center;\"><img decoding=\"async\" class=\"aligncenter\" src=\"https:\/\/www.gatestoneinstitute.org\/pics\/5173.jpg\" width=\"100%\" \/><span style=\"color: #808080;\"><em>Zabicie przyw\u00f3dcy Hezbollahu Hassana Nasrallaha pokaza\u0142o, \u017ce wielu Arab\u00f3w uwa\u017ca\u0142o go za wroga i arcyterroryst\u0119. Nasrallah by\u0142 odpowiedzialny za zabicie nie tylko wielu Izraelczyk\u00f3w, ale tak\u017ce wielu Arab\u00f3w, zw\u0142aszcza w Libanie i Syrii. Prawdopodobnie dlatego wiadomo\u015b\u0107 o wyeliminowaniu Nasrallaha zosta\u0142a przyj\u0119ta z rado\u015bci\u0105 przez wielu Izraelczyk\u00f3w i Arab\u00f3w. Na zdj\u0119ciu: Syryjczycy \u015bwi\u0119tuj\u0105 zabicie Nasrallaha na ulicach Idlib w Syrii, 28 wrze\u015bnia 2024 r. (Zdj\u0119cie: Muhammad Haj Kadour\/AFP via Getty Images)<\/em><\/span><\/p>\n<hr \/>\n<h5 style=\"text-align: center;\"><a href=\"https:\/\/pl.gatestoneinstitute.org\/\" target=\"_blank\" rel=\"noopener noreferrer\"><img decoding=\"async\" class=\"center alignleft\" src=\"https:\/\/pl.gatestoneinstitute.org\/images\/gatestone-logo-1000.gif\" alt=\"\" width=\"50%\" \/><\/a><span style=\"text-decoration: underline; color: #000080;\"><span><strong><a style=\"color: #000080; text-decoration: underline;\" href=\"https:\/\/pl.gatestoneinstitute.org\/21025\/dlaczego-arabowie-swietuja-smierc-hassana\" target=\"_blank\" rel=\"noopener noreferrer\">Dlaczego Arabowie \u015bwi\u0119tuj\u0105 \u015bmier\u0107 Hassana Nasrallaha<\/a><\/strong><\/span><\/span><\/h5>\n<p style=\"text-align: center;\"><span style=\"color: #000000;\"><strong>Bassam Tawil<\/p>\n<p><\/strong><span style=\"color: #808080;\"><em>T\u0142umaczenie: <\/em><\/span><strong>Ma\u0142gorzata Koraszewska<\/strong><\/span><\/p>\n<hr style=\"height: 15px; background: #d0e6fa; width: 100%;\" \/>\n<p style=\"text-align: left;\"><span style=\"color: #000080;\">Hassan Nasrallah, przyw\u00f3dca wspieranej przez Iran terrorystycznej grupy Hezbollah w Libanie, kt\u00f3ry zgin\u0105\u0142 w izraelskim ataku lotniczym 27 wrze\u015bnia, by\u0142 cz\u0119sto opisywany przez wielu na Zachodzie jako &#8220;<a style=\"color: #000080;\" href=\"https:\/\/themedialine.org\/top-stories\/hezbollah-is-an-army-israel-confronts-formidable-enemy-on-its-northern-border\/\" target=\"_blank\" rel=\"noopener noreferrer\">pot\u0119\u017cny wr\u00f3g<\/a>&#8221; Izraela. \u015amier\u0107 Nasrallaha pokaza\u0142a jednak, \u017ce wielu Arab\u00f3w, w tym niekt\u00f3rzy z jego wsp\u00f3\u0142obywateli liba\u0144skich, r\u00f3wnie\u017c uwa\u017ca\u0142o go za wroga i arcyterroryst\u0119. Przyw\u00f3dca Hezbollahu by\u0142\u00a0<a style=\"color: #000080;\" href=\"https:\/\/x.com\/FARED_ALHOR\/status\/1840176892084642007\" target=\"_blank\" rel=\"noopener noreferrer\">odpowiedzialny<\/a>\u00a0za zabicie nie tylko du\u017cej liczby Izraelczyk\u00f3w w ci\u0105gu ostatnich trzech dekad, ale tak\u017ce bardzo wielu Arab\u00f3w, szczeg\u00f3lnie w Libanie i Syrii.<\/span><\/p>\n<p style=\"text-align: left;\"><span style=\"color: #000080;\">To jest prawdopodobnie pow\u00f3d, dla kt\u00f3rego wiadomo\u015b\u0107 o wyeliminowaniu Nasrallaha zosta\u0142a przyj\u0119ta \u017cywio\u0142ow\u0105\u00a0<a style=\"color: #000080;\" href=\"https:\/\/x.com\/kaisos1987\/status\/1839769337990918228\" target=\"_blank\" rel=\"noopener noreferrer\">rado\u015bci\u0105<\/a>\u00a0przez wielu Izraelczyk\u00f3w i Arab\u00f3w.<\/span><\/p>\n<p style=\"text-align: left;\"><span style=\"color: #000080;\">Hezbollah od dawna jest sojusznikiem re\u017cimu Baas w Syrii, rz\u0105dzonego przez rodzin\u0119 Assad. Hezbollah pomaga\u0142 re\u017cimowi Baas podczas wojny domowej w Syrii w walce z syryjsk\u0105 opozycj\u0105, wspieran\u0105 przez USA.<\/span><\/p>\n<p style=\"text-align: left;\"><span style=\"color: #000080;\">Interwencja Hezbollahu w syryjskiej wojnie domowej, kt\u00f3ra wybuch\u0142a w 2011 r., odegra\u0142a kluczow\u0105 rol\u0119 w odzyskaniu przez re\u017cim kontroli nad kilkoma prowincjami Syrii, w tym Aleppo, i utrzymaniu w\u0142adzy pomimo powszechnego sprzeciwu. Dla wielu Syryjczyk\u00f3w, szczeg\u00f3lnie tych z teren\u00f3w kontrolowanych przez opozycj\u0119, takich jak Idlib, zaanga\u017cowanie Hezbollahu w wojn\u0119 jest synonimem ucisku i przemocy.<\/span><\/p>\n<p style=\"text-align: left;\"><span style=\"color: #000080;\">Pewien Syryjczyk\u00a0<a style=\"color: #000080;\" href=\"https:\/\/x.com\/muslimdaily_\/status\/1839768398479188419\" target=\"_blank\" rel=\"noopener noreferrer\">napisa\u0142<\/a>:<\/span><\/p>\n<blockquote><p><strong>&#8220;Jestem w\u0142a\u015bnie w Idlib, a Syryjczycy wychodz\u0105 na ulice, \u015bwi\u0119tuj\u0105c pog\u0142oski o \u015bmierci Nasrallaha, przyw\u00f3dcy Hezbollahu, znanego r\u00f3wnie\u017c jako Hezboszajtan [&#8220;partia szatana&#8221;]!<\/strong><\/p>\n<p><strong>Kilka dni temu Hezboszajtan zbombardowa\u0142 tutejsz\u0105 wiosk\u0119, dzi\u015b pochowali\u015bmy roczne dziecko i jego matk\u0119, kt\u00f3rzy zgin\u0119li&#8221;.<\/strong><\/p><\/blockquote>\n<p><span style=\"color: #000080;\">Syryjski dziennikarz Omar Madaniah zamie\u015bci\u0142 na X wideo przedstawiaj\u0105ce setki Syryjczyk\u00f3w na ulicach \u015bwi\u0119tuj\u0105cych \u015bmier\u0107 Nasrallaha, niekt\u00f3rzy z nich rozdaj\u0105 s\u0142odycze, i\u00a0<a style=\"color: #000080;\" href=\"https:\/\/x.com\/Omar_Madaniah\/status\/1839852207354560737\" target=\"_blank\" rel=\"noopener noreferrer\">skomentowa\u0142 te reakcje nast\u0119puj\u0105co<\/a>:<\/span><\/p>\n<blockquote><p><strong>&#8220;Hassan Nasrallah powinien pope\u0142ni\u0107 samob\u00f3jstwo, je\u015bli nie zgin\u0105\u0142, zw\u0142aszcza po tym, jak zobaczy\u0142 ogromn\u0105 rado\u015b\u0107 ludzi po us\u0142yszeniu wiadomo\u015bci o jego \u015bmierci.<\/strong><\/p>\n<p><strong>Zabijaj\u0105c setki tysi\u0119cy Syryjczyk\u00f3w, zdar\u0142 mask\u0119 &#8216;oporu&#8217; ze swojej paskudnej twarzy i nie by\u0142 ju\u017c w stanie jej ponownie za\u0142o\u017cy\u0107&#8221;.<\/strong><\/p><\/blockquote>\n<p><span style=\"color: #000080;\">Zdj\u0119cia i filmy kr\u0105\u017c\u0105ce w mediach spo\u0142eczno\u015bciowych przedstawia\u0142y syryjskie dzieci trzymaj\u0105ce transparenty wyra\u017caj\u0105ce wdzi\u0119czno\u015b\u0107 premierowi Izraela Benjaminowi Netanjahu za autoryzacj\u0119 likwidacji Nasrallaha. Na jednym z transparent\u00f3w widnia\u0142 napis: &#8220;Dzi\u0119kujemy, Netanjahu. Chcemy, \u017ceby\u015b wyeliminowa\u0142 zbrodniarza [prezydenta Syrii] Baszara Assada&#8221;. Na innych transparentach widnia\u0142 napis: &#8220;Dzi\u0119kujemy, Netanjahu. Sprawi\u0142e\u015b rado\u015b\u0107 dzieciom Syrii&#8221;.<\/span><\/p>\n<p><span style=\"color: #000080;\">W kolejnym\u00a0<a style=\"color: #000080;\" href=\"https:\/\/x.com\/JustLuai\/status\/1839774761494200584\" target=\"_blank\" rel=\"noopener noreferrer\">nagraniu wideo<\/a>\u00a0imam meczetu w Syrii og\u0142asza przez megafon: &#8220;Dzi\u0119ki Allahowi za \u015bmier\u0107 ciemi\u0119\u017ccy Hassana Nasrallaha&#8221;.<\/span><\/p>\n<p><span style=\"color: #000080;\">Izraelsko-liba\u0144ski chrze\u015bcijanin Jonathan Elkhoury\u00a0<a style=\"color: #000080;\" href=\"https:\/\/x.com\/Jonathan_Elk\/status\/1839770700527120639\" target=\"_blank\" rel=\"noopener noreferrer\">skomentowa\u0142<\/a>:<\/span><\/p>\n<blockquote>\n<p style=\"text-align: left;\"><strong>&#8220;Syryjczycy \u015bwi\u0119tuj\u0105 dzi\u015b wieczorem, rozdaj\u0105c baklaw\u0119 [ciastka] po wiadomo\u015bci, \u017ce Nasrallah mo\u017ce nie \u017cy\u0107.<\/strong><br \/>\n<strong>Nasrallah i Hezbollah wymordowali mieszka\u0144c\u00f3w Syrii, pomagaj\u0105c re\u017cimowi Assada zabija\u0107 w\u0142asnych ludzi.<\/strong><br \/>\n<strong>Izrael po prostu uszcz\u0119\u015bliwi\u0142 dzi\u015b wieczorem ca\u0142y Bliski Wsch\u00f3d&#8221;.<\/strong><\/p>\n<\/blockquote>\n<p><span style=\"color: #000080;\">W innym po\u015bcie na X, Elkhoury napisa\u0142:<\/span><\/p>\n<blockquote><p><strong>&#8220;Jako Liba\u0144czyk uwa\u017cam, \u017ce to jeden z najszcz\u0119\u015bliwszych dni w historii Libanu. Jako mieszkaniec Bliskiego Wschodu uwa\u017cam, \u017ce to jeden z najbardziej transformacyjnych dni dla Bliskiego Wschodu. Jako cz\u0142owiek, kt\u00f3ry marzy o pokoju, uwa\u017cam, \u017ce to najwa\u017cniejszy dzie\u0144 dla naszego regionu.<\/strong><\/p>\n<p><strong>Nasrallah i Hezbollah terroryzuj\u0105 nar\u00f3d liba\u0144ski od lat 80. Jest odpowiedzialny za trwaj\u0105cy upadek gospodarki i suwerenno\u015bci Libanu. Ponosi odpowiedzialno\u015b\u0107 za niezliczone zab\u00f3jstwa liba\u0144skich m\u0119\u017cczyzn i kobiet, wy\u0142\u0105cznie za sprzeciwianie si\u0119 jego w\u0142adzy nad naszym cennym krajem.<\/strong><\/p>\n<p><strong>Nasrallah jest r\u00f3wnie\u017c odpowiedzialny za rze\u017a tysi\u0119cy syryjskich dzieci, kobiet i m\u0119\u017cczyzn, a tak\u017ce za inne okrucie\u0144stwa na Bliskim Wschodzie.<\/strong><\/p>\n<p><strong>Ka\u017cdy Liba\u0144czyk i ka\u017cdy przyzwoity cz\u0142owiek powinien odczuwa\u0107 rado\u015b\u0107 z upadku jednego z najwi\u0119kszych szerzycieli z\u0142a w naszych czasach.<\/strong><\/p>\n<p><strong>Teraz mamy prawdziw\u0105 szans\u0119, by spojrze\u0107 w przysz\u0142o\u015b\u0107, zapewni\u0107 przekazanie broni Hezbollahu w\u0142adzom liba\u0144skim i usi\u0105\u015b\u0107 z Izraelczykami i Zachodem do prawdziwych negocjacji w sprawie normalizacji i pokoju mi\u0119dzy naszymi krajami \u2013 Izraelem i Libanem&#8221;.<\/strong><\/p><\/blockquote>\n<p><span style=\"color: #000080;\">Amjad Taha, ekspert ds. polityki strategicznej ze Zjednoczonych Emirat\u00f3w Arabskich,\u00a0<a style=\"color: #000080;\" href=\"https:\/\/x.com\/amjadt25\/status\/1839943492518162762\" target=\"_blank\" rel=\"noopener noreferrer\">pochwali\u0142<\/a>\u00a0Izrael za zlikwidowanie przyw\u00f3dcy Hezbollahu:<\/span><\/p>\n<blockquote><p><strong>&#8220;Dzisiejszy poranek nastaje bez Nasrallaha, przyw\u00f3dcy Hezbollahu, kt\u00f3ry nie rzuca ju\u017c cienia na Liban. Jakie radosne popo\u0142udnie! Wczesne Weso\u0142e Bo\u017ce Narodzenie i Chanuka rozbrzmiewaj\u0105 w powietrzu. Naprawd\u0119 historyczny dzie\u0144 \u2014 taki, kt\u00f3ry nape\u0142nia serce dum\u0105. Dobra robota, Izraelu \u2014 szczerze i na zawsze. Dzi\u015b Bliski Wsch\u00f3d obejmuje nowe \u015bwiat\u0142o, a Izrael jest w sercu jasnej i pi\u0119knej przysz\u0142o\u015bci. Izrael zwyci\u0119\u017cy\u0142, a jego wrogowie znikaj\u0105, teraz i na zawsze. 7 pa\u017adziernika jest \u015bwiadectwem: odwa\u017cyli\u015bcie si\u0119, a teraz oni nie odwa\u017c\u0105 si\u0119 ju\u017c wi\u0119cej. [Przyw\u00f3dco Hamasu Jahjo] Sinwarze, b\u0119dziesz nast\u0119pny&#8221;.<\/strong><\/p><\/blockquote>\n<p><span style=\"color: #000080;\">W innym po\u015bcie na X, Taha\u00a0<a style=\"color: #000080;\" href=\"https:\/\/x.com\/amjadt25\/status\/1840152001579040988\" target=\"_blank\" rel=\"noopener noreferrer\">napisa\u0142<\/a>\u00a0do swoich 571 tysi\u0119cy obserwuj\u0105cych:<\/span><\/p>\n<blockquote><p><strong>&#8220;Przeka\u017c dalej, je\u015bli nadal \u015bwi\u0119tujesz. Polub, je\u015bli zastanawiasz si\u0119, kt\u00f3r\u0105 cz\u0119\u015b\u0107 brudnego terrorysty chowaj\u0105. Szczerze m\u00f3wi\u0105c, Liban powinien wrzuci\u0107 Nasrallaha do morza, tak jak USA zrobi\u0142y to z Bin Ladenem \u2014 \u017cadna ziemia nie zas\u0142uguje na takie brudy. Chocia\u017c, wsp\u00f3\u0142czuj\u0119 rybom. Macie jakie\u015b pomys\u0142y?&#8221;<\/strong><\/p><\/blockquote>\n<p><span style=\"color: #000080;\">Kareem Rifai, kt\u00f3ry okre\u015bla siebie jako &#8220;syryjskiego Czerkiesa, zwolennika antyautorytaryzmu&#8221;,\u00a0<a style=\"color: #000080;\" href=\"https:\/\/x.com\/KareemRifai\/status\/1839803108945179064\" target=\"_blank\" rel=\"noopener noreferrer\">tak skomentowa\u0142<\/a>\u00a0\u015bwi\u0119towanie w swoim kraju po \u015bmierci Nasrallaha:<\/span><\/p>\n<blockquote><p><strong>&#8220;Ostatni raz widzieli\u015bmy Wolnych Syryjczyk\u00f3w \u015bwi\u0119tuj\u0105cych w ten spos\u00f3b po katastrofie helikoptera [prezydenta Iranu Ebrahima] Raisiego \u2014 ale reakcja na Nasrallaha dzi\u015b wieczorem jest jeszcze bardziej entuzjastyczna&#8221;.<\/strong><\/p><\/blockquote>\n<p><span style=\"color: #000080;\">R\u00f3wnie\u017c wielu Liba\u0144czyk\u00f3w wyrazi\u0142o rado\u015b\u0107 ze \u015bmierci Nasrallaha, kt\u00f3rego uwa\u017caj\u0105\u00a0<a style=\"color: #000080;\" href=\"https:\/\/x.com\/AhlamZW\/status\/1840002139755614674\" target=\"_blank\" rel=\"noopener noreferrer\">za odpowiedzialnego<\/a>\u00a0za zab\u00f3jstwo kilku polityk\u00f3w swojego kraju, w tym by\u0142ego premiera Rafica Haririego, kt\u00f3ry zgin\u0105\u0142 w wyniku wybuchu bomby samochodowej w Bejrucie w 2005 r. Zesp\u00f3\u0142 \u015bledczy ONZ znalaz\u0142 dowody na odpowiedzialno\u015b\u0107 Hezbollahu za zab\u00f3jstwo Haririego. Wspierany przez ONZ trybuna\u0142 wyda\u0142 cztery nakazy aresztowania cz\u0142onk\u00f3w Hezbollahu.<\/span><\/p>\n<p><span style=\"color: #000080;\">Niekt\u00f3rzy Liba\u0144czycy uwa\u017caj\u0105, \u017ce likwidacja Nasrallaha daje ich krajowi szans\u0119 na zako\u0144czenie statusu Hezbollahu pa\u0144stwa w pa\u0144stwie w ich kraju. Liba\u0144ski publicysta Nadim Koteich napisa\u0142:<\/span><\/p>\n<blockquote><p><strong>&#8220;Najniebezpieczniejsz\u0105 rzecz\u0105 dla Libanu nie jest dzi\u015b odej\u015bcie Hassana Nasrallaha ze sceny. Najniebezpieczniejsz\u0105 rzecz\u0105, z kt\u00f3r\u0105 Liban mierzy si\u0119 dzi\u015b, jest nieobecno\u015b\u0107 Pa\u0144stwa Liba\u0144skiego. Wzywam do zwo\u0142ania nadzwyczajnego spotkania wszystkich liba\u0144skich przyw\u00f3dc\u00f3w w celu om\u00f3wienia jednostronnego zawieszenia broni w celu uratowania Libanu. Wzywam armi\u0119 liba\u0144sk\u0105 do przywr\u00f3cenia prawa i porz\u0105dku&#8221;.<\/strong><\/p><\/blockquote>\n<p><span style=\"color: #000080;\">Liba\u0144ski u\u017cytkownik medi\u00f3w spo\u0142eczno\u015bciowych, JannatM,\u00a0<a style=\"color: #000080;\" href=\"https:\/\/x.com\/Jannat_Mo1\/status\/1840289544605716871\" target=\"_blank\" rel=\"noopener noreferrer\">wezwa\u0142<\/a>\u00a0wszystkich Liba\u0144czyk\u00f3w, aby domagali si\u0119 zako\u0144czenia panowania Hezbollahu nad Libanem po obaleniu Nasrallaha:<\/span><\/p>\n<blockquote><p><strong>&#8220;Liba\u0144czycy za granic\u0105 musz\u0105 wyj\u015b\u0107 na ulice przed swoimi ambasadami i pokojowo wyrazi\u0107 sprzeciw wobec Hezbollahu i obecnego rz\u0105du, domagaj\u0105c si\u0119 rz\u0105du, kt\u00f3ry b\u0119dzie ich reprezentowa\u0142.<\/strong><\/p>\n<p><strong>Ruszcie si\u0119.<\/strong><\/p>\n<p><strong>Nie przegapcie tej okazji.<\/strong><\/p>\n<p><strong>Nawet je\u015bli nie stanie si\u0119 to teraz, \u015bwiat b\u0119dzie wiedzia\u0142, \u017ce wasz kraj jest porwany [przez Hezbollah]&#8221;.<\/strong><\/p><\/blockquote>\n<p><span style=\"color: #000080;\">Wszyscy studenci na ameryka\u0144skich kampusach uniwersyteckich, kt\u00f3rzy protestowali przeciwko wojnie Izraela z ira\u0144skimi terrorystami, takimi jak Hezbollah i Hamas, powinni us\u0142ysze\u0107 g\u0142osy tych Arab\u00f3w. G\u0142osy te pokazuj\u0105, jak wielu Arab\u00f3w r\u00f3wnie\u017c zosta\u0142o skrzywdzonych przez terroryzm i jak bardzo pragn\u0105 lepszej przysz\u0142o\u015bci dla swoich dzieci i swojego ludu. G\u0142osy te pokazuj\u0105 r\u00f3wnie\u017c, \u017ce w wojnie z islamistycznym terroryzmem coraz wi\u0119ksza liczba Arab\u00f3w uwa\u017ca Izrael za sojusznika.<\/span><\/p>\n<hr \/>\n<p><span style=\"color: #808080;\"><i><strong>Bassam Tawil<\/strong> \u2013 muzu\u0142ma\u0144ski badacz i publicysta mieszkaj\u0105cy na Bliskim Wschodzie.<\/i><\/span><\/p>\n<hr style=\"height: 15px; background: #d0e6fa; width: 100%;\" \/>\n<div id=\"content\" class=\"content-alignment\">\n<div id=\"watch-description\" class=\"yt-uix-button-panel\">\n<div id=\"watch-description-text\" style=\"text-align: center;\">\n<p><em>Zawarto\u015b\u0107 publikowanych artyku\u0142\u00f3w i materia\u0142\u00f3w nie reprezentuje pogl\u0105d\u00f3w ani opinii Reunion&#8217;68,<\/em><em><br \/>\nani te\u017c webmastera Blogu Reunion&#8217;68, chyba ze jest to wyra\u017anie zaznaczone.<br \/>\nTwoje uwagi, linki, w\u0142asne artyku\u0142y lub wiadomo\u015bci prze\u015blij na adres:<br \/>\n<\/em><span style=\"color: #000080;\"><strong><em><a style=\"color: #000080;\" href=\"mailto:webmaster@reunion68.com\"><span style=\"text-decoration: underline;\">webmaster@reunion68.com<\/span><\/a><\/em><\/strong><\/span><\/p>\n<\/div>\n<\/div>\n<\/div>\n<hr style=\"width: 100%;\" \/>\n","protected":false},"excerpt":{"rendered":"<p>Zabicie przyw\u00f3dcy Hezbollahu Hassana Nasrallaha pokaza\u0142o, \u017ce wielu Arab\u00f3w uwa\u017ca\u0142o go za wroga i arcyterroryst\u0119. Nasrallah by\u0142 odpowiedzialny za zabicie nie tylko wielu Izraelczyk\u00f3w, ale tak\u017ce wielu Arab\u00f3w, zw\u0142aszcza w Libanie i Syrii. Prawdopodobnie dlatego wiadomo\u015b\u0107 o wyeliminowaniu Nasrallaha zosta\u0142a przyj\u0119ta z rado\u015bci\u0105 przez wielu Izraelczyk\u00f3w i Arab\u00f3w. Na zdj\u0119ciu: Syryjczycy \u015bwi\u0119tuj\u0105 zabicie Nasrallaha na [&hellip;]<\/p>\n","protected":false},"author":1,"featured_media":0,"comment_status":"closed","ping_status":"closed","sticky":false,"template":"","format":"standard","meta":[],"categories":[6],"tags":[26,24],"_links":{"self":[{"href":"https:\/\/www.reunion68.se\/index.php?rest_route=\/wp\/v2\/posts\/116401"}],"collection":[{"href":"https:\/\/www.reunion68.se\/index.php?rest_route=\/wp\/v2\/posts"}],"about":[{"href":"https:\/\/www.reunion68.se\/index.php?rest_route=\/wp\/v2\/types\/post"}],"author":[{"embeddable":true,"href":"https:\/\/www.reunion68.se\/index.php?rest_route=\/wp\/v2\/users\/1"}],"replies":[{"embeddable":true,"href":"https:\/\/www.reunion68.se\/index.php?rest_route=%2Fwp%2Fv2%2Fcomments&post=116401"}],"version-history":[{"count":4,"href":"https:\/\/www.reunion68.se\/index.php?rest_route=\/wp\/v2\/posts\/116401\/revisions"}],"predecessor-version":[{"id":116410,"href":"https:\/\/www.reunion68.se\/index.php?rest_route=\/wp\/v2\/posts\/116401\/revisions\/116410"}],"wp:attachment":[{"href":"https:\/\/www.reunion68.se\/index.php?rest_route=%2Fwp%2Fv2%2Fmedia&parent=116401"}],"wp:term":[{"taxonomy":"category","embeddable":true,"href":"https:\/\/www.reunion68.se\/index.php?rest_route=%2Fwp%2Fv2%2Fcategories&post=116401"},{"taxonomy":"post_tag","embeddable":true,"href":"https:\/\/www.reunion68.se\/index.php?rest_route=%2Fwp%2Fv2%2Ftags&post=116401"}],"curies":[{"name":"wp","href":"https:\/\/api.w.org\/{rel}","templated":true}]}}