{"id":116405,"date":"2024-10-19T17:00:49","date_gmt":"2024-10-19T15:00:49","guid":{"rendered":"http:\/\/www.reunion68.se\/?p=116405"},"modified":"2024-10-19T09:22:31","modified_gmt":"2024-10-19T07:22:31","slug":"19-00-93","status":"publish","type":"post","link":"https:\/\/www.reunion68.se\/?p=116405","title":{"rendered":"Author Slams Amazon for Canceling Talk to Jewish Employees, Having Anti-Israel Rapper Macklemore Address Staffers"},"content":{"rendered":"<h5 style=\"text-align: center;\"><a href=\"https:\/\/www.algemeiner.com\/\" target=\"_blank\" rel=\"noopener noreferrer\"><img decoding=\"async\" class=\"center alignleft\" src=\"http:\/\/www.reunion68.com\/Biuletyn\/img\/algem.png\" alt=\"\" width=\"35%\" \/><\/a><span style=\"text-decoration: underline; color: #000080;\"><span><strong><a style=\"color: #000080; text-decoration: underline;\" href=\"https:\/\/www.algemeiner.com\/2024\/10\/16\/author-slams-amazon-canceling-talk-jewish-employees-having-anti-israel-rapper-macklemore-address-staffers\/\" target=\"_blank\" rel=\"noopener noreferrer\">Author Slams Amazon for Canceling Talk to Jewish Employees, Having Anti-Israel Rapper Macklemore Address Staffers<\/a><\/strong><\/span><\/span><\/h5>\n<p style=\"text-align: center;\"><span style=\"color: #000000;\"><strong>Shiryn Ghermezian<\/strong><\/span><\/p>\n<hr style=\"height: 15px; background: #d0e6fa; width: 100%;\" \/>\n<p style=\"text-align: center;\"><img decoding=\"async\" class=\"aligncenter\" src=\"https:\/\/www.algemeiner.com\/wp-content\/uploads\/2021\/04\/2021-04-21T123712Z_1_LYNXMPEH3K0XY_RTROPTP_4_AMAZON-COM-UNION-1.jpg\" width=\"100%\" \/><span style=\"color: #808080;\"><em>The Amazon logo is seen at the Young Entrepreneurs fair in Paris, France, Feb. 7, 2018. Photo: REUTERS\/Charles Platiau<\/em><\/span><\/p>\n<p style=\"text-align: left;\"><span style=\"color: #000080;\">Amazon has come under fire for a second time this week, and the most recent controversy involves a Jewish activist who accused the e-commerce giant of having a \u201cbig, giant Jewish problem\u201d for allegedly canceling her talk to company employees but allowing anti-Israel rapper Macklemore to address staffers.<\/span><\/p>\n<div class=\"x9f619 xjbqb8w x168nmei x13lgxp2 x5pf9jr xo71vjh x1uhb9sk x1plvlek xryxfnj x1c4vz4f x2lah0s x1q0g3np xqjyukv x1oa3qoh x6s0dn4 x1amjocr x78zum5 xl56j7k\" style=\"text-align: left;\">\n<p><span class=\"x1lliihq x1plvlek xryxfnj x1n2onr6 x1ji0vk5 x18bv5gf x193iq5w xeuugli x1fj9vlw x13faqbe x1vvkbs x1s928wv xhkezso x1gmr53x x1cpjm7i x1fgarty x1943h6x x1i0vuye xvs91rp x1s688f x5n08af x10wh9bi x1wdrske x8viiok x18hxmgj\" dir=\"auto\" style=\"color: #000080;\">Best-selling author and renowned speaker Samantha Ettus revealed in an Instagram\u00a0<a style=\"color: #000080;\" href=\"https:\/\/www.instagram.com\/p\/DBHo8PPSUuX\/\" target=\"_blank\" rel=\"noopener noreferrer\">video<\/a>\u00a0on Tuesday that she was invited by Amazon a few months ago to speak to an unofficial group of Jewish employees at the company. However, her talk was eventually canceled because the human resources department at Amazon decided she was \u201ctoo controversial,\u201d said the Harvard graduate and former\u00a0<a style=\"color: #000080;\" href=\"https:\/\/www.youtube.com\/watch?v=7Ue9JMPc48s\" target=\"_blank\" rel=\"noopener noreferrer\">TED Talk speaker.<\/a>\u00a0<\/span><\/p>\n<p><span class=\"x1lliihq x1plvlek xryxfnj x1n2onr6 x1ji0vk5 x18bv5gf x193iq5w xeuugli x1fj9vlw x13faqbe x1vvkbs x1s928wv xhkezso x1gmr53x x1cpjm7i x1fgarty x1943h6x x1i0vuye xvs91rp x1s688f x5n08af x10wh9bi x1wdrske x8viiok x18hxmgj\" dir=\"auto\" style=\"color: #000080;\">A few months later, Ettus explained, Amazon invited Macklemore to speak to employees, reportedly at an official seminar for Amazon employees who are suffering from addiction or in recovery, in honor of September being National Recovery Month.\u00a0<\/span><\/p>\n<p><span style=\"color: #000080;\">The \u201cHind\u2019s Hall\u201d singer has publicly spoken about his alcohol and drug addiction, but has also publicly accused Israel numerous times of committing a \u201cgenocide\u201d of Palestinians during the Jewish state\u2019s ongoing war with Hamas terrorists, which began after last year\u2019s Oct. 7 massacre in Israel. Hamas-led terrorists murdered 1,200 people in southern Israel and took over 250 hostages, including Amazon employee\u00a0<a style=\"color: #000080;\" href=\"https:\/\/www.algemeiner.com\/2024\/05\/30\/palestinian-islamic-jihad-releases-second-video-israeli-hostage-sasha-troufanov\/\" target=\"_blank\" rel=\"noopener noreferrer\">Alexander Trufanov, who remains in captivity<\/a>. Amazon has so far not publicly commented on Trufanov\u2019s kidnapping.<\/span><\/p>\n<p><span style=\"color: #000080;\">Macklemore accused Israel of \u201cgenocide\u201d when he performed at a \u201cPalestine Will Live Forever\u201d\u00a0<a style=\"color: #000080;\" href=\"https:\/\/www.algemeiner.com\/2024\/09\/26\/macklemore-clarifies-f-k-america-comment-while-further-accusing-israel-genocide\/\" target=\"_blank\" rel=\"noopener noreferrer\">benefit concert<\/a>\u00a0last month, which took place just weeks after his pre-taped, Zoom seminar for Amazon employees, according to the\u00a0<em>New York Post<\/em>.<\/span><\/p>\n<\/div>\n<div>\n<p style=\"text-align: left;\"><span style=\"color: #000080;\">\u201cDespite the Jewish people\u2019s pleas that this is an antisemite, you can\u2019t have him speak, the employees are up in arms, [Macklemore] is allowed to speak,\u201d Ettus said in her Instagram video. \u201cSo Macklemore is not controversial but I am \u2026 Amazon, you have a huge Jewish problem. What are you going to do about it?\u201d<\/span><\/p>\n<p style=\"text-align: left;\"><span style=\"color: #000080;\">An Amazon spokesperson responded to Ettus\u2019s accusations on Wednesday in a statement to\u00a0<em>The Algemeiner<\/em>.<\/span><\/p>\n<p style=\"text-align: left;\"><span style=\"color: #000080;\">\u201cMany of these assertions lack important context, and it\u2019s inaccurate and misleading to suggest we tolerate hostility in our workplace,\u201d the spokesperson said. \u201cWe realize this has been a difficult time for many, and we remain focused on supporting all of our employees.\u201d<\/span><\/p>\n<p style=\"text-align: left;\"><span style=\"color: #000080;\">Ettus shared the news the same week that\u00a0<a style=\"color: #000080;\" href=\"https:\/\/www.algemeiner.com\/2024\/10\/15\/amazon-deletes-promo-video-executive-wearing-necklace-featuring-palestinian-flag-over-israel\/\" target=\"_blank\" rel=\"noopener noreferrer\">Amazon executive<\/a>\u00a0Dr. Ruba Borno appeared in a promotional video for the company wearing a pendant in the shape of Israel that had a Palestinian flag imposed on top. Amazon has since deleted the video but not before the company faced backlash from social media users, who called the video \u201cdisappointing and insulting\u201d to Jews, threatened to cancel their Prime subscriptions, and called for Borno\u2019s firing.<\/span><\/p>\n<p style=\"text-align: left;\"><span style=\"color: #000080;\">Ettus has a Substack called \u201cThe Jewsletter\u201d and launched a campaign called New Voices, in which non-Jewish and Jewish celebrities and influencers, including Cindy Crawford and Kevin Nealon, draw awareness to antisemitism. Ettus also co-produced the documentary \u201cPrimal Fear: Jews Under Siege.\u201d<\/span><\/p>\n<p style=\"text-align: left;\"><span style=\"color: #000080;\">She claimed in her Instagram video on Tuesday that Jewish employees at Amazon have been denied the right to form their own employee resource group, also known as an affinity group, even though the company has\u00a0<a style=\"color: #000080;\" href=\"https:\/\/www.aboutamazon.com\/affinity-groups\" target=\"_blank\" rel=\"noopener noreferrer\">13 such groups already<\/a>, including ones representing Asians, women, military veterans, people with disabilities, Latinos, indigenous workers, and members of the LGBTQ+ community. Amazon \u201crefuses to officially acknowledge\u201d Jews and allow them to create an affinity group for themselves because the company believes Jews are \u201ca religion [and] not an ethnicity,\u201d Ettus claimed.<\/span><\/p>\n<\/div>\n<hr style=\"height: 15px; background: #d0e6fa; width: 100%;\" \/>\n<div id=\"content\" class=\"content-alignment\">\n<div id=\"watch-description\" class=\"yt-uix-button-panel\">\n<div id=\"watch-description-text\" style=\"text-align: center;\">\n<p><em>Zawarto\u015b\u0107 publikowanych artyku\u0142\u00f3w i materia\u0142\u00f3w nie reprezentuje pogl\u0105d\u00f3w ani opinii Reunion&#8217;68,<\/em><em><br \/>\nani te\u017c webmastera Blogu Reunion&#8217;68, chyba ze jest to wyra\u017anie zaznaczone.<br \/>\nTwoje uwagi, linki, w\u0142asne artyku\u0142y lub wiadomo\u015bci prze\u015blij na adres:<br \/>\n<\/em><span style=\"color: #000080;\"><strong><em><a style=\"color: #000080;\" href=\"mailto:webmaster@reunion68.com\"><span style=\"text-decoration: underline;\">webmaster@reunion68.com<\/span><\/a><\/em><\/strong><\/span><\/p>\n<\/div>\n<\/div>\n<\/div>\n<hr style=\"width: 100%;\" \/>\n","protected":false},"excerpt":{"rendered":"<p>Author Slams Amazon for Canceling Talk to Jewish Employees, Having Anti-Israel Rapper Macklemore Address Staffers Shiryn Ghermezian The Amazon logo is seen at the Young Entrepreneurs fair in Paris, France, Feb. 7, 2018. Photo: REUTERS\/Charles Platiau Amazon has come under fire for a second time this week, and the most recent controversy involves a Jewish [&hellip;]<\/p>\n","protected":false},"author":1,"featured_media":0,"comment_status":"closed","ping_status":"closed","sticky":false,"template":"","format":"standard","meta":[],"categories":[6],"tags":[26,24],"_links":{"self":[{"href":"https:\/\/www.reunion68.se\/index.php?rest_route=\/wp\/v2\/posts\/116405"}],"collection":[{"href":"https:\/\/www.reunion68.se\/index.php?rest_route=\/wp\/v2\/posts"}],"about":[{"href":"https:\/\/www.reunion68.se\/index.php?rest_route=\/wp\/v2\/types\/post"}],"author":[{"embeddable":true,"href":"https:\/\/www.reunion68.se\/index.php?rest_route=\/wp\/v2\/users\/1"}],"replies":[{"embeddable":true,"href":"https:\/\/www.reunion68.se\/index.php?rest_route=%2Fwp%2Fv2%2Fcomments&post=116405"}],"version-history":[{"count":4,"href":"https:\/\/www.reunion68.se\/index.php?rest_route=\/wp\/v2\/posts\/116405\/revisions"}],"predecessor-version":[{"id":116443,"href":"https:\/\/www.reunion68.se\/index.php?rest_route=\/wp\/v2\/posts\/116405\/revisions\/116443"}],"wp:attachment":[{"href":"https:\/\/www.reunion68.se\/index.php?rest_route=%2Fwp%2Fv2%2Fmedia&parent=116405"}],"wp:term":[{"taxonomy":"category","embeddable":true,"href":"https:\/\/www.reunion68.se\/index.php?rest_route=%2Fwp%2Fv2%2Fcategories&post=116405"},{"taxonomy":"post_tag","embeddable":true,"href":"https:\/\/www.reunion68.se\/index.php?rest_route=%2Fwp%2Fv2%2Ftags&post=116405"}],"curies":[{"name":"wp","href":"https:\/\/api.w.org\/{rel}","templated":true}]}}