{"id":116432,"date":"2024-10-22T17:05:12","date_gmt":"2024-10-22T15:05:12","guid":{"rendered":"http:\/\/www.reunion68.se\/?p=116432"},"modified":"2024-10-21T11:35:01","modified_gmt":"2024-10-21T09:35:01","slug":"21-00-100","status":"publish","type":"post","link":"https:\/\/www.reunion68.se\/?p=116432","title":{"rendered":"Teen trip to Poland, Israel puts young leaders face to face with Jewish history"},"content":{"rendered":"<h5 style=\"text-align: center;\"><a href=\"https:\/\/www.jns.org\/\" target=\"_blank\" rel=\"noopener noreferrer\"><img decoding=\"async\" class=\"center alignleft\" src=\"http:\/\/www.reunion68.com\/Biuletyn\/img\/jns-1.png\" alt=\"\" width=\"35%\"><\/a><span style=\"text-decoration: underline; color: #000080;\"><strong><a style=\"color: #000080; text-decoration: underline;\" href=\"https:\/\/www.jns.org\/teen-trip-to-poland-israel-puts-young-leaders-face-to-face-with-jewish-history\/\" target=\"_blank\" rel=\"noopener noreferrer\">Teen trip to Poland, Israel puts young leaders face to face with Jewish history<\/a><\/strong><\/span><\/h5>\n<p style=\"text-align: center;\"><span style=\"color: #000000;\"><strong>World News<\/strong><\/span><\/p>\n<hr style=\"height: 15px; background: #d0e6fa; width: 100%;\">\n<div>\n<h4 class=\"article-underline\" style=\"text-align: center;\"><strong>\u201cThis trip showed us the harsh reality unfiltered,\u201d said 16-year-old Jesse Goldberg of Chicago.<\/strong><\/h4>\n<\/div>\n<p style=\"text-align: center;\">.<br \/>\n<img decoding=\"async\" class=\"attachment-large size-large wp-post-image aligncenter\" title=\"A group of 25 Jewish teens toured Poland and Israel to learn about Jewish history and traditions, as well as past and present antisemitism, to help combat future bigotry, July 9-23, 2024. Photo by Isaac Mintz.\" src=\"https:\/\/cdn.jns.org\/uploads\/2024\/08\/Teen-Summer-Program-to-Poland-2-1320x880.jpeg\" alt=\"A group of 25 Jewish teens toured Poland and Israel to learn about Jewish history and traditions, as well as past and present antisemitism, to help combat future bigotry, July 9-23, 2024. Photo by Isaac Mintz.\" width=\"100%\"><span style=\"color: #808080;\"><em>A group of 25 Jewish teens toured Poland and Israel to learn about Jewish history and traditions, as well as past and present antisemitism, to help combat future bigotry, July 9-23, 2024. Photo by Isaac Mintz.<\/em><\/span><\/p>\n<p class=\"wp-block-paragraph\" style=\"text-align: left;\"><span style=\"color: #000080;\">Twenty-five Jewish teens from around the world traveled through Poland and Israel this summer as part of a CTeen Heritage Quest designed to connect young Jews with their history and traditions.<\/span><\/p>\n<p class=\"wp-block-paragraph\" style=\"text-align: left;\"><span style=\"color: #000080;\">The group visited significant Jewish sites, including the Warsaw Ghetto, Auschwitz concentration camp and the historic synagogues of Krakow.<\/span><\/p>\n<p class=\"wp-block-paragraph\" style=\"text-align: left;\"><span style=\"color: #000080;\">For 16-year-old&nbsp;Jesse Goldberg of Chicago, the experience was eye-opening. \u201cI grew up hearing stories from Holocaust survivors in Chicago, but they were just stories,\u201d he said. \u201cThis trip showed us the harsh reality unfiltered.\u201d<\/span><\/p>\n<p class=\"wp-block-paragraph\" style=\"text-align: left;\"><span style=\"color: #000080;\">He explained that his motivation to join the trip stemmed from a drive to understand his roots. His great-grandfather, \u201cZaide Goodman,\u201d was born in Germany before fleeing to Belgium for safety. Eventually, as the Nazis invaded Belgium in 1940, family members scattered\u2014one joined the French resistance, while others went into hiding. Many survived, some finding work in a Volkswagen factory.<\/span><\/p>\n<p style=\"text-align: center;\">\n<img decoding=\"async\" class=\"wp-image-441127 aligncenter\" src=\"https:\/\/cdn.jns.org\/uploads\/2024\/08\/Teen-Summer-Program-to-Poland-3.jpeg\" alt=\"Teen Summer Program to Poland and Israel\" width=\"100%\"><span style=\"color: #808080;\"><em>A group of 25 Jewish teens toured Poland and Israel to learn about Jewish history and traditions, as well as past and present antisemitism, to help combat future bigotry, July 9-23, 2024. Photo by Isaac Mintz.<\/em><\/span><\/p>\n<p class=\"wp-block-paragraph\" style=\"text-align: left;\"><span style=\"color: #000080;\">Rabbi&nbsp;Mendy Lepkivker, coordinator of CTeen summer experience, which took place from July 9-23, said that \u201cone of the most pivotal moments of the trip is flying from Poland, with the horrors of the Holocaust fresh in participants\u2019 minds, straight to Israel, where the first stop is not the hotel, but the Kotel\u201d\u2014the &nbsp;Western Wall in Jerusalem.<\/span><\/p>\n<p class=\"wp-block-paragraph\" style=\"text-align: left;\"><span style=\"color: #000080;\">\u201cGoing straight to the holiest place in the world brings home this message viscerally,\u201d he added.<\/span><\/p>\n<p class=\"wp-block-paragraph\" style=\"text-align: left;\"><span style=\"color: #000080;\">In addition to requisite sight-seeing, this year\u2019s Heritage Quest culminated in a mission to Israel with a schedule that included volunteering; packing meals for Israelis in need at Colel Chabad, Israel\u2019s oldest charity, established in 1788; connecting with Israeli soldiers on the front lines; and working at a greenhouse in southern Israel, the region most affected by the current war.<\/span><\/p>\n<p style=\"text-align: center;\">\n<img decoding=\"async\" class=\"wp-image-441128 aligncenter\" src=\"https:\/\/cdn.jns.org\/uploads\/2024\/08\/Teen-Summer-Program-to-Poland-4.jpeg\" alt=\"Teen Summer Program to Poland and Israel\" width=\"100%\"><span style=\"color: #808080;\"><em>A group of 25 Jewish teens toured Poland and Israel to learn about Jewish history and traditions, as well as past and present antisemitism, to help combat future bigotry, July 9-23, 2024. Photo by Isaac Mintz.<\/em><\/span><\/p>\n<p class=\"wp-block-paragraph\" style=\"text-align: left;\"><span style=\"color: #000080;\">\u201cThis trip hasn\u2019t changed my perspective on my Jewish heritage, it\u2019s only strengthened what I already knew. I saw where my great-uncles and aunts suffered in Auschwitz, and their memorial plaques in Yad Vashem,\u201d said Goldberg.<\/span><\/p>\n<p class=\"wp-block-paragraph\" style=\"text-align: left;\"><span style=\"color: #000080;\">\u201cI saw the destruction caused by our current enemies,\u201d he added. \u201cAnd yet I stand here with my new brothers, proudly in Israel, because the Jewish people and goodness will always prevail. Am Yisrael Chai.\u201d<\/span><\/p>\n<p style=\"text-align: center;\"><img decoding=\"async\" class=\"wp-image-441125 aligncenter\" src=\"https:\/\/cdn.jns.org\/uploads\/2024\/08\/Teen-Summer-Program-to-Poland-1-1320x880.jpeg\" alt=\"Teen Summer Program to Poland and Israel\" width=\"100%\"><span style=\"color: #808080;\"><em>A group of 25 Jewish teens toured Poland and Israel to learn about Jewish history and traditions, as well as past and present antisemitism, to help combat future bigotry, July 9-23, 2024. Photo by Isaac Mintz.<\/em><\/span><\/p>\n<p>.<br \/>\n<img decoding=\"async\" class=\"wp-image-441129 aligncenter\" src=\"https:\/\/cdn.jns.org\/uploads\/2024\/08\/Teen-Summer-Program-to-Poland-5.jpeg\" alt=\"Teen Summer Program to Poland and Israel\" width=\"100%\"><span style=\"color: #808080;\"><em>A group of 25 Jewish teens toured Poland and Israel to learn about Jewish history and traditions, as well as past and present antisemitism, to help combat future bigotry, July 9-23, 2024. Photo by Isaac Mintz.<\/em><\/span><\/p>\n<hr style=\"height: 15px; background: #d0e6fa; width: 100%;\">\n<div id=\"content\" class=\"content-alignment\">\n<div id=\"watch-description\" class=\"yt-uix-button-panel\">\n<div id=\"watch-description-text\" style=\"text-align: center;\">\n<p><em>Zawarto\u015b\u0107 publikowanych artyku\u0142\u00f3w i materia\u0142\u00f3w nie reprezentuje pogl\u0105d\u00f3w ani opinii Reunion&#8217;68,<\/em><em><br \/>\nani te\u017c webmastera Blogu Reunion&#8217;68, chyba ze jest to wyra\u017anie zaznaczone.<br \/>\nTwoje uwagi, linki, w\u0142asne artyku\u0142y lub wiadomo\u015bci prze\u015blij na adres:<br \/>\n<\/em><span style=\"color: #000080;\"><strong><em><a style=\"color: #000080;\" href=\"mailto:webmaster@reunion68.com\"><span style=\"text-decoration: underline;\">webmaster@reunion68.com<\/span><\/a><\/em><\/strong><\/span><\/p>\n<\/div>\n<\/div>\n<\/div>\n<hr style=\"width: 100%;\">\n","protected":false},"excerpt":{"rendered":"<p>Teen trip to Poland, Israel puts young leaders face to face with Jewish history World News \u201cThis trip showed us the harsh reality unfiltered,\u201d said 16-year-old Jesse Goldberg of Chicago. . A group of 25 Jewish teens toured Poland and Israel to learn about Jewish history and traditions, as well as past and present antisemitism, [&hellip;]<\/p>\n","protected":false},"author":1,"featured_media":0,"comment_status":"closed","ping_status":"closed","sticky":false,"template":"","format":"standard","meta":[],"categories":[6],"tags":[26,24],"_links":{"self":[{"href":"https:\/\/www.reunion68.se\/index.php?rest_route=\/wp\/v2\/posts\/116432"}],"collection":[{"href":"https:\/\/www.reunion68.se\/index.php?rest_route=\/wp\/v2\/posts"}],"about":[{"href":"https:\/\/www.reunion68.se\/index.php?rest_route=\/wp\/v2\/types\/post"}],"author":[{"embeddable":true,"href":"https:\/\/www.reunion68.se\/index.php?rest_route=\/wp\/v2\/users\/1"}],"replies":[{"embeddable":true,"href":"https:\/\/www.reunion68.se\/index.php?rest_route=%2Fwp%2Fv2%2Fcomments&post=116432"}],"version-history":[{"count":10,"href":"https:\/\/www.reunion68.se\/index.php?rest_route=\/wp\/v2\/posts\/116432\/revisions"}],"predecessor-version":[{"id":116481,"href":"https:\/\/www.reunion68.se\/index.php?rest_route=\/wp\/v2\/posts\/116432\/revisions\/116481"}],"wp:attachment":[{"href":"https:\/\/www.reunion68.se\/index.php?rest_route=%2Fwp%2Fv2%2Fmedia&parent=116432"}],"wp:term":[{"taxonomy":"category","embeddable":true,"href":"https:\/\/www.reunion68.se\/index.php?rest_route=%2Fwp%2Fv2%2Fcategories&post=116432"},{"taxonomy":"post_tag","embeddable":true,"href":"https:\/\/www.reunion68.se\/index.php?rest_route=%2Fwp%2Fv2%2Ftags&post=116432"}],"curies":[{"name":"wp","href":"https:\/\/api.w.org\/{rel}","templated":true}]}}