{"id":116681,"date":"2024-10-30T17:09:50","date_gmt":"2024-10-30T15:09:50","guid":{"rendered":"http:\/\/www.reunion68.se\/?p=116681"},"modified":"2024-10-30T15:12:20","modified_gmt":"2024-10-30T13:12:20","slug":"30-09-86","status":"publish","type":"post","link":"https:\/\/www.reunion68.se\/?p=116681","title":{"rendered":"Ira\u0144ski program zab\u00f3jstw w Europie: Europa zn\u00f3w zapada w sen"},"content":{"rendered":"<p style=\"text-align: center;\"><img decoding=\"async\" class=\"aligncenter\" src=\"https:\/\/pbs.twimg.com\/media\/GalMlOnWcAAVT5T?format=jpg&amp;name=small\" width=\"100%\" \/><span style=\"color: #808080;\"><em>Iran, \u201ewiod\u0105cy sponsor terroryzmu\u201d na \u015bwiecie, rekrutuje cz\u0142onk\u00f3w gang\u00f3w i handlarzy narkotyk\u00f3w w Europie, aby mordowali ira\u0144skich dysydent\u00f3w, Izraelczyk\u00f3w i \u017byd\u00f3w, jak podaje raport opublikowany we wrze\u015bniu. Na zdj\u0119ciu: prezydent Iranu Masoud Pezeshkian przemawia w Kazaniu na szczycie pa\u0144stw BRICS (Zdj\u0119cie: Zrzut z ekranu wideo)<\/em><\/span><\/p>\n<hr \/>\n<h5 style=\"text-align: center;\"><a href=\"https:\/\/www.listyznaszegosadu.pl\/\" target=\"_blank\" rel=\"noopener noreferrer\"><img decoding=\"async\" class=\"center alignleft\" src=\"http:\/\/www.reunion68.com\/Biuletyn\/img\/z-naszego.jpg\" alt=\"\" width=\"50%\" \/><\/a><span style=\"text-decoration: underline; color: #000080;\"><strong><a style=\"color: #000080; text-decoration: underline;\" href=\"https:\/\/www.listyznaszegosadu.pl\/notatki\/iranski-program-zabaljstw-w-europie-europa-znalw-zapada-w-sen\" target=\"_blank\" rel=\"noopener noreferrer\">Ira\u0144ski program zab\u00f3jstw w Europie: Europa zn\u00f3w zapada w sen<\/a><\/strong><\/span><\/h5>\n<p style=\"text-align: center;\"><span style=\"color: #000000;\"><strong>Robert Williams<br \/>\n<\/strong><span style=\"color: #808080;\"><em>T\u0142umaczenie:<\/em><\/span><strong> Ma\u0142gorzata Koraszewska<\/strong><\/span><\/p>\n<hr style=\"height: 15px; background: #d0e6fa; width: 100%;\" \/>\n<div class=\"templateArticleIngress\">\n<p style=\"text-align: left;\"><a href=\"https:\/\/www.rferl.org\/a\/iran-terror-afghanistan-taliban\/32709845.html\" target=\"_blank\" rel=\"noopener noreferrer\"><span style=\"color: #000080;\">Iran, \u201ewiod\u0105cy sponsor terroryzmu<\/span><\/a><span style=\"color: #000080;\">\u201d na \u015bwiecie, werbuje cz\u0142onk\u00f3w gang\u00f3w i handlarzy narkotyk\u00f3w w Europie, aby mordowali ira\u0144skich dysydent\u00f3w, Izraelczyk\u00f3w i \u017byd\u00f3w,\u00a0<a style=\"color: #000080;\" href=\"https:\/\/www.shomrim.news\/eng\/iran-terror-cells-in-europe\" target=\"_blank\" rel=\"noopener noreferrer\">jak podaje<\/a>\u00a0raport opublikowany we wrze\u015bniu przez organizacj\u0119 European Investigative Collaborations (EIC) oraz dziennikarzy z dziewi\u0119ciu redakcji, w tym francuskiego Mediapart, niemieckiego\u00a0\u201eDer Spiegel\u201d, hiszpa\u0144skiego\u00a0Infolibre\u00a0i izraelskiego\u00a0Shomrim.<\/span><\/p>\n<p style=\"text-align: left;\">\n<span style=\"color: #000080;\">Dzieje si\u0119 to w tym samym czasie, gdy Europa i wi\u0119kszo\u015b\u0107 \u015bwiata, na czele z administracj\u0105 Bidena-Harris, robi\u0105 wszystko, co w ich mocy\u00a0by powstrzyma\u0107 Izrael przed po\u0142o\u017ceniem kresu re\u017cimowi ira\u0144skiemu i jego licznym wojnom terrorystycznym i wojnom zast\u0119pczym przeciwko Izraelowi prowadzonym z Gazy, Libanu, Jemenu, Syrii, Iraku i Sudanu.<\/span><\/p>\n<\/div>\n<p style=\"text-align: left;\">\n<div class=\"templateArticleBrodtext\">\n<p style=\"text-align: left;\"><span style=\"color: #000080;\">W\u0142adze USA i Europy nazwa\u0142y to \u201e<a style=\"color: #000080;\" href=\"https:\/\/home.treasury.gov\/news\/press-releases\/jy2052\" target=\"_blank\" rel=\"noopener noreferrer\">Ira\u0144sk\u0105 Transnarodow\u0105 Sieci\u0105 Zamach\u00f3w<\/a>\u201d. Jedn\u0105 z tych sieci \u2014 jest ich kilka \u2014 kieruje handlarz narkotyk\u00f3w.\u00a0<a style=\"color: #000080;\" href=\"https:\/\/home.treasury.gov\/news\/press-releases\/jy2052\" target=\"_blank\" rel=\"noopener noreferrer\">Wed\u0142ug<\/a>\u00a0Departamentu Skarbu USA:<\/span><\/p>\n<blockquote>\n<p style=\"text-align: left;\"><strong>\u201eSieci\u0105 kieruje ira\u0144ski handlarz narkotykami\u00a0Naji Ibrahim Sharifi-Zindashti\u00a0(Zindashti) i dzia\u0142a na zlecenie ira\u0144skiego Ministerstwa Wywiadu i Bezpiecze\u0144stwa (MOIS). Sie\u0107 Zindashtiego przeprowadzi\u0142a liczne akty represji transnarodowych, w tym zab\u00f3jstwa i porwania w wielu jurysdykcjach, pr\u00f3buj\u0105c uciszy\u0107 domniemanych krytyk\u00f3w re\u017cimu ira\u0144skiego. Sie\u0107 planowa\u0142a r\u00f3wnie\u017c operacje w Stanach Zjednoczonych&#8230;<\/strong><\/p>\n<p style=\"text-align: left;\">\n<strong>MOIS i Korpus Stra\u017cnik\u00f3w Rewolucji Islamskiej Iranu (IRGC) od dawna obieraj\u0105 sobie za cel domniemanych przeciwnik\u00f3w re\u017cimu w aktach transnarodowych represji poza Iranem, praktyka, kt\u00f3r\u0105 re\u017cim przyspieszy\u0142 w ostatnich latach. Szeroka gama dysydent\u00f3w, dziennikarzy, aktywist\u00f3w i by\u0142ych ira\u0144skich urz\u0119dnik\u00f3w by\u0142a celem zamach\u00f3w, porwa\u0144 i operacji hakerskich w wielu krajach Bliskiego Wschodu, Europy i Ameryki P\u00f3\u0142nocnej. Re\u017cim coraz cz\u0119\u015bciej polega na zorganizowanych grupach przest\u0119pczych do realizacji tych spisk\u00f3w, \u017ceby ukry\u0107 powi\u0105zania z rz\u0105dem Iranu i utrzyma\u0107 mo\u017cliwo\u015b\u0107 wiarygodnego wyparcia si\u0119 winy\u201d.<\/strong><\/p>\n<\/blockquote>\n<p style=\"text-align: left;\"><span style=\"color: #000080;\">Grupy przest\u0119pcze zatrudnione przez Iran coraz cz\u0119\u015bciej bior\u0105 na celownik Izraelczyk\u00f3w i \u017byd\u00f3w w Europie, w tym ambasady Izraela i osoby prywatne pochodzenia \u017cydowskiego:<\/span><\/p>\n<p style=\"text-align: left;\">\n<span style=\"color: #000080;\">W Szwecji dwa brutalne gangi przest\u0119pcze, \u201eFoxtrot\u201d, kierowany przez urodzonego w Iranie przest\u0119pc\u0119 Raw\u0119 Majida, i jego rywal \u201eRumba\u201d, kierowany przez Ismaila Abdo, zosta\u0142y\u00a0<a style=\"color: #000080;\" href=\"https:\/\/www.al-monitor.com\/originals\/2024\/05\/mossad-says-iran-behind-attacks-israeli-targets-sweden-belgium\" target=\"_blank\" rel=\"noopener noreferrer\">podobno<\/a>\u00a0zwerbowane przez Iran, kt\u00f3ry p\u0142aci im za dokonywanie akt\u00f3w terroru przeciwko izraelskim i \u017cydowskim celom w Europie. Oba gangi s\u0105 powi\u0105zane\u00a0z powtarzaj\u0105cym si\u0119 ostrzeliwaniem \u00a0ambasady Izraela w Sztokholmie. Foxtrot, wed\u0142ug szwedzkiego nadawcy publicznego\u00a0<em>SVT,<\/em>\u00a0sta\u0142 r\u00f3wnie\u017c za atakiem z u\u017cyciem granat\u00f3w r\u0119cznych w pobli\u017cu ambasady Izraela w Kopenhadze 2 pa\u017adziernika. Trzech \u201eszwedzkich\u201d m\u0119\u017cczyzn zosta\u0142o aresztowanych w zwi\u0105zku z atakiem.<\/span><\/p>\n<p style=\"text-align: left;\">\n<span style=\"color: #000080;\">Wed\u0142ug raportu Shomrim, zrekrutowana przez Ira\u0144czyk\u00f3w kom\u00f3rka terrorystyczna aresztowana we Francji planowa\u0142a zamordowanie czterech obywateli Izraela pracuj\u0105cych we Francji, a tak\u017ce trzech starszych cz\u0142onk\u00f3w spo\u0142eczno\u015bci \u017cydowskiej w Niemczech.\u00a0Kom\u00f3rka terrorystyczna, najwyra\u017aniej zrekrutowana w celu podpalenia budynk\u00f3w nale\u017c\u0105cych do izraelskich firm na po\u0142udniu Francji, by\u0142a kierowana przez \u201eg\u0142\u00f3wnego handlarza narkotyk\u00f3w\u201d z okolic Lyonu o nazwisku Umit Bulbul, kt\u00f3ry wed\u0142ug francuskich w\u0142adz obecnie przebywa w Iranie. Operacje kom\u00f3rki by\u0142y prowadzone przez urodzonego w Algierii obywatela Francji znanego jako Abdulkarim S, kt\u00f3ry wcze\u015bniej odsiedzia\u0142 wyrok za udzia\u0142 w podw\u00f3jnym morderstwie gang\u00f3w w Marsylii, opr\u00f3cz handlu narkotykami.<\/span><\/p>\n<p style=\"text-align: left;\">\n<span style=\"color: #000080;\">Wed\u0142ug\u00a0<a style=\"color: #000080;\" href=\"https:\/\/www.shomrim.news\/eng\/iran-terror-cells-in-europe\" target=\"_blank\" rel=\"noopener noreferrer\">raportu<\/a>\u00a0Shomrim:<\/span><\/p>\n<blockquote>\n<p style=\"text-align: left;\"><strong>\u201eAby zachowa\u0107 pewien stopie\u0144 separacji od kom\u00f3rek terrorystycznych, kt\u00f3rymi operuje w Europie i zapewni\u0107 mo\u017cliwo\u015b\u0107 wiarygodnego zaprzeczenia, nie ma bezpo\u015bredniego kontaktu mi\u0119dzy Teheranem a cz\u0142onkami kom\u00f3rek. W przypadku niedawno zatrzymanej francuskiej kom\u00f3rki instrukcje dotycz\u0105ce tego, gdzie i kiedy przeprowadza\u0107 ataki, by\u0142y przekazywane za po\u015brednictwem mi\u0119dzynarodowych sieci przest\u0119pc\u00f3w i przemytnik\u00f3w narkotyk\u00f3w\u201d.<\/strong><\/p>\n<\/blockquote>\n<p><span style=\"color: #000080;\">Jeden z Izraelczyk\u00f3w, kt\u00f3ry by\u0142 celem we Francji, Roey, zosta\u0142 poinformowany przez francuskie s\u0142u\u017cby bezpiecze\u0144stwa, \u017ce kierowana przez Iran kom\u00f3rka terrorystyczna planuje go zabi\u0107. Przez wiele miesi\u0119cy otrzymywa\u0142 wi\u0119cej takich ostrze\u017ce\u0144; powiedziano mu, \u017ce bezpieczniej b\u0119dzie dla niego opu\u015bci\u0107 kraj i \u017ce b\u0119dzie musia\u0142 przemieszcza\u0107 si\u0119 mi\u0119dzy nie mniej ni\u017c sze\u015bcioma r\u00f3\u017cnymi mieszkaniami podczas pobytu we Francji. Opr\u00f3cz ira\u0144skich dysydent\u00f3w, na kt\u00f3rych poluje od lat, re\u017cim ira\u0144ski teraz dos\u0142ownie poluje na \u017byd\u00f3w w Europie.<\/span><\/p>\n<p><span style=\"color: #000080;\">Iran, wed\u0142ug doniesie\u0144, sta\u0142 za\u00a0<a style=\"color: #000080;\" href=\"https:\/\/www.reuters.com\/investigations\/murder-hire-inside-irans-proxy-war-with-israel-west-2024-10-05\/\" target=\"_blank\" rel=\"noopener noreferrer\">udaremnionym atakiem terrorystycznym<\/a>\u00a0na Chabad House w Atenach w Grecji, w kt\u00f3rym mie\u015bci si\u0119 \u017cydowskie centrum spo\u0142eczno\u015bciowe i koszerna restauracja. Tutaj Iran, za po\u015brednictwem Pakista\u0144czyka o nazwisku Sayed Fakhar Abbas, zaoferowa\u0142 lokalnemu znajomemu w Grecji 15 tysi\u0119cy euro za ka\u017cdego zabitego \u017byda.<\/span><\/p>\n<p><span style=\"color: #000080;\">Wed\u0142ug\u00a0\u201eWashington\u00a0Post\u201d, Iran zatrudnia wschodnioeuropejskich przest\u0119pc\u00f3w, a tak\u017ce \u201estare\u201d i ugruntowane gangi, takie jak Hells Angels. Innymi s\u0142owy, Iran rozszerzy\u0142 swoje operacje z terroryst\u00f3w jako pe\u0142nomocnik\u00f3w na przest\u0119pc\u00f3w jako pe\u0142nomocnik\u00f3w. \u201eWashington Post\u201d<em>\u00a0<\/em><a style=\"color: #000080;\" href=\"https:\/\/www.washingtonpost.com\/world\/2024\/09\/12\/iran-criminal-gangs-target-dissidents\/\" target=\"_blank\" rel=\"noopener noreferrer\">napisa\u0142<\/a>:<\/span><\/p>\n<blockquote>\n<p style=\"text-align: left;\"><strong>\u201eW ostatnich latach Iran zleca\u0142 \u015bmierciono\u015bne operacje i porwania gangom motocyklowym Hells Angels, os\u0142awionej rosyjskiej sieci mafijnej znanej jako \u201eZ\u0142odzieje w prawie\u201d, syndykatowi dystrybucji heroiny kierowanemu przez ira\u0144skiego handlarza narkotyk\u00f3w i brutalnym grupom przest\u0119pczym od Skandynawii do Ameryki Po\u0142udniowej\u201d.<\/strong><\/p>\n<\/blockquote>\n<p style=\"text-align: left;\"><span style=\"color: #000080;\">Na pocz\u0105tku tego roku ira\u0144ska para w Szwecji, podaj\u0105ca si\u0119 za afga\u0144skich uchod\u017ac\u00f3w (kt\u00f3rzy przybyli do Szwecji w 2015 r. pod fa\u0142szywymi to\u017csamo\u015bciami, ale dzia\u0142ali na polecenie Ira\u0144skiego Korpusu Stra\u017cnik\u00f3w Rewolucji Islamskiej, IRGC), zosta\u0142a przy\u0142apana na planowaniu\u00a0zab\u00f3jstwa trzech szwedzkich \u017byd\u00f3w.<\/span><\/p>\n<p style=\"text-align: left;\">\n<span style=\"color: #000080;\">Nie ma nic nowego w tych ira\u0144skich dzia\u0142aniach terrorystycznych, ale wydaje si\u0119, \u017ce nasili\u0142y si\u0119 od 7 pa\u017adziernika, przynajmniej je\u015bli chodzi o cele izraelskie i \u017cydowskie. Szacuje si\u0119, \u017ce Iran zatrudnia przest\u0119pc\u00f3w do morderstw za granic\u0105 od co najmniej dekady.<\/span><\/p>\n<p style=\"text-align: left;\">\n<span style=\"color: #000080;\">Wed\u0142ug\u00a0brytyjskiego MI5 sytuacja ma si\u0119 znacznie pogorszy\u0107: Wielka Brytania b\u0119dzie \u015bwiadkiem \u201eosza\u0142amiaj\u0105cego wzrostu\u201d pr\u00f3b zab\u00f3jstw dokonywanych przez przest\u0119pc\u00f3w wynaj\u0119tych przez Iran, ale tak\u017ce przez przest\u0119pc\u00f3w wynaj\u0119tych przez Rosj\u0119, przy czym oba kraje b\u0119d\u0105 rekrutowa\u0107 osoby z podziemia, aby \u201ewykonywa\u0142y ich brudn\u0105 robot\u0119\u201d.<\/span><\/p>\n<p style=\"text-align: left;\">\n<span style=\"color: #000080;\">Dyrektor generalny MI5, Ken McCallum, powiedzia\u0142, \u017ce tylko w Wielkiej Brytanii jego organizacja od 2022 r. udaremni\u0142a 20 \u201epotencjalnie \u015bmierciono\u015bnych\u201d spisk\u00f3w wspieranych przez Iran, przy czym wi\u0119kszo\u015b\u0107 dotychczasowych gr\u00f3\u017ab by\u0142a skierowana przeciwko Ira\u0144czykom za granic\u0105.<\/span><\/p>\n<p style=\"text-align: left;\">\n<span style=\"color: #000080;\">McCallum powiedzia\u0142, \u017ce zradykalizowane jednostki i odrodzona grupa Pa\u0144stwa Islamskiego po\u0142\u0105czy\u0142y si\u0119, aby stworzy\u0107 \u201enajbardziej z\u0142o\u017cone i powi\u0105zane \u015brodowisko zagro\u017ce\u0144, jakie kiedykolwiek widzieli\u015bmy\u201d.<\/span><\/p>\n<p style=\"text-align: left;\">\n<span style=\"color: #000080;\">Mimo ca\u0142ej tej wiedzy o zamachach i spiskach terrorystycznych ira\u0144skiego re\u017cimu na europejskiej ziemi &#8211; i kluczowej roli IRGC &#8211; przyw\u00f3dcy Unii Europejskiej i Wielkiej Brytanii odmawiaj\u0105 uznania IRGC za organizacj\u0119 terrorystyczn\u0105. Zamiast tego kraje europejskie oskar\u017caj\u0105 Izrael, bojkotuj\u0105 dostawy broni, chocia\u017c walka Izraela z Iranem nale\u017cy co najmniej w takim samym stopniu do Europy i Zachodu,\u00a0 ze strachu &#8211; pr\u00f3buj\u0105 temu zaprzecza\u0107.<\/span><\/p>\n<p style=\"text-align: left;\">\n<span style=\"color: #000080;\">Jak stwierdzi\u0142\u00a0Kongres USA, IRGC \u201eszkoli, finansuje, zbroi i dzieli si\u0119 informacjami wywiadowczymi z niebezpiecznymi si\u0142ami zast\u0119pczymi na ca\u0142ym Bliskim Wschodzie i za granic\u0105\u201d, a tak\u017ce, jak opisuje\u00a0\u201eWall\u00a0Street Journal\u201d, przygotowywa\u0142 i szkoli\u0142 terroryst\u00f3w z Hamasu i palesty\u0144skiego Islamskiego D\u017cihadu do masakry w Izraelu 7 pa\u017adziernika 2023 r. Je\u015bli my\u015bl\u0105, \u017ce wywieranie presji na Izrael, by nie stawia\u0142 czo\u0142a temu egzystencjalnemu zagro\u017ceniu, sprawi, \u017ce ono zniknie, s\u0105 w b\u0142\u0119dzie. Podobnie jak w przeddzie\u0144 II wojny \u015bwiatowej, powstrzymaj\u0105 agresj\u0119 Iranu przez\u00a0<em>wspieranie<\/em>\u00a0Izraela w\u00a0<em>pokonywaniu<\/em>\u00a0 zagro\u017cenia.<\/span><\/p>\n<p style=\"text-align: left;\">\n<span style=\"color: #000080;\">Kongres USA, Izrael i\u00a0<a style=\"color: #000080;\" href=\"https:\/\/www.iranintl.com\/en\/202301140166\" target=\"_blank\" rel=\"noopener noreferrer\">tysi\u0105ce Ira\u0144czyk\u00f3w<\/a>\u00a0wezwa\u0142y Uni\u0119 Europejsk\u0105 do uznania IRGC za organizacj\u0119 terrorystyczn\u0105. W zesz\u0142ym roku, zdecydowan\u0105 wi\u0119kszo\u015bci\u0105 g\u0142os\u00f3w, Parlament Europejski przyj\u0105\u0142\u00a0rezolucj\u0119 w tej sprawie, ale UE mimo to odm\u00f3wi\u0142a uznania IRGC za tak\u0105 organizacj\u0119. Szef unijnej polityki zagranicznej Josep Borrell twierdzi\u0142, \u017ce istniej\u0105 przeszkody prawne, jednak twierdzenie to zosta\u0142o obalone\u00a0jako k\u0142amstwo.<\/span><\/p>\n<p style=\"text-align: left;\">\n<span style=\"color: #000080;\">Po bezpo\u015brednim ataku rakietowym Iranu na Izrael 13 kwietnia Parlament Europejski\u00a0<em>ponownie<\/em>\u00a0zdecydowan\u0105 wi\u0119kszo\u015bci\u0105 g\u0142os\u00f3w przyj\u0105\u0142\u00a0rezolucj\u0119 uznaj\u0105c\u0105 IRGC za organizacj\u0119 terrorystyczn\u0105, stanowczo pot\u0119piaj\u0105c bezprecedensowy atak Iranu na terytorium Izraela i \u201eprzyrzekaj\u0105c pe\u0142ne wsparcie dla bezpiecze\u0144stwa Izraela i jego obywateli przed gro\u017abami ze strony rz\u0105du ira\u0144skiego i jego pe\u0142nomocnik\u00f3w\u201d. Za\u017c\u0105da\u0142 r\u00f3wnie\u017c, aby UE doda\u0142a Hezbollah do listy organizacji terrorystycznych. Borrell, po raz kolejny, po prostu odm\u00f3wi\u0142, argumentuj\u0105c, \u017ce \u201eumieszczenie tej organizacji na li\u015bcie \u2018organizacji terrorystycznych\u2019 nie b\u0119dzie mia\u0142o \u017cadnego praktycznego skutku\u201d.<\/span><\/p>\n<p style=\"text-align: left;\">\n<span style=\"color: #000080;\">Niemiecka europos\u0142anka Hannah Neumann odpowiedzia\u0142a:<\/span><\/p>\n<blockquote>\n<p style=\"text-align: left;\"><strong>\u201eCo jeszcze musi zrobi\u0107 ten re\u017cim, zanim w ko\u0144cu obudzicie si\u0119 i u\u015bwiadomicie sobie surow\u0105 rzeczywisto\u015b\u0107? IRGC jest organizacj\u0105 terrorystyczn\u0105&#8230; Drony i rakiety atakuj\u0105ce Izrael i atakuj\u0105ce nasze statki na Morzu Czerwonym s\u0105 produkowane w Iranie, a my powinni\u015bmy byli na\u0142o\u017cy\u0107 sankcje na wszystkich zaanga\u017cowanych w to miesi\u0105ce temu\u201d.<\/strong><\/p>\n<\/blockquote>\n<p style=\"text-align: left;\"><span style=\"color: #000080;\">Szwedzki europose\u0142 Charlie Weimers bez ogr\u00f3dek nazwa\u0142\u00a0Borrella k\u0142amc\u0105:<\/span><\/p>\n<blockquote>\n<p style=\"text-align: left;\"><strong>\u201eBezczelnie sk\u0142ama\u0142 pan, by chroni\u0107 IRGC. Nie b\u0119dziemy za panem t\u0119skni\u0107, panie Borrell, ale jestem pewien, \u017ce mu\u0142\u0142owie b\u0119d\u0105\u201d.<\/strong><\/p>\n<\/blockquote>\n<p style=\"text-align: left;\"><span style=\"color: #000080;\">IRGC nie jest r\u00f3wnie\u017c uznawany za organizacj\u0119 terrorystyczn\u0105 przez \u017cadne z pa\u0144stw europejskich, w tym\u00a0Wielk\u0105 Brytani\u0119, ale w maju szwedzki parlament zag\u0142osowa\u0142\u00a0za uznaniem IRGC za organizacj\u0119 terrorystyczn\u0105. Szwecja r\u00f3wnie\u017c naciska\u0142a na UE\u00a0aby zrobi\u0142a to samo.<\/span><\/p>\n<p style=\"text-align: left;\">\n<span style=\"color: #000080;\">Premier Szwecji Ulf Kristersson powiedzia\u0142\u00a0w pa\u017adzierniku:<\/span><\/p>\n<blockquote>\n<p style=\"text-align: left;\"><strong>\u201eJedyn\u0105 rozs\u0105dn\u0105 konsekwencj\u0105 jest to, \u017ce otrzymamy wsp\u00f3ln\u0105 klasyfikacj\u0119 terroryzmu, dzi\u0119ki czemu mo\u017cna dzia\u0142a\u0107 szerzej ni\u017c sankcje, kt\u00f3re ju\u017c istniej\u0105\u201d.<\/strong><\/p>\n<\/blockquote>\n<p style=\"text-align: left;\"><span style=\"color: #000080;\">Uznanie IRGC za organizacj\u0119 terrorystyczn\u0105 umo\u017cliwi\u0142oby wniesienie oskar\u017ce\u0144 o terroryzm i \u015bciganie zar\u00f3wno cz\u0142onk\u00f3w organizacji, jak i tych, kt\u00f3rzy j\u0105 wspieraj\u0105. Wygl\u0105da na to, \u017ce wi\u0119kszo\u015b\u0107 europejskich przyw\u00f3dc\u00f3w jest ponownie zdeterminowana, jak w ostrze\u017ceniu Churchilla o ug\u0142askiwaniu krokodyla, by ich \u201epo\u017car\u0142 na ko\u0144cu\u201d.<\/span><\/p>\n<p style=\"text-align: left;\">\n<span style=\"color: #000080;\">Kasra Aarabi, dyrektor bada\u0144 IRGC w United Against Nuclear Iran (UANI), powiedzia\u0142:<\/span><\/p>\n<blockquote>\n<p style=\"text-align: left;\"><strong>\u201eUmieszczenie IRGC na li\u015bcie terroryst\u00f3w UE jest wa\u017cnym krokiem w celu ochrony bezpiecze\u0144stwa narodowego, ochrony naszych spo\u0142eczno\u015bci, w szczeg\u00f3lno\u015bci diaspory ira\u0144skiej i spo\u0142eczno\u015bci \u017cydowskiej, poniewa\u017c istnieje prawdziwe zagro\u017cenie terrorystyczne i poniewa\u017c nie tylko atakuj\u0105 i prowadz\u0105 spiski terrorystyczne, ale tak\u017ce piel\u0119gnuj\u0105 rodzim\u0105 radykalizacj\u0119 szyickich islamist\u00f3w, stosuj\u0105c metody ISIS i Al-Kaidy. Jednak poniewa\u017c IRGC nie jest zakazana (jako grupa terrorystyczna), dzia\u0142ania te nie s\u0105 zakazane\u201d.<\/strong><\/p>\n<\/blockquote>\n<p style=\"text-align: left;\"><span style=\"color: #000080;\">By\u0107 mo\u017ce ma\u0142y Izrael podejmie walk\u0119 z Iranem, ratuj\u0105c w ten spos\u00f3b Europejczyk\u00f3w i nar\u00f3d ira\u0144ski przed ich tch\u00f3rzliwymi, kolaboruj\u0105cymi w\u0142adcami.<\/span><\/p>\n<p style=\"text-align: left;\">\n<span style=\"color: #000080;\">Czy europejscy politycy naprawd\u0119 tak bardzo pragn\u0105 g\u0142os\u00f3w swoich nieasymiluj\u0105cych si\u0119 przybysz\u00f3w \u2014 kt\u00f3rzy najwyra\u017aniej planuj\u0105 przej\u0105\u0107 Europ\u0119? Czy te\u017c europejscy politycy boj\u0105 si\u0119, \u017ce je\u015bli nie uda im si\u0119 delegitymizowa\u0107 Izraela przy ka\u017cdej okazji, przybysze mog\u0105 narzuci\u0107 jeszcze wi\u0119cej terroryzmu na europejsk\u0105 ziemi\u0119? Czy Europa naprawd\u0119 chce \u017cy\u0107 w stanie permanentnego szanta\u017cu? Cena idzie tylko w jedn\u0105 stron\u0119: w g\u00f3r\u0119.<\/span><\/p>\n<\/div>\n<hr style=\"height: 15px; background: #d0e6fa; width: 100%;\" \/>\n<div id=\"content\" class=\"content-alignment\">\n<div id=\"watch-description\" class=\"yt-uix-button-panel\">\n<div id=\"watch-description-text\" style=\"text-align: center;\">\n<p><em>Zawarto\u015b\u0107 publikowanych artyku\u0142\u00f3w i materia\u0142\u00f3w nie reprezentuje pogl\u0105d\u00f3w ani opinii Reunion&#8217;68,<\/em><em><br \/>\nani te\u017c webmastera Blogu Reunion&#8217;68, chyba ze jest to wyra\u017anie zaznaczone.<br \/>\nTwoje uwagi, linki, w\u0142asne artyku\u0142y lub wiadomo\u015bci prze\u015blij na adres:<br \/>\n<\/em><span style=\"color: #000080;\"><strong><em><a style=\"color: #000080;\" href=\"mailto:webmaster@reunion68.com\"><span style=\"text-decoration: underline;\">webmaster@reunion68.com<\/span><\/a><\/em><\/strong><\/span><\/p>\n<\/div>\n<\/div>\n<\/div>\n<hr style=\"width: 100%;\" \/>\n","protected":false},"excerpt":{"rendered":"<p>Iran, \u201ewiod\u0105cy sponsor terroryzmu\u201d na \u015bwiecie, rekrutuje cz\u0142onk\u00f3w gang\u00f3w i handlarzy narkotyk\u00f3w w Europie, aby mordowali ira\u0144skich dysydent\u00f3w, Izraelczyk\u00f3w i \u017byd\u00f3w, jak podaje raport opublikowany we wrze\u015bniu. Na zdj\u0119ciu: prezydent Iranu Masoud Pezeshkian przemawia w Kazaniu na szczycie pa\u0144stw BRICS (Zdj\u0119cie: Zrzut z ekranu wideo) Ira\u0144ski program zab\u00f3jstw w Europie: Europa zn\u00f3w zapada w sen [&hellip;]<\/p>\n","protected":false},"author":1,"featured_media":0,"comment_status":"closed","ping_status":"closed","sticky":false,"template":"","format":"standard","meta":[],"categories":[6],"tags":[26,24],"_links":{"self":[{"href":"https:\/\/www.reunion68.se\/index.php?rest_route=\/wp\/v2\/posts\/116681"}],"collection":[{"href":"https:\/\/www.reunion68.se\/index.php?rest_route=\/wp\/v2\/posts"}],"about":[{"href":"https:\/\/www.reunion68.se\/index.php?rest_route=\/wp\/v2\/types\/post"}],"author":[{"embeddable":true,"href":"https:\/\/www.reunion68.se\/index.php?rest_route=\/wp\/v2\/users\/1"}],"replies":[{"embeddable":true,"href":"https:\/\/www.reunion68.se\/index.php?rest_route=%2Fwp%2Fv2%2Fcomments&post=116681"}],"version-history":[{"count":6,"href":"https:\/\/www.reunion68.se\/index.php?rest_route=\/wp\/v2\/posts\/116681\/revisions"}],"predecessor-version":[{"id":116691,"href":"https:\/\/www.reunion68.se\/index.php?rest_route=\/wp\/v2\/posts\/116681\/revisions\/116691"}],"wp:attachment":[{"href":"https:\/\/www.reunion68.se\/index.php?rest_route=%2Fwp%2Fv2%2Fmedia&parent=116681"}],"wp:term":[{"taxonomy":"category","embeddable":true,"href":"https:\/\/www.reunion68.se\/index.php?rest_route=%2Fwp%2Fv2%2Fcategories&post=116681"},{"taxonomy":"post_tag","embeddable":true,"href":"https:\/\/www.reunion68.se\/index.php?rest_route=%2Fwp%2Fv2%2Ftags&post=116681"}],"curies":[{"name":"wp","href":"https:\/\/api.w.org\/{rel}","templated":true}]}}