{"id":116685,"date":"2024-10-31T17:00:02","date_gmt":"2024-10-31T15:00:02","guid":{"rendered":"http:\/\/www.reunion68.se\/?p=116685"},"modified":"2024-10-30T15:38:55","modified_gmt":"2024-10-30T13:38:55","slug":"30-00-90","status":"publish","type":"post","link":"https:\/\/www.reunion68.se\/?p=116685","title":{"rendered":"Israel Film Festival in Los Angeles Reveals Full Lineup, Will Honor Mattel CEO Ynon Kreiz"},"content":{"rendered":"<h5 style=\"text-align: center;\"><a href=\"https:\/\/www.algemeiner.com\/\" target=\"_blank\" rel=\"noopener noreferrer\"><img decoding=\"async\" class=\"center alignleft\" src=\"http:\/\/www.reunion68.com\/Biuletyn\/img\/algem.png\" alt=\"\" width=\"35%\"><\/a><span style=\"text-decoration: underline; color: #000080;\"><span><strong><a style=\"color: #000080; text-decoration: underline;\" href=\"https:\/\/www.algemeiner.com\/2024\/10\/29\/israel-film-festival-los-angeles-reveals-full-lineup-will-honor-mattel-ceo-ynon-kreiz\/\" target=\"_blank\" rel=\"noopener noreferrer\">Israel Film Festival in Los Angeles Reveals Full Lineup, Will Honor Mattel CEO Ynon Kreiz<\/a><\/strong><\/span><\/span><\/h5>\n<p style=\"text-align: center;\"><span style=\"color: #000000;\"><strong>Shiryn Ghermezian<\/strong><\/span><\/p>\n<hr style=\"height: 15px; background: #d0e6fa; width: 100%;\">\n<p style=\"text-align: center;\"><img decoding=\"async\" class=\"aligncenter\" src=\"https:\/\/www.algemeiner.com\/wp-content\/uploads\/2024\/10\/Nov.-2024_1920x1080_DR_03_R7-small-1536x864-1-1.jpg\" width=\"100%\"><span style=\"color: #808080;\"><em>Photo: Screenshot<\/em><\/span><\/p>\n<p style=\"text-align: left;\"><span style=\"color: #000080;\">The 36th Israel Film Festival (IFF) will return to Los Angeles in November after a two-and-a-half year hiatus and will screen 40 feature films, documentaries, and short films produced by Israeli filmmakers.<\/span><\/p>\n<p style=\"text-align: left;\"><span style=\"color: #000080;\">The IFF announced on Monday its full lineup of films, and \u201c<a style=\"color: #000080;\" href=\"https:\/\/www.algemeiner.com\/2024\/06\/04\/israeli-filmmakers-first-feature-making-world-premiere-tribeca-film-festival-personal-tribute-brother\/\" target=\"_blank\" rel=\"noopener noreferrer\">Come Closer<\/a>,\u201d which last month became&nbsp;<a style=\"color: #000080;\" href=\"https:\/\/www.algemeiner.com\/2024\/09\/18\/israeli-film-come-closer-inspired-death-directors-brother-selected-represent-israel-oscars-race\/\" target=\"_blank\" rel=\"noopener noreferrer\">Israel\u2019s submission for best international feature film<\/a>&nbsp;for the 2025 Academy Awards, will make its west coast premiere when it screens at the festival\u2019s opening night gala. The film written and directed by Tom Nesher is her feature film directorial debut and will premiere at the Saban Theatre in Beverly Hills.<\/span><\/p>\n<p style=\"text-align: left;\"><span style=\"color: #000080;\">This is the first year that the IFF will have a panel of Israeli-American producers that will be available to discuss potential co-productions between film industries in the US and Israel. The event, which will be private and is sponsored by the Israel Cinema Project-Rabinovich Foundation, will take place on Nov. 15 at the Crescent Theater in Beverly Hills.<\/span><\/p>\n<p style=\"text-align: left;\"><span style=\"color: #000080;\">\u201cThe Israel Film Festival has always maintained an environment of mutually respectful discussion and viewpoints as well as nonpartisanship,\u201d said Meir Fenigstein, founder and executive director of the Israel Film Festival. \u201cOur thoughts and prayers are with all those affected by the war. Festivalgoers represent the diverse communities of Los Angeles who want to be both educated and entertained by a selection of powerful and exciting Israeli films that offer a great window into Israeli culture.\u201d<\/span><\/p>\n<p style=\"text-align: left;\"><span style=\"color: #000080;\">At this year\u2019s opening ceremony, Ynon Kreiz, the chairman and chief executive officer of Mattel who helped spearhead the company\u2019s first and highly successful film \u201cBarbie,\u201d will be presented with the 2024 IFF Industry Leadership Award. Israeli actor and comedian Shaike Levi will receive the 2024 IFF Lifetime Achievement Award at the festival\u2019s closing night ceremony<b>.&nbsp;<\/b><\/span><\/p>\n<p style=\"text-align: left;\"><span style=\"color: #000080;\">\u201cThis year\u2019s two festival honorees are extraordinary and renowned leaders in business and the arts,\u201d said Fenigstein. \u201cYnon Kreiz, who has revolutionized Mattel into an esteemed juggernaut, volunteered at the Festival over 30 years ago when he was a university student at UCLA. The legendary comedian\/actor Shaike Levi has been bringing joy and laughter to generations of audiences in Israel.\u201d<\/span><\/p>\n<p style=\"text-align: left;\"><span style=\"color: #000080;\">The film \u201cSoda,\u201d directed by Erez Tadmor, will have a special sneak preview at the festival\u2019s Sponsor Centerpiece Film event on Nov. 18 at the Writers Guild Theater in Beverly Hills. The film is about a beautiful seamstress who moves into a neighborhood of Holocaust survivors in 1956. When rumors start in the community about her past as a&nbsp;<em>kapo<\/em>&nbsp;\u2014 a term for a prisoner at a Nazi concentration camp who was forced by the Nazis to supervise forced labor in the camps \u2014 a leader of the neighborhood, who was also a former resistance fighter during World War II, is pulled between his passion for the woman and his longing to tell his community about her past.<\/span><\/p>\n<p style=\"text-align: left;\"><span style=\"color: #000080;\">Other festival screenings will take place at the Laemmle Royal Theatre in West Los Angeles and the Laemmle Town Center 5 in Encino. Some screenings will include a Q&amp;A with Israeli filmmakers and cast members that will be moderated by Israeli and American journalists.<\/span><\/p>\n<p style=\"text-align: left;\"><span style=\"color: #000080;\">The Israel Film Festival in Los Angeles will run Nov. 13\u201326 and tickets are available on the festival&nbsp;<a style=\"color: #000080;\" href=\"https:\/\/www.algemeiner.com\/2024\/10\/29\/israel-film-festival-los-angeles-reveals-full-lineup-will-honor-mattel-ceo-ynon-kreiz\/www.IsraelFilmFestival.com\" target=\"_blank\" rel=\"noopener noreferrer\">website<\/a>&nbsp;starting on Nov. 5.<\/span><\/p>\n<hr style=\"height: 15px; background: #d0e6fa; width: 100%;\">\n<div id=\"content\" class=\"content-alignment\">\n<div id=\"watch-description\" class=\"yt-uix-button-panel\">\n<div id=\"watch-description-text\" style=\"text-align: center;\">\n<p><em>Zawarto\u015b\u0107 publikowanych artyku\u0142\u00f3w i materia\u0142\u00f3w nie reprezentuje pogl\u0105d\u00f3w ani opinii Reunion&#8217;68,<\/em><em><br \/>\nani te\u017c webmastera Blogu Reunion&#8217;68, chyba ze jest to wyra\u017anie zaznaczone.<br \/>\nTwoje uwagi, linki, w\u0142asne artyku\u0142y lub wiadomo\u015bci prze\u015blij na adres:<br \/>\n<\/em><span style=\"color: #000080;\"><strong><em><a style=\"color: #000080;\" href=\"mailto:webmaster@reunion68.com\"><span style=\"text-decoration: underline;\">webmaster@reunion68.com<\/span><\/a><\/em><\/strong><\/span><\/p>\n<\/div>\n<\/div>\n<\/div>\n<hr style=\"width: 100%;\">\n","protected":false},"excerpt":{"rendered":"<p>Israel Film Festival in Los Angeles Reveals Full Lineup, Will Honor Mattel CEO Ynon Kreiz Shiryn Ghermezian Photo: Screenshot The 36th Israel Film Festival (IFF) will return to Los Angeles in November after a two-and-a-half year hiatus and will screen 40 feature films, documentaries, and short films produced by Israeli filmmakers. The IFF announced on [&hellip;]<\/p>\n","protected":false},"author":1,"featured_media":0,"comment_status":"closed","ping_status":"closed","sticky":false,"template":"","format":"standard","meta":[],"categories":[6],"tags":[26,24],"_links":{"self":[{"href":"https:\/\/www.reunion68.se\/index.php?rest_route=\/wp\/v2\/posts\/116685"}],"collection":[{"href":"https:\/\/www.reunion68.se\/index.php?rest_route=\/wp\/v2\/posts"}],"about":[{"href":"https:\/\/www.reunion68.se\/index.php?rest_route=\/wp\/v2\/types\/post"}],"author":[{"embeddable":true,"href":"https:\/\/www.reunion68.se\/index.php?rest_route=\/wp\/v2\/users\/1"}],"replies":[{"embeddable":true,"href":"https:\/\/www.reunion68.se\/index.php?rest_route=%2Fwp%2Fv2%2Fcomments&post=116685"}],"version-history":[{"count":5,"href":"https:\/\/www.reunion68.se\/index.php?rest_route=\/wp\/v2\/posts\/116685\/revisions"}],"predecessor-version":[{"id":116708,"href":"https:\/\/www.reunion68.se\/index.php?rest_route=\/wp\/v2\/posts\/116685\/revisions\/116708"}],"wp:attachment":[{"href":"https:\/\/www.reunion68.se\/index.php?rest_route=%2Fwp%2Fv2%2Fmedia&parent=116685"}],"wp:term":[{"taxonomy":"category","embeddable":true,"href":"https:\/\/www.reunion68.se\/index.php?rest_route=%2Fwp%2Fv2%2Fcategories&post=116685"},{"taxonomy":"post_tag","embeddable":true,"href":"https:\/\/www.reunion68.se\/index.php?rest_route=%2Fwp%2Fv2%2Ftags&post=116685"}],"curies":[{"name":"wp","href":"https:\/\/api.w.org\/{rel}","templated":true}]}}