{"id":116848,"date":"2024-11-06T17:09:31","date_gmt":"2024-11-06T15:09:31","guid":{"rendered":"http:\/\/www.reunion68.se\/?p=116848"},"modified":"2024-11-06T13:17:06","modified_gmt":"2024-11-06T11:17:06","slug":"06-09-92","status":"publish","type":"post","link":"https:\/\/www.reunion68.se\/?p=116848","title":{"rendered":"Ira\u0144skie rakiety uderzaj\u0105 w Europ\u0119"},"content":{"rendered":"<p style=\"text-align: center;\"><img decoding=\"async\" class=\"aligncenter\" src=\"https:\/\/www.gatestoneinstitute.org\/pics\/4458.jpg\" width=\"100%\" \/><span style=\"color: #808080;\"><em>Na zdj\u0119ciu: Stra\u017cacy w Kijowie na Ukrainie pr\u00f3buj\u0105 ugasi\u0107 po\u017car w czteropi\u0119trowym budynku mieszkalnym, w kt\u00f3rym zgin\u0119\u0142y trzy osoby, gdy budynek zosta\u0142 trafiony przez drona szturmowego, 17 pa\u017adziernika 2022 r. (Zdj\u0119cie: Paula Bronstein\/Getty Images)<\/em><\/span><\/p>\n<hr \/>\n<h5 style=\"text-align: center;\"><a href=\"https:\/\/pl.gatestoneinstitute.org\/\" target=\"_blank\" rel=\"noopener noreferrer\"><img decoding=\"async\" class=\"center alignleft\" src=\"https:\/\/pl.gatestoneinstitute.org\/images\/gatestone-logo-1000.gif\" alt=\"\" width=\"50%\" \/><\/a><span style=\"text-decoration: underline; color: #000080;\"><span><strong><a style=\"color: #000080; text-decoration: underline;\" href=\"https:\/\/pl.gatestoneinstitute.org\/21093\/iranskie-rakiety-uderzaja-w-europe\" target=\"_blank\" rel=\"noopener noreferrer\">Ira\u0144skie rakiety uderzaj\u0105 w Europ\u0119<\/a><\/strong><\/span><\/span><\/h5>\n<p style=\"text-align: center;\"><span style=\"color: #000000;\"><strong>Majid Rafizadeh<br \/>\n<\/strong><em><span style=\"color: #808080;\"><br \/>\nT\u0142umaczenie:<\/span> <\/em><strong>Ma\u0142gorzata Koraszewska<\/strong><\/span><\/p>\n<hr style=\"height: 15px; background: #d0e6fa; width: 100%;\" \/>\n<p style=\"text-align: left;\"><span style=\"color: #000080;\">Obecne podej\u015bcie mocarstw europejskich do Iranu niepokoj\u0105co przypomina spos\u00f3b, w jaki w latach 30. XX wieku\u00a0<a style=\"color: #000080;\" href=\"https:\/\/www.iwm.org.uk\/history\/how-britain-hoped-to-avoid-war-with-germany-in-the-1930s#:~:text=Instituted%20in%20the%20hope%20of,as%20a%20policy%20of%20weakness.\" target=\"_blank\" rel=\"noopener noreferrer\">reagowa\u0142y<\/a>\u00a0na narastaj\u0105c\u0105 agresj\u0119 nazistowskich Niemiec.<\/span><\/p>\n<p style=\"text-align: left;\"><span style=\"color: #000080;\">Europejskie demokracje, wybieraj\u0105c ust\u0119pstwa zamiast konfrontacji,\u00a0<a style=\"color: #000080;\" href=\"text=Instituted%20in%20the%20hope%20of,as%20a%20policy%20of%20weakness.\" target=\"_blank\" rel=\"noopener noreferrer\">przymyka\u0142y<\/a>\u00a0oczy na rosn\u0105c\u0105 agresj\u0119 Hitlera. Ta pob\u0142a\u017cliwo\u015b\u0107, co nie jest zaskakuj\u0105ce, po prostu o\u015bmieli\u0142a nazist\u00f3w i doprowadzi\u0142a do horroru II wojny \u015bwiatowej.<\/span><\/p>\n<p style=\"text-align: left;\"><span style=\"color: #000080;\">Dzi\u015b, podobnie, bierno\u015b\u0107 Europy wobec narastaj\u0105cych gr\u00f3\u017ab Iranu jedynie wzmacnia jej re\u017cim. Iran,\u00a0<a style=\"color: #000080;\" href=\"https:\/\/www.iranintl.com\/en\/202312020878\" target=\"_blank\" rel=\"noopener noreferrer\">nazwany<\/a>\u00a0w corocznym raporcie USA z 2023 r. &#8220;wiod\u0105cym pa\u0144stwem sponsoruj\u0105cym terroryzm na \u015bwiecie&#8221;, jest na progu zdobycia broni j\u0105drowej.<\/span><\/p>\n<p style=\"text-align: left;\"><span style=\"color: #000080;\">Islamistyczny re\u017cim Iranu nigdy nie ukrywa\u0142 swoich ambicji. Ajatollah Ruhollah Chomeini, kt\u00f3ry przej\u0105\u0142 w\u0142adz\u0119 po obaleniu szacha Mohammada Rezy Pahlawiego i ustanowi\u0142 Islamsk\u0105 Republik\u0119 Iranu w 1979 r., powiedzia\u0142:<\/span><\/p>\n<blockquote><p><strong>&#8220;B\u0119dziemy eksportowa\u0107 nasz\u0105 rewolucj\u0119 na ca\u0142y \u015bwiat. Dop\u00f3ki krzyk &#8216;Nie ma boga pr\u00f3cz Allaha&#8217; nie rozbrzmiewa na ca\u0142ym \u015bwiecie, b\u0119dzie walka&#8221;.\u00a0<a href=\"blank#_ftn1\" target=\"_blank\" rel=\"noopener noreferrer\">[1]<\/a><\/strong><\/p><\/blockquote>\n<p><span style=\"color: #000080;\">Re\u017cim Iranu obiecuje albo kapitulacj\u0119 Zachodu, albo powa\u017cny konflikt. Ignorowanie sygna\u0142\u00f3w ostrzegawczych tylko sprawi, \u017ce cena, jak\u0105 zap\u0142aci Europa, b\u0119dzie jeszcze wy\u017csza.<\/span><\/p>\n<p><span style=\"color: #000080;\">Iran\u00a0<a style=\"color: #000080;\" href=\"https:\/\/www.scmp.com\/opinion\/world-opinion\/article\/3277975\/how-iranian-missiles-can-tip-balance-russias-favour-ukraine-war\" target=\"_blank\" rel=\"noopener noreferrer\">zbroi<\/a>\u00a0Rosj\u0119 w rakiety i drony szturmowe, kt\u00f3re s\u0105 u\u017cywane do atakowania Ukrainy. Ta wojna nie jest ju\u017c tylko konfliktem regionalnym mi\u0119dzy Rosj\u0105 a Ukrain\u0105. Kiedy ira\u0144skie rakiety celuj\u0105 w Ukrain\u0119, uderzaj\u0105 w sam\u0105 Europ\u0119. Je\u015bli to nie jest preludium do bezpo\u015bredniego aktu wojny Iranu przeciwko ca\u0142ej Europie i wolno\u015bciom jednostki, kt\u00f3rych broni, to co nim jest? Iran jawnie sprzymierzy\u0142 si\u0119 z &#8220;<a style=\"color: #000080;\" href=\"https:\/\/www.politico.eu\/article\/crink-new-axis-of-evil-nato-china-russia-iran-north-korea\/\" target=\"_blank\" rel=\"noopener noreferrer\">now\u0105 Osi\u0105 Z\u0142a<\/a>&#8220;, sk\u0142adaj\u0105c\u0105 si\u0119 z Rosji, Chin, Korei P\u00f3\u0142nocnej i Iranu.<\/span><\/p>\n<p><span style=\"color: #000080;\">Partnerstwo Iranu z Rosj\u0105 prawdopodobnie nie zako\u0144czy si\u0119 na Ukrainie. Mu\u0142\u0142owie wydaj\u0105 si\u0119 mie\u0107 na celu pomoc Rosji w dalszym rozszerzaniu jej wp\u0142yw\u00f3w. By\u0107 mo\u017ce po Ukrainie Rosja spr\u00f3buje zaatakowa\u0107 Mo\u0142dawi\u0119, potem pa\u0144stwa ba\u0142tyckie, a nast\u0119pnie gdziekolwiek, gdzie nie b\u0119dzie du\u017cego oporu. Pytanie brzmi, ile jeszcze agresji Europa b\u0119dzie tolerowa\u0107, zanim zrozumie pe\u0142en rozmiar zagro\u017cenia?<\/span><\/p>\n<p><span style=\"color: #000080;\">Dostarczone przez Iran rakiety i drony szturmowe niszcz\u0105 ukrai\u0144sk\u0105 infrastruktur\u0119 i atakuj\u0105 kluczowe miasta, takie jak Kij\u00f3w. Ataki te powoduj\u0105 znaczne szkody, a tak\u017ce powoduj\u0105 \u015bmier\u0107 tysi\u0119cy niewinnych Ukrai\u0144c\u00f3w. Jak to mo\u017cliwe, \u017ce Europejczycy nie wydaj\u0105 si\u0119 tak zmartwieni \u015bmierci\u0105 cywil\u00f3w na Ukrainie, jak w Strefie Gazy i Libanie?<\/span><\/p>\n<p><span style=\"color: #000080;\">Wszystko, co robi UE, to wydawanie o\u015bwiadcze\u0144 pot\u0119piaj\u0105cych Izrael, kt\u00f3ry po\u015bwi\u0119ca \u017cycie swoich ludzi, aby ratowa\u0107 tych \u015bwi\u0119toszk\u00f3w. Co tym osi\u0105ga?<\/span><\/p>\n<p><span style=\"color: #000080;\">Nadszed\u0142 czas, aby Europa nie ogranicza\u0142a si\u0119 do demonizowania jedynego kraju, kt\u00f3ry j\u0105 ratuje, i przesta\u0142a rzuca\u0107 tylko s\u0142owa w stron\u0119 kraj\u00f3w wywo\u0142uj\u0105cych chaos.<\/span><\/p>\n<p><span style=\"color: #000080;\">Pierwszym krokiem powinno by\u0107 formalne uznanie Korpusu Stra\u017cnik\u00f3w Rewolucji Islamskiej (IRGC) Iranu i jego elitarnej Si\u0142y Kuds za organizacje terrorystyczne. Wys\u0142a\u0142oby to silny sygna\u0142, \u017ce Europa nie jest ju\u017c gotowa tolerowa\u0107 ekspansji militarnej i ideologicznej Iranu, a tak\u017ce umo\u017cliwi\u0142oby organom \u015bcigania na ca\u0142ym kontynencie zdecydowane dzia\u0142anie przeciwko ira\u0144skim agentom.<\/span><\/p>\n<p><span style=\"color: #000080;\">Europa powinna r\u00f3wnie\u017c podj\u0105\u0107 \u015bmia\u0142y krok i zamkn\u0105\u0107 wszystkie ira\u0144skie ambasady i konsulaty oraz wydali\u0107 ich personel, zanim kolejny spisek terrorystyczny dojdzie do skutku.<\/span><\/p>\n<p><span style=\"color: #000080;\">Sprawa Assadollaha Assadiego, ira\u0144skiego dyplomaty\u00a0<a style=\"color: #000080;\" href=\"https:\/\/www.bbc.com\/news\/world-europe-55931633\" target=\"_blank\" rel=\"noopener noreferrer\">skazanego<\/a>\u00a0za planowanie ataku terrorystycznego we Francji, powinna by\u0107 sygna\u0142em ostrzegawczym. Ci tak zwani ira\u0144scy dyplomaci nie wydaj\u0105 si\u0119 by\u0107 mianowani w celu wspierania mi\u0119dzynarodowej wsp\u00f3\u0142pracy. Wygl\u0105daj\u0105 raczej na agent\u00f3w szpiegostwa i terroru. Im d\u0142u\u017cej europejscy przyw\u00f3dcy pozwalaj\u0105 tym wywrotowym plac\u00f3wkom dyplomatycznym dzia\u0142a\u0107, tym wi\u0119ksze jest zagro\u017cenie dla bezpiecze\u0144stwa europejskiego.<\/span><\/p>\n<p><span style=\"color: #000080;\">Europa powinna zerwa\u0107 wszelkie stosunki\u00a0<a style=\"color: #000080;\" href=\"https:\/\/www.tehrantimes.com\/news\/499105\/Iran-EU-trade-rises-8-in-Q1-2024\" target=\"_blank\" rel=\"noopener noreferrer\">handlowe<\/a>\u00a0z Iranem. Ka\u017cde euro, kt\u00f3re wp\u0142ywa do Iranu, prawdopodobnie jest przekazywane do machiny wojskowej Teheranu i wspiera wojn\u0119 Rosji z Ukrain\u0105. Kosztem kontynuowania tych powi\u0105za\u0144 handlowych jest dalsza destabilizacja wschodnich granic Europy i wzmocnienie re\u017cimu, kt\u00f3ry jest otwarcie wrogi wobec Zachodu. Handel z Iranem w rzeczywisto\u015bci finansuje i wzmacnia wrog\u00f3w Zachodu.<\/span><\/p>\n<p><span style=\"color: #000080;\">UE musi by\u0107 r\u00f3wnie\u017c przygotowana do utworzenia koalicji, kt\u00f3ra poprze swoje s\u0142owa dzia\u0142aniami militarnymi. Dalsze bierne siedzenie, podczas gdy ira\u0144skie rakiety i drony spadaj\u0105 na europejski nar\u00f3d, nie jest strategi\u0105; to kapitulacja. UE powinna po\u0142o\u017cy\u0107 infrastruktur\u0119 naftow\u0105 Iranu, obiekty nuklearne i zasoby wojskowe na stole jako potencjalne cele. Przekaza\u0142oby to jasny komunikat re\u017cimowi ira\u0144skiemu: Europa nie b\u0119dzie po prostu patrze\u0107 w inn\u0105 stron\u0119, gdy jej miasta s\u0105 zagro\u017cone. Taki pokaz si\u0142y m\u00f3g\u0142by powstrzyma\u0107 dalsz\u0105 agresj\u0119 i zmusi\u0107 Iran do powstrzymania si\u0119.<\/span><\/p>\n<p><span style=\"color: #000080;\">Je\u015bli Europa jest zbyt nie\u015bmia\u0142a, by bezpo\u015brednio stawi\u0107 czo\u0142a re\u017cimowi ira\u0144skiemu, powinna przynajmniej stan\u0105\u0107 po stronie tych, kt\u00f3rzy\u00a0<i>walcz\u0105<\/i>\u00a0z re\u017cimem ira\u0144skim i jego pe\u0142nomocnikami. Izrael obj\u0105\u0142 prowadzenie w konfrontacji z ira\u0144sk\u0105 agresj\u0105 na Bliskim Wschodzie. Zamiast pot\u0119pia\u0107 Izrael za obron\u0119 swojego kraju i Zachodu przed Hamasem, Hezbollahem i Iranem, UE powinna zrobi\u0107 wszystko, co w jej mocy, by wesprze\u0107 tych bohater\u00f3w. Porzucenie Izraela, podczas gdy walczy on z terroryzmem wspieranym przez Iran, jedynie os\u0142abia Europ\u0119 i dzia\u0142a na korzy\u015b\u0107 wszystkich, kt\u00f3rzy pracuj\u0105 nad jej upadkiem.<\/span><\/p>\n<p><span style=\"color: #000080;\">Odpowiadaj\u0105c pustymi s\u0142owami, gdy ira\u0144skie rakiety uderzaj\u0105 w europejskie miasta, UE zasadniczo daje zielone \u015bwiat\u0142o Teheranowi, aby eskalowa\u0142 swoj\u0105 agresj\u0119. Lekcje nazistowskich Niemiec powinny by\u0107 oczywiste dla ka\u017cdego.<\/span><\/p>\n<p><span style=\"color: #000080;\">Nadszed\u0142 czas, aby Europa udzieli\u0142a wsparcia tym, kt\u00f3rzy ryzykuj\u0105 \u017cycie, aby obali\u0107 ten re\u017cim terrorystyczny,\u00a0<i>zanim<\/i>\u00a0zdob\u0119dzie bomb\u0119 atomow\u0105.<\/span><\/p>\n<p><span style=\"color: #000080;\">Najbardziej wdzi\u0119czni byliby mieszka\u0144cy samego Iranu.<\/span><\/p>\n<hr style=\"height: 15px; background: #d0e6fa; width: 100%;\" \/>\n<div id=\"content\" class=\"content-alignment\">\n<div id=\"watch-description\" class=\"yt-uix-button-panel\">\n<div id=\"watch-description-text\" style=\"text-align: center;\">\n<p><em>Zawarto\u015b\u0107 publikowanych artyku\u0142\u00f3w i materia\u0142\u00f3w nie reprezentuje pogl\u0105d\u00f3w ani opinii Reunion&#8217;68,<\/em><em><br \/>\nani te\u017c webmastera Blogu Reunion&#8217;68, chyba ze jest to wyra\u017anie zaznaczone.<br \/>\nTwoje uwagi, linki, w\u0142asne artyku\u0142y lub wiadomo\u015bci prze\u015blij na adres:<br \/>\n<\/em><span style=\"color: #000080;\"><strong><em><a style=\"color: #000080;\" href=\"mailto:webmaster@reunion68.com\"><span style=\"text-decoration: underline;\">webmaster@reunion68.com<\/span><\/a><\/em><\/strong><\/span><\/p>\n<\/div>\n<\/div>\n<\/div>\n<hr style=\"width: 100%;\" \/>\n","protected":false},"excerpt":{"rendered":"<p>Na zdj\u0119ciu: Stra\u017cacy w Kijowie na Ukrainie pr\u00f3buj\u0105 ugasi\u0107 po\u017car w czteropi\u0119trowym budynku mieszkalnym, w kt\u00f3rym zgin\u0119\u0142y trzy osoby, gdy budynek zosta\u0142 trafiony przez drona szturmowego, 17 pa\u017adziernika 2022 r. (Zdj\u0119cie: Paula Bronstein\/Getty Images) Ira\u0144skie rakiety uderzaj\u0105 w Europ\u0119 Majid Rafizadeh T\u0142umaczenie: Ma\u0142gorzata Koraszewska Obecne podej\u015bcie mocarstw europejskich do Iranu niepokoj\u0105co przypomina spos\u00f3b, w jaki [&hellip;]<\/p>\n","protected":false},"author":1,"featured_media":0,"comment_status":"closed","ping_status":"closed","sticky":false,"template":"","format":"standard","meta":[],"categories":[6],"tags":[26,24],"_links":{"self":[{"href":"https:\/\/www.reunion68.se\/index.php?rest_route=\/wp\/v2\/posts\/116848"}],"collection":[{"href":"https:\/\/www.reunion68.se\/index.php?rest_route=\/wp\/v2\/posts"}],"about":[{"href":"https:\/\/www.reunion68.se\/index.php?rest_route=\/wp\/v2\/types\/post"}],"author":[{"embeddable":true,"href":"https:\/\/www.reunion68.se\/index.php?rest_route=\/wp\/v2\/users\/1"}],"replies":[{"embeddable":true,"href":"https:\/\/www.reunion68.se\/index.php?rest_route=%2Fwp%2Fv2%2Fcomments&post=116848"}],"version-history":[{"count":7,"href":"https:\/\/www.reunion68.se\/index.php?rest_route=\/wp\/v2\/posts\/116848\/revisions"}],"predecessor-version":[{"id":116859,"href":"https:\/\/www.reunion68.se\/index.php?rest_route=\/wp\/v2\/posts\/116848\/revisions\/116859"}],"wp:attachment":[{"href":"https:\/\/www.reunion68.se\/index.php?rest_route=%2Fwp%2Fv2%2Fmedia&parent=116848"}],"wp:term":[{"taxonomy":"category","embeddable":true,"href":"https:\/\/www.reunion68.se\/index.php?rest_route=%2Fwp%2Fv2%2Fcategories&post=116848"},{"taxonomy":"post_tag","embeddable":true,"href":"https:\/\/www.reunion68.se\/index.php?rest_route=%2Fwp%2Fv2%2Ftags&post=116848"}],"curies":[{"name":"wp","href":"https:\/\/api.w.org\/{rel}","templated":true}]}}