{"id":116872,"date":"2024-11-07T17:09:47","date_gmt":"2024-11-07T15:09:47","guid":{"rendered":"http:\/\/www.reunion68.se\/?p=116872"},"modified":"2024-11-07T11:26:39","modified_gmt":"2024-11-07T09:26:39","slug":"07-05-104","status":"publish","type":"post","link":"https:\/\/www.reunion68.se\/?p=116872","title":{"rendered":"Prof. Kiwerska przewidzia\u0142a wygran\u0105 Trumpa. &#8220;Euforia po wyborze Harris na kandydatk\u0119 by\u0142a myl\u0105ca&#8221;"},"content":{"rendered":"<p style=\"text-align: center;\"><img decoding=\"async\" class=\"aligncenter\" src=\"https:\/\/bi.im-g.pl\/im\/a2\/fd\/1d\/z31445154AMP,Donald-Trump.jpg\" width=\"100%\" \/><span style=\"color: #808080;\"><em>Donald Trump (Donald Trump wygra\u0142 wybory. Wr\u00f3\u017cka m\u00f3wi o kadencji \/ Fot. REUTERS\/Callaghan O&#8217;Hare)<\/em><\/span><\/p>\n<hr \/>\n<h5 style=\"text-align: center;\"><a href=\"https:\/\/wyborcza.pl\/\" target=\"_blank\" rel=\"noopener noreferrer\"><img decoding=\"async\" class=\"center alignleft\" src=\"http:\/\/www.reunion68.com\/Biuletyn\/img\/wyborcza.png\" alt=\"\" width=\"35%\" \/><\/a><span style=\"text-decoration: underline; color: #000080;\"><strong><a style=\"color: #000080; text-decoration: underline;\" href=\"https:\/\/wyborcza.pl\/7,75399,31444594,prof-kiwerska-przewidziala-wygrana-trumpa-teraz-mowi-o-sygnalach.html#S.MT-K.C-B.1-L.1.duzy\" target=\"_blank\" rel=\"noopener noreferrer\">Prof. Kiwerska przewidzia\u0142a wygran\u0105 Trumpa. &#8220;Euforia po wyborze Harris na kandydatk\u0119 by\u0142a myl\u0105ca&#8221;<\/a><\/strong><\/span><\/h5>\n<p style=\"text-align: center;\"><span style=\"color: #000000;\"><strong>Alicja Lehmann<\/strong><\/span><\/p>\n<hr style=\"height: 15px; background: #d0e6fa; width: 100%;\" \/>\n<p style=\"text-align: left;\"><span style=\"color: #000080;\">Licz\u0119, \u017ce Europa jednak si\u0119 przestraszy i zadba o swoje bezpiecze\u0144stwo oraz o integracj\u0119. \u0141atwo nie b\u0119dzie, bo mamy konie troja\u0144skie w postaci cho\u0107by Victora Orbana &#8211; ocenia ekspertka.<\/span><\/p>\n<hr \/>\n<div class=\"article--content article--content-free  \">\n<h5 class=\"text--paragraph\"><span style=\"color: #808080;\"><b><i>Prof. dr hab. Jadwiga Kiwerska z Wydzia\u0142u Nauk Politycznych i Dziennikarstwa Uniwersytetu im. Adama Mickiewicza w Poznaniu oraz Instytutu Zachodniego w Poznaniu specjalizuje si\u0119 w stosunkach mi\u0119dzynarodowych, szczeg\u00f3lnie w polityce zagranicznej USA. Autorka ksi\u0105\u017cki &#8220;Sojusz w kryzysie. Prezydentura Donalda Trumpa i relacje transatlantyckie&#8221;.<\/i><\/b><\/span><\/h5>\n<hr \/>\n<p class=\"text--question font-head-500\"><strong>Alicja Lehmann: &#8211; We wtorek 5 listopada nie mia\u0142a pani w\u0105tpliwo\u015bci, kto wygra te wybory i bez wahania wskaza\u0142a Donalda Trumpa. Ta pewno\u015b\u0107 to nie tylko intuicja.<\/strong><\/p>\n<\/div>\n<p class=\"text--paragraph\"><span style=\"color: #000080;\">Prof. Jadwiga Kiwerska: &#8211; By\u0142y ku temu sygna\u0142y i to ju\u017c od dawna.<\/span><\/p>\n<p class=\"text--question font-head-500\"><strong>&#8211; Jakie?<\/strong><\/p>\n<p class=\"text--paragraph\"><span style=\"color: #000080;\">&#8211; Pierwszy w dniu, w kt\u00f3rym\u00a0<a style=\"color: #000080;\" href=\"https:\/\/wyborcza.pl\/0,128956.html?tag=Donald+Trump#anchorLink\">Donald Trump<\/a>\u00a0opuszcza\u0142 Bia\u0142y Dom po wygranych przez Joe Bidena wyborach. Musz\u0119 tu doda\u0107, \u017ce w ameryka\u0144skiej najnowszej historii, gdy prezydenci po sko\u0144czonej prezydencji, nawet gdy przegrywali reelekcj\u0119 jak Jimmy Carter, zaszywali si\u0119 w swoich siedzibach, albo rozpoczynali tak\u0105 dzia\u0142alno\u015b\u0107, kt\u00f3ra nie kolidowa\u0142a z urz\u0119duj\u0105c\u0105 administracj\u0105 i jej polityk\u0105.<\/span><\/p>\n<p class=\"text--paragraph\"><span style=\"color: #000080;\">Natomiast Donald Trump ani na chwil\u0119 nie zaprzesta\u0142 swojej dzia\u0142alno\u015bci politycznej. Co wi\u0119cej, prowadzi\u0142 j\u0105 nadal i zagrzewa\u0142 do boju swoich zwolennik\u00f3w.<\/span><\/p>\n<p class=\"text--paragraph\"><span style=\"color: #000080;\">Pami\u0119tam go na trawniku przed Bia\u0142ym Domem, gdy wsiada\u0142 do helikoptera. By\u0142 na wszystkich obra\u017cony, czego najlepszym dowodem by\u0142o to, \u017ce nie wzi\u0105\u0142 udzia\u0142u w zaprzysi\u0119\u017ceniu Joe Bidena. Przed odlotem natomiast rzuci\u0142, \u017ce do Waszyngtonu wr\u00f3ci i z takim przekonaniem oraz zamiarem odlecia\u0142.<\/span><\/p>\n<p class=\"text--paragraph\"><span style=\"color: #000080;\">A potem nie dawa\u0142 o sobie zapomnie\u0107.\u00a0<a id=\"LinkArea:embed_link\" class=\"text--link \" style=\"color: #000080;\" title=\"Ca\u0142y czas by\u0142 aktywny i zapowiada\u0142, \u017ce ponownie b\u0119dzie ubiega\u0142 si\u0119 o prezydentur\u0119.\" href=\"https:\/\/wyborcza.pl\/7,75399,31155498,donald-trump-oficjalnym-kandydatem-republikanow-na-prezydenta.html#S.embed_link-K.C-B.1-L.1.zw\" rel=\"dofollow\" data-bd-viewability=\"1\" data-bd-viewability-id=\"embed_link\" data-bd-viewability-href=\"https:\/\/wyborcza.pl\/7,75399,31155498,donald-trump-oficjalnym-kandydatem-republikanow-na-prezydenta.html#S.embed_link-K.C-B.1-L.1.zw\">Ca\u0142y czas by\u0142 aktywny i zapowiada\u0142, \u017ce ponownie b\u0119dzie ubiega\u0142 si\u0119 o prezydentur\u0119.<\/a><\/span><\/p>\n<h4 class=\"text--title font-head-700\" style=\"text-align: center;\"><strong>Wybory w USA. Ameryka mocno podzielona<\/strong><\/h4>\n<p class=\"text--question font-head-500\"><strong>&#8211; Podobno dzie\u0144 og\u0142oszenia wynik\u00f3w wybor\u00f3w w Ameryce jest pierwszym dniem nast\u0119pnej kampanii wyborczej.<\/strong><\/p>\n<p class=\"text--paragraph\"><span style=\"color: #000080;\">&#8211; Trump dok\u0142adnie wtedy rozpocz\u0105\u0142 swoj\u0105 trzeci\u0105 kampani\u0119 wyborcz\u0105, kt\u00f3r\u0105 w\u0142a\u015bnie wygra\u0142. Cho\u0107 by\u0142 moment, w kt\u00f3rym zw\u0105tpi\u0142am, czy mu si\u0119 to uda.<\/span><\/p>\n<p class=\"text--question font-head-500\"><strong>&#8211; Pocz\u0105tkowo niepewna nominacja Republikan\u00f3w?<\/strong><\/p>\n<p class=\"text--paragraph\"><span style=\"color: #000080;\">&#8211; Nieco wcze\u015bniejsze wybory po\u0142\u00f3wkowe w 2022 roku. Trump wspiera\u0142 wtedy okre\u015blonych senator\u00f3w czy ubiegaj\u0105cych si\u0119 o miejsca w Izbie Reprezentant\u00f3w. W Partii Republika\u0144skiej ju\u017c wtedy istnia\u0142 podzia\u0142 na trumpist\u00f3w i jego przeciwnik\u00f3w. Wi\u0119kszo\u015b\u0107 z tych, kt\u00f3rych popar\u0142, nie wesz\u0142a do Kongresu.<\/span><\/p>\n<div id=\"banC1\"><\/div>\n<div id=\"adUnit-087-ADBOARD-A\" class=\"adviewDFPBanner DFP-087-ADBOARD-A activeBan\" data-google-query-id=\"CJf4yfLuyYkDFX3xOwIdSmQCdA\">\n<p class=\"text--paragraph\"><span style=\"color: #000080;\">Trump jednak nie zaprzesta\u0142 swojej dzia\u0142alno\u015bci.<\/span><\/p>\n<blockquote class=\"text--quote font-quotation-500\"><p><strong>I jeszcze silniej zacz\u0105\u0142 wykorzystywa\u0107 fakt, \u017ce Ameryka jest podzielona.<\/strong><\/p><\/blockquote>\n<p class=\"text--paragraph\"><span style=\"color: #000080;\">W ko\u0144cu polaryzacja doprowadzi\u0142a do sytuacji, w kt\u00f3rej albo by\u0142o si\u0119 z Trumpem, albo przeciwko niemu.<\/span><\/p>\n<p class=\"text--question font-head-500\"><strong>&#8211; Sam jednak tych wybor\u00f3w nie wygra\u0142.<\/strong><\/p>\n<p class=\"text--paragraph\"><span style=\"color: #000080;\">&#8211; W tym, co wydarzy\u0142o si\u0119 5 listopada, nie bez znaczenia jest to, w jakim kierunku posz\u0142a Partia Republika\u0144ska. Obserwowa\u0142am losy tych Republikan\u00f3w, kt\u00f3rzy starali si\u0119 odci\u0105\u0107 od Trumpa i jego bardzo populistycznej i prawicowej narracji.<\/span><\/p>\n<p class=\"text--paragraph\"><span style=\"color: #000080;\">To by\u0142y osoby, kt\u00f3re w\u0142a\u015bciwie przegrywa\u0142y, jak na przyk\u0142ad c\u00f3rka wiceprezydenta Dicka Cheneya czy jeden z polityk\u00f3w, kt\u00f3ry razem z ni\u0105 wszed\u0142 do s\u0142ynnej komisji, maj\u0105cej ocenia\u0107 zachowanie Trumpa z 6 stycznia 2021 roku. Liz Cheney w wyborach po\u0142\u00f3wkowych w 2022 roku nie zosta\u0142a nawet wysuni\u0119ta przez Parti\u0119 Republika\u0144sk\u0105.<\/span><\/p>\n<div id=\"banC2\"><\/div>\n<div id=\"adUnit-087-ADBOARD-B\" class=\"adviewDFPBanner DFP-087-ADBOARD-B activeBan\" data-google-query-id=\"COe28vjuyYkDFcMUogMdT3McwQ\">\n<p class=\"text--paragraph\"><span style=\"color: #000080;\">I cho\u0107 z jednej strony popierani przez niego te\u017c przegrywali, z drugiej jego wp\u0142ywy w partii nie mala\u0142y, a wr\u0119cz ros\u0142y. Wszystkie fakty i podzia\u0142y wykorzystywa\u0142, aby siebie popularyzowa\u0107.<\/span><\/p>\n<blockquote class=\"text--quote font-quotation-500\"><p><strong><span style=\"color: #000000;\">A dodatkowo Trump nie mia\u0142 wyborc\u00f3w, a wyznawc\u00f3w. I praktycznie nie by\u0142o nic, co spowodowa\u0142oby zmian\u0119 ich zdania.<\/span><\/strong><\/p><\/blockquote>\n<p class=\"text--paragraph\"><span style=\"color: #000080;\">W Ameryce wybory tak naprawd\u0119 odbywaj\u0105 si\u0119 co dwa lata. Z tak\u0105 cz\u0119stotliwo\u015bci\u0105 wymieniana jest 1\/3 Senatu, ca\u0142a Izba Reprezentant\u00f3w i z tymi wyborami wybiera si\u0119 te\u017c cz\u0119\u015b\u0107 gubernator\u00f3w i prokurator\u00f3w stanowych. To s\u0105 wszystko stanowiska wybierane. W 2022 r. Republikanie nie odbili Senatu, co nale\u017cy uwa\u017ca\u0107 za sukces Partii Demokratycznej, a zw\u0142aszcza urz\u0119duj\u0105cej administracji Bidena, ale zdobyli wi\u0119kszo\u015b\u0107 w Izbie Reprezentant\u00f3w, do\u015b\u0107 skutecznie blokuj\u0105c nast\u0119pnie niekt\u00f3re ustawy administracji.<\/span><\/p>\n<h4 class=\"text--title font-head-700\" style=\"text-align: center;\"><strong>Wyniki wybor\u00f3w w USA. Republikanie bior\u0105 wszystko<\/strong><\/h4>\n<p class=\"text--question font-head-500\"><strong>&#8211; <span style=\"color: #800000;\">Partia Republika\u0144ska ma teraz wszystko, w\u0142\u0105cznie z prezydentem. Nie musz\u0105 si\u0119 ju\u017c dogadywa\u0107 z Demokratami.<\/span><\/strong><\/p>\n<p class=\"text--paragraph\"><span style=\"color: #000080;\">&#8211; A takie dogadywanie by\u0142o wcze\u015bniej mo\u017cliwe. Prosz\u0119 pami\u0119ta\u0107, \u017ce Partia Republika\u0144ska, to jest partia Ronalda Reagana, kt\u00f3ra mia\u0142a bardzo prawicowy program gospodarczy, czyli jak najmniej pa\u0144stwa. To nie by\u0142a jednak partia populistyczna, skrajnie prawicowa.<\/span><\/p>\n<p class=\"text--paragraph\"><span style=\"color: #000080;\">Za Ronalda Reagana, Busha seniora czy nawet Busha juniora na Kapitolu by\u0142a mo\u017cliwo\u015b\u0107 dogadania si\u0119, negocjacji. Ten silny nacisk Trumpa i skr\u0119cenie w stron\u0119 trumpizmu spowodowa\u0142o, \u017ce prawie zupe\u0142nie znik\u0142a mo\u017cliwo\u015b\u0107 porozumienia.<\/span><\/p>\n<p class=\"text--paragraph\"><span style=\"color: #000080;\">Przyk\u0142adem jest cho\u0107by batalia o transze pomocy dla Ukrainy, gdzie Izba Reprezentant\u00f3w albo nie poddawa\u0142a wniosku pod g\u0142osowanie, albo przepada\u0142 on w g\u0142osowaniu. To trwa\u0142o niemal sze\u015b\u0107 miesi\u0119cy.\u00a0<a id=\"LinkArea:embed_link\" class=\"text--link \" style=\"color: #000080;\" title=\"61 miliard\u00f3w dolar\u00f3w, z kt\u00f3rego si\u0119 teraz korzysta, jest zapewne ostatni\u0105 pomoc\u0105 finansow\u0105 USA\" href=\"https:\/\/wyborcza.pl\/7,75399,30906012,61-mld-dol-dla-ukrainy-izba-reprezentantow-zafundowala-porazke.html#S.embed_link-K.C-B.1-L.2.zw\" rel=\"dofollow\" data-bd-viewability=\"1\" data-bd-viewability-id=\"embed_link\" data-bd-viewability-href=\"https:\/\/wyborcza.pl\/7,75399,30906012,61-mld-dol-dla-ukrainy-izba-reprezentantow-zafundowala-porazke.html#S.embed_link-K.C-B.1-L.2.zw\">61 miliard\u00f3w dolar\u00f3w, z kt\u00f3rego si\u0119 teraz korzysta, jest zapewne ostatni\u0105 pomoc\u0105 finansow\u0105 USA<\/a>\u00a0dla Ukrainy.<\/span><\/p>\n<blockquote class=\"text--quote font-quotation-500\"><p><strong>Joe Biden by\u0142 bezsilny, a dla Trumpa by\u0142o korzystne, je\u015bli m\u00f3g\u0142 pokaza\u0107 nieudolno\u015b\u0107 administracji.<\/strong><\/p><\/blockquote>\n<p class=\"text--paragraph\"><span style=\"color: #000080;\">Dodatkowo odpowiada\u0142o to wielu Amerykanom zupe\u0142nie nie zainteresowanym wojn\u0105 w Ukrainie, odleg\u0142ym kraju, kt\u00f3rego najpewniej nie potrafi\u0105 nawet wskaza\u0107 na mapie.<\/span><\/p>\n<h4 class=\"text--title font-head-700\" style=\"text-align: center;\"><strong>Wybory w USA. Poparcie w\u015br\u00f3d kobiet dla Kamali Harris du\u017co ni\u017csze od spodziewanego<\/strong><\/h4>\n<p class=\"text--question font-head-500\"><strong>&#8211; Co w takim razie z piel\u0119gnowanym przez Republikan\u00f3w ameryka\u0144skim pos\u0142annictwem i misj\u0105 w utrzymaniu demokracji?<\/strong><\/p>\n<p class=\"text--paragraph\"><span style=\"color: #000080;\">&#8211; M\u00f3wi\u0142 o tym Ronald Reagan, a dla Trumpa to nie nigdy nie mia\u0142o znaczenia. I to jest przera\u017caj\u0105ce.<\/span><\/p>\n<div id=\"adUnit-087-ADBOARD-C\" class=\"adviewDFPBanner DFP-087-ADBOARD-C activeBan\" data-google-query-id=\"CPrimZjvyYkDFebLOwIdPi8bbQ\"><span style=\"color: #000080;\">George Bush ju\u017c za pierwszej prezydentury Trumpa, podczas uroczysto\u015bci upami\u0119tniaj\u0105cych kolejn\u0105 rocznic\u0119 11 wrze\u015bnia 2001 roku, w swoim przem\u00f3wieniu pyta\u0142 &#8220;Co si\u0119 sta\u0142o z Ameryk\u0105?&#8221;.<\/span><\/div>\n<\/div>\n<\/div>\n<div data-google-query-id=\"CPrimZjvyYkDFebLOwIdPi8bbQ\"><\/div>\n<div data-google-query-id=\"CPrimZjvyYkDFebLOwIdPi8bbQ\">\n<p class=\"text--paragraph\"><span style=\"color: #000080;\">W tym samym czasie ju\u017c widoczne by\u0142y nastroje spo\u0142eczne. Liberalne media, sporo naszych krajowych medi\u00f3w r\u00f3wnie\u017c, wiele uwagi po\u015bwi\u0119ca\u0142o wtedy s\u0142usznemu i szlachetnemu wed\u0142ug mnie ruchowi Black Lives Matters czy kampanii Me Too.<\/span><\/p>\n<blockquote class=\"text--quote font-quotation-500\"><p><strong>Dla bia\u0142ego Amerykanina, mieszkaj\u0105cego gdzie\u015b w pasie biblijnym czy na prowincji, kt\u00f3rego \u017cona nie pracuje i p\u00f3\u0142 dnia chodzi w domu w wa\u0142kach na g\u0142owie, by by\u0107 pi\u0119kn\u0105, gdy m\u0105\u017c wr\u00f3ci na kolacj\u0119, te sprawy nie maj\u0105 znaczenia.<\/strong><\/p><\/blockquote>\n<p class=\"text--paragraph\"><span style=\"color: #000080;\">Nagle okaza\u0142o si\u0119 jednak, \u017ce kobiety chc\u0105 jakich\u015b praw. Wielu bia\u0142ych m\u0119\u017cczyzn tego si\u0119 wystraszy\u0142o. A nam i liberalnym ameryka\u0144skim mediom, wydawa\u0142o si\u0119 bardzo naturalne, \u017ce kobiety walcz\u0105 o swoje i p\u00f3jd\u0105 zag\u0142osowa\u0107.<\/span><\/p>\n<p class=\"text--question font-head-500\"><strong>&#8211; Wyniki ju\u017c pokazuj\u0105, \u017ce nie posz\u0142y. Poparcie kobiet dla Kamali Harris jest du\u017co ni\u017csze od spodziewanego.<\/strong><\/p>\n<p class=\"text--paragraph\"><span style=\"color: #000080;\">&#8211; Ale poszli ich m\u0119\u017cowie i ojcowie. Ten trend te\u017c ju\u017c by\u0142 widoczny od dawna i\u00a0<a id=\"LinkArea:embed_link\" class=\"text--link \" style=\"color: #000080;\" title=\"dlatego z niemal ca\u0142kowit\u0105 pewno\u015bci\u0105 powiedzia\u0142am, \u017ce Trump jest na fali i zwyci\u0119\u017cy.\" href=\"https:\/\/wyborcza.pl\/7,75399,31444831,namaszczony-przez-boga-trump-z-wielkim-zaufaniem-spolecznym.html#S.embed_link-K.C-B.1-L.3.zw\" rel=\"dofollow\" data-bd-viewability=\"1\" data-bd-viewability-id=\"embed_link\" data-bd-viewability-href=\"https:\/\/wyborcza.pl\/7,75399,31444831,namaszczony-przez-boga-trump-z-wielkim-zaufaniem-spolecznym.html#S.embed_link-K.C-B.1-L.3.zw\">dlatego z niemal ca\u0142kowit\u0105 pewno\u015bci\u0105 powiedzia\u0142am, \u017ce Trump jest na fali i zwyci\u0119\u017cy.<\/a><\/span><\/p>\n<p class=\"text--question font-head-500\"><strong>&#8211; Demokraci to wszystko przespali?<\/strong><\/p>\n<p class=\"text--paragraph\"><span style=\"color: #000080;\">&#8211; Jestem ca\u0142ym sercem za Joe Bidenem i jestem pe\u0142na uznania dla niego i tego, co zrobi\u0142. To jest w\u0142a\u015bnie prezydent ameryka\u0144ski tradycyjnego stylu, z poczuciem pos\u0142annictwa misji dziejowej Ameryki, o kt\u00f3rej m\u00f3wi\u0142 cho\u0107by Ronald Reagan czy przede wszystkim Woodrow Wilson.<\/span><\/p>\n<p class=\"text--paragraph\"><span style=\"color: #000080;\">Jednak wystawienie Bidena do walki o drug\u0105 kadencj\u0119 by\u0142o wielkim b\u0142\u0119dem Demokrat\u00f3w.<\/span><\/p>\n<blockquote class=\"text--quote font-quotation-500\"><p><strong>Od momentu wej\u015bcia Bidena do Bia\u0142ego Domu w 2021 roku Demokraci powinni przygotowywa\u0107 nowego kandydata.<\/strong><\/p><\/blockquote>\n<p class=\"text--paragraph\"><span style=\"color: #000080;\">To po prostu by\u0142o niemo\u017cliwe, by 82-letni cz\u0142owiek kolejne cztery lata m\u00f3g\u0142 by\u0107 prezydentem, a wcze\u015bniej przeprowadzi\u0107 intensywn\u0105 kampani\u0119 wyborcz\u0105.<\/span><\/p>\n<p class=\"text--paragraph\"><span style=\"color: #000080;\">Niewykluczone, \u017ce wp\u0142yw na takie decyzje mia\u0142y wybory po\u0142\u00f3wkowe. Zwykle jest tak, \u017ce przegrywa je partia urz\u0119duj\u0105cego prezydenta. Tak by\u0142o za Baracka Obamy czy Billa Clintona. A za Bidena Demokraci obronili Senat, a w Izbie Reprezentant\u00f3w ta przewaga Republikan\u00f3w by\u0142a niewielka. I Partii Demokratycznej wydawa\u0142o si\u0119, \u017ce by\u0142o to zas\u0142ug\u0105 Bidena i trzeba go wspiera\u0107. To by\u0142 b\u0142\u0105d.<\/span><\/p>\n<p class=\"text--paragraph\"><span style=\"color: #000080;\">Po drugie Ameryka posz\u0142a w praw\u0105 stron\u0119. G\u0142oszone przez Demokrat\u00f3w i ich kandydatk\u0119 has\u0142a zaprzecza\u0142y tradycyjnemu pojmowaniu rodziny, a te warto\u015bci przej\u0119li Republikanie i Trump. Do tego wszystkiego dosz\u0142a gorsza sytuacja gospodarcza.<\/span><\/p>\n<p class=\"text--paragraph\"><span style=\"color: #000080;\">Pami\u0119tajmy, \u017ce podczas gdy wska\u017aniki makro USA s\u0105 dobre, a bezrobocie niskie, nie ma to prze\u0142o\u017cenia dla przeci\u0119tnego Amerykanina. Jemu \u017cyje si\u0119 gorzej, a obiecuj\u0105cy zadba\u0107 o gospodark\u0119 i prezentuj\u0105cy si\u0119 jako maczo Trump by\u0142 wyborem, kt\u00f3ry gwarantowa\u0142 mu bezpiecze\u0144stwo.<\/span><\/p>\n<p class=\"text--question font-head-500\"><strong>&#8211; Kamala Harris mia\u0142a jednak bardzo kr\u00f3tk\u0105 kampani\u0119. Musia\u0142a skupi\u0107 si\u0119 na czym\u015b, a prawa kobiet wydawa\u0142y si\u0119 dobrym i wa\u017cnym pomys\u0142em.<\/strong><\/p>\n<p class=\"text--paragraph\"><span style=\"color: #000080;\">&#8211; Myl\u0105ca by\u0142a te\u017c chwilowa euforia, gdy zosta\u0142a kandydatk\u0105. Ale du\u017co nie ugra\u0142a, bo nawet je\u015bli zdoby\u0142a kilka procent, to pokry\u0142o to straty Joe Bidena.<\/span><\/p>\n<\/div>\n<h4 class=\"text--title font-head-700\" style=\"text-align: center;\"><strong>Wyniki wybor\u00f3w w USA. Trump nie lubi Niemiec<\/strong><\/h4>\n<p class=\"text--question font-head-500\"><strong>&#8211; Co w takim razie wygrana Trumpa oznacza dla \u015bwiata i Europy?<\/strong><\/p>\n<p class=\"text--paragraph\" style=\"text-align: left;\"><span style=\"color: #000080;\">&#8211; Na pewno odej\u015bcie od poczucia zobowi\u0105zania Ameryki wobec \u015bwiata za bezpiecze\u0144stwo, za stabilizacj\u0119. Zmieni si\u0119 te\u017c traktowanie Unii Europejskiej z partnera czy sojusznika, na konkurenta w wymiarze gospodarczym. To znamy ju\u017c z pierwszej prezydentury Trumpa &#8211; wojny handlowe, kt\u00f3re rozpocz\u0105\u0142 nie tylko z Chinami, ale r\u00f3wnie\u017c z Europ\u0105.<\/span><\/p>\n<p class=\"text--paragraph\" style=\"text-align: left;\"><span style=\"color: #000080;\">Przyk\u0142adem jest podniesienie ce\u0142 na stal i aluminium, a w odpowiedzi Europa podnios\u0142a c\u0142a na ameryka\u0144skie whisky i d\u017cinsy.<\/span><\/p>\n<p class=\"text--paragraph\" style=\"text-align: left;\"><span style=\"color: #000080;\">Kolejn\u0105 kwesti\u0105 jest to, ile sojusznicy \u0142o\u017c\u0105 na swoje bezpiecze\u0144stwo. Tutaj trzeba odda\u0107, \u017ce Trump mia\u0142 racj\u0119. Niemiecka gospodarka, najsilniejsza w Europie, na obron\u0119 przeznacza\u0142a nieca\u0142e 1,5 proc. swojego PKB, cho\u0107 ju\u017c w 2014 roku na szczycie w Newport, po pierwszej agresji Rosji na Ukrain\u0119, pa\u0144stwa cz\u0142onkowskie NATO zobowi\u0105za\u0142y si\u0119 do przeznaczania 2 proc. PKB na cele obronne do 2024 r. My nie mieli\u015bmy z tym problemu, ale byli\u015bmy w\u015br\u00f3d nielicznych.<\/span><\/p>\n<blockquote class=\"text--quote font-quotation-500\">\n<p style=\"text-align: left;\"><strong>Trump mia\u0142 racj\u0119, ale robi\u0142 to w bardzo konfrontacyjny spos\u00f3b.<\/strong><\/p>\n<\/blockquote>\n<p class=\"text--paragraph\" style=\"text-align: left;\"><span style=\"color: #000080;\">I nawet gdy Europejczycy zacz\u0119li zwi\u0119ksza\u0107 swoje nak\u0142ady, w\u0142\u0105cznie z Niemcami, on ostro stawia\u0142 spraw\u0119 i straszy\u0142, \u017ce nie b\u0119dzie broni\u0107 Europy. A przecie\u017c art. 5 traktatu waszyngto\u0144skiego nie stawia \u017cadnych warunk\u00f3w.<\/span><\/p>\n<p class=\"text--paragraph\" style=\"text-align: left;\"><span style=\"color: #000080;\">Dodatkowo Trump nie lubi Niemiec i uwa\u017ca ten kraj za najwi\u0119kszego konkurenta USA. M\u00f3wi\u0142 zreszt\u0105, \u017ce Unia Europejska istnieje po to, aby Niemcy czerpa\u0142y z niej korzy\u015bci. I chcia\u0142 Wsp\u00f3lnot\u0119 sk\u0142\u00f3ci\u0107.<\/span><\/p>\n<p class=\"text--paragraph\" style=\"text-align: left;\"><span style=\"color: #000080;\">Donald Tusk napisa\u0142, \u017ce gdy jako przewodnicz\u0105cy Rady Europejskiej spotka\u0142 si\u0119 z Trumpem, ten zapyta\u0142 go, jakie b\u0119d\u0105 nast\u0119pne exity. Zreszt\u0105 gor\u0105co wspiera\u0142 brexit. To s\u0105 europejskie do\u015bwiadczenia z Trumpem, kt\u00f3re mog\u0105 si\u0119 powt\u00f3rzy\u0107.<\/span><\/p>\n<p class=\"text--question font-head-500\"><strong>&#8211; Teraz mamy jednak zupe\u0142nie inn\u0105 sytuacj\u0119. Wtedy nie by\u0142o wojny w Ukrainie ani na Bliskim Wschodzie, a Korea P\u00f3\u0142nocna nie wysy\u0142a\u0142a \u017co\u0142nierzy Putinowi.<\/strong><\/p>\n<p class=\"text--paragraph\"><span style=\"color: #000080;\">&#8211; Tu pojawia si\u0119 bardzo wa\u017cna kwestia przysz\u0142o\u015bci Ukrainy. Trump nie ukrywa, \u017ce nie zamierza pomaga\u0107 Ukrainie. O Ze\u0142enskim m\u00f3wi, \u017ce zachowuje si\u0119 jak handlowiec, kt\u00f3ry przyje\u017cd\u017ca i wyci\u0105ga r\u0119k\u0119 po pieni\u0105dze. Europy, nawet przy najwi\u0119kszych ch\u0119ciach, nie sta\u0107 na tak\u0105 pomoc, jaka p\u0142yn\u0119\u0142a z USA. W dodatku nie ma te\u017c zgody co do ch\u0119ci.\u00a0<a id=\"LinkArea:embed_link\" class=\"text--link \" style=\"color: #000080;\" title=\"Wygrana Trumpa dla Ukrainy oznacza dramat.\" href=\"https:\/\/wyborcza.pl\/7,75399,31443463,ukraina-po-zwyciestwie-donalda-trumpa-jednak-again-a-my-mamy.html#S.embed_link-K.C-B.1-L.4.zw\" rel=\"dofollow\" data-bd-viewability=\"1\" data-bd-viewability-id=\"embed_link\" data-bd-viewability-href=\"https:\/\/wyborcza.pl\/7,75399,31443463,ukraina-po-zwyciestwie-donalda-trumpa-jednak-again-a-my-mamy.html#S.embed_link-K.C-B.1-L.4.zw\">Wygrana Trumpa dla Ukrainy oznacza dramat.<\/a><\/span><\/p>\n<p class=\"text--question font-head-500\"><strong>&#8211; G\u0142osy pocieszenia m\u00f3wi\u0105, \u017ce Trump my\u015bli o tym, jak zostanie zapami\u0119tany i na pewno nie chce by\u0107 tym, kt\u00f3ry doprowadzi\u0142 do wojny \u015bwiatowej. Ponadto podczas pierwszej prezydentury mia\u0142 ludzi, kt\u00f3rzy go hamowali.<\/strong><\/p>\n<p class=\"text--paragraph\"><span style=\"color: #000080;\">&#8211; Te g\u0142osy zapominaj\u0105 jednak, \u017ce w pierwszej prezydenturze Trump my\u015bla\u0142 o reelekcji i to go zapewne powstrzymywa\u0142o. Teraz nie ma mo\u017cliwo\u015bci kolejnej kadencji, przynajmniej na razie.<\/span><\/p>\n<p class=\"text--paragraph\"><span style=\"color: #000080;\">Ponadto w jego \u00f3wczesnej administracji byli ca\u0142kiem rozs\u0105dni politycy, jak np. genera\u0142 James Mattis, kt\u00f3ry by\u0142 sekretarzem obrony czy genera\u0142 John Kelly, kt\u00f3ry by\u0142 szefem administracji.<\/span><\/p>\n<h4 class=\"text--title font-head-700\" style=\"text-align: center;\"><strong>Wybory w USA. Skrajnie prawicowy Richard Grenell ma by\u0107 sekretarzem stanu<\/strong><\/h4>\n<p class=\"text--question font-head-500\"><strong>&#8211; Jego byli wojskowi ostrzegali niedawno przed wygran\u0105 Trumpa, m\u00f3wi\u0105c, \u017ce jest bardzo niebezpieczny i wr\u0119cz nazywaj\u0105c go &#8220;faszyst\u0105 do szpiku ko\u015bci&#8221;.<\/strong><\/p>\n<p class=\"text--paragraph\"><span style=\"color: #000080;\">&#8211; Ot\u00f3\u017c to, a genera\u0142owie odeszli ju\u017c w trakcie prezydentury Trumpa, bo nie mogli z nim wsp\u00f3\u0142pracowa\u0107. Wi\u0119c kto b\u0119dzie teraz? Karierowicze albo tacy wsp\u00f3\u0142pracownicy, kt\u00f3rzy w 100 proc. podzielaj\u0105 jego punkt widzenia na prowadzenie polityki, na dzia\u0142anie, na administrowanie pa\u0144stwem. Wtedy Trump mia\u0142 taki zesp\u00f3\u0142 ludzi, kt\u00f3rzy pr\u00f3bowali mu si\u0119 przeciwstawi\u0107 czy pokaza\u0107 jaki\u015b inny kierunek.<\/span><\/p>\n<p class=\"text--paragraph\"><span style=\"color: #000080;\">A teraz prosz\u0119 spojrze\u0107, kto jest szykowany na stanowisko sekretarza stanu. Wed\u0142ug doniesie\u0144 ma nim zosta\u0107 Richard Grenell, kt\u00f3ry by\u0142 ambasadorem Stan\u00f3w Zjednoczonych w Niemczech, wys\u0142anym przez Trumpa.<\/span><\/p>\n<blockquote class=\"text--quote font-quotation-500\"><p><strong>Kiedy tam pojecha\u0142, zachowywa\u0142 si\u0119, jakby Niemcy dalej by\u0142y pod okupacj\u0105 ameryka\u0144sk\u0105. By\u0142 nawet pomys\u0142, by Grenella uzna\u0107 w Niemczech za persona non grata.<\/strong><\/p><\/blockquote>\n<p class=\"text--paragraph\" style=\"text-align: left;\"><span style=\"color: #000080;\">To cz\u0142owiek o skrajnie prawicowych pogl\u0105dach, kt\u00f3ry nie kry\u0142 tego, \u017ce w Europie b\u0119dzie budowa\u0142 front prawicowych, konserwatywnych si\u0142 politycznych.<\/span><\/p>\n<p class=\"text--paragraph\" style=\"text-align: left;\"><span style=\"color: #000080;\">Gdy rozpocz\u0119\u0142a si\u0119 kampania wyborcza przed wyborami w 2020 roku, Grenell wr\u00f3ci\u0142 do Stan\u00f3w i wszed\u0142 w sk\u0142ad sztabu wyborczego Trumpa. Ale potem ca\u0142y czas prowadzi\u0142 polityczn\u0105 dzia\u0142alno\u015b\u0107, w kt\u00f3rej m.in. blisko wsp\u00f3\u0142pracowa\u0142 z Victorem Orbanem. Taki cz\u0142owiek na stanowisku sekretarza stanu b\u0119dzie tragedi\u0105. To s\u0105 zagro\u017cenia, kt\u00f3re wi\u0105\u017c\u0105 si\u0119 z Trumpem.<\/span><\/p>\n<p class=\"text--question font-head-500\"><strong>&#8211; Nie ma \u017cadnego pozytywu?<\/strong><\/p>\n<p class=\"text--paragraph\"><span style=\"color: #000080;\">&#8211; Jest jedno &#8220;ale&#8221;. I paradoksalnie jest nim nieprzewidywalno\u015b\u0107 Donalda Trumpa. Cecha, kt\u00f3ra u przyw\u00f3dcy \u015bwiatowego mocarstwa jest cech\u0105 z\u0142\u0105, bo sojusznicy nie wiedz\u0105, na co mog\u0105 liczy\u0107 i czy ten lider jest wiarygodny. Trump wielokrotnie bowiem poddawa\u0142 si\u0119 emocjom i niech\u0119ciom, a w nocy pisa\u0142 co\u015b na twitterze, bo akurat mia\u0142 prze\u015bwiadczenie, \u017ce to ma znaczenie.<\/span><\/p>\n<p class=\"text--paragraph\"><span style=\"color: #000080;\">To jest jednak ta iskierka nadziei. Nieprzewidywalno\u015b\u0107 polega na tym, \u017ce mo\u017ce to si\u0119 zmieni i Trump nas pozytywnie zaskoczy. W tym sensie, \u017ce nie odejdzie od tych dotychczasowych kolein ameryka\u0144skiej polityki i odbudowy sojuszu z pa\u0144stwami europejskimi, wzmocnienia kondycji uk\u0142adu transatlantyckiego.<\/span><\/p>\n<p class=\"text--paragraph\"><span style=\"color: #000080;\">To jest jednak bardzo wa\u017cne, by nie spe\u0142ni\u0142y si\u0119 czarne scenariusze, w kt\u00f3rych Stany uznaj\u0105, \u017ce NATO nie jest im do niczego potrzebne. Nie b\u0119dzie \u0142atwo wyst\u0105pi\u0107, poniewa\u017c Kongres ameryka\u0144ski zabezpieczy\u0142 si\u0119 na tak\u0105 ewentualno\u015b\u0107 po poprzedniej prezydenturze Trumpa.<\/span><\/p>\n<p class=\"text--paragraph\"><span style=\"color: #000080;\">Podczas swojej prezydentury Trump grozi\u0142, \u017ce Ameryka wyst\u0105pi z NATO. Wprowadzony bezpiecznik zak\u0142ada, \u017ce wyj\u015bcie z NATO musi si\u0119 odby\u0107 za zgod\u0105 2\/3 Senatu. Jednak nawet je\u015bli USA, jako cz\u0142onek NATO, ogranicz\u0105 finansowanie NATO, to te\u017c b\u0119dzie os\u0142abienie bezpiecze\u0144stwa Europy, a Europa nie obroni si\u0119 sama.<\/span><\/p>\n<p class=\"text--paragraph\"><span style=\"color: #000080;\">Jest jeszcze iskierka nadziei. Mo\u017ce to wszystko tak zmobilizuje Europ\u0119, \u017ce zamieni ten ameryka\u0144ski parasol bezpiecze\u0144stwa na swoje w\u0142asne zabezpieczenie.<\/span><\/p>\n<h4 class=\"text--title font-head-700\" style=\"text-align: center;\"><strong>Wybory w USA. Trump po raz drugi wygrywa z kobiet\u0105<\/strong><\/h4>\n<p class=\"text--question font-head-500\"><strong>&#8211; I w tym scenariuszu Polska mo\u017ce wykorzysta\u0107 swoj\u0105 pozycj\u0119, kt\u00f3r\u0105 dyplomacja Donalda Tuska, z Rados\u0142awem Sikorskim buduje od grudnia 2023 roku.<\/strong><\/p>\n<p class=\"text--paragraph\" style=\"text-align: left;\"><span style=\"color: #000080;\">&#8211; My ca\u0142y czas dzia\u0142amy w kierunku europejskiej niezale\u017cno\u015bci. Ponadto na szcz\u0119\u015bcie obecna w\u0142adza nie postawi\u0142a tylko na jednego kandydata, jak zrobi\u0142 to poprzedni rz\u0105d\u00a0<a style=\"color: #000080;\" href=\"https:\/\/wyborcza.pl\/0,128956.html?tag=PiS#anchorLink\">PiS<\/a>\u00a0w 2020 roku. Pami\u0119tamy wycieczk\u0119 Andrzeja Dudy i gratulacje dla Bidena jedynie za przeprowadzenie kampanii wyborczej oraz p\u00f3\u017ane gratulacje za wygran\u0105.<\/span><\/p>\n<p class=\"text--paragraph\" style=\"text-align: left;\"><span style=\"color: #000080;\">Obecny polski rz\u0105d od pocz\u0105tku nie stawia\u0142 si\u0119 po \u017cadnej ze stron i utrzymywa\u0142 kontakty oraz podtrzymywa\u0142 ch\u0119\u0107 kontynuowania wsp\u00f3\u0142pracy i z Donaldem Trumpem, i z Kamal\u0105 Harris.<\/span><\/p>\n<p class=\"text--paragraph\" style=\"text-align: left;\"><span style=\"color: #000080;\">Polska ma strategiczne po\u0142o\u017cenie. Po lutym 2022 roku stali\u015bmy si\u0119 hubem przerzucania sprz\u0119tu.<\/span><\/p>\n<blockquote class=\"text--quote font-quotation-500\">\n<p style=\"text-align: left;\"><strong>Licz\u0119 wi\u0119c na to, \u017ce Europa jednak si\u0119 przestraszy i zadba o swoje bezpiecze\u0144stwo oraz o integracj\u0119.<\/strong><\/p>\n<\/blockquote>\n<p class=\"text--paragraph\" style=\"text-align: left;\"><span style=\"color: #000080;\">W tym drugim aspekcie jednak \u0142atwo nie b\u0119dzie, bo mamy konie troja\u0144skie w postaci cho\u0107by Victora Orbana.<\/span><\/p>\n<p class=\"text--question font-head-500\"><strong>&#8211; To by\u0142a trzecia kampania i trzecie wybory Donalda Trumpa. W jednych jego kontrkandydatem by\u0142 m\u0119\u017cczyzna, w pozosta\u0142ych kobiety. Przegra\u0142 tylko z m\u0119\u017cczyzn\u0105. Widzi tu pani co\u015b symbolicznego?<\/strong><\/p>\n<p class=\"text--paragraph\" style=\"text-align: left;\"><span style=\"color: #000080;\">&#8211; [\u015bmiech] My\u015bl\u0119, \u017ce to raczej przypadek, cho\u0107 wcale nie wykluczone, \u017ce co\u015b mo\u017ce by\u0107 na rzeczy. Ci biali m\u0119\u017cczy\u017ani, w swojej pozycji mo\u017ce poczuli si\u0119 zagro\u017ceni przewijaj\u0105cymi si\u0119 kampaniami Me Too, aborcj\u0105 i takim w\u0142a\u015bnie docenieniem kobiet, wi\u0119c z wi\u0119ksz\u0105 werw\u0105 poszli g\u0142osowa\u0107 na Trumpa.<\/span><\/p>\n<p class=\"text--paragraph\" style=\"text-align: left;\"><span style=\"color: #000080;\">Swoj\u0105 drog\u0105 wyb\u00f3r\u00a0<a style=\"color: #000080;\" href=\"https:\/\/wyborcza.pl\/0,128956.html?tag=hillary+clinton#anchorLink\">Hillary Clinton<\/a>\u00a0w 2016 roku te\u017c nie by\u0142 dobrym wyborem. To by\u0142a wtedy bardzo mocno zgrana karta. I pewnie lepiej by by\u0142o, gdyby ona wygra\u0142a, bo jej polityka by\u0142a bardziej przewidywalna, jednak reprezentowa\u0142a to \u201ebagno waszyngto\u0144skie&#8221;, kt\u00f3re chcia\u0142 osuszy\u0107 Trump.<\/span><\/p>\n<p class=\"text--question font-head-500\"><strong>&#8211; A Kamala Harris?<\/strong><\/p>\n<p class=\"text--paragraph\"><span style=\"color: #000080;\">&#8211; Ona te\u017c by\u0142a w tym establishmencie,<\/span><\/p>\n<blockquote class=\"text--quote font-quotation-500\">\n<p style=\"text-align: left;\"><strong>a w dodatku jest kolorow\u0105 kobiet\u0105.<\/strong><\/p>\n<\/blockquote>\n<p class=\"text--paragraph\"><span style=\"color: #000080;\">Jej kampania by\u0142a jednak za kr\u00f3tka, wi\u0119cej tam by\u0142o euforii. My\u015bl\u0119 te\u017c, \u017ce Amerykanie nie zwracaj\u0105 uwagi na to, ile razy Trump zbankrutowa\u0142 i ratowa\u0142y go pieni\u0105dze taty. Widz\u0105 w nim natomiast biznesmena, a kto lepiej poprawi gospodark\u0119, je\u015bli nie wprawny i bogaty biznesmen. Ameryka znowu b\u0119dzie silna, gdy b\u0119dzie mia\u0142a silnego przyw\u00f3dc\u0119.<\/span><\/p>\n<p class=\"text--paragraph\"><span style=\"color: #000080;\"><a id=\"LinkArea:embed_link\" class=\"text--link \" style=\"color: #000080;\" title=\"Kamala Harris takiego wizerunku nie mia\u0142a \" href=\"https:\/\/wyborcza.pl\/7,75399,31445447,kamala-harris-uznaje-porazke-w-wyborach-ale-nie-walce-ktora.html#S.embed_link-K.C-B.1-L.5.zw\" rel=\"dofollow\" data-bd-viewability=\"1\" data-bd-viewability-id=\"embed_link\" data-bd-viewability-href=\"https:\/\/wyborcza.pl\/7,75399,31445447,kamala-harris-uznaje-porazke-w-wyborach-ale-nie-walce-ktora.html#S.embed_link-K.C-B.1-L.5.zw\">Kamala Harris takiego wizerunku nie mia\u0142a\u00a0<\/a>i te\u017c nie zd\u0105\u017cy\u0142a na niego zapracowa\u0107.<\/span><\/p>\n<p style=\"text-align: right;\">red. Micha\u0142 Olszewski<\/p>\n<hr \/>\n<p><img decoding=\"async\" class=\"alignleft\" src=\"https:\/\/bi.im-g.pl\/im\/91\/fd\/1d\/z31445649IH,Prof--dr-hab--Jadwiga-Kiwerska.jpg\" width=\"20%\" \/>Prof. dr hab. Jadwiga Kiwerska Fot. UAM<\/p>\n<hr style=\"height: 15px; background: #d0e6fa; width: 100%;\" \/>\n<div id=\"content\" class=\"content-alignment\">\n<div id=\"watch-description\" class=\"yt-uix-button-panel\">\n<div id=\"watch-description-text\" style=\"text-align: center;\">\n<p><em>Zawarto\u015b\u0107 publikowanych artyku\u0142\u00f3w i materia\u0142\u00f3w nie reprezentuje pogl\u0105d\u00f3w ani opinii Reunion&#8217;68,<\/em><em><br \/>\nani te\u017c webmastera Blogu Reunion&#8217;68, chyba ze jest to wyra\u017anie zaznaczone.<br \/>\nTwoje uwagi, linki, w\u0142asne artyku\u0142y lub wiadomo\u015bci prze\u015blij na adres:<br \/>\n<\/em><span style=\"color: #000080;\"><strong><em><a style=\"color: #000080;\" href=\"mailto:webmaster@reunion68.com\"><span style=\"text-decoration: underline;\">webmaster@reunion68.com<\/span><\/a><\/em><\/strong><\/span><\/p>\n<\/div>\n<\/div>\n<\/div>\n<hr style=\"width: 100%;\" \/>\n","protected":false},"excerpt":{"rendered":"<p>Donald Trump (Donald Trump wygra\u0142 wybory. Wr\u00f3\u017cka m\u00f3wi o kadencji \/ Fot. REUTERS\/Callaghan O&#8217;Hare) Prof. Kiwerska przewidzia\u0142a wygran\u0105 Trumpa. &#8220;Euforia po wyborze Harris na kandydatk\u0119 by\u0142a myl\u0105ca&#8221; Alicja Lehmann Licz\u0119, \u017ce Europa jednak si\u0119 przestraszy i zadba o swoje bezpiecze\u0144stwo oraz o integracj\u0119. \u0141atwo nie b\u0119dzie, bo mamy konie troja\u0144skie w postaci cho\u0107by Victora Orbana [&hellip;]<\/p>\n","protected":false},"author":1,"featured_media":0,"comment_status":"closed","ping_status":"closed","sticky":false,"template":"","format":"standard","meta":[],"categories":[6],"tags":[26,24],"_links":{"self":[{"href":"https:\/\/www.reunion68.se\/index.php?rest_route=\/wp\/v2\/posts\/116872"}],"collection":[{"href":"https:\/\/www.reunion68.se\/index.php?rest_route=\/wp\/v2\/posts"}],"about":[{"href":"https:\/\/www.reunion68.se\/index.php?rest_route=\/wp\/v2\/types\/post"}],"author":[{"embeddable":true,"href":"https:\/\/www.reunion68.se\/index.php?rest_route=\/wp\/v2\/users\/1"}],"replies":[{"embeddable":true,"href":"https:\/\/www.reunion68.se\/index.php?rest_route=%2Fwp%2Fv2%2Fcomments&post=116872"}],"version-history":[{"count":16,"href":"https:\/\/www.reunion68.se\/index.php?rest_route=\/wp\/v2\/posts\/116872\/revisions"}],"predecessor-version":[{"id":116896,"href":"https:\/\/www.reunion68.se\/index.php?rest_route=\/wp\/v2\/posts\/116872\/revisions\/116896"}],"wp:attachment":[{"href":"https:\/\/www.reunion68.se\/index.php?rest_route=%2Fwp%2Fv2%2Fmedia&parent=116872"}],"wp:term":[{"taxonomy":"category","embeddable":true,"href":"https:\/\/www.reunion68.se\/index.php?rest_route=%2Fwp%2Fv2%2Fcategories&post=116872"},{"taxonomy":"post_tag","embeddable":true,"href":"https:\/\/www.reunion68.se\/index.php?rest_route=%2Fwp%2Fv2%2Ftags&post=116872"}],"curies":[{"name":"wp","href":"https:\/\/api.w.org\/{rel}","templated":true}]}}