{"id":116972,"date":"2024-11-11T17:09:54","date_gmt":"2024-11-11T15:09:54","guid":{"rendered":"http:\/\/www.reunion68.se\/?p=116972"},"modified":"2024-11-11T08:54:58","modified_gmt":"2024-11-11T06:54:58","slug":"11-09-93","status":"publish","type":"post","link":"https:\/\/www.reunion68.se\/?p=116972","title":{"rendered":"Czego media staraj\u0105 si\u0119 nie widzie\u0107"},"content":{"rendered":"<p style=\"text-align: center;\"><img decoding=\"async\" class=\"aligncenter\" src=\"https:\/\/www.gatestoneinstitute.org\/pics\/5201.jpg\" width=\"100%\" \/><em><span style=\"color: #808080;\">Je\u015bli Turcja ma prawo odpowiedzie\u0107 na atak terrorystyczny bombarduj\u0105c dziesi\u0105tki cel\u00f3w na kurdyjskich obszarach Iraku i Syrii, dlaczego Izrael jest pot\u0119piany za odpowied\u017a na okrucie\u0144stwa Hamasu z 7 pa\u017adziernika przeciwko izraelskim cywilom? Na zdj\u0119ciu: Dym unosi si\u0119 z zak\u0142adu wydobywaj\u0105cego rop\u0119 naftow\u0105 w prowincji Hasakeh w Syrii, kt\u00f3ry zosta\u0142 zbombardowany przez Turcj\u0119 25 pa\u017adziernika 2024 r. (Zdj\u0119cie: Delil Souleiman\/AFP via Getty Images)<\/span><\/em><\/p>\n<hr \/>\n<h5 style=\"text-align: center;\"><a href=\"https:\/\/pl.gatestoneinstitute.org\/\" target=\"_blank\" rel=\"noopener noreferrer\"><img decoding=\"async\" class=\"center alignleft\" src=\"https:\/\/pl.gatestoneinstitute.org\/images\/gatestone-logo-1000.gif\" alt=\"\" width=\"50%\" \/><\/a><span style=\"text-decoration: underline; color: #000080;\"><span><strong><a style=\"color: #000080; text-decoration: underline;\" href=\"https:\/\/pl.gatestoneinstitute.org\/21110\/czego-media-staraja-sie-nie-widziec\" target=\"_blank\" rel=\"noopener noreferrer\"><br \/>\nCzego media staraj\u0105 si\u0119 nie widzie\u0107<\/a><\/strong><\/span><\/span><\/h5>\n<p style=\"text-align: center;\"><span style=\"color: #000000;\"><strong>Bassam Tawil<br \/>\n<\/strong><span style=\"color: #808080;\"><em>T\u0142umaczenie:<\/em> <\/span><strong>Andrzej Koraszewski<\/strong><\/span><\/p>\n<hr style=\"height: 15px; background: #d0e6fa; width: 100%;\" \/>\n<p style=\"text-align: left;\"><span style=\"color: #000080;\">Na pocz\u0105tku tego miesi\u0105ca prezydent Turcji Recep Tayyip Erdogan\u00a0<a style=\"color: #000080;\" href=\"https:\/\/www.timesofisrael.com\/liveblog_entry\/marking-oct-7-erdogan-says-israel-will-pay-price-for-genocide-again-likens-netanyahu-to-hitler\/\" target=\"_blank\" rel=\"noopener noreferrer\">oskar\u017cy\u0142<\/a>\u00a0Izrael o pope\u0142nienie &#8220;ludob\u00f3jstwa&#8221; w Strefie Gazy w ramach operacji antyterrorystycznej przeciwko wspieranej przez Iran grupie terrorystycznej Hamas. Hamas rozpocz\u0105\u0142 atak na Izrael 7 pa\u017adziernika 2023 r., morduj\u0105c 1200 Izraelczyk\u00f3w, rani\u0105c tysi\u0105ce i porywaj\u0105c ponad 240 zak\u0142adnik\u00f3w. Erdogan, kt\u00f3rego kraj go\u015bci\u0142 i wspiera\u0142 niekt\u00f3rych przyw\u00f3dc\u00f3w Hamasu,\u00a0<a style=\"color: #000080;\" href=\"https:\/\/www.iletisim.gov.tr\/english\/haberler\/detay\/president-erdogan-israels-policy-of-genocide-occupation-and-invasion-must-come-to-an-end\" target=\"_blank\" rel=\"noopener noreferrer\">zagrozi\u0142<\/a>, \u017ce Izrael &#8220;ostatecznie zap\u0142aci cen\u0119 za to ludob\u00f3jstwo&#8221;. Doda\u0142\u00a0<a style=\"color: #000080;\" href=\"https:\/\/www.iletisim.gov.tr\/english\/haberler\/detay\/president-erdogan-israels-policy-of-genocide-occupation-and-invasion-must-come-to-an-end\" target=\"_blank\" rel=\"noopener noreferrer\">:<\/a>\u00a0&#8220;Nie b\u0119dzie pokoju na \u015bwiecie bez rozliczenia ludob\u00f3jstwa w Strefie Gazy&#8221;.<\/span><\/p>\n<p style=\"text-align: left;\"><span style=\"color: #000080;\">Erdoganowi postawiono obecnie te same zarzuty, kt\u00f3re on postawi\u0142 Izraelowi. Jedyn\u0105 r\u00f3\u017cnic\u0105 jest to, \u017ce kiedy Turcja atakuje Kurd\u00f3w w Syrii i Iraku wielu wybiera milczenie, ale nadal protestuj\u0105 przeciwko Izraelowi za obron\u0119 przed mordercami i gwa\u0142cicielami z Hamasu odpowiedzialnymi za najgorsz\u0105 masakr\u0119 \u017byd\u00f3w od czas\u00f3w Holokaustu.<\/span><\/p>\n<p style=\"text-align: left;\"><span style=\"color: #000080;\">23 pa\u017adziernika Ministerstwo Obrony Turcji\u00a0<a style=\"color: #000080;\" href=\"https:\/\/www.newsweek.com\/turkish-jets-strike-kurdish-militant-targets-iraq-syria-1973970\" target=\"_blank\" rel=\"noopener noreferrer\">og\u0142osi\u0142o<\/a>, \u017ce samoloty tureckich si\u0142 powietrznych zaatakowa\u0142y kurdyjskie pozycje w Iraku i Syrii w odpowiedzi na atak na tureck\u0105 firm\u0119 lotniczo-obronn\u0105 w pobli\u017cu Ankary. W\u0142adze Turcji\u00a0<a style=\"color: #000080;\" href=\"https:\/\/www.newsweek.com\/turkish-jets-strike-kurdish-militant-targets-iraq-syria-1973970\" target=\"_blank\" rel=\"noopener noreferrer\">uwa\u017caj\u0105<\/a>, \u017ce to kurdyjscy bojownicy zdetonowali \u0142adunki wybuchowe i otworzyli ogie\u0144 do pracownik\u00f3w firmy, zabijaj\u0105c pi\u0119\u0107 os\u00f3b i rani\u0105c ponad tuzin innych.<\/span><\/p>\n<p style=\"text-align: left;\"><span style=\"color: #000080;\"><a style=\"color: #000080;\" href=\"https:\/\/www.newsweek.com\/turkish-jets-strike-kurdish-militant-targets-iraq-syria-1973970\" target=\"_blank\" rel=\"noopener noreferrer\">Zauwa\u017c, co powiedzia\u0142<\/a>\u00a0turecki minister obrony Yasar Guler po ataku terrorystycznym w Ankarze: &#8220;B\u0119dziemy ich \u015bciga\u0107 [bojownik\u00f3w kurdyjskich], dop\u00f3ki ostatni terrorysta nie zostanie wyeliminowany&#8221;. To o\u015bwiadczenie brzmi\u00a0<a style=\"color: #000080;\" href=\"https:\/\/www.idf.il\/en\/mini-sites\/idf-press-releases-israel-at-war\/july-24-pr\/press-release-from-the-chief-of-the-general-staff-ltg-herzi-halevi-1\/\" target=\"_blank\" rel=\"noopener noreferrer\">dok\u0142adnie<\/a>\u00a0tak samo, jak te wypowiedziane przez izraelskich\u00a0<a style=\"color: #000080;\" href=\"https:\/\/edition.cnn.com\/2024\/07\/01\/middleeast\/netanyahu-israel-end-stage-hamas-gaza-intl-latam\/index.html\" target=\"_blank\" rel=\"noopener noreferrer\">polityk\u00f3w<\/a>\u00a0bezpo\u015brednio po 7 pa\u017adziernika, kiedy Hamas dopu\u015bci\u0142 si\u0119 okrucie\u0144stw przeciwko Izraelowi. Eliminowanie terroryst\u00f3w to dobra rzecz, ale dlaczego nie dotyczy to Izraela?<\/span><\/p>\n<p style=\"text-align: left;\"><span style=\"color: #000080;\">Je\u015bli Turcja ma prawo odpowiedzie\u0107 na atak terrorystyczny bombarduj\u0105c dziesi\u0105tki cel\u00f3w na kurdyjskich obszarach Iraku i Syrii, dlaczego Izrael jest pot\u0119piany za odpowied\u017a na okrucie\u0144stwa Hamasu z 7 pa\u017adziernika przeciwko izraelskim cywilom? Tylko z powodu braku &#8220;palesty\u0144skiego pa\u0144stwa&#8221;?<\/span><\/p>\n<p style=\"text-align: left;\"><span style=\"color: #000080;\">Przez lata Turcy zabili setki tysi\u0119cy Kurd\u00f3w. A mimo to nie widzieli\u015bmy ani jednego protestu na ameryka\u0144skim uniwersytecie przeciwko ludob\u00f3jstwu pope\u0142nianemu przez Turcj\u0119.<\/span><\/p>\n<p style=\"text-align: left;\"><span style=\"color: #000080;\">&#8220;W ci\u0105gu ostatnich dziesi\u0119cioleci faszystowski rz\u0105d turecki zabi\u0142 setki tysi\u0119cy kurdyjskich cywil\u00f3w w Turcji, Iraku i Syrii&#8221; \u2013\u00a0<a style=\"color: #000080;\" href=\"https:\/\/x.com\/SuzanQuitaz\/status\/1849338694202732718\" target=\"_blank\" rel=\"noopener noreferrer\">powiedzia\u0142a<\/a>\u00a0znana kurdyjska dziennikarka Suzan Quitaz.<\/span><\/p>\n<blockquote>\n<p style=\"text-align: left;\"><strong>&#8220;Nic, tylko milczenie ze strony Organizacji Narod\u00f3w Zjednoczonych i spo\u0142eczno\u015bci mi\u0119dzynarodowej na temat zbrodni wojennych Turcji i ludob\u00f3jstwa na narodzie kurdyjskim. Cisza r\u00f3wnie\u017c ze strony tak zwanych &#8220;mi\u0142uj\u0105cych pok\u00f3j&#8221; Przebudzonych i ich islamistycznych zwolennik\u00f3w Hamasu, kt\u00f3rzy maszerowali w obronie terroryst\u00f3w Hamasu w Europie i Ameryce, wzywaj\u0105c do likwidacji pa\u0144stwa Izrael. Zgadnij dlaczego, NIE MA \u017bYD\u00d3W, NIE MA WIADOMO\u015aCI!&#8221;<\/strong><\/p>\n<\/blockquote>\n<p><span style=\"color: #000080;\">Kurdyjska badaczka Hemdad Mehristani\u00a0<a style=\"color: #000080;\" href=\"https:\/\/x.com\/Mehristani\/status\/1849215933077713403\" target=\"_blank\" rel=\"noopener noreferrer\">tak skomentowa\u0142a<\/a>\u00a0najnowsze tureckie ataki militarne na Kurd\u00f3w:<\/span><\/p>\n<blockquote><p><strong>&#8220;Dzi\u015b Turcja bombarduje i masakruje Kurd\u00f3w. \u017badnych protest\u00f3w, marsz\u00f3w, relacji medialnych, pot\u0119pie\u0144 ze strony ONZ, nakaz\u00f3w aresztowania Erdogana przez MTK. Od 1914 r. Turcja zabi\u0142a ponad 1,5 miliona Kurd\u00f3w. Zatrzymajcie ludob\u00f3jstwo Kurd\u00f3w&#8221;.<\/strong><\/p><\/blockquote>\n<p><span style=\"color: #000080;\">Diliman Abdulkader, ekspert ds. polityki zagranicznej i dyrektor Kurdistan Project przy Fundacji na rzecz Prawdy o Bliskim Wschodzie, sarkastycznie\u00a0<a style=\"color: #000080;\" href=\"https:\/\/x.com\/D_abdulkader\/status\/1849216770701209935\" target=\"_blank\" rel=\"noopener noreferrer\">zauwa\u017cy\u0142<\/a>:<\/span><\/p>\n<blockquote><p><strong>&#8220;Domagamy si\u0119 natychmiastowego zawieszenia broni i rozwi\u0105zania w postaci dw\u00f3ch pa\u0144stw, Kurdowie zas\u0142uguj\u0105 na \u017cycie w pokoju i nie powinni ju\u017c mie\u0107 do czynienia z tureckim terroryzmem. Turcja musi zosta\u0107 poci\u0105gni\u0119ta do odpowiedzialno\u015bci!&#8221;<\/strong><\/p><\/blockquote>\n<p><span style=\"color: #000080;\">Abdulkader mia\u0142 na my\u015bli powtarzaj\u0105ce si\u0119 apele administracji Bidena i innych zachodnich rz\u0105d\u00f3w oraz przyw\u00f3dc\u00f3w o natychmiastowe zawieszenie broni w Strefie Gazy i utworzenie terrorystycznego palesty\u0144skiego pa\u0144stwa obok Izraela.<\/span><\/p>\n<p><span style=\"color: #000080;\">W innym po\u015bcie na X (dawniej Twitter) Abdulkader\u00a0<a style=\"color: #000080;\" href=\"https:\/\/x.com\/D_abdulkader\/status\/1849245438047576210\" target=\"_blank\" rel=\"noopener noreferrer\">napisa\u0142<\/a>:<\/span><\/p>\n<blockquote><p><strong>&#8220;Hej, wy, na skrajnej lewicy! Turcja bombarduje Kurd\u00f3w, gdzie jest wasze wezwanie do rozwi\u0105zania w postaci dw\u00f3ch pa\u0144stw?? A co z zawieszeniem broni?? Gdzie s\u0105 nasi tak zwani muzu\u0142ma\u0144scy &#8216;bracia&#8217; i &#8216;siostry&#8217;?? Muzu\u0142ma\u0144ska Turcja zabija muzu\u0142ma\u0144skich Kurd\u00f3w, dlaczego jest taka cisza?? Jutro zorganizujecie masowe demonstracje i zaczniecie okupuj\u0119 kampus\u00f3w uniwersyteckie przeciwko ludob\u00f3jstwu Kurd\u00f3w przez Turcj\u0119, prawda?? O m\u00f3j Bo\u017ce, to takie modne, \u017ceby wrzeszcze\u0107 przeciwko Izraelowi. Bez \u017byd\u00f3w, nie ma wiadomo\u015bci&#8221;.<\/strong><\/p><\/blockquote>\n<p><span style=\"color: #000080;\">Hawzhin Azeez, kurdyjski naukowiec i poeta,\u00a0<a style=\"color: #000080;\" href=\"https:\/\/x.com\/hawzhin_azeez\/status\/1849260337092325689\" target=\"_blank\" rel=\"noopener noreferrer\">napisa\u0142<\/a>:<\/span><\/p>\n<blockquote><p><strong>&#8220;Turcja przedstawia si\u0119 jako obro\u0144ca praw Palesty\u0144czyk\u00f3w, ale bezlito\u015bnie bombarduje Kurd\u00f3w w Syrii i Iraku, a \u015bwiat nie tylko milczy, ale postrzega Turcj\u0119 jako bohatera&#8221;.<\/strong><\/p><\/blockquote>\n<p><span style=\"color: #000080;\">Influencerka medi\u00f3w spo\u0142eczno\u015bciowych publikuj\u0105ca pod pseudonimem ShantiZulu\u00a0<a style=\"color: #000080;\" href=\"https:\/\/x.com\/ShantiZulu\/status\/1849343303356936226\" target=\"_blank\" rel=\"noopener noreferrer\">napisa\u0142a<\/a>:<\/span><\/p>\n<blockquote><p><strong>&#8220;Gdzie jeste\u015b, gdy Turcja, pa\u0144stwo cz\u0142onkowskie @NATO, dopuszcza si\u0119 prawdziwego ludob\u00f3jstwa na Kurdach? Ponad 30 milion\u00f3w bezbronnych ludzi bombardowanych przez Turcj\u0119. Gdzie jeste\u015b? Dlaczego jeste\u015b taki cichy? Dlaczego nie obchodzi ci\u0119, gdy s\u0105 masakrowani? Dlaczego nie zas\u0142uguj\u0105 na ochron\u0119 na mocy PRAWA? WSTYD\u0179 SI\u0118!&#8221;<\/strong><\/p><\/blockquote>\n<p><span style=\"color: #000080;\">Jest taki islamski\u00a0<i>hadis<\/i>\u00a0(powiedzenie proroka Mahometa\u00a0<i>),<\/i>\u00a0kt\u00f3ry\u00a0<a style=\"color: #000080;\" href=\"https:\/\/sunnah.com\/tirmidhi:1939\" target=\"_blank\" rel=\"noopener noreferrer\">g\u0142osi<\/a>:<\/span><\/p>\n<blockquote><p><strong>&#8220;Asma bint Yazid przekaza\u0142a, \u017ce Pos\u0142aniec Allaha powiedzia\u0142: k\u0142amstwo nie jest zgodne z prawem, z wyj\u0105tkiem trzech przypadk\u00f3w: czego\u015b, co m\u0119\u017cczyzna m\u00f3wi swojej \u017conie, aby j\u0105 zadowoli\u0107, k\u0142amstwa w czasie wojny i k\u0142amstwa w celu zaprowadzenia pokoju mi\u0119dzy lud\u017ami&#8221;.<\/strong><\/p><\/blockquote>\n<p><span style=\"color: #000080;\">Erdogan, kt\u00f3ry pope\u0142nia przest\u0119pstwa przeciwko swoim muzu\u0142ma\u0144skim wsp\u00f3\u0142wyznawcom w Syrii i Iraku, wydaje si\u0119 dzia\u0142a\u0107 zgodnie z tym\u00a0<i>hadisem<\/i>. Nie tylko k\u0142amie, gdy oskar\u017ca Izrael o &#8220;ludob\u00f3jstwo&#8221;, ale tak\u017ce udowadnia, \u017ce jest beznadziejnym hipokryt\u0105. Je\u015bli naprawd\u0119 martwi si\u0119 o bezpiecze\u0144stwo muzu\u0142man\u00f3w w Strefie Gazy, dlaczego nadal wspiera Hamas, jednocze\u015bnie odmawiaj\u0105c Izraelowi prawa do obrony przed islamistycznym terroryzmem? Je\u015bli uwa\u017ca, \u017ce ma prawo bombardowa\u0107 kurdyjskich bojownik\u00f3w w Syrii i Iraku, dlaczego pot\u0119pia Izrael za podj\u0119cie takich samych dzia\u0142a\u0144 przeciwko palesty\u0144skim islamistycznym terrorystom?<\/span><\/p>\n<p><span style=\"color: #000080;\">Milczenie tych grup antyizraelskich na kampusach ameryka\u0144skich uniwersytet\u00f3w wobec zbrodni pope\u0142nionych w Turcji jest po prostu dowodem ich w\u015bciek\u0142ego rasizmu i bigoterii.<\/span><\/p>\n<hr \/>\n<p><span style=\"color: #808080;\"><i><strong>Bassam Tawil<\/strong> jest muzu\u0142ma\u0144skim badaczem i publicyst\u0105 mieszkaj\u0105cym na Bliskim Wschodzie.<\/i><\/span><\/p>\n<hr style=\"height: 15px; background: #d0e6fa; width: 100%;\" \/>\n<div id=\"content\" class=\"content-alignment\">\n<div id=\"watch-description\" class=\"yt-uix-button-panel\">\n<div id=\"watch-description-text\" style=\"text-align: center;\">\n<p><em>Zawarto\u015b\u0107 publikowanych artyku\u0142\u00f3w i materia\u0142\u00f3w nie reprezentuje pogl\u0105d\u00f3w ani opinii Reunion&#8217;68,<\/em><em><br \/>\nani te\u017c webmastera Blogu Reunion&#8217;68, chyba ze jest to wyra\u017anie zaznaczone.<br \/>\nTwoje uwagi, linki, w\u0142asne artyku\u0142y lub wiadomo\u015bci prze\u015blij na adres:<br \/>\n<\/em><span style=\"color: #000080;\"><strong><em><a style=\"color: #000080;\" href=\"mailto:webmaster@reunion68.com\"><span style=\"text-decoration: underline;\">webmaster@reunion68.com<\/span><\/a><\/em><\/strong><\/span><\/p>\n<\/div>\n<\/div>\n<\/div>\n<hr style=\"width: 100%;\" \/>\n","protected":false},"excerpt":{"rendered":"<p>Je\u015bli Turcja ma prawo odpowiedzie\u0107 na atak terrorystyczny bombarduj\u0105c dziesi\u0105tki cel\u00f3w na kurdyjskich obszarach Iraku i Syrii, dlaczego Izrael jest pot\u0119piany za odpowied\u017a na okrucie\u0144stwa Hamasu z 7 pa\u017adziernika przeciwko izraelskim cywilom? Na zdj\u0119ciu: Dym unosi si\u0119 z zak\u0142adu wydobywaj\u0105cego rop\u0119 naftow\u0105 w prowincji Hasakeh w Syrii, kt\u00f3ry zosta\u0142 zbombardowany przez Turcj\u0119 25 pa\u017adziernika 2024 [&hellip;]<\/p>\n","protected":false},"author":1,"featured_media":0,"comment_status":"closed","ping_status":"closed","sticky":false,"template":"","format":"standard","meta":[],"categories":[6],"tags":[26,24],"_links":{"self":[{"href":"https:\/\/www.reunion68.se\/index.php?rest_route=\/wp\/v2\/posts\/116972"}],"collection":[{"href":"https:\/\/www.reunion68.se\/index.php?rest_route=\/wp\/v2\/posts"}],"about":[{"href":"https:\/\/www.reunion68.se\/index.php?rest_route=\/wp\/v2\/types\/post"}],"author":[{"embeddable":true,"href":"https:\/\/www.reunion68.se\/index.php?rest_route=\/wp\/v2\/users\/1"}],"replies":[{"embeddable":true,"href":"https:\/\/www.reunion68.se\/index.php?rest_route=%2Fwp%2Fv2%2Fcomments&post=116972"}],"version-history":[{"count":7,"href":"https:\/\/www.reunion68.se\/index.php?rest_route=\/wp\/v2\/posts\/116972\/revisions"}],"predecessor-version":[{"id":116984,"href":"https:\/\/www.reunion68.se\/index.php?rest_route=\/wp\/v2\/posts\/116972\/revisions\/116984"}],"wp:attachment":[{"href":"https:\/\/www.reunion68.se\/index.php?rest_route=%2Fwp%2Fv2%2Fmedia&parent=116972"}],"wp:term":[{"taxonomy":"category","embeddable":true,"href":"https:\/\/www.reunion68.se\/index.php?rest_route=%2Fwp%2Fv2%2Fcategories&post=116972"},{"taxonomy":"post_tag","embeddable":true,"href":"https:\/\/www.reunion68.se\/index.php?rest_route=%2Fwp%2Fv2%2Ftags&post=116972"}],"curies":[{"name":"wp","href":"https:\/\/api.w.org\/{rel}","templated":true}]}}