{"id":116974,"date":"2024-11-11T17:05:30","date_gmt":"2024-11-11T15:05:30","guid":{"rendered":"http:\/\/www.reunion68.se\/?p=116974"},"modified":"2024-11-11T09:22:30","modified_gmt":"2024-11-11T07:22:30","slug":"11-05-107","status":"publish","type":"post","link":"https:\/\/www.reunion68.se\/?p=116974","title":{"rendered":"Dozens Arrested at Illegal Anti-Israel Protest in Amsterdam"},"content":{"rendered":"<h5 style=\"text-align: center;\"><a href=\"\/\/www.algemeiner.com\/\" target=\"_blank\" rel=\"noopener noreferrer\"><img decoding=\"async\" class=\"center alignleft\" src=\"http:\/\/www.reunion68.com\/Biuletyn\/img\/algem.png\" alt=\"\" width=\"35%\" \/><\/a><span style=\"text-decoration: underline; color: #000080;\"><span style=\"text-decoration: underline;\"><strong><a style=\"color: #000080; text-decoration: underline;\" href=\"https:\/\/www.algemeiner.com\/2024\/11\/10\/dozens-arrested-at-illegal-anti-israel-protest-in-amsterdam\/\" target=\"_blank\" rel=\"noopener noreferrer\">Dozens Arrested at Illegal Anti-Israel Protest in Amsterdam<\/a><\/strong><\/span><\/span><\/h5>\n<p style=\"text-align: center;\"><span style=\"color: #000000;\"><strong>by JNS.org<\/strong><\/span><\/p>\n<hr style=\"height: 15px; background: #d0e6fa; width: 100%;\" \/>\n<p style=\"text-align: center;\"><img decoding=\"async\" class=\"aligncenter\" src=\"https:\/\/www.algemeiner.com\/wp-content\/uploads\/2024\/11\/d2024-11-10T171804Z_1_LYNXMPEKA907J_RTROPTP_4_ISRAEL-PALESTINIANS-NETHERLANDS-VIOLENCE.jpg\" width=\"100%\" \/><span style=\"color: #808080;\"><em>Anti-Israel protesters face Dutch police during a banned demonstration in Amsterdam, Netherlands November 10, 2024. Photo: REUTERS\/Esther Verkaik<\/em><\/span><\/p>\n<div id=\"post_content\">\n<p style=\"text-align: left;\"><span style=\"color: #000080;\">Police in Amsterdam on Sunday arrested several dozen people at an unauthorized anti-Israel protest rally at a square where, days earlier, Muslims assaulted Israeli soccer fans.<\/span><\/p>\n<p class=\"wp-block-paragraph\" style=\"text-align: left;\"><span style=\"color: #000080;\">The arrests at Dam Square followed a temporary municipal ban on the anti-Israel demonstrations that regularly take place there. The ban followed the coordinated assault on Thursday by at least 100 Muslim men on fans of Israel\u2019s Maccabi Tel Aviv soccer team who were leaving a match against the local Ajax team.<\/span><\/p>\n<p class=\"wp-block-paragraph\" style=\"text-align: left;\"><span style=\"color: #000080;\">Five Israelis were moderately wounded and another 20 suffered light injuries. Some 2,000 people left the Netherlands for Israel over the weekend in eight emergency flights organized by El Al, Israel\u2019s flag carrier airline.\u00a0The assaults, which Israeli President Isaac Herzog called a \u201cpogrom,\u201d shocked many in Israel and beyond.<\/span><\/p>\n<p class=\"wp-block-paragraph\" style=\"text-align: left;\"><span style=\"color: #000080;\">On Sunday, Prime Minister Benjamin Netanyahu noted in a filmed address how the event coincided with the annual anniversary of the Kristallnacht pogroms that happened throughout the Third Reich on Nov. 9-10, 1938.<\/span><\/p>\n<p class=\"wp-block-paragraph\" style=\"text-align: left;\"><span style=\"color: #000080;\">\u201cUnfortunately, we have seen in recent days images that are reminiscent of that night. On the streets of Amsterdam, antisemitic perpetrators assaulted Jews, Israeli citizens, only because they are Jewish,\u201d Netanyahu said. But, he added, \u201cthere\u2019s a difference between that night and our times: Now we have our own state, government and army. We have the ability, will and determination to defend ourselves and also to demand others fulfill their duties.\u201d<\/span><\/p>\n<p style=\"text-align: left;\"><span style=\"color: #000080;\">Netanyahu said he had called his Dutch counterpart, Dick Schoof, and demanded to bring the perpetrators to justice and protect the local Jewish community. Schoof said he was \u201cashamed\u201d of the assaults of Nov. 8, Netanyahu said.<\/span><\/p>\n<p class=\"wp-block-paragraph\" style=\"text-align: left;\"><span style=\"color: #000080;\">In the Netherlands, the assaults were widely seen as part of the immigration crisis that has divided locals for decades, and especially following the entry of hundreds of thousands of people to that country and elsewhere in Europe after 2011. In that year, the Syrian civil war erupted, triggering the arrival of millions from the Middle East to Europe, many at the invitation of the German government.<\/span><\/p>\n<p class=\"wp-block-paragraph\" style=\"text-align: left;\"><span style=\"color: #000080;\">Geert Wilders, the head of Netherlands largest party and senior coalition partner, called to deport the perpetrators, lamenting on X that \u201cwe have become the Gaza of Europe.\u201d<\/span><\/p>\n<p class=\"wp-block-paragraph\" style=\"text-align: left;\"><span style=\"color: #000080;\">Israeli journalists covering the aftermath of the assaults were intimidated by locals over the weekend, they said.\u00a0<em>Kan\u00a0<\/em>journalists Michal Reshef and Micah Rizov said that youths had followed them around in Amsterdam after they had filmed a segment there. The youths shouted \u201cFree Palestine\u201d until police pushed them away, they said.<\/span><\/p>\n<p class=\"wp-block-paragraph\" style=\"text-align: left;\"><span style=\"color: #000080;\">Yossi Eli, a reporter for\u00a0<em>Channel 13<\/em>, wrote on X that dozens of police officers escorted him and a cameraman to film in a heavily Muslim neighborhood of Amsterdam, where locals took photos of him and shouted insults. Police advised Eli to move to a hotel outside Amsterdam for his safety after the visit, he wrote, fearing the photos that Muslims had taken of him would be shared online with the intent of tracking him down and assaulting him.<\/span><\/p>\n<p class=\"wp-block-paragraph\" style=\"text-align: left;\"><span style=\"color: #000080;\">On Sunday, Bart Schut, the deputy editor-in-chief of the\u00a0<em>NIW\u00a0<\/em>Dutch Jewish weekly, documented how shopkeepers in stores on the Nieuwndijk shopping street near Dam Square were holding up cell phones displaying the PLO flag in solidarity with the participants of the illegal protest, after some them moved to that street.<\/span><\/p>\n<p class=\"wp-block-paragraph\" style=\"text-align: left;\"><span style=\"color: #000080;\">The assaults of Thursday night followed smaller altercations involving Maccabi fans, who reportedly damaged a taxi cab, stole a PLO flag hanging from a building fa\u00e7ade and chanted at a metro station about \u201cletting the IDF win and f***k the Arabs.\u201d<\/span><\/p>\n<p class=\"wp-block-paragraph\" style=\"text-align: left;\"><span style=\"color: #000080;\">The assaults were the largest-scale antisemitic assault in the Netherlands since the Holocaust. Video filmed by perpetrators showed scenes of public humiliation, including of an Israeli who was forced to his knees and made to say \u201cFree Palestine\u201d before being beaten up. At least one Israeli jumped into a canal to escape his attackers. At least one suspected car ramming was reported.<\/span><\/p>\n<p class=\"wp-block-paragraph\" style=\"text-align: left;\"><span style=\"color: #000080;\">Law enforcement agents apprehended 62 people ahead of the assaults, Amsterdam Police chief Peter Holla said on Friday.<\/span><\/p>\n<p class=\"wp-block-paragraph\" style=\"text-align: left;\"><span style=\"color: #000080;\">But Wilders, the head of the Party for Freedom, revealed on Saturday that \u201cAmsterdam Police just confirmed that NO ONE has been arrested during the Islamic Jew-hunt in Amsterdam Thursday night. All arrests have been made before and during the soccer match and NOT during the pogrom.\u201d<\/span><\/p>\n<p class=\"wp-block-paragraph\" style=\"text-align: left;\"><span style=\"color: #000080;\">Prime Minister Dick Schoof said in a statement Saturday that a \u201cthorough investigation\u201d will be carried out about how the event was allowed to happen and to \u201cbring the perpetrators to justice.\u201d<\/span><\/p>\n<p class=\"wp-block-paragraph\" style=\"text-align: left;\"><span style=\"color: #000080;\">The Municipality of Amsterdam is carrying out its own independent investigation, Mayor Femke Halsema said at a press conference on Friday.<\/span><\/p>\n<p class=\"wp-block-paragraph\" style=\"text-align: left;\"><span style=\"color: #000080;\">Dutch King Willem-Alexander in a statement on Friday wrote: \u201cWe must not look away from antisemitic behavior on our streets. History has taught us how intimidation goes from bad to worse, with horrific consequences. Jewish people must feel safe in the Netherlands, everywhere and at all times. We embrace them all and hold them close.\u201d<\/span><\/p>\n<\/div>\n<hr style=\"height: =;\" \/>\n<div id=\"content\" class=\"content-alignment\">\n<div id=\"watch-description\" class=\"yt-uix-button-panel\">\n<div id=\"watch-description-text\" style=\"text-align: center;\">\n<p><em>Zawarto\u015b\u0107 publikowanych artyku\u0142\u00f3w i materia\u0142\u00f3w nie reprezentuje pogl\u0105d\u00f3w ani opinii Reunion&#8217;68,<\/em><em><br \/>\nani te\u017c webmastera Blogu Reunion&#8217;68, chyba ze jest to wyra\u017anie zaznaczone.<br \/>\nTwoje uwagi, linki, w\u0142asne artyku\u0142y lub wiadomo\u015bci prze\u015blij na adres:<br \/>\n<\/em><span style=\"color: #000080;\"><strong><em><a style=\"color: #000080;\" href=\"mailto:webmaster@reunion68.com\"><span style=\"text-decoration: underline;\">webmaster@reunion68.com<\/span><\/a><\/em><\/strong><\/span><\/p>\n<\/div>\n<\/div>\n<\/div>\n<hr style=\"width: 100%;\" \/>\n","protected":false},"excerpt":{"rendered":"<p>Dozens Arrested at Illegal Anti-Israel Protest in Amsterdam by JNS.org Anti-Israel protesters face Dutch police during a banned demonstration in Amsterdam, Netherlands November 10, 2024. Photo: REUTERS\/Esther Verkaik Police in Amsterdam on Sunday arrested several dozen people at an unauthorized anti-Israel protest rally at a square where, days earlier, Muslims assaulted Israeli soccer fans. The [&hellip;]<\/p>\n","protected":false},"author":1,"featured_media":0,"comment_status":"closed","ping_status":"closed","sticky":false,"template":"","format":"standard","meta":[],"categories":[6],"tags":[26,24],"_links":{"self":[{"href":"https:\/\/www.reunion68.se\/index.php?rest_route=\/wp\/v2\/posts\/116974"}],"collection":[{"href":"https:\/\/www.reunion68.se\/index.php?rest_route=\/wp\/v2\/posts"}],"about":[{"href":"https:\/\/www.reunion68.se\/index.php?rest_route=\/wp\/v2\/types\/post"}],"author":[{"embeddable":true,"href":"https:\/\/www.reunion68.se\/index.php?rest_route=\/wp\/v2\/users\/1"}],"replies":[{"embeddable":true,"href":"https:\/\/www.reunion68.se\/index.php?rest_route=%2Fwp%2Fv2%2Fcomments&post=116974"}],"version-history":[{"count":4,"href":"https:\/\/www.reunion68.se\/index.php?rest_route=\/wp\/v2\/posts\/116974\/revisions"}],"predecessor-version":[{"id":116992,"href":"https:\/\/www.reunion68.se\/index.php?rest_route=\/wp\/v2\/posts\/116974\/revisions\/116992"}],"wp:attachment":[{"href":"https:\/\/www.reunion68.se\/index.php?rest_route=%2Fwp%2Fv2%2Fmedia&parent=116974"}],"wp:term":[{"taxonomy":"category","embeddable":true,"href":"https:\/\/www.reunion68.se\/index.php?rest_route=%2Fwp%2Fv2%2Fcategories&post=116974"},{"taxonomy":"post_tag","embeddable":true,"href":"https:\/\/www.reunion68.se\/index.php?rest_route=%2Fwp%2Fv2%2Ftags&post=116974"}],"curies":[{"name":"wp","href":"https:\/\/api.w.org\/{rel}","templated":true}]}}