{"id":116993,"date":"2024-11-12T17:09:02","date_gmt":"2024-11-12T15:09:02","guid":{"rendered":"http:\/\/www.reunion68.se\/?p=116993"},"modified":"2024-11-12T15:00:12","modified_gmt":"2024-11-12T13:00:12","slug":"12-09-88","status":"publish","type":"post","link":"https:\/\/www.reunion68.se\/?p=116993","title":{"rendered":"Nikt o tym nie m\u00f3wi\u201d: Terrory\u015bci d\u017cihadu nadal pustosz\u0105 Afryk\u0119"},"content":{"rendered":"<p style=\"text-align: center;\"><img decoding=\"async\" class=\"aligncenter\" src=\"https:\/\/www.rescue.org\/sites\/default\/files\/styles\/super_widescreen_21x9_2058px_wide\/public\/2024-07\/8S3A8129%E2%80%9321x9%20%281%29.jpg?itok=-uAQ5tC-\" width=\"100%\" \/><span style=\"color: #808080;\"><em>Uciekinierzy z Sudanu. Zdj\u0119cie Fahmo Mohammed dla IRC.<\/em><\/span><\/p>\n<hr \/>\n<h5 style=\"text-align: center;\"><a href=\"https:\/\/www.listyznaszegosadu.pl\/\" target=\"_blank\" rel=\"noopener noreferrer\"><img decoding=\"async\" class=\"center alignleft\" src=\"http:\/\/www.reunion68.com\/Biuletyn\/img\/z-naszego.jpg\" alt=\"\" width=\"50%\" \/><\/a><span style=\"text-decoration: underline; color: #000080;\"><strong><a style=\"color: #000080; text-decoration: underline;\" href=\"https:\/\/www.listyznaszegosadu.pl\/notatki\/a-nikt-o-tym-nie-malwi-terrorysci-dzihadu-nadal-pustosza-afryke\" target=\"_blank\" rel=\"noopener noreferrer\">Nikt o tym nie m\u00f3wi\u201d: Terrory\u015bci d\u017cihadu nadal pustosz\u0105 Afryk\u0119<\/a><\/strong><\/span><\/h5>\n<p style=\"text-align: center;\"><span style=\"color: #000000;\"><strong>Uzay Bulut<br \/>\n<\/strong><span style=\"color: #808080;\"><em>T\u0142umaczenie: <\/em><\/span><strong>Ma\u0142gorzata Koraszewska<\/strong><\/span><\/p>\n<hr style=\"height: 15px; background: #d0e6fa; width: 100%;\" \/>\n<div class=\"templateArticleIngress\">\n<p style=\"text-align: left;\"><span style=\"color: #000080;\">Podczas gdy wi\u0119kszo\u015b\u0107 \u015bwiatowych medi\u00f3w i organizacji broni\u0105cych praw cz\u0142owieka skupia si\u0119 na wojnie, jak\u0105 Iran i jego sojusznicy z Hamasu\/Hezbollahu\/Huti prowadz\u0105 z Izraelem, islamscy terrory\u015bci-d\u017cihady\u015bci nadal pustosz\u0105 Afryk\u0119.<\/span><\/p>\n<p style=\"text-align: left;\">\n<span style=\"color: #000080;\">Co najmniej 40 czadyjskich \u017co\u0142nierzy\u00a0<a style=\"color: #000080;\" href=\"https:\/\/www.bbc.com\/news\/articles\/cz7wqqqvq2vo\" target=\"_blank\" rel=\"noopener noreferrer\">zgin\u0119\u0142o w\u00a0<\/a><a style=\"color: #000080;\" href=\"https:\/\/www.reuters.com\/world\/africa\/around-40-soldiers-killed-attack-chad-military-base-presidency-says-2024-10-28\/\" target=\"_blank\" rel=\"noopener noreferrer\">ataku<\/a>\u00a0terrorystycznym\u00a026-27 pa\u017adziernika na baz\u0119 wojskow\u0105 w regionie Lac, zgodnie z o\u015bwiadczeniem rz\u0105du, kt\u00f3ry obwinia za atak d\u017cihadystyczn\u0105 grup\u0119 Boko Haram. Reuters doda\u0142:<\/span><\/p>\n<p style=\"text-align: left;\">\n<span style=\"color: #000080;\">\u201eCzad jest wa\u017cnym sojusznikiem francuskich i ameryka\u0144skich si\u0142, kt\u00f3rych celem jest walka z d\u017cihadystami w Sahelu, kt\u00f3ry sta\u0142 si\u0119 epicentrum globalnego terroryzmu, atakowanym przez frakcje lojalne wobec Al-Kaidy i Pa\u0144stwa Islamskiego\u201d.<\/span><\/p>\n<\/div>\n<p style=\"text-align: left;\">\n<div class=\"templateArticleBrodtext\">\n<p style=\"text-align: left;\"><span style=\"color: #000080;\">Obszar wok\u00f3\u0142 jeziora Czad, po\u0142o\u017cony wzd\u0142u\u017c granic Czadu, Nigerii, Kamerunu i Nigru, jest celem rebeliant\u00f3w islamistycznych \u2013 organizacji\u00a0<a style=\"color: #000080;\" href=\"https:\/\/www.nationalsecurity.gov.au\/what-australia-is-doing\/terrorist-organisations\/listed-terrorist-organisations\/islamic-state-west-africa-province\" target=\"_blank\" rel=\"noopener noreferrer\">Islamskie Pa\u0144stwo Afryka Zachodnia<\/a>\u00a0(ISWAP) i Boko Haram \u2013 kt\u00f3re w 2009 r. rozpocz\u0119\u0142y kampani\u0119 terrorystyczn\u0105 w p\u00f3\u0142nocno-wschodniej Nigerii i rozprzestrzeni\u0142y si\u0119 na Czad.<\/span><\/p>\n<p style=\"text-align: left;\">\n<span style=\"color: #000080;\">Boko Haram i ISWAP od 2009 r. stwarzaj\u0105 powa\u017cne problemy bezpiecze\u0144stwa w regionie. Wysy\u0142aj\u0105 zamachowc\u00f3w-samob\u00f3jc\u00f3w przez granic\u0119 Nigerii z Czadem i\u00a0<a style=\"color: #000080;\" href=\"https:\/\/www.state.gov\/reports\/country-reports-on-terrorism-2022\/chad\" target=\"_blank\" rel=\"noopener noreferrer\">morduj\u0105<\/a>\u00a0wielu cywil\u00f3w i \u017co\u0142nierzy czadyjskich. Na przyk\u0142ad 22 maja 2022 r. terrory\u015bci z ISWAP\u00a0<a style=\"color: #000080;\" href=\"https:\/\/www.terrorism-info.org.il\/app\/uploads\/2022\/05\/E_080_22.pdf\" target=\"_blank\" rel=\"noopener noreferrer\">porwali i zamordowali<\/a>\u00a0trzech chrze\u015bcijan w regionie Litri w Czadzie, w pobli\u017cu granicy z Nigeri\u0105.<\/span><\/p>\n<p style=\"text-align: left;\"><span style=\"color: #000080;\"><a style=\"color: #000080;\" href=\"https:\/\/africacenter.org\/spotlight\/chad-escalating-fight-against-boko-haram\/\" target=\"_blank\" rel=\"noopener noreferrer\"><br \/>\nWed\u0142ug<\/a>\u00a0Afryka\u0144skiego Centrum Studi\u00f3w Strategicznych\u00a0w 2020 r. sytuacja bezpiecze\u0144stwa w Czadzie uleg\u0142a drastycznemu pogorszeniu. 23 marca 2020 r. grupa Boko Haram zabi\u0142a 98 czadyjskich \u017co\u0142nierzy i zrani\u0142a kilkudziesi\u0119ciu innych w Bohomie.<\/span><\/p>\n<p style=\"text-align: left;\">\n<span style=\"color: #000080;\">Po tym ataku czadyjskie si\u0142y zbrojne\u00a0<a style=\"color: #000080;\" href=\"https:\/\/africacenter.org\/spotlight\/chad-escalating-fight-against-boko-haram\/\" target=\"_blank\" rel=\"noopener noreferrer\">rozpocz\u0119\u0142y ofensyw\u0119<\/a>\u00a0maj\u0105c\u0105 na celu wyeliminowanie d\u017cihadystycznych powsta\u0144c\u00f3w z Czadu. Jednak trwaj\u0105ce od tego czasu ataki terrorystyczne sugeruj\u0105, \u017ce Boko Haram i ISWAP zyskuj\u0105 na sile, stwarzaj\u0105c coraz wi\u0119ksze ryzyko dla stabilno\u015bci regionalnej.<\/span><\/p>\n<p style=\"text-align: left;\">\n<span style=\"color: #000080;\">Boko Haram, za\u0142o\u017cona w p\u00f3\u0142nocno-wschodniej Nigerii, od 2009 r. przeprowadzi\u0142a tam niezliczone zamachy i masakry. Grupa\u00a0<a style=\"color: #000080;\" href=\"https:\/\/www.uscirf.gov\/publications\/did-you-knowboko-haram-nigeria\" target=\"_blank\" rel=\"noopener noreferrer\">d\u0105\u017cy<\/a>\u00a0do powszechnego stosowania prawa szariatu.\u00a0<a style=\"color: #000080;\" href=\"https:\/\/intersociety-ng.org\/jihadist-genocide-of-christians-in-nigeria-bloodiest-in-2023-8222-hacked-to-death-from-jan-jan\/\" target=\"_blank\" rel=\"noopener noreferrer\">Wed\u0142ug<\/a>\u00a0doniesie\u0144, od 2009 r. muzu\u0142manie, zainspirowani przez Boko Haram,\u00a0<a style=\"color: #000080;\" href=\"https:\/\/intersociety-ng.org\/jihadist-genocide-of-christians-in-nigeria-bloodiest-in-2023-8222-hacked-to-death-from-jan-jan\/\" target=\"_blank\" rel=\"noopener noreferrer\">zamordowali<\/a>\u00a0ponad 150 tysi\u0119cy chrze\u015bcijan w Nigerii.<\/span><\/p>\n<p style=\"text-align: left;\"><span style=\"color: #000080;\"><a style=\"color: #000080;\" href=\"https:\/\/www.dni.gov\/nctc\/groups\/boko_haram.html\" target=\"_blank\" rel=\"noopener noreferrer\"><br \/>\nWed\u0142ug<\/a>\u00a0Narodowego Centrum ds. Zwalczania Terroryzmu przy rz\u0105dzie USA:<\/span><\/p>\n<blockquote>\n<p style=\"text-align: left;\"><strong><span style=\"color: #000000;\">\u201eBoko Haram, kt\u00f3re okre\u015bla siebie jako &#8216;Jama&#8217;atu Ahl as-Sunnah li-Da&#8217;awati wal-Jihad&#8217; (JASDJ; Grupa Sunnickiego Ludu dla Powo\u0142ania i D\u017cihadu) i &#8216;Nigeryjscy Talibowie&#8217;\u00a0 (u\u017cywane s\u0105 inne t\u0142umaczenia i warianty) jest nigeryjsk\u0105 grup\u0105, kt\u00f3ra d\u0105\u017cy do obalenia obecnego rz\u0105du Nigerii i zast\u0105pienia go re\u017cimem opartym na prawie islamskim. Jest powszechnie znana w nigeryjskich i zachodnich mediach jako &#8216;Boko Haram&#8217;, co oznacza &#8216;Zachodnia edukacja jest zakazana&#8217; (s\u0142owo boko jest pozosta\u0142o\u015bci\u0105 po kolonialnym angielskim s\u0142owie oznaczaj\u0105cym ksi\u0105\u017ck\u0119). Grupa, kt\u00f3ra istnia\u0142a w r\u00f3\u017cnych formach od ko\u0144ca lat 90., ponios\u0142a kl\u0119sk\u0119 w lipcu 2009 r., kiedy starcia z si\u0142ami nigeryjskiego rz\u0105du doprowadzi\u0142y do \u015bmierci setek jej cz\u0142onk\u00f3w, w tym by\u0142ego przyw\u00f3dcy Muhammada Jusufa&#8230;<\/span><\/strong><\/p>\n<p style=\"text-align: left;\">\n<strong><span style=\"color: #000000;\">Mo\u017cliwo\u015bci Boko Haram wzros\u0142y w 2014 r., kiedy grupa przeprowadza\u0142a niemal codzienne ataki na chrze\u015bcijan, si\u0142y bezpiecze\u0144stwa i policj\u0119, media, szko\u0142y, polityk\u00f3w i muzu\u0142man\u00f3w postrzeganych jako kolaboranci. Boko Haram jeszcze podnios\u0142a sw\u00f3j mi\u0119dzynarodowy profil w 2015 r., sk\u0142adaj\u0105c przysi\u0119g\u0119 wierno\u015bci Pa\u0144stwu Islamskiemu w Iraku i Lewancie (ISIL) w marcu \u2014 i publicznie u\u017cywaj\u0105c nazwy \u201eProwincja ISIL-Afryka Zachodnia\u201d i podobnych wariant\u00f3w \u2014 i przeprowadzaj\u0105c jednoczesne zamachy samob\u00f3jcze w Nd\u017camenie w Czadzie w czerwcu \u2014 pierwszy taki atak w stolicy tego kraju.<\/span><\/strong><\/p>\n<p style=\"text-align: left;\">\n<strong><span style=\"color: #000000;\">Przemoc Boko Haram \u2014 w tym porwanie 276 uczennic w stanie Borno w Nigerii w kwietniu 2014 r. \u2014 spotka\u0142a si\u0119 z mi\u0119dzynarodowym pot\u0119pieniem, a w lutym 2015 r. sprowokowa\u0142a du\u017c\u0105 regionaln\u0105 ofensyw\u0119 CT [antyterrorystyczn\u0105] przeciwko tej grupie, kt\u00f3ra wypar\u0142a j\u0105 z wi\u0119kszo\u015bci jej bastion\u00f3w w Nigerii. Mimo to Boko Haram pozostaje odporne, przeprowadzaj\u0105c ataki w s\u0105siednim Kamerunie, Czadzie, Nigrze, a tak\u017ce w Nigerii, podkre\u015blaj\u0105c zagro\u017cenie, jakie stanowi dla interes\u00f3w zachodnich i regionalnych\u201d.<\/span><\/strong><\/p>\n<\/blockquote>\n<p><span style=\"color: #000080;\">Z rebeliami d\u017cihadyst\u00f3w zmagaj\u0105 si\u0119 Czad, Libia, Sudan, Republika \u015arodkowoafryka\u0144ska, Kamerun, Nigeria i Niger.<\/span><\/p>\n<p><span style=\"color: #000080;\">Epicentra przemocy i katastrofy humanitarnej w Afryce znajduj\u0105 si\u0119 w podregionach basenu Liptako-Gourma i Jeziora Czad, zauwa\u017ca raport Council on Foreign Relations (CFR). Liptako-Gourma znajduje si\u0119 w centralnym Sahelu, na pograniczu Burkina Faso, Mali i Nigru. Wed\u0142ug\u00a0<a style=\"color: #000080;\" href=\"https:\/\/www.cfr.org\/global-conflict-tracker\/conflict\/violent-extremism-sahel\" target=\"_blank\" rel=\"noopener noreferrer\">raportu<\/a>:<\/span><\/p>\n<blockquote>\n<p style=\"text-align: left;\"><strong>\u201eUporczywa i rosn\u0105ca si\u0142a brutalnych organizacji ekstremistycznych w Sahelu grozi zaostrzeniem kryzysu humanitarnego i rozprzestrzenieniem niestabilno\u015bci w ca\u0142ej Afryce, stwarzaj\u0105c znaczne ryzyko dla bezpiecze\u0144stwa i finans\u00f3w Stan\u00f3w Zjednoczonych i Europy. Ci\u0105g\u0142y upadek mi\u0119dzynarodowego wsparcia antyterrorystycznego, a tak\u017ce os\u0142abienie przyw\u00f3dztwa w dzia\u0142aniach regionalnych, stworzy\u0142y pr\u00f3\u017cni\u0119, w kt\u00f3rej brutalny ekstremizm mo\u017ce si\u0119 rozszerzy\u0107. Organizacje, w tym Jama&#8217;at Nusrat al-Islam wal Muslimeen (JNIM), Pa\u0144stwo Islamskie w Wielkiej Saharze (ISGS), Pa\u0144stwo Islamskie w Prowincji Afryki Zachodniej (ISWAP) i inne, ju\u017c wykorzysta\u0142y t\u0119 pr\u00f3\u017cni\u0119, wykorzystuj\u0105c kraje w regionie jako platformy do przeprowadzania masowych atak\u00f3w na si\u0142y rz\u0105dowe i cywil\u00f3w&#8230;<\/strong><\/p>\n<p style=\"text-align: left;\">\n<strong>G\u0142o\u015bne ataki na Radisson Blu Hotel w Mali, Splendid Hotel w Burkina Faso i L&#8217;Etoule du Sud Hotel w Wybrze\u017cu Ko\u015bci S\u0142oniowej w 2015 i 2016 roku pokaza\u0142y skal\u0119 zagro\u017cenia islamistycznego dla Sahelu i Afryki Zachodniej. We wrze\u015bniu 2016 r. w Burkina Faso pojawi\u0142o si\u0119 Pa\u0144stwo Islamskie Wielkiej Sahary (ISGS), kt\u00f3re przeprowadzi\u0142o pierwszy powa\u017cny atak na posterunek graniczny w pobli\u017cu miasta Markoye w Burkina Faso.<\/strong><\/p>\n<p style=\"text-align: left;\">\n<strong>W 2017 r. kilka oddzia\u0142\u00f3w Al-Kaidy po\u0142\u0105czy\u0142o si\u0119, tworz\u0105c Jama&#8217;at Nusrat al-Islam wal Muslimeen (JNIM). Pojawienie si\u0119 ISGS i JNIM nasili\u0142o przemoc w Sahelu. Zar\u00f3wno JNIM, jak i ISGS posun\u0119\u0142y si\u0119 dalej na po\u0142udnie w Liptako-Gourma, zagra\u017caj\u0105c bezpiecze\u0144stwu stosunkowo stabilnych pa\u0144stw nadbrze\u017cnych Afryki Zachodniej. JNIM niedawno przej\u0105\u0142 kontrol\u0119 nad terytorium w p\u00f3\u0142nocnym i \u015brodkowym Mali, podczas gdy ISGS zosta\u0142o ograniczone do p\u00f3\u0142nocnego Burkina Faso i zachodniego Nigru z powodu star\u0107 z JNIM, kt\u00f3re rozpocz\u0119\u0142y si\u0119 w 2020 r.<\/strong><\/p>\n<p style=\"text-align: left;\">\n<strong>Gwa\u0142towny ekstremizm w Kotlinie Jeziora Czad na skrzy\u017cowaniu Kamerunu, Czadu, Nigru i Nigerii panowa\u0142 w tym samym okresie, co ponowne pojawienie si\u0119 Boko Haram w p\u00f3\u0142nocnej Nigerii\u201d.<\/strong><\/p>\n<\/blockquote>\n<p style=\"text-align: left;\"><span style=\"color: #000080;\">Stabilno\u015b\u0107 Czadu jest nierozerwalnie zwi\u0105zana ze stabilno\u015bci\u0105 s\u0105siednich pa\u0144stw.\u00a0<a style=\"color: #000080;\" href=\"https:\/\/vault.ushmm.org\/adaptivemedia\/rendition\/id_05fff4dffbf5d982f2ae25ae045bfd2c05224818\" target=\"_blank\" rel=\"noopener noreferrer\">Trwaj\u0105ca wojna domowa<\/a>\u00a0w Sudanie mi\u0119dzy Suda\u0144skimi Si\u0142ami Zbrojnymi a Si\u0142ami Szybkiego Wsparcia stanowi powa\u017cne zagro\u017cenie dla stabilno\u015bci Czadu. W miar\u0119 jak wojna domowa w Sudanie nasila si\u0119, podsyca ona dalsze zamieszki w regionie.<\/span><\/p>\n<p style=\"text-align: left;\">\n<span style=\"color: #000080;\">\u201eKonflikt, kt\u00f3ry rozprzestrzeni\u0142 si\u0119 na 14 z 18 stan\u00f3w w Sudanie, doprowadzi\u0142 do \u015bmierci i okalecze\u0144 dziesi\u0105tek tysi\u0119cy cywil\u00f3w, zmusi\u0142 do przesiedlenia prawie 8 milion\u00f3w os\u00f3b i zmusi\u0142 kolejne dwa miliony do ucieczki do s\u0105siednich kraj\u00f3w\u201d \u2013\u00a0<a style=\"color: #000080;\" href=\"https:\/\/www.ohchr.org\/en\/press-releases\/2024\/09\/sudan-un-fact-finding-mission-outlines-extensive-human-rights-violations\" target=\"_blank\" rel=\"noopener noreferrer\">poinformowa\u0142o<\/a>\u00a0Biuro Wysokiego Komisarza Narod\u00f3w Zjednoczonych ds. Praw Cz\u0142owieka.<\/span><\/p>\n<p style=\"text-align: left;\">\n<span style=\"color: #000080;\">Wojna domowa w Sudanie\u00a0<a style=\"color: #000080;\" href=\"https:\/\/www.nrc.no\/news\/2024\/february\/chad-refugees-from-sudan\/\" target=\"_blank\" rel=\"noopener noreferrer\">zmusi\u0142a<\/a>\u00a0oko\u0142o 700 tysi\u0119cy uchod\u017ac\u00f3w do ucieczki do Czadu, co doprowadzi\u0142o do kryzysu humanitarnego i utrudni\u0142o handel mi\u0119dzy obydwoma krajami.<\/span><\/p>\n<p style=\"text-align: left;\">\n<span style=\"color: #000080;\">W kontek\u015bcie narastaj\u0105cego d\u017cihadu Boko Haram i ISWAP w Czadzie, bezpiecze\u0144stwo chrze\u015bcijan w kraju jest coraz bardziej zagro\u017cone,\u00a0<a style=\"color: #000080;\" href=\"https:\/\/www.opendoors.org\/research-reports\/country-dossiers\/WWL-2024-Chad-Full-Country-Dossier.pdf\" target=\"_blank\" rel=\"noopener noreferrer\">informuje<\/a>\u00a0Open Doors, mi\u0119dzynarodowa organizacja zajmuj\u0105ca si\u0119 prawami cz\u0142owieka:<\/span><\/p>\n<blockquote>\n<p style=\"text-align: left;\"><strong>\u201eTe grupy d\u017cihadystyczne znane s\u0105 z tego, \u017ce atakuj\u0105 mniejszo\u015bci religijne, w tym chrze\u015bcijan, chc\u0105c utworzy\u0107 Pa\u0144stwo Islamskie.<\/strong><\/p>\n<p style=\"text-align: left;\">\n<strong>Chrze\u015bcija\u0144skie kobiety s\u0105 ofiarami przemocy seksualnej ze strony islamskich boj\u00f3wkarzy. Ekspert krajowy wyja\u015bni\u0142: \u2018Odnotowano przypadki porwa\u0144 i zmuszania chrze\u015bcija\u0144skich kobiet do ma\u0142\u017ce\u0144stwa w cz\u0119\u015bciach kraju, w kt\u00f3rych milicja Boko Haram sia\u0142a spustoszenie. &#8230; szczeg\u00f3lnie na obszarach wiejskich i w obozach dla przesiedle\u0144c\u00f3w wewn\u0119trznych\u2019.<\/strong><\/p>\n<p style=\"text-align: left;\">\n<strong>Chrze\u015bcija\u0144scy m\u0119\u017cczy\u017ani i ch\u0142opcy w Czadzie s\u0105 najbardziej nara\u017ceni na prze\u015bladowania ze strony islamskich grup bojowych. Niekt\u00f3rzy z nich zostali podobno porwani, zmuszeni do przej\u015bcia na islam i zrekrutowani do szereg\u00f3w grup d\u017cihadyst\u00f3w, aby s\u0142u\u017cy\u0107 jako bojownicy.<\/strong><\/p>\n<p style=\"text-align: left;\">\n<strong>Wed\u0142ug tego \u017ar\u00f3d\u0142a m\u0119\u017cczy\u017ani i ch\u0142opcy, szczeg\u00f3lnie we wschodnim Czadzie, s\u0105 \u2018zmuszeni do organizowania grup samoobrony, uzbrajaj\u0105c si\u0119 przede wszystkim we w\u0142\u00f3cznie, no\u017ce, strza\u0142y z zatrutymi grotami itp., aby zniech\u0119ci\u0107 i broni\u0107 si\u0119 przed atakami milicji przy braku znacz\u0105cej obecno\u015bci wojska lub policji, jak\u0105 powinien zapewni\u0107 rz\u0105d Czadu. Ch\u0142opcy s\u0105 r\u00f3wnie\u017c zmuszani do spania na otwartych polach i pilnowania zwierz\u0105t, aby zapobiec ich kradzie\u017cy przez uzbrojone milicje\u2019\u201d.<\/strong><\/p>\n<\/blockquote>\n<p style=\"text-align: left;\"><span style=\"color: #000080;\">Jak podaje organizacja Open Doors, opr\u00f3cz powstania d\u017cihadyst\u00f3w, chrze\u015bcijanie w Czadzie do\u015bwiadczaj\u0105 r\u00f3wnie\u017c prze\u015bladowa\u0144 na poziomie spo\u0142ecznym.<\/span><\/p>\n<p style=\"text-align: left;\">\n<span style=\"color: #000080;\">Islam\u00a0<a style=\"color: #000080;\" href=\"https:\/\/www.opendoors.org\/research-reports\/country-dossiers\/WWL-2024-Chad-Full-Country-Dossier.pdf\" target=\"_blank\" rel=\"noopener noreferrer\">dotar\u0142<\/a>\u00a0do Czadu po raz pierwszy w XI wieku, ale sta\u0142 si\u0119 religi\u0105 pa\u0144stwow\u0105 dopiero w XVI i XVII wieku, gdy kraj sta\u0142 si\u0119 wa\u017cnym szlakiem muzu\u0142ma\u0144skiego handlu niewolnikami.<\/span><\/p>\n<p style=\"text-align: left;\">\n<span style=\"color: #000080;\">Chocia\u017c Czad jest oficjalnie republik\u0105 \u015bwieck\u0105, islam jest dzi\u015b religi\u0105 wi\u0119kszo\u015bci (56% populacji) i przenika ca\u0142e spo\u0142ecze\u0144stwo, powoduj\u0105c, \u017ce niekt\u00f3rzy Czadyjczycy okazuj\u0105 wrogo\u015b\u0107 i nietolerancj\u0119 wobec chrze\u015bcijan, kt\u00f3rych uwa\u017caj\u0105 za \u201eniewiernych\u201d,\u00a0<a style=\"color: #000080;\" href=\"https:\/\/www.opendoors.org\/research-reports\/country-dossiers\/WWL-2024-Chad-Full-Country-Dossier.pdf\" target=\"_blank\" rel=\"noopener noreferrer\">donosi<\/a>\u00a0Open Doors. W kraju jest ponad 6 milion\u00f3w chrze\u015bcijan (35% populacji). Wed\u0142ug\u00a0<a style=\"color: #000080;\" href=\"https:\/\/www.opendoors.org\/research-reports\/country-dossiers\/WWL-2024-Chad-Full-Country-Dossier.pdf\" target=\"_blank\" rel=\"noopener noreferrer\">Open Doors<\/a>:<\/span><\/p>\n<blockquote>\n<p style=\"text-align: left;\"><strong>\u201eWp\u0142yw ekstremizmu islamskiego jest w Czadzie do\u015b\u0107 powszechny. We wsp\u00f3\u0142pracy z pa\u0144stwami arabskimi powstaj\u0105 liczne szko\u0142y, uniwersytety i meczety, kt\u00f3rych celem jest szerzenie radykalnych ideologii islamskich. Spowodowa\u0142o to radykalizacj\u0119 okre\u015blonych segment\u00f3w populacji, tworz\u0105c coraz bardziej wrogie \u015brodowisko dla chrze\u015bcijan&#8230;<\/strong><\/p>\n<p style=\"text-align: left;\">\n<strong>Wzrost islamskiej wojowniczo\u015bci w regionie Sahelu ma g\u0142\u0119bokie implikacje dla Czadu, szczeg\u00f3lnie dla jego chrze\u015bcija\u0144skiej populacji i innych mniejszo\u015bci religijnych. Ten wzrost ekstremizmu nie tylko wzmacnia grupy boj\u00f3wkarzy, ale tak\u017ce wp\u0142ywa na inne frakcje islamskie w Czadzie, aby przyj\u0119\u0142y bardziej konserwatywn\u0105 doktryn\u0119 islamsk\u0105&#8230;<\/strong><\/p>\n<p style=\"text-align: left;\">\n<strong>Je\u015bli nie zostanie podj\u0119ty skoordynowany wysi\u0142ek wdro\u017cenia kompleksowych reform politycznych, gospodarczych i spo\u0142ecznych wraz z kampaniami wojskowymi przeciwko Boko Haram, ideologia tej ekstremistycznej grupy prawdopodobnie b\u0119dzie nadal zyskiwa\u0107 na popularno\u015bci\u201d.<\/strong><\/p>\n<\/blockquote>\n<p><span style=\"color: #000080;\">W wyniku przemocy d\u017cihadyst\u00f3w ze strony grup terrorystycznych w Afryce Subsaharyjskiej 16,2 mln chrze\u015bcijan zosta\u0142o przymusowo przesiedlonych.\u00a0<a style=\"color: #000080;\" href=\"https:\/\/www.opendoorsuk.org\/news\/latest-news\/arise-africa-barnabas\/\" target=\"_blank\" rel=\"noopener noreferrer\">Raport<\/a>\u00a0Open Doors cytuje pastora Barnabasa, kt\u00f3ry mieszka w obozie dla os\u00f3b przesiedlonych w Nigerii:<\/span><\/p>\n<blockquote><p><strong>\u201eMiliony chrze\u015bcijan s\u0105 przesiedlone, tutaj w Nigerii. Miliony chrze\u015bcijan s\u0105 przesiedlone w Afryce. Media nie przejmuj\u0105 si\u0119 tym, politycy o tym nie m\u00f3wi\u0105, rz\u0105dy o tym nie m\u00f3wi\u0105, globalna polityka o tym nie m\u00f3wi. Nikt o tym nie m\u00f3wi\u201d.<\/strong><\/p><\/blockquote>\n<p><span style=\"color: #000080;\">Jak powiedzia\u0142 Robert Spencer, dyrektor Jihad Watch, w wywiadzie udzielonym autorce 27 pa\u017adziernika:<\/span><\/p>\n<blockquote><p><strong>\u201eGrupy d\u017cihadyst\u00f3w w kilku krajach Afryki regularnie atakuj\u0105 i pokonuj\u0105 rz\u0105dowe si\u0142y zbrojne. To rodzi kilka pyta\u0144, na kt\u00f3re nikt nie wydaje si\u0119 by\u0107 w stanie lub nie chce odpowiedzie\u0107: Kto finansuje te grupy? Kto je zbroi i umo\u017cliwia im dzia\u0142anie w takim stopniu, \u017ce s\u0105 pot\u0119\u017cniejsze od si\u0142 suwerennych pa\u0144stw? Jakie pot\u0119\u017cne i bogate podmioty wspieraj\u0105 post\u0119py d\u017cihadu w Afryce?\u201d<\/strong><\/p><\/blockquote>\n<\/div>\n<hr \/>\n<p style=\"text-align: left;\"><span style=\"color: #808080;\"><em><strong>Uzay Bulut<\/strong> \u2013 turecka dziennikarka, kt\u00f3ra od kilku lat mieszka na Zachodzie.<\/em><\/span><\/p>\n<hr style=\"height: 15px; background: #d0e6fa; width: 100%;\" \/>\n<div id=\"content\" class=\"content-alignment\">\n<div id=\"watch-description\" class=\"yt-uix-button-panel\">\n<div id=\"watch-description-text\" style=\"text-align: center;\">\n<p><em>Zawarto\u015b\u0107 publikowanych artyku\u0142\u00f3w i materia\u0142\u00f3w nie reprezentuje pogl\u0105d\u00f3w ani opinii Reunion&#8217;68,<\/em><em><br \/>\nani te\u017c webmastera Blogu Reunion&#8217;68, chyba ze jest to wyra\u017anie zaznaczone.<br \/>\nTwoje uwagi, linki, w\u0142asne artyku\u0142y lub wiadomo\u015bci prze\u015blij na adres:<br \/>\n<\/em><span style=\"color: #000080;\"><strong><em><a style=\"color: #000080;\" href=\"mailto:webmaster@reunion68.com\"><span style=\"text-decoration: underline;\">webmaster@reunion68.com<\/span><\/a><\/em><\/strong><\/span><\/p>\n<\/div>\n<\/div>\n<\/div>\n<hr style=\"width: 100%;\" \/>\n","protected":false},"excerpt":{"rendered":"<p>Uciekinierzy z Sudanu. Zdj\u0119cie Fahmo Mohammed dla IRC. Nikt o tym nie m\u00f3wi\u201d: Terrory\u015bci d\u017cihadu nadal pustosz\u0105 Afryk\u0119 Uzay Bulut T\u0142umaczenie: Ma\u0142gorzata Koraszewska Podczas gdy wi\u0119kszo\u015b\u0107 \u015bwiatowych medi\u00f3w i organizacji broni\u0105cych praw cz\u0142owieka skupia si\u0119 na wojnie, jak\u0105 Iran i jego sojusznicy z Hamasu\/Hezbollahu\/Huti prowadz\u0105 z Izraelem, islamscy terrory\u015bci-d\u017cihady\u015bci nadal pustosz\u0105 Afryk\u0119. Co najmniej 40 [&hellip;]<\/p>\n","protected":false},"author":1,"featured_media":0,"comment_status":"closed","ping_status":"closed","sticky":false,"template":"","format":"standard","meta":[],"categories":[1],"tags":[26,24],"_links":{"self":[{"href":"https:\/\/www.reunion68.se\/index.php?rest_route=\/wp\/v2\/posts\/116993"}],"collection":[{"href":"https:\/\/www.reunion68.se\/index.php?rest_route=\/wp\/v2\/posts"}],"about":[{"href":"https:\/\/www.reunion68.se\/index.php?rest_route=\/wp\/v2\/types\/post"}],"author":[{"embeddable":true,"href":"https:\/\/www.reunion68.se\/index.php?rest_route=\/wp\/v2\/users\/1"}],"replies":[{"embeddable":true,"href":"https:\/\/www.reunion68.se\/index.php?rest_route=%2Fwp%2Fv2%2Fcomments&post=116993"}],"version-history":[{"count":6,"href":"https:\/\/www.reunion68.se\/index.php?rest_route=\/wp\/v2\/posts\/116993\/revisions"}],"predecessor-version":[{"id":117003,"href":"https:\/\/www.reunion68.se\/index.php?rest_route=\/wp\/v2\/posts\/116993\/revisions\/117003"}],"wp:attachment":[{"href":"https:\/\/www.reunion68.se\/index.php?rest_route=%2Fwp%2Fv2%2Fmedia&parent=116993"}],"wp:term":[{"taxonomy":"category","embeddable":true,"href":"https:\/\/www.reunion68.se\/index.php?rest_route=%2Fwp%2Fv2%2Fcategories&post=116993"},{"taxonomy":"post_tag","embeddable":true,"href":"https:\/\/www.reunion68.se\/index.php?rest_route=%2Fwp%2Fv2%2Ftags&post=116993"}],"curies":[{"name":"wp","href":"https:\/\/api.w.org\/{rel}","templated":true}]}}