{"id":116995,"date":"2024-11-12T17:05:35","date_gmt":"2024-11-12T15:05:35","guid":{"rendered":"http:\/\/www.reunion68.se\/?p=116995"},"modified":"2024-11-12T15:17:15","modified_gmt":"2024-11-12T13:17:15","slug":"12-05-105","status":"publish","type":"post","link":"https:\/\/www.reunion68.se\/?p=116995","title":{"rendered":"Amsterdam highlights Israeli hooligans in first report on pogrom"},"content":{"rendered":"<h5 style=\"text-align: center;\"><a href=\"https:\/\/www.jns.org\/\" target=\"_blank\" rel=\"noopener noreferrer\"><img decoding=\"async\" class=\"center alignleft\" src=\"http:\/\/www.reunion68.com\/Biuletyn\/img\/jns-1.png\" alt=\"\" width=\"35%\" \/><\/a><span style=\"text-decoration: underline; color: #000080;\"><strong><a style=\"color: #000080; text-decoration: underline;\" href=\"https:\/\/www.jns.org\/amsterdam-highlights-israeli-hooligans-in-first-report-on-pogrom\/\" target=\"_blank\" rel=\"noopener noreferrer\">Amsterdam highlights Israeli hooligans in first report on pogrom<\/a><\/strong><\/span><\/h5>\n<p style=\"text-align: center;\"><span style=\"color: #000000;\"><strong>World News<\/strong><\/span><\/p>\n<hr style=\"height: 15px; background: #d0e6fa; width: 100%;\" \/>\n<div>\n<h4 style=\"text-align: center;\"><strong>Dutch Jews protest the account, with one saying that the municipality is trying to claim that &#8220;the Jews did it.&#8221;<\/strong><\/h4>\n<\/div>\n<p style=\"text-align: center;\">.<br \/>\n<img decoding=\"async\" class=\"aligncenter\" src=\"https:\/\/cdn.jns.org\/uploads\/2024\/11\/GettyImages-2183348993-1320x880.jpg\" width=\"100%\" \/><span style=\"color: #808080;\"><em>Police officers clash with protestors during a demonstration on Dam Square on Nov. 10, 2024. Photo by Robin van Lonkhuijsen\/ANP\/AFP via Getty Images.<\/em><\/span><\/p>\n<p class=\"wp-block-paragraph\" style=\"text-align: left;\"><span style=\"color: #000080;\">In its first report on the mass assaults on Israeli soccer fans in Amsterdam, the city\u2019s municipality has accused them of chanting \u201chateful and racist songs against Arabs.\u201d<\/span><\/p>\n<p class=\"wp-block-paragraph\" style=\"text-align: left;\"><span style=\"color: #000080;\">This language, which appeared in the fifth sentence of the 12-page report published on Monday, marked a shift from city officials\u2019 rhetoric so far, including Mayor Femke Halsema\u2019s statement that \u201cthere is no excuse\u201d for the assaults.<\/span><\/p>\n<p class=\"wp-block-paragraph\" style=\"text-align: left;\"><span style=\"color: #000080;\">Herman Loonstein, a prominent Dutch-Jewish lawyer, accused the municipality of victim-blaming, telling JNS that the document suggests that \u201cthe Jews did it.\u201d<\/span><\/p>\n<p class=\"wp-block-paragraph\" style=\"text-align: left;\"><span style=\"color: #000080;\">The report, titled, \u201cViolence in Amsterdam Around the Ajax-Maccabi Match,\u201d was published ahead of a debate scheduled for Tuesday about the events of Nov. 7, when at least 100 Arabs perpetrated a coordinated series of assaults against Israeli soccer fans following a match between Maccabi Tel Aviv and the local Ajax team.<\/span><\/p>\n<p class=\"wp-block-paragraph\" style=\"text-align: left;\"><span style=\"color: #000080;\">It was the largest-scale series of antisemitic incidents in the Netherlands since the Holocaust and one of the largest events of its kind in Europe in recent decades.<\/span><\/p>\n<p style=\"text-align: center;\"><img decoding=\"async\" class=\"aligncenter\" src=\"https:\/\/cdn.jns.org\/uploads\/2024\/11\/20240415_093021-scaled.jpg\" width=\"100%\" \/><em>Anti-Israel protesters block a road near Amsterdam, the Netherlands on Apr. 15, 2024. Photo by Canaan Lidor.<\/em><\/p>\n<p class=\"wp-block-paragraph\" style=\"text-align: left;\"><span style=\"color: #000080;\">The report\u2019s release coincided with a fresh wave of unrest in Amsterdam that featured the torching of a tram amid antisemitic shouts about \u201ccancer Jews\u201d and anti-Israel protest actions across Amsterdam and Utrecht.<\/span><\/p>\n<p class=\"wp-block-paragraph\" style=\"text-align: left;\"><span style=\"color: #000080;\">Israeli President Isaac Herzog called the Nov. 7 event a \u201cpogrom,\u201d as did many locals, including Geert Wilders, the leader of the Netherlands\u2019 largest political party and ruling coalition partner. Wilders tweeted following the tram\u2019s torching: \u201cFirst a Jew hunt, now intifada.\u201d He has called for deporting all perpetrators of the Nov. 7 assaults.<\/span><\/p>\n<p class=\"wp-block-paragraph\" style=\"text-align: left;\"><span style=\"color: #000080;\">Prime Minister of the Netherlands Dick Schoof reportedly called the attacks a source of \u201cshame,\u201d as did Dutch King Willem-Alexander, who referenced the abandonment and near annihilation of Dutch Jewry during the Holocaust.<\/span><\/p>\n<p class=\"wp-block-paragraph\" style=\"text-align: left;\"><span style=\"color: #000080;\">Yet amid intense media coverage of the assaults locally and internationally, some voices criticized the Israelis and asserted or suggested that they had instigated the violence.<\/span><\/p>\n<p class=\"wp-block-paragraph\" style=\"text-align: left;\"><span style=\"color: #000080;\">The introduction of Monday\u2019s report by the municipality reads: \u201cOn Nov. 8, the world awoke to terrible images from the pitch-black night Amsterdam had experienced. Four days later, anger and fear and disbelief are still felt. Images of Israeli soccer fans chased, assaulted and abused. Screenshots of antisemitic messages like the call for a \u2018Jew hunt.\u2019 Films of hateful and racist chants against \u2018Arabs.\u2019 Of pulling down and burning of a Palestinian flag and targeted assaults of Jewish and Israeli fans, featuring many antisemitic statements. With regards to this, city authorities declare that one party\u2019s violence is never an excuse to more violence. Our city\u2019s heart bleeds due to these events. Amsterdam residents everywhere feel pain.\u201d \u00a0\u00a0<\/span><\/p>\n<p class=\"wp-block-paragraph\" style=\"text-align: left;\"><span style=\"color: #000080;\">\u201cIt\u2019s a hopelessly naive report, a terrible piece of bureaucratic-speak,\u201d Rabbi Meir Villegas Henriquez told JNS. He called it \u201ccover for officials to not take responsibility.\u201d<\/span><\/p>\n<p class=\"wp-block-paragraph\" style=\"text-align: left;\"><span style=\"color: #000080;\">Loonstein, the lawyer, noted that the municipality\u2019s reference to the behavior of Maccabi fans fails to explain why hundreds of people on Sunday defied a ban on anti-Israel protests on the Dam, which led riot police to arrest dozens. It also does not explain why dozens of people participated in rioting on Monday night, where a tram was torched on 40-45 Square, named for the victims of the Nazi occupation, he said.<\/span><\/p>\n<p class=\"wp-block-paragraph\" style=\"text-align: left;\"><span style=\"color: #000080;\">\u201cI haven\u2019t heard yet that the Jews also torched the tram yesterday,\u201d said Loonstein.<\/span><\/p>\n<p style=\"text-align: center;\"><img decoding=\"async\" class=\"aligncenter\" src=\"https:\/\/cdn.jns.org\/uploads\/2024\/11\/femke2.jpg\" width=\"100%\" \/><span style=\"color: #808080;\"><em>Amsterdam Mayor Femke Halsema speaks at a press conference about antisemitic violence in her city on Nov. 8, 2024. Photo courtesy of the Municipality of Amsterdam.<\/em><\/span><\/p>\n<p style=\"text-align: left;\"><span style=\"color: #000080;\">In the report\u2019s timeline, Maccabi fans were \u201cwalking in a large group around midnight near Dam Square, some with sticks, and causing vandalism.\u201d After that, \u201cproblems began involving small groups of rioters spread out across the center. They staged violent hit-and-run actions\u201d against Israelis.<\/span><\/p>\n<p style=\"text-align: left;\"><span style=\"color: #000080;\">Several eyewitnesses told JNS that groups of Arab men were scanning the city center for Israelis systematically and not in response to any violence by Maccabi supporters that they\u2019d witnessed. Three riot police officers who were on the streets of the city center on Thursday night told the De Telegraaf daily on Sunday that the Maccabi fans had not acted violently.<\/span><\/p>\n<p style=\"text-align: left;\"><span style=\"color: #000080;\">\u201cI absolutely don\u2019t see why it\u2019s being claimed that Maccabi fans were out to stage confrontations, the opposite is true,\u201d one officer told the Dutch daily on condition of anonymity.<\/span><\/p>\n<p style=\"text-align: left;\"><span style=\"color: #000080;\">Amsterdam Police Chief Peter Holla on Friday said at a press conference that Israelis had damaged a taxi cab and stolen a Palestinian flag in the city center. One of the riot police officers interviewed by De Telegraaf said the flag had been hung prominently and deliberately to provoke the Israelis. Another police officer said that the circumstances surrounding an incident involving a taxi were not yet clear.<\/span><\/p>\n<p style=\"text-align: left;\"><span style=\"color: #000080;\">The police report says a group of taxi drivers \u201cwas mobilized\u201d and headed towards the Holland Casino, where some 400 Israelis were present. \u201cPolice led out the Israelis to avoid a large-scale confrontation,\u201d the report said. It did not say whether the taxi that was allegedly damaged was part of the \u201cmobilization.\u201d<\/span><\/p>\n<p style=\"text-align: left;\"><span style=\"color: #000080;\">Earlier in the day, footage surfaced online of two men attempting to burn a Palestinian and a Dutch flag at a soccer stadium. Men were chanting \u201cGaza is a cemetery\u201d in the background. The dozens of people in the video are wearing short-sleeved T-shirts in sunny weather and clear skies. Amsterdam was heavily overcast on Nov. 7, with temperatures around 11\u00b0C (51.8\u00b0F) in the daytime.<\/span><\/p>\n<p style=\"text-align: center;\"><img decoding=\"async\" class=\"aligncenter\" src=\"https:\/\/cdn.jns.org\/uploads\/2024\/11\/dam.jpeg\" width=\"100%\" \/><span style=\"color: #808080;\"><em>Police face off against anti-Israel protesters at Dam Square in Amsterdam on Nov. 10, 2024. Credit: Courtesy of Bart Schut.<\/em><\/span><\/p>\n<p class=\"wp-block-paragraph\" style=\"text-align: left;\"><span style=\"color: #000080;\">Footage also showed dozens of men shouting \u201cLet the IDF win\u201d and \u201cF**k the Arabs\u201d in Hebrew as they entered a metro station after sunset.<\/span><\/p>\n<p class=\"wp-block-paragraph\" style=\"text-align: left;\"><span style=\"color: #000080;\">Jazie Veldhuyzen, a councilman on the City Council of Amsterdam for the BIJ1\u00a0party, which says it promotes anti-racist policies but has often been accused of espousing antisemitism, is one of several Dutch politicians and opinion shapers who have blamed the Maccabi fans for the assault against them.<\/span><\/p>\n<p class=\"wp-block-paragraph\" style=\"text-align: left;\"><span style=\"color: #000080;\">\u201cVideo footage of armed Maccabi hooligans, attacking people from Amsterdam that look like Arabs or Muslims with metal pipes, stones and fireworks. All under the protection of the Dutch police. Here you have your \u2018victims,\u2019\u201d tweeted Veldhuyzen. He was among those present at the illegal demonstration Sunday at Dam Square. Lucas Winnips, a senior municipal adviser, was also present.<\/span><\/p>\n<p class=\"wp-block-paragraph\" style=\"text-align: left;\"><span style=\"color: #000080;\">On Nov. 8, Amsterdam Mayor Femke Halsema, who was a leader of the left-wing D66 Party, was asked by a journalist at a press conference about the alleged provocations by Israelis. She replied: \u201cThere can be no excuse for what happened.\u201d Asked as to reports that the perpetrators were all Arab or Muslim, she said: \u201cThis is an issue that needs to be researched. The background and ethnicity of people, that\u2019s not something I can comment on right now, nor do I want to.\u201d\u00a0<\/span><\/p>\n<p class=\"wp-block-paragraph\" style=\"text-align: left;\"><span style=\"color: #000080;\">On X,\u00a0<em>De Telegraaf<\/em>\u00a0journalist Wierd Duk anticipated an inversion of the narrative about Nov. 7 which would turn the Israelis from victims to perpetrators. \u201cFrom this evening on, there will be a new dominant narrative in media, the political echelon and public opinion,\u201d he tweeted on Nov. 10. \u201cThe framing is that the Jews again brought it on themselves\u2014in this case that Maccabi hooligans misbehaved terribly, which is true\u2014prompting our Moroccan-Islamist street heroes to react appropriately, with a few minor excesses here and there.\u201d<\/span><\/p>\n<p class=\"wp-block-paragraph\" style=\"text-align: left;\"><span style=\"color: #000080;\">Police arrested 62 people before and after the assaults, but none during them, police officials confirmed on Sunday. Of those, 10 were Israeli residents, 49 were residents of the Netherlands and the residence of the remaining three was still being determined, according to Monday\u2019s report. Currently, only four people are in custody, all of them Dutch. Police or prosecutors are looking into taking legal action against only 11 people, the report said. It did not say whether those suspects facing potential prosecution were Israeli or Dutch.<\/span><\/p>\n<p class=\"wp-block-paragraph\" style=\"text-align: left;\"><span style=\"color: #000080;\">The report stated that police and city authorities had taken \u201cextensive action\u201d to avoid violence. It does not name any failures in their actions, stating that these may be outlined in independent research into the events of Nov. 7.<\/span><\/p>\n<p class=\"wp-block-paragraph\" style=\"text-align: left;\"><span style=\"color: #000080;\">The document notes that, despite efforts to avoid violence, \u201cnasty incidents happen regularly in Amsterdam, affecting Jews but also increasingly Muslims, Palestinians and other minority groups.\u201d<\/span><\/p>\n<p class=\"wp-block-paragraph\" style=\"text-align: left;\"><span style=\"color: #000080;\">In the conclusions of the report, the authors wrote: \u201cWhat has happened in recent days is the result of antisemitism, hooliganism, and anger over the war in Israel and Palestine and other countries in the Middle East.\u201d The report also said the ethnic identities of the perpetrators will be looked into in the independent research of the events of Nov. 7.<\/span><\/p>\n<p class=\"wp-block-paragraph\" style=\"text-align: left;\"><span style=\"color: #000080;\">On Monday, police in Belgium arrested six suspected copycats of the Amsterdam assaults who are suspected of planning, using instant messaging, to attack ultra-Orthodox Jews.<\/span><\/p>\n<p class=\"wp-block-paragraph\" style=\"text-align: left;\"><span style=\"color: #000080;\">The assaults in Amsterdam happened on the eve of the anniversary of the Kristallnacht Nazi pogroms of 1938 in the Third Reich.<\/span><\/p>\n<p class=\"wp-block-paragraph\" style=\"text-align: left;\"><span style=\"color: #000080;\">Some victims of the Nov. 7 assaults were made to beg for mercy on their knees and say \u201cFree Palestine.\u201d Others, including at least one woman, were set upon by men without any verbal exchange. At least one man jumped into a canal to escape his attackers; another was hit by a vehicle. According to reports, attackers asked to check the passports of people they confronted on the street.<\/span><\/p>\n<p class=\"wp-block-paragraph\" style=\"text-align: left;\"><span style=\"color: #000080;\">About 25 people were hurt during the assaults, with injuries ranging from moderate to minor.<\/span><\/p>\n<p class=\"wp-block-paragraph\" style=\"text-align: left;\"><span style=\"color: #000080;\">As many as 2,000 Israelis returned to Israel on eight emergency flights out of Amsterdam over the weekend, El Al, Israel\u2019s flag carrier airline, reported.<\/span><\/p>\n<p class=\"wp-block-paragraph\" style=\"text-align: left;\"><span style=\"color: #000080;\">Following the Hamas-led onslaught on Israel on Oct. 7, 2023, in which terrorists murdered some 1,200 people and abducted another 251, Israel went to war against Hamas in the Gaza Strip.<\/span><\/p>\n<p class=\"wp-block-paragraph\" style=\"text-align: left;\"><span style=\"color: #000080;\">Israel\u2019s critics in Europe have accused it of genocide, including at weekly rallies in European capitals that have featured numerous calls for violence against Israelis and Jews. Several countries reported an explosion in recorded antisemitic incidents. In the Netherlands, the Center for Information and Documentation recorded an increase of 245% in antisemitic incidents in 2023 over 2022.<\/span><\/p>\n<hr style=\"height: 15px; background: #d0e6fa; width: 100%;\" \/>\n<div id=\"content\" class=\"content-alignment\">\n<div id=\"watch-description\" class=\"yt-uix-button-panel\">\n<div id=\"watch-description-text\" style=\"text-align: center;\">\n<p><em>Zawarto\u015b\u0107 publikowanych artyku\u0142\u00f3w i materia\u0142\u00f3w nie reprezentuje pogl\u0105d\u00f3w ani opinii Reunion&#8217;68,<\/em><em><br \/>\nani te\u017c webmastera Blogu Reunion&#8217;68, chyba ze jest to wyra\u017anie zaznaczone.<br \/>\nTwoje uwagi, linki, w\u0142asne artyku\u0142y lub wiadomo\u015bci prze\u015blij na adres:<br \/>\n<\/em><span style=\"color: #000080;\"><strong><em><a style=\"color: #000080;\" href=\"mailto:webmaster@reunion68.com\"><span style=\"text-decoration: underline;\">webmaster@reunion68.com<\/span><\/a><\/em><\/strong><\/span><\/p>\n<\/div>\n<\/div>\n<\/div>\n<hr style=\"width: 100%;\" \/>\n","protected":false},"excerpt":{"rendered":"<p>Amsterdam highlights Israeli hooligans in first report on pogrom World News Dutch Jews protest the account, with one saying that the municipality is trying to claim that &#8220;the Jews did it.&#8221; . Police officers clash with protestors during a demonstration on Dam Square on Nov. 10, 2024. Photo by Robin van Lonkhuijsen\/ANP\/AFP via Getty Images. [&hellip;]<\/p>\n","protected":false},"author":1,"featured_media":0,"comment_status":"closed","ping_status":"closed","sticky":false,"template":"","format":"standard","meta":[],"categories":[6],"tags":[26,24],"_links":{"self":[{"href":"https:\/\/www.reunion68.se\/index.php?rest_route=\/wp\/v2\/posts\/116995"}],"collection":[{"href":"https:\/\/www.reunion68.se\/index.php?rest_route=\/wp\/v2\/posts"}],"about":[{"href":"https:\/\/www.reunion68.se\/index.php?rest_route=\/wp\/v2\/types\/post"}],"author":[{"embeddable":true,"href":"https:\/\/www.reunion68.se\/index.php?rest_route=\/wp\/v2\/users\/1"}],"replies":[{"embeddable":true,"href":"https:\/\/www.reunion68.se\/index.php?rest_route=%2Fwp%2Fv2%2Fcomments&post=116995"}],"version-history":[{"count":7,"href":"https:\/\/www.reunion68.se\/index.php?rest_route=\/wp\/v2\/posts\/116995\/revisions"}],"predecessor-version":[{"id":117009,"href":"https:\/\/www.reunion68.se\/index.php?rest_route=\/wp\/v2\/posts\/116995\/revisions\/117009"}],"wp:attachment":[{"href":"https:\/\/www.reunion68.se\/index.php?rest_route=%2Fwp%2Fv2%2Fmedia&parent=116995"}],"wp:term":[{"taxonomy":"category","embeddable":true,"href":"https:\/\/www.reunion68.se\/index.php?rest_route=%2Fwp%2Fv2%2Fcategories&post=116995"},{"taxonomy":"post_tag","embeddable":true,"href":"https:\/\/www.reunion68.se\/index.php?rest_route=%2Fwp%2Fv2%2Ftags&post=116995"}],"curies":[{"name":"wp","href":"https:\/\/api.w.org\/{rel}","templated":true}]}}