{"id":117032,"date":"2024-11-14T17:09:41","date_gmt":"2024-11-14T15:09:41","guid":{"rendered":"http:\/\/www.reunion68.se\/?p=117032"},"modified":"2024-11-14T15:25:58","modified_gmt":"2024-11-14T13:25:58","slug":"14-09-101","status":"publish","type":"post","link":"https:\/\/www.reunion68.se\/?p=117032","title":{"rendered":"Ponowny atak d\u017cumy"},"content":{"rendered":"<p style=\"text-align: center;\"><img decoding=\"async\" class=\"aligncenter\" src=\"https:\/\/static.bonniernews.se\/ba\/292f65af-a1f7-5609-ac38-a4a0271a27a1.jpeg?crop=980%2C551%2Cx0%2Cy1&amp;width=980&amp;format=pjpg&amp;auto=webp\" width=\"100%\" \/><span style=\"color: #808080;\"><em>Bojownicy Hezbollahu prezentuj\u0105 z dum\u0105 swoj\u0105 genealolgi\u0119.<\/em><\/span><\/p>\n<hr \/>\n<h5 style=\"text-align: center;\"><a href=\"https:\/\/www.listyznaszegosadu.pl\/\" target=\"_blank\" rel=\"noopener noreferrer\"><img decoding=\"async\" class=\"center alignleft\" src=\"http:\/\/www.reunion68.com\/Biuletyn\/img\/z-naszego.jpg\" alt=\"\" width=\"50%\" \/><\/a><span style=\"text-decoration: underline; color: #000080;\"><span><strong><a style=\"color: #000080; text-decoration: underline;\" href=\"https:\/\/www.listyznaszegosadu.pl\/brunatna-fala\/ponowny-atak-dzumy\" target=\"_blank\" rel=\"noopener noreferrer\">Ponowny atak d\u017cumy<\/a><\/strong><\/span><\/span><\/h5>\n<p style=\"text-align: center;\"><span style=\"color: #000000;\"><strong>Andrzej Koraszewski<\/strong><\/span><\/p>\n<hr style=\"height: 15px; background: #d0e6fa; width: 100%;\" \/>\n<div class=\"templateArticleIngress\"><span style=\"color: #000080;\">Albert Camus nie wierzy\u0142 w \u201enigdy wi\u0119cej\u201d, dobrze wiedzia\u0142, \u017ce zarazki d\u017cumy po wyga\u015bni\u0119ciu epidemii nadal s\u0105 obecne, drzemi\u0105 czekaj\u0105c na kolejn\u0105 okazj\u0119, kt\u00f3ra pr\u0119dzej czy p\u00f3\u017aniej objawi si\u0119 najpierw w postaci wy\u0142a\u017c\u0105cych z wszystkich stron stad zaka\u017conych d\u017cum\u0105 szczur\u00f3w. Przej\u0119ty swoj\u0105 wiedz\u0105 czytelnik pisze, \u017ce Izrael jest nazistowskim pa\u0144stwem, d\u0105\u017c\u0105cym do etnicznej czysto\u015bci, stosuj\u0105cym apartheid wobec Arab\u00f3w, prze\u015bladuj\u0105cy etiopskich \u017byd\u00f3w i morduj\u0105cy palesty\u0144skie dzieci. Ten jednolity zestaw wierze\u0144 uzupe\u0142nia zapewnienie, \u017ce to tylko krytyka, kt\u00f3ra oczywi\u015bcie nie ma nic wsp\u00f3lnego z \u017cadnym antysemityzmem.<\/span><\/div>\n<div class=\"templateArticleBrodtext\">\n<p><span style=\"color: #000080;\">Sze\u015b\u0107dziesi\u0105t cztery lata temu \u00f3wczesny redaktor naczelny \u201eWi\u0119zi\u201d, Tadeusz Mazowiecki w wyk\u0142adzie pod tytu\u0142em \u201e<a style=\"color: #000080;\" href=\"https:\/\/fpop.org.pl\/wp-content\/uploads\/2023\/04\/Tadeusz-Mazowiecki-Antysemityzm-ludzi-lagodnych-i-dobrych.pdf\">Antysemityzm ludzi \u0142agodnych i dobrych<\/a>\u00a0m\u00f3wi\u0142:<\/span><\/p>\n<blockquote><p><strong>\u201eMo\u017cna postawi\u0107 pytanie, jak to si\u0119 dzieje, \u017ce spo\u0142eczne uzasadnienia antysemityzmu pojawiaj\u0105 si\u0119 w r\u00f3\u017cnych warunkach historycznych i mimo ich ubogiej tre\u015bci intelektualnej natrafiaj\u0105 na klimat psychologiczny, sprzyjaj\u0105cy ich przyjmowaniu i utrzymywaniu si\u0119.<\/strong><\/p>\n<p><strong>Pos\u0142u\u017c\u0119 si\u0119 tu tez\u0105 Leszka Ko\u0142akowskiego, kt\u00f3ry m\u00f3wi, \u017ce \u2018antysemityzm jest \u015brodkiem wytwarzania symbolu spo\u0142ecznego. Walka z \u017bydami \u2013 pisze Ko\u0142akowski \u2013 rzadko bywa celem dla siebie. \u2026Najcz\u0119\u015bciej has\u0142a walki z \u017bydami \u0142\u0105czone s\u0105 te\u017c z innymi, stanowi\u0105cymi w\u0142a\u015bciw\u0105, polityczn\u0105 tre\u015b\u0107 walki. (\u2026) W naczelnej misji spo\u0142ecznego oddzia\u0142ywania antysemityzm ma stworzy\u0107 uniwersalny symbol z\u0142a, kt\u00f3ry nast\u0119pnie chce si\u0119 zwi\u0105za\u0107 w umys\u0142ach z tymi zjawiskami w polityce, kulturze, nauce \u2013 kt\u00f3re trzeba zwalcza\u0107. Trzeba z \u017cydostwa uczyni\u0107 obelg\u0119, kt\u00f3r\u0105 b\u0119dzie si\u0119 pi\u0119tnowa\u0107 wszystko, co ma by\u0107 unicestwione, nosiciela nie okre\u015blonego z\u0142a, ale z\u0142a w og\u00f3le, abstrakcyjny symbol ujemny, daj\u0105cy si\u0119 do\u0142\u0105czy\u0107 do dowolnej sytuacji, je\u015bli pragnie si\u0119 j\u0105 jako ujemn\u0105 przedstawi\u0107 przed \u015bwiatem\u2019. (\u2026) Antysemityzm stanowi\u0142 zawsze os\u0142on\u0119 rzeczywistych konflikt\u00f3w spo\u0142ecznych.\u201d<\/strong><\/p><\/blockquote>\n<p><span style=\"color: #000080;\">Wielu autor\u00f3w przywo\u0142uje powiedzenie, \u017ce antysemityzm nigdy nie m\u00f3wi niczego o \u017bydach, ale bardzo wiele o antysemitach, \u017ce jest inwersj\u0105 moraln\u0105, przerzucaniem na \u017byd\u00f3w w\u0142asnych grzech\u00f3w. Po napa\u015bci terroryst\u00f3w Hamasu na izraelskie przygraniczne osiedla w pa\u017adzierniku 2023 roku natychmiast pojawi\u0142y si\u0119 oskar\u017cenia Izraelczyk\u00f3w o\u00a0 ludob\u00f3jstwo, zabijanie dzieci i kobiet, o celowe zabijanie cywil\u00f3w. Pope\u0142nione wobec \u017byd\u00f3w z\u0142o mia\u0142o wr\u00f3ci\u0107 do \u017byd\u00f3w. R\u00f3wnocze\u015bnie trudno by\u0142o oprze\u0107 si\u0119 wra\u017ceniu, \u017ce pope\u0142nione wobec \u017byd\u00f3w z\u0142o, sadystyczne bestialstwo, fascynuje, zachwyca, porywa i zmusza do zaledwie dyskretnego ukrywania tego zachwytu. Nag\u0142a moda na kefije, okrzyki \u201eod rzeki do morza\u201d, flagi Hamasu i Hezbollahu przy r\u00f3wnoczesnym pe\u0142nym przekonaniu o walce ze z\u0142em. Zrywanie plakat\u00f3w ze zdj\u0119ciami porwanych dzieci by\u0142o koronnym dowodem, \u017ce zarazki d\u017cumy wr\u00f3ci\u0142y z ca\u0142\u0105 moc\u0105.\u00a0\u00a0\u00a0\u00a0<\/span><\/p>\n<p><span style=\"color: #000080;\">Jaka jest odleg\u0142o\u015b\u0107 mi\u0119dzy antysemityzmem ludzi \u0142agodnych i dobrych, a sadystyczn\u0105 orgi\u0105 mordowania dzieci, kobiet i starc\u00f3w? Prawdopodobnie ogranicza si\u0119 do przyzwolenia, je\u015bli powi\u0105zanie \u017byd\u00f3w ze z\u0142em jest ugruntowane, wystarczy da\u0107 do zrozumienia, \u017ce bestialstwo b\u0119dzie bezkarne. Jeste\u015bmy trzecim szympansem, t\u0119sknota do okrucie\u0144stwa wydaje si\u0119 drzema\u0107 w spo\u0142ecze\u0144stwach b\u0119d\u0105cych na wszystkich poziomach cywilizacyjnych.<\/span><\/p>\n<p><span style=\"color: #000080;\">Pierwszy odnotowany przez historyk\u00f3w pogrom \u017byd\u00f3w\u00a0<a style=\"color: #000080;\" href=\"https:\/\/en.wikipedia.org\/wiki\/Alexandrian_riots_(38_CE)\">mia\u0142 miejsce w Aleksandrii<\/a>\u00a0w 38 roku naszej ery. Flaccus, \u00f3wczesny prefekt rz\u0105dzonego przez Rzym Egiptu, wyda\u0142 zarz\u0105dzenie pozwalaj\u0105ce ka\u017cdemu, kto mia\u0142 na to ochot\u0119, mordowa\u0107 \u017byd\u00f3w. Jak pisa\u0142 \u00f3wczesny filozof Filon z Aleksandrii t\u0142umy \u201ewyp\u0119dzi\u0142y \u017byd\u00f3w ca\u0142kowicie z czterech dzielnic miasta i st\u0142oczy\u0142y ich wszystkich w bardzo ma\u0142ej cz\u0119\u015bci&#8230; podczas gdy ludno\u015b\u0107, zajmuj\u0105c ich opuszczone domy, zwr\u00f3ci\u0142a si\u0119 ku grabie\u017cy i podzieli\u0142a \u0142upy mi\u0119dzy siebie, jakby zdoby\u0142a je na wojnie\u201d. Wed\u0142ug jego opisu, zabijano \u017byd\u00f3w tysi\u0105cami z sadystyczn\u0105 rado\u015bci\u0105 morduj\u0105c i pal\u0105c ca\u0142e rodziny, nie oszcz\u0119dzaj\u0105c niemowl\u0105t, torturuj\u0105c i zn\u0119caj\u0105c si\u0119 nad bezbronnymi.\u00a0\u00a0\u00a0\u00a0<\/span><\/p>\n<p><span style=\"color: #000080;\">Na przestrzeni minionych dw\u00f3ch tysi\u0119cy lat podobne sceny mia\u0142y miejsce setki razy, za\u015b zawsze obecny antysemityzm ludzi \u0142agodnych i dobrych pozwala\u0142 na b\u0142yskawiczne rozp\u0119tanie piek\u0142a przez ludzi, o kt\u00f3rych dzie\u0144 wcze\u015bniej m\u00f3wiono, \u017ce nie skrzywdziliby nawet muchy.\u00a0\u00a0 \u00a0\u00a0\u00a0<\/span><\/p>\n<p><span style=\"color: #000080;\">Po pogromie w Aleksandrii do Rzymu wybrali si\u0119 przedstawiciele mordowanych i tych, kt\u00f3rzy mordowali. Zaanga\u017cowani w mordy aleksandryjscy Grecy powiedzieli, \u017ce \u017bydzi odm\u00f3wili uznania bosko\u015bci rzymskiego cesarza. Wys\u0142uchanie argument\u00f3w strony \u017cydowskiej uznano za zb\u0119dne. (Nawiasem m\u00f3wi\u0105c, mordercy powiedzieli prawd\u0119, chocia\u017c nie ca\u0142\u0105 prawd\u0119.)<\/span><\/p>\n<p><span style=\"color: #000080;\">Nie cichn\u0105 echa najnowszego pogromu \u017byd\u00f3w w Amsterdamie.<\/span><\/p>\n<blockquote>\n<p style=\"text-align: left;\"><strong>\u201eTo, co wydarzy\u0142o si\u0119 w Holandii dwa dni temu, jest najlepszym dowodem na to, \u017ce \u015bwiat ma do\u015b\u0107 \u017byd\u00f3w, ma do\u015b\u0107 izraelskiej arogancji i nie mo\u017ce znie\u015b\u0107 tej ogromnej nienawi\u015bci wobec ludzi\u201d \u2013 powiedzia\u0142 polityk Autonomii Palesty\u0144skiej Tayseer Nasrallah w pa\u0144stwowej telewizji<\/strong>.<\/p>\n<\/blockquote>\n<p style=\"text-align: left;\"><span style=\"color: #000080;\">Autonomia Palesty\u0144ska w pi\u0105tek 8 listopada wezwa\u0142a rz\u0105d Holandii do \u201ezbadania [izraelskich] chuligan\u00f3w i obrony Palesty\u0144czyk\u00f3w i Arab\u00f3w w Holandii przed izraelskimi osadnikami i \u017co\u0142nierzami, kt\u00f3rzy przybyli do Holandii, aby przenie\u015b\u0107 swoje rasistowskie idee i zbrodnie do stolic europejskich\u201d.<\/span><\/p>\n<p style=\"text-align: left;\">\n<span style=\"color: #000080;\">W rzeczywisto\u015bci na kilka dni przed tym meczem pomi\u0119dzy izraelskim klubem Maccabi Tel Awiw a Ajaxem, w ca\u0142ym mie\u015bcie rozwieszono plakaty domagaj\u0105ce si\u0119 odwo\u0142ania meczu i wykluczenia Izraela z UEFA, europejskiej organizacji zarz\u0105dzaj\u0105cej pi\u0142k\u0105 no\u017cn\u0105.<\/span><\/p>\n<p style=\"text-align: left;\">\n<span style=\"color: #000080;\">Jak pisze \u201eTimes of Israel\u201d, Sheher Khan, cz\u0142onek rady stolicy Holandii, zwr\u00f3ci\u0142 si\u0119 do burmistrzyni miasta,\u00a0<a style=\"color: #000080;\" href=\"https:\/\/www.thejc.com\/news\/amsterdam-mayor-condemns-black-night-and-a-dark-day-of-attacks-on-israeli-football-fans-cc46hbkg\">Femke Halsem<\/a>y, z pro\u015bb\u0105 o zakaz przyjazdu izraelskiej dru\u017cyny. \u201eJe\u015bli zaprosisz klub z Izraela, nieuchronnie doprowadzi to do demonstracji i konfrontacji\u201d \u2013 powiedzia\u0142 p\u00f3\u017aniej w wywiadzie dla gazety \u201eNew York Times\u201d.<\/span><\/p>\n<p style=\"text-align: left;\">\n<span style=\"color: #000080;\">Dzie\u0144 przed meczem w\u0142adze Amsterdamu podj\u0119\u0142y \u015brodki prewencyjne, kt\u00f3re okaza\u0142y si\u0119 nieskuteczne. Kilka obszar\u00f3w Amsterdamu, w tym dworzec centralny, Johan Cruijff Arena, na kt\u00f3rej mia\u0142 si\u0119 odby\u0107 mecz, a tak\u017ce metro mi\u0119dzy nimi, zosta\u0142y wyznaczone jako \u201estrefy zagro\u017cenia bezpiecze\u0144stwa\u201d, aby policja mog\u0142a zatrzymywa\u0107 i przeszukiwa\u0107 osoby, kt\u00f3re si\u0119 tam znajduj\u0105, mi\u0119dzy godzin\u0105 13:00 a\u00a0<em>p\u00f3\u0142noc\u0105<\/em>.<\/span><\/p>\n<p style=\"text-align: left;\">\n<span style=\"color: #000080;\">Propalesty\u0144ski protest planowany przed stadionem mia\u0142 zosta\u0107 przeniesiony na ulic\u0119 oddalon\u0105 o oko\u0142o 15 minut marszu.<\/span><\/p>\n<p style=\"text-align: left;\">\n<span style=\"color: #000080;\">Do Amsterdamu przyjecha\u0142o oko\u0142o trzy\u00a0 tysi\u0105ce izraelskich kibic\u00f3w. Nie, nie wszyscy zachowywali si\u0119 idealnie. Niekt\u00f3rzy zrywali palesty\u0144skie flagi (jest dokumentacja filmowa), niekt\u00f3rzy zachowywali si\u0119 bu\u0144czucznie i wyzywaj\u0105co. Amsterdamska policja informuje, \u017ce pogrom by\u0142 zorganizowany i sterowany. W nocy poprzedzaj\u0105cej mecz muzu\u0142ma\u0144scy taks\u00f3wkarze otrzymali wed\u0142ug policji apel do pojawienia si\u0119 przed kasynem, gdzie by\u0142o oko\u0142o 400 kibic\u00f3w izraelskiego klubu. Policja odm\u00f3wi\u0142a ochrony Izraelczyk\u00f3w. Ten incydent sko\u0144czy\u0142 si\u0119 na agresywnych prowokacjach. \u00a0\u00a0\u00a0\u00a0\u00a0<\/span><\/p>\n<p style=\"text-align: left;\">\n<span style=\"color: #000080;\">Przed meczem w Internecie by\u0142y liczne apele po holendersku i po arabsku wzywaj\u0105ce do pogromu. \u201eJUTRO PO MECZU NOC\u0104 CZ\u0118\u015a\u0106 2 POLOWANIA NA \u017bYD\u00d3W\u201d \u2013 napisa\u0142 jeden z cz\u0142onk\u00f3w. \u201eJutro nie p\u00f3jd\u0105 do kasyna\u201d.<\/span><\/p>\n<p style=\"text-align: left;\">\n<span style=\"color: #000080;\">Pogrom zacz\u0105\u0142 si\u0119 po meczu i trudno o w\u0105tpliwo\u015bci, \u017ce by\u0142 doskonale zorganizowany. Bicie, naje\u017cd\u017canie samochodami, wrzucanie do wody w kana\u0142ach. \u00a0\u00a0\u00a0<\/span><\/p>\n<p style=\"text-align: left;\">\n<span style=\"color: #000080;\">Zachodnie media z BBC na czele przedstawia\u0142y to jako \u201efutbolowe zamieszki\u201d, holenderski kr\u00f3l m\u00f3wi, \u017ce Holandia po raz drugi zdradzi\u0142a \u017byd\u00f3w, w dzie\u0144 po pogromie rdzenni Holendrzy urz\u0105dzili propalesty\u0144ski wiec, holenderska dziennikarka, kt\u00f3ra w swoim mieszkaniu le\u017c\u0105cym w odleg\u0142o\u015bci kilkuset metr\u00f3w od muzeum Anny Frank ukry\u0142a kilku \u017byd\u00f3w, powiedzia\u0142a, \u017ce Amsterdam sta\u0142 si\u0119 miejscem, z kt\u00f3rego \u017bydzi musz\u0105 znowu ucieka\u0107; patrz\u0105cy z daleka ludzie \u0142agodni i dobrzy pisali swoje komentarze w Internecie, preferuj\u0105c wersj\u0119 wydarze\u0144 prezentowan\u0105 przez Autonomi\u0119 Palesty\u0144sk\u0105.<\/span><\/p>\n<p style=\"text-align: left;\">\n<span style=\"color: #000080;\">Czy powinni\u015bmy si\u0119 dziwi\u0107? Zarazki d\u017cumy znalaz\u0142y po\u017cywk\u0119 nie tylko w barbarzy\u0144stwie hamasowskich terroryst\u00f3w, nie tylko w wyst\u0105pieniach Guterresa, Borrela i innych, nie tylko w mediach \u0142apczywie po\u0142ykaj\u0105cych i nag\u0142a\u015bniaj\u0105cych ka\u017cde k\u0142amstwo o Izraelu, ale w od\u015bwie\u017conej pami\u0119ci o rado\u015bciach przodk\u00f3w. Tych, kt\u00f3rzy ponad sto lat temu zareagowali na wiadomo\u015b\u0107 o nieodleg\u0142o\u015bci pogromami, tych, kt\u00f3rych ucieszy\u0142o zab\u00f3jstwo prezydenta Narutowicza, i kt\u00f3rzy krzyczeli \u201e\u017bydzi do Palestyny\u201d, tych kt\u00f3rzy z rado\u015bci\u0105 przyj\u0119li informacj\u0119, \u017ce niemiecki okupant nie uwa\u017ca mordowania, gwa\u0142t\u00f3w i rabowania \u017cydowskiej w\u0142asno\u015bci za przest\u0119pstwo, tych, kt\u00f3rzy uznali za prawd\u0119 sowieckie has\u0142o antysyjonizm to nie antysemityzm, maj\u0105c nadziej\u0119, \u017ce za to poparcie dostan\u0105 przy okazji awans, i ci najm\u0142odsi, kt\u00f3rzy nigdy nie zauwa\u017caj\u0105, \u017ce ci, z kt\u00f3rymi si\u0119 tak bardzo solidaryzuj\u0105, lubi\u0105 pozdrawia\u0107 si\u0119 nazistowskim salutem.<\/span><\/p>\n<p style=\"text-align: left;\">\n<span style=\"color: #000080;\">Czy ojcem zad\u017cumionych jest Mahmud Abbas, Jaser Arafat? W przesz\u0142o\u015bci zaraz\u0119 roznosi\u0142y chrze\u015bcija\u0144skie ko\u015bcio\u0142y, carska Ochrana, potem niemieccy nazi\u015bci, potem KGB, przez ca\u0142y czas zaraza by\u0142a obecna w \u015bwiecie islamu i zawsze chodzi\u0142o wy\u0142\u0105cznie o walk\u0119 ze z\u0142em, kt\u00f3re tak mi\u0142o jest mordowa\u0107.<\/span><\/p>\n<p style=\"text-align: left;\">\n<span style=\"color: #000080;\">M\u0142ode, pozbawione wszelkiej odporno\u015bci organizmy padaj\u0105 ofiar\u0105 zazwyczaj zara\u017caj\u0105c si\u0119 od ludzi, do kt\u00f3rych maj\u0105 pe\u0142ne zaufanie i kt\u00f3rzy przecie\u017c namawiaj\u0105 ich wy\u0142\u0105cznie do poparcia szlachetnej sprawy. Ludzi \u0142agodnych i dobrych nikt na ponowne przyj\u015bcie d\u017cumy nie przygotowa\u0142, powtarzali\u015bmy zakl\u0119cie nigdy wi\u0119cej maj\u0105c nadziej\u0119, \u017ce to wystarczy.<\/span><\/p>\n<\/div>\n<hr style=\"height: 15px; background: #d0e6fa; width: 100%;\" \/>\n<div id=\"content\" class=\"content-alignment\">\n<div id=\"watch-description\" class=\"yt-uix-button-panel\">\n<div id=\"watch-description-text\" style=\"text-align: center;\">\n<p><em>Zawarto\u015b\u0107 publikowanych artyku\u0142\u00f3w i materia\u0142\u00f3w nie reprezentuje pogl\u0105d\u00f3w ani opinii Reunion&#8217;68,<\/em><em><br \/>\nani te\u017c webmastera Blogu Reunion&#8217;68, chyba ze jest to wyra\u017anie zaznaczone.<br \/>\nTwoje uwagi, linki, w\u0142asne artyku\u0142y lub wiadomo\u015bci prze\u015blij na adres:<br \/>\n<\/em><span style=\"color: #000080;\"><strong><em><a style=\"color: #000080;\" href=\"mailto:webmaster@reunion68.com\"><span style=\"text-decoration: underline;\">webmaster@reunion68.com<\/span><\/a><\/em><\/strong><\/span><\/p>\n<\/div>\n<\/div>\n<\/div>\n<hr style=\"width: 100%;\" \/>\n","protected":false},"excerpt":{"rendered":"<p>Bojownicy Hezbollahu prezentuj\u0105 z dum\u0105 swoj\u0105 genealolgi\u0119. Ponowny atak d\u017cumy Andrzej Koraszewski Albert Camus nie wierzy\u0142 w \u201enigdy wi\u0119cej\u201d, dobrze wiedzia\u0142, \u017ce zarazki d\u017cumy po wyga\u015bni\u0119ciu epidemii nadal s\u0105 obecne, drzemi\u0105 czekaj\u0105c na kolejn\u0105 okazj\u0119, kt\u00f3ra pr\u0119dzej czy p\u00f3\u017aniej objawi si\u0119 najpierw w postaci wy\u0142a\u017c\u0105cych z wszystkich stron stad zaka\u017conych d\u017cum\u0105 szczur\u00f3w. Przej\u0119ty swoj\u0105 wiedz\u0105 [&hellip;]<\/p>\n","protected":false},"author":1,"featured_media":0,"comment_status":"closed","ping_status":"closed","sticky":false,"template":"","format":"standard","meta":[],"categories":[6],"tags":[26,24],"_links":{"self":[{"href":"https:\/\/www.reunion68.se\/index.php?rest_route=\/wp\/v2\/posts\/117032"}],"collection":[{"href":"https:\/\/www.reunion68.se\/index.php?rest_route=\/wp\/v2\/posts"}],"about":[{"href":"https:\/\/www.reunion68.se\/index.php?rest_route=\/wp\/v2\/types\/post"}],"author":[{"embeddable":true,"href":"https:\/\/www.reunion68.se\/index.php?rest_route=\/wp\/v2\/users\/1"}],"replies":[{"embeddable":true,"href":"https:\/\/www.reunion68.se\/index.php?rest_route=%2Fwp%2Fv2%2Fcomments&post=117032"}],"version-history":[{"count":4,"href":"https:\/\/www.reunion68.se\/index.php?rest_route=\/wp\/v2\/posts\/117032\/revisions"}],"predecessor-version":[{"id":117040,"href":"https:\/\/www.reunion68.se\/index.php?rest_route=\/wp\/v2\/posts\/117032\/revisions\/117040"}],"wp:attachment":[{"href":"https:\/\/www.reunion68.se\/index.php?rest_route=%2Fwp%2Fv2%2Fmedia&parent=117032"}],"wp:term":[{"taxonomy":"category","embeddable":true,"href":"https:\/\/www.reunion68.se\/index.php?rest_route=%2Fwp%2Fv2%2Fcategories&post=117032"},{"taxonomy":"post_tag","embeddable":true,"href":"https:\/\/www.reunion68.se\/index.php?rest_route=%2Fwp%2Fv2%2Ftags&post=117032"}],"curies":[{"name":"wp","href":"https:\/\/api.w.org\/{rel}","templated":true}]}}