{"id":117051,"date":"2024-11-15T17:05:47","date_gmt":"2024-11-15T15:05:47","guid":{"rendered":"http:\/\/www.reunion68.se\/?p=117051"},"modified":"2024-11-15T09:37:24","modified_gmt":"2024-11-15T07:37:24","slug":"15-05-105","status":"publish","type":"post","link":"https:\/\/www.reunion68.se\/?p=117051","title":{"rendered":"Germany Opposes EU Foreign Policy Chief\u2019s Proposal to Suspend Dialogue With Israel"},"content":{"rendered":"<h5 style=\"text-align: center;\"><a href=\"http:\/\/www.reunion68.com\/\" target=\"_blank\" rel=\"noopener noreferrer\"><img decoding=\"async\" class=\"center alignleft\" src=\"http:\/\/www.reunion68.com\/Biuletyn\/img\/algem.png\" alt=\"\" width=\"35%\" \/><\/a><span style=\"text-decoration: underline; color: #000080;\"><strong><a style=\"color: #000080; text-decoration: underline;\" href=\"https:\/\/www.algemeiner.com\/2024\/11\/14\/germany-opposes-eu-foreign-policy-chiefs-proposal-suspend-dialogue-israel\/\" target=\"_blank\" rel=\"noopener noreferrer\">Germany Opposes EU Foreign Policy Chief\u2019s Proposal to Suspend Dialogue With Israel<\/a><\/strong><\/span><\/h5>\n<p style=\"text-align: center;\"><span style=\"color: #000000;\"><strong>Algemeiner Staff<\/strong><\/span><\/p>\n<hr style=\"height: 15px; background: #d0e6fa; width: 100%;\" \/>\n<p style=\"text-align: center;\"><img decoding=\"async\" class=\"aligncenter\" src=\"https:\/\/www.algemeiner.com\/wp-content\/uploads\/2024\/10\/2024-10-11T102407Z_1_LYNXMPEK9A0CM_RTROPTP_4_GERMANY-POLITICS-BUNDESTAG1.jpg\" width=\"100%\" \/><span style=\"color: #808080;\"><em>German Foreign Minister Annalena Baerbock speaks during a session of the lower house of parliament Bundestag, in Berlin, Germany, Oct. 10, 2024. Photo: REUTERS\/Lisi Niesner<\/em><\/span><\/p>\n<p style=\"text-align: left;\"><span style=\"color: #808080;\"><em><strong>Josep Borrell Fontelles<\/strong> Hiszpanska <\/em><\/span><br \/>\n<span style=\"color: #808080;\"><em>Socialistyczna partia Robotnicza.<br \/>\nEuropean Union\u2019s foreign policy chief<\/em><\/span><br \/>\n<img decoding=\"async\" class=\"alignleft\" src=\"https:\/\/upload.wikimedia.org\/wikipedia\/commons\/thumb\/6\/68\/Josep_Borrell_%2849468484246%29.jpg\/220px-Josep_Borrell_%2849468484246%29.jpg\" width=\"35%\" \/><span style=\"color: #000080;\">German Foreign Minister <a style=\"color: #000080;\" href=\"https:\/\/www.algemeiner.com\/2024\/10\/31\/germany-orders-shutdown-iranian-consulates-execution-diplomatic-relations-more-than-low-point\/\" target=\"_blank\" rel=\"noopener noreferrer\">Annalena Baerbock<\/a>\u00a0on Thursday publicly rejected a proposal by the European Union\u2019s foreign policy chief to suspend regular political dialogue with Israel in response to the Jewish state\u2019s ongoing military campaign against the Palestinian terrorist group Hamas in Gaza.<\/span><\/p>\n<p style=\"text-align: left;\"><span style=\"color: #000080;\">\u201cWe are always in favor of keeping channels of dialogue open. Of course, this also applies to Israel,\u201d the German Foreign Office said of top EU official Josep\u00a0Borrell\u2019s plans, according to the German news agency dpa.<\/span><\/p>\n<p style=\"text-align: left;\"><span style=\"color: #000080;\">The Foreign Office added that, while the political conversations under the EU-Israel Association Council provide a regular opportunity to strengthen relations and, in recent months, discuss the provision of humanitarian aid to Gaza, severing that mechanism would be counterproductive.<\/span><\/p>\n<p style=\"text-align: left;\"><span style=\"color: #000080;\">\u201cBreaking off dialogue, however, will not help anyone, neither the suffering people in Gaza, nor the hostages who are still being held by Hamas, nor all those in Israel who are committed to dialogue,\u201d the statement continued.<\/span><\/p>\n<p style=\"text-align: left;\"><span style=\"color: #000080;\">Borrell on Wednesday proposed the suspension of dialogue in a letter to EU foreign ministers ahead of their meeting this coming Monday in Brussels, citing \u201cserious\u00a0concerns\u00a0about possible breaches of international humanitarian law in\u00a0Gaza.\u201d He also wrote, \u201cThus far, these concerns have not been sufficiently addressed by\u00a0Israel.\u201d<\/span><\/p>\n<p style=\"text-align: left;\"><span style=\"color: #000080;\">The regular dialogues that Borrell is seeking to break off were enshrined in a broader agreement on relations between the EU and\u00a0Israel, including extensive trade ties, that was implemented in 2000.<\/span><\/p>\n<p style=\"text-align: left;\"><span style=\"color: #000080;\">\u201cIn light of the above considerations, I will be tabling a proposal that the EU should invoke the human rights clause to suspend the political\u00a0dialogue\u00a0with\u00a0Israel,\u201d\u00a0Borrell\u00a0wrote.<\/span><\/p>\n<p style=\"text-align: left;\"><span style=\"color: #000080;\">A suspension would need the approval of all 27 EU countries, an unlikely outcome. According to Reuters, multiple countries objected when a senior EU official briefed ambassadors in Brussels on the proposal on Wednesday.<\/span><\/p>\n<p style=\"text-align: left;\"><span style=\"color: #000080;\">While some EU countries, such as Spain and Ireland, have been\u00a0<a style=\"color: #000080;\" href=\"https:\/\/www.algemeiner.com\/2024\/10\/14\/spains-prime-minister-demands-eu-suspend-trade-deal-israel-latest-effort-isolate-jewish-state\/\" target=\"_blank\" rel=\"noopener noreferrer\">fiercely critical of Israel<\/a>\u00a0since the outbreak of the war in Gaza, others such as the Czech Republic and Hungary have been more supportive.<\/span><\/p>\n<p style=\"text-align: left;\"><span style=\"color: #000080;\">Hamas, which rules Gaza, launched the ongoing conflict with its invasion of southern Israel last Oct. 7. During the onslaught, Hamas-led Palestinian terrorists murdered 1,200 people, wounded thousands more, and kidnapped over 250 hostages while perpetrating mass sexual violence and other atrocities.<\/span><\/p>\n<p style=\"text-align: left;\"><span style=\"color: #000080;\">Israel responded with a military campaign aimed at freeing the hostages and dismantling Hamas\u2019s military and governing capabilities in neighboring Gaza.<\/span><\/p>\n<p style=\"text-align: left;\"><span style=\"color: #000080;\">Israel says it has gone to unprecedented lengths to try and avoid civilian casualties, noting its efforts to evacuate areas before it targets them and to warn residents of impending military operations with leaflets, text messages, and other forms of communication. However, Hamas has in many cases prevented people from leaving, according to the Israeli military.<\/span><\/p>\n<p style=\"text-align: left;\"><span style=\"color: #000080;\">Another challenge for Israel is Hamas\u2019s widely recognized military strategy of embedding its terrorists within Gaza\u2019s civilian population and\u00a0<a style=\"color: #000080;\" href=\"https:\/\/www.algemeiner.com\/2024\/04\/09\/palestinian-islamic-jihad-spokesman-all-gaza-hospitals-taken-over-terrorists\/\" target=\"_blank\" rel=\"noopener noreferrer\">commandeering civilian facilities like hospitals<\/a>, schools, and mosques to run operations, direct attacks, and store weapons.<\/span><\/p>\n<p style=\"text-align: left;\"><span style=\"color: #000080;\">Israeli Ambassador to the UN Danny Danon said last month that Israel has delivered over 1 million tons of aid, including 700,000 tons of food, to Gaza since it launched its military operation a year ago. He also noted that Hamas terrorists often hijack and steal aid shipments while fellow Palestinians suffer.<\/span><\/p>\n<p style=\"text-align: left;\"><span style=\"color: #000080;\">The Israeli government has ramped up the supply of humanitarian aid into Gaza in recent weeks under pressure from the United States, which has expressed concern about the plight of civilians in the war-torn enclave.<\/span><\/p>\n<p style=\"text-align: left;\"><span style=\"color: #000080;\">Meanwhile, Borrell has been one of the EU\u2019s most outspoken critics of Israel over the past year. Just six weeks after Hamas\u2019s Oct. 7 attacks, he\u00a0<a style=\"color: #000080;\" href=\"https:\/\/www.algemeiner.com\/2023\/11\/22\/eu-foreign-policy-chief-draws-equivalence-between-hamas-israel-accusing-both-massacres\/\" target=\"_blank\" rel=\"noopener noreferrer\">drew a moral equivalence<\/a>\u00a0between Israel and Hamas while speaking to the European Parliament, accusing both of having carried out \u201cmassacres\u201d while insisting that it is possible to criticize Israeli actions \u201cwithout being accused of not liking the Jews.\u201d<\/span><\/p>\n<p style=\"text-align: left;\"><span style=\"color: #000080;\">Borrell\u2019s speech followed a visit to the Middle East the prior week. While in Israel, he delivered what the Spanish daily\u00a0<em>El Pais<\/em>\u00a0described as the \u201cmost critical message heard so far from a representative of the European Union regarding Israel\u2019s response to the Hamas attack of Oct. 7.\u201d<\/span><\/p>\n<p style=\"text-align: left;\"><span style=\"color: #000080;\">\u201cNot far from here is Gaza. One horror does not justify another,\u201d Borrell said at a joint press conference alongside then-Israeli Foreign Minister Eli Cohen. \u201cI understand your rage. But let me ask you not to let yourself be consumed by rage. I think that is what the best friends of Israel can tell you, because what makes the difference between a civilized society and a terrorist group is the respect for human life. All human lives have the same value.\u201d<\/span><\/p>\n<p style=\"text-align: left;\"><span style=\"color: #000080;\">Months later, in March of this year, Borrell claimed that Israel was imposing a famine on Palestinian civilians in Gaza and using starvation as a weapon of war. His comments came a few months before the United Nations Famine Review Committee (FRC), a panel of experts in international food security and nutrition<a style=\"color: #000080;\" href=\"https:\/\/www.algemeiner.com\/2024\/06\/19\/un-committee-says-not-enough-evidence-declare-famine-gaza\/\" target=\"_blank\" rel=\"noopener noreferrer\">, rejected the assertion<\/a>\u00a0that northern Gaza was experiencing famine, citing a lack of evidence. Borrell\u2019s comments\u00a0<a style=\"color: #000080;\" href=\"https:\/\/www.algemeiner.com\/2024\/03\/18\/israel-furiously-counters-top-eu-officials-claim-starvation-being-used-weapon-war\/\" target=\"_blank\" rel=\"noopener noreferrer\">prompted outrage from Israel<\/a>.<\/span><\/p>\n<p style=\"text-align: left;\"><span style=\"color: #000080;\">In August, Borrell pushed EU member states to\u00a0<a style=\"color: #000080;\" href=\"https:\/\/www.algemeiner.com\/2024\/08\/29\/eu-foreign-policy-chief-pushes-member-states-to-sanction-israeli-ministers\/\" target=\"_blank\" rel=\"noopener noreferrer\">impose sanctions on some Israeli ministers<\/a>.<\/span><\/p>\n<p style=\"text-align: left;\"><span style=\"color: #000080;\">Monday\u2019s meeting in Brussels will be the last that Borrell will chair before ending his five-year term as the EU\u2019s foreign policy chief.<\/span><\/p>\n<hr style=\"height: 15px; background: #d0e6fa; width: 100%;\" \/>\n<div id=\"content\" class=\"content-alignment\">\n<div id=\"watch-description\" class=\"yt-uix-button-panel\">\n<div id=\"watch-description-text\" style=\"text-align: center;\">\n<p><em>Zawarto\u015b\u0107 publikowanych artyku\u0142\u00f3w i materia\u0142\u00f3w nie reprezentuje pogl\u0105d\u00f3w ani opinii Reunion&#8217;68,<\/em><em><br \/>\nani te\u017c webmastera Blogu Reunion&#8217;68, chyba ze jest to wyra\u017anie zaznaczone.<br \/>\nTwoje uwagi, linki, w\u0142asne artyku\u0142y lub wiadomo\u015bci prze\u015blij na adres:<br \/>\n<\/em><span style=\"color: #000080;\"><strong><em><a style=\"color: #000080;\" href=\"mailto:webmaster@reunion68.com\"><span style=\"text-decoration: underline;\">webmaster@reunion68.com<\/span><\/a><\/em><\/strong><\/span><\/p>\n<\/div>\n<\/div>\n<\/div>\n<hr style=\"width: 100%;\" \/>\n","protected":false},"excerpt":{"rendered":"<p>Germany Opposes EU Foreign Policy Chief\u2019s Proposal to Suspend Dialogue With Israel Algemeiner Staff German Foreign Minister Annalena Baerbock speaks during a session of the lower house of parliament Bundestag, in Berlin, Germany, Oct. 10, 2024. Photo: REUTERS\/Lisi Niesner Josep Borrell Fontelles Hiszpanska Socialistyczna partia Robotnicza. European Union\u2019s foreign policy chief German Foreign Minister Annalena [&hellip;]<\/p>\n","protected":false},"author":1,"featured_media":0,"comment_status":"closed","ping_status":"closed","sticky":false,"template":"","format":"standard","meta":[],"categories":[6],"tags":[26,24],"_links":{"self":[{"href":"https:\/\/www.reunion68.se\/index.php?rest_route=\/wp\/v2\/posts\/117051"}],"collection":[{"href":"https:\/\/www.reunion68.se\/index.php?rest_route=\/wp\/v2\/posts"}],"about":[{"href":"https:\/\/www.reunion68.se\/index.php?rest_route=\/wp\/v2\/types\/post"}],"author":[{"embeddable":true,"href":"https:\/\/www.reunion68.se\/index.php?rest_route=\/wp\/v2\/users\/1"}],"replies":[{"embeddable":true,"href":"https:\/\/www.reunion68.se\/index.php?rest_route=%2Fwp%2Fv2%2Fcomments&post=117051"}],"version-history":[{"count":6,"href":"https:\/\/www.reunion68.se\/index.php?rest_route=\/wp\/v2\/posts\/117051\/revisions"}],"predecessor-version":[{"id":117069,"href":"https:\/\/www.reunion68.se\/index.php?rest_route=\/wp\/v2\/posts\/117051\/revisions\/117069"}],"wp:attachment":[{"href":"https:\/\/www.reunion68.se\/index.php?rest_route=%2Fwp%2Fv2%2Fmedia&parent=117051"}],"wp:term":[{"taxonomy":"category","embeddable":true,"href":"https:\/\/www.reunion68.se\/index.php?rest_route=%2Fwp%2Fv2%2Fcategories&post=117051"},{"taxonomy":"post_tag","embeddable":true,"href":"https:\/\/www.reunion68.se\/index.php?rest_route=%2Fwp%2Fv2%2Ftags&post=117051"}],"curies":[{"name":"wp","href":"https:\/\/api.w.org\/{rel}","templated":true}]}}