{"id":117105,"date":"2024-11-19T17:09:27","date_gmt":"2024-11-19T15:09:27","guid":{"rendered":"http:\/\/www.reunion68.se\/?p=117105"},"modified":"2024-11-19T12:40:22","modified_gmt":"2024-11-19T10:40:22","slug":"18-09-93","status":"publish","type":"post","link":"https:\/\/www.reunion68.se\/?p=117105","title":{"rendered":"\u201eNigdy wi\u0119cej?\u201d Nie"},"content":{"rendered":"<p style=\"text-align: center;\"><img decoding=\"async\" class=\"aligncenter\" src=\"https:\/\/cdn.jns.org\/uploads\/2023\/11\/Pro-Palestinian-Rally-in-the-Netherlands-1-1320x880.jpg\" width=\"100%\" \/><span style=\"color: #808080;\"><em>Pro-palesty\u0144ski wiec w Amsterdamie w Holandii 15 pa\u017adziernika 2023 r. Zdj\u0119cie: Persian Dutch Network via Wikimedia Commons.<\/em><\/span><\/p>\n<hr \/>\n<h5 style=\"text-align: center;\"><a href=\"https:\/\/www.listyznaszegosadu.pl\/\" target=\"_blank\" rel=\"noopener noreferrer\"><img decoding=\"async\" class=\"center alignleft\" src=\"http:\/\/www.reunion68.com\/Biuletyn\/img\/z-naszego.jpg\" alt=\"\" width=\"50%\" \/><\/a><span style=\"text-decoration: underline; color: #000080;\"><strong><a style=\"color: #000080; text-decoration: underline;\" href=\"https:\/\/www.listyznaszegosadu.pl\/brunatna-fala\/a-nigdy-wiecej-nie\" target=\"_blank\" rel=\"noopener noreferrer\"><br \/>\n\u201eNigdy wi\u0119cej?\u201d Nie<\/a><\/strong><\/span><\/h5>\n<p style=\"text-align: center;\"><span style=\"color: #000000;\"><strong>Shoshana Bryen<br \/>\n<\/strong><span style=\"color: #808080;\"><em>T\u0142umaczenie:<\/em> <\/span><strong>Ma\u0142gorzata Koraszewska<\/strong><\/span><\/p>\n<hr style=\"height: 15px; background: #d0e6fa; width: 100%;\" \/>\n<div class=\"templateArticleIngress\">\n<h4 style=\"text-align: center;\"><strong>Demokratyczne rz\u0105dy Zachodu sta\u0142y si\u0119 tch\u00f3rzliwe i niech\u0119tne do obrony liberalnych zasad, kt\u00f3re promuj\u0105 na papierze.<\/strong><\/h4>\n<p>.<\/p>\n<p style=\"text-align: left;\"><span style=\"color: #000080;\">Podczas gdy hordy polityk\u00f3w, celebryt\u00f3w, \u201einfluencer\u00f3w\u201d i \u201epstrych papug\u201d z ponurym patosem intonuj\u0105 \u201eNigdy wi\u0119cej\u201d, 86 lat po Nocy Kryszta\u0142owej, \u201enocy t\u0142uczonego szk\u0142a\u201d, kt\u00f3ra zapocz\u0105tkowa\u0142a Holokaust, na Zachodzie panuje tch\u00f3rzostwo.<\/span><\/p>\n<p style=\"text-align: left;\">\n<span style=\"color: #000080;\">\u201eNigdy wi\u0119cej\u201d jest przysi\u0119g\u0105 \u017cydowskiego oporu, a Izrael jest jego uciele\u015bnieniem. Od fizycznych granic pa\u0144stwa i od Entebbe do Amsterdamu, gdziekolwiek \u017bydzi s\u0105 zagro\u017ceni, Izrael przyj\u0105\u0142 rol\u0119 obro\u0144cy narodu \u017cydowskiego. Je\u015bli kto\u015b jest optymist\u0105, \u201eNigdy wi\u0119cej\u201d by\u0142o r\u00f3wnie\u017c sposobem, w jaki spo\u0142eczno\u015b\u0107 europejska mog\u0142a wyrazi\u0107 s\u0142owami, \u017ce rozumie skal\u0119 swoich zbrodni podczas II wojny \u015bwiatowej. Powtarzaj\u0105c mantr\u0119, Europa przysi\u0119g\u0142a, \u017ce nigdy wi\u0119cej nie pozwoli, aby to si\u0119 powt\u00f3rzy\u0142o, a jej sojusznicy \u2014 przede wszystkim Stany Zjednoczone, Kanada, Australia i inni \u2014 byli partnerami w tej przysi\u0119dze.<\/span><\/p>\n<\/div>\n<p style=\"text-align: left;\">\n<div class=\"templateArticleBrodtext\">\n<p style=\"text-align: left;\"><span style=\"color: #000080;\">Pierwsze jest s\u0142uszne, godne podziwu i w\u0142a\u015bciwe.<\/span><\/p>\n<p style=\"text-align: left;\">\n<span style=\"color: #000080;\">Drugie jest albo nieprawdziwe, albo stanowi z\u0142aman\u0105 obietnic\u0119.<\/span><\/p>\n<p style=\"text-align: left;\">\n<span style=\"color: #000080;\">Mantra \u201enigdy wi\u0119cej\u201d zak\u0142ada\u0142a, \u017ce lekcje Holokaustu s\u0105 uniwersalne i \u017ce \u201eludob\u00f3jstwo\u201d \u2013 kt\u00f3re wed\u0142ug Organizacji\u00a0<a style=\"color: #000080;\" href=\"https:\/\/www.un.org\/en\/genocide-prevention\/definition#:~:text=In%20the%20present%20Convention%2C%20genocide,the%20group%20to%20another%20group\" target=\"_blank\" rel=\"noopener noreferrer\">Narod\u00f3w Zjednoczonych<\/a>\u00a0oznacza \u201ezorganizowane grupy morduj\u0105ce ludzi ze wzgl\u0119du na ich ras\u0119, religi\u0119 lub pochodzenie narodowe\u201d \u2013 zostanie powszechnie odrzucone i \u017ce to odrzucenie jest trwa\u0142e. \u00a0<\/span><\/p>\n<p class=\"wp-block-paragraph\" style=\"text-align: left;\">\n<span style=\"color: #000080;\">Odrzucenie nie jest ani powszechne, ani trwa\u0142e.<\/span><\/p>\n<p class=\"wp-block-paragraph\" style=\"text-align: left;\">\n<span style=\"color: #000080;\">Pomimo wypaczenia s\u0142owa \u201eludob\u00f3jstwo\u201d, by\u0142y prawdziwe ludob\u00f3jstwa po II wojnie \u015bwiatowej, kt\u00f3re nale\u017cy wzi\u0105\u0107 pod uwag\u0119. Oto kilka z nich: Kambod\u017ca pod rz\u0105dami Czerwonych Khmer\u00f3w w latach 70.; ataki na Tutsi w\u00a0<a style=\"color: #000080;\" href=\"blank\" target=\"_blank\" rel=\"noopener noreferrer\">Rwandzie<\/a>\u00a0w 1994 r .; ataki Pa\u0144stwa Islamskiego w Iraku i Lewancie (ISIL) na Jazyd\u00f3w w Iraku (Organizacja Narod\u00f3w Zjednoczonych potrzebowa\u0142a\u00a0<a style=\"color: #000080;\" href=\"https:\/\/www.ohchr.org\/en\/press-releases\/2024\/08\/ten-years-after-yazidi-genocide-un-syria-commission-inquiry-calls-justice\" target=\"_blank\" rel=\"noopener noreferrer\">10 lat, aby nazwa\u0107<\/a>\u00a0to ludob\u00f3jstwem); Kurdowie z p\u00f3\u0142nocnego Iraku, wystawieni na\u00a0<a style=\"color: #000080;\" href=\"https:\/\/www.globalr2p.org\/publications\/halabja-chemical-weapons-and-the-genocide-against-the-kurds-implications-for-iraq-and-the-world-today\/\" target=\"_blank\" rel=\"noopener noreferrer\">ataki broni\u0105 chemiczn\u0105<\/a>\u00a0w Halabd\u017cy; dwufazowy atak na Rohingya w Mjanmie; prze\u015bladowania irackich Turkmen\u00f3w przez ISIS, kt\u00f3re w 2017 r. zosta\u0142y uznane przez iracki parlament\u00a0\u00a0<a style=\"color: #000080;\" href=\"https:\/\/web.archive.org\/web\/20230214220438\/https:\/www.rudaw.net\/english\/middleeast\/iraq\/200720174-amp\" target=\"_blank\" rel=\"noopener noreferrer\">za ludob\u00f3jstwo;\u00a0<\/a>\u00a0a rok p\u00f3\u017aniej zabijanie i branie jako niewolnice seksualne iracko-turkme\u0144skich kobiet i dziewcz\u0105t zosta\u0142o uznane za ludob\u00f3jstwo przez ONZ. Stany Zjednoczone uzna\u0142y represje i zabijanie\u00a0<a style=\"color: #000080;\" href=\"https:\/\/www.cfr.org\/backgrounder\/china-xinjiang-uyghurs-muslims-repression-genocide-human-rights\" target=\"_blank\" rel=\"noopener noreferrer\">muzu\u0142ma\u0144skich Ujgur\u00f3w<\/a>\u00a0przez Chiny\u00a0za \u201eludob\u00f3jstwo\u201d.<\/span><\/p>\n<p class=\"wp-block-paragraph\" style=\"text-align: left;\">\n<span style=\"color: #000080;\">Jest tego wi\u0119cej, ale co mo\u017cna wyczyta\u0107 z tej kr\u00f3tkiej listy?<\/span><\/p>\n<p class=\"wp-block-paragraph\" style=\"text-align: left;\">\n<span style=\"color: #000080;\">Po pierwsze, zorganizowane zabijanie r\u00f3\u017cnych grup etnicznych i religijnych jest na radarze ca\u0142ego \u015bwiata. Po drugie, w\u015br\u00f3d niekt\u00f3rych ludzi nadal istnieje podstawowe przekonanie, \u017ce ich przynale\u017cno\u015b\u0107 etniczna, religia i standardy czyni\u0105 innych ludzi mniej ni\u017c lud\u017ami i dlatego zas\u0142uguj\u0105 na eliminacj\u0119. I s\u0105 to ludzie uzbrojeni.<\/span><\/p>\n<p class=\"wp-block-paragraph\" style=\"text-align: left;\">\n<span style=\"color: #000080;\">Co to m\u00f3wi o pogromie w Amsterdamie? Przecie\u017c nie wydarzy\u0142o si\u0119 to w odleg\u0142ych g\u00f3rach Iraku ani na polach Mjanmy.<\/span><\/p>\n<p class=\"wp-block-paragraph\" style=\"text-align: left;\">\n<span style=\"color: #000080;\">M\u00f3wi, \u017ce liberalne, demokratyczne rz\u0105dy Zachodu sta\u0142y si\u0119 tch\u00f3rzliwe i nie chc\u0105 broni\u0107 liberalnych, demokratycznych zasad, kt\u00f3re promuj\u0105 na papierze. I tylko m\u00f3wi\u0105 \u2014 kr\u00f3l Wilhelm Aleksander z Holandii powiedzia\u0142 \u201eNigdy wi\u0119cej\u201d i przeprosi\u0142 za pogrom \u2014 ale co z tego?<\/span><\/p>\n<p class=\"wp-block-paragraph\" style=\"text-align: left;\">\n<span style=\"color: #000080;\">Europa jest zalana islamistyczn\u0105 imigracj\u0105, legaln\u0105 i nielegaln\u0105 (to islami\u015bci, radykalna podgrupa muzu\u0142man\u00f3w), a radyka\u0142owie wywo\u0142uj\u0105 strach w\u015br\u00f3d muzu\u0142man\u00f3w i niemuzu\u0142man\u00f3w. Ka\u017cde du\u017ce miasto w Europie Zachodniej widzia\u0142o hordy radyka\u0142\u00f3w maszeruj\u0105cych, wzywaj\u0105cych do zniszczenia Izraela, a cz\u0119sto do zabijania \u017byd\u00f3w.<\/span><\/p>\n<p class=\"wp-block-paragraph\" style=\"text-align: left;\">\n<span style=\"color: #000080;\">W Australii, po drugiej stronie \u015bwiata, na tablicach w Sydney widnia\u0142 napis \u201eZagazowa\u0107 \u017byd\u00f3w\u201d.<\/span><\/p>\n<p class=\"wp-block-paragraph\" style=\"text-align: left;\">\n<span style=\"color: #000080;\">W du\u017cych miastach ameryka\u0144skich \u017bydzi s\u0105 atakowani \u2014 czasami jako jednostki rozpoznawalne jako \u017bydzi po ubiorze, czasami, gdy zbieraj\u0105 si\u0119 w grupy. \u017bydowskie budynki komunalne i niekt\u00f3re ameryka\u0144skie uniwersytety s\u0105 r\u00f3wnie\u017c niebezpiecznymi miejscami dla \u017byd\u00f3w. \u017bydowskie lub koszerne plac\u00f3wki zosta\u0142y zdewastowane w Los Angeles, Nowym Jorku, Chicago i Waszyngtonie.<\/span><\/p>\n<p class=\"wp-block-paragraph\" style=\"text-align: left;\">\n<span style=\"color: #000080;\">Nie chodzi o Izrael. Chodzi o \u017byd\u00f3w. I szerzej, o sam Zach\u00f3d, co jasno pokazuj\u0105 pro-Hamasowskie, antyameryka\u0144skie graffiti w Waszyngtonie.<\/span><\/p>\n<p class=\"wp-block-paragraph\" style=\"text-align: left;\">\n<span style=\"color: #000080;\">Nic tego nie wyja\u015bnia poza zachodnim liberalnym tch\u00f3rzostwem. Rz\u0105dy zachodnie wpuszczaj\u0105 ludzi o ca\u0142kowicie nieliberalnych przekonaniach. Pozwalaj\u0105\u00a0<a style=\"color: #000080;\" href=\"https:\/\/www.euronews.com\/2023\/07\/27\/a-power-struggle-what-lies-behind-the-anger-in-frances-banlieues\" target=\"_blank\" rel=\"noopener noreferrer\">bezprawiu<\/a>\u00a0szerzy\u0107 si\u0119 w dzielnicach imigrant\u00f3w, a potem poza nimi. Pozwalaj\u0105 tym grupom na posiadanie szk\u00f3\u0142 oddzielnych od i sprzecznych z liberaln\u0105 edukacj\u0105, kt\u00f3r\u0105 otrzymuj\u0105 inni.<\/span><\/p>\n<p class=\"wp-block-paragraph\" style=\"text-align: left;\">\n<span style=\"color: #000080;\">Teraz te same rz\u0105dy boj\u0105 si\u0119 t\u0142um\u00f3w islamist\u00f3w i finansowanych przez Iran i Katar, pro-Hamasowskich, antysemickich, antyzachodnich radyka\u0142\u00f3w. Rz\u0105dy wiedz\u0105, \u017ce ci ludzie s\u0105 gotowi zabija\u0107. Robi\u0105 to na ca\u0142ym Bliskim Wschodzie i w Afryce, i b\u0119d\u0105 to robi\u0107 w Europie i Ameryce. Jednak rz\u0105dy s\u0105 gotowe ug\u0142askiwa\u0107 t\u0142um tak d\u0142ugo, jak d\u0142ugo ten t\u0142um nienawidzi \u017byd\u00f3w.<\/span><\/p>\n<p class=\"wp-block-paragraph\" style=\"text-align: left;\">\n<span style=\"color: #000080;\">Senator Chuck Schumer (D-N.Y.)\u00a0<a style=\"color: #000080;\" href=\"https:\/\/www.jns.org\/house-report-schumer-reportedly-told-columbia-to-ignore-campus-jew-hatred-charges\/\" target=\"_blank\" rel=\"noopener noreferrer\">by\u0142 uosobieniem problemu,<\/a>\u00a0gdy powiedzia\u0142 administracji Uniwersytetu Columbia, \u017ceby zignorowa\u0142a obawy dotycz\u0105ce antysemityzmu, m\u00f3wi\u0105c, \u017ce jest to problem dla Republikan\u00f3w i \u017ce nie powinni \u201ewychyla\u0107 si\u0119\u201d.<\/span><\/p>\n<p class=\"wp-block-paragraph\" style=\"text-align: left;\">\n<span style=\"color: #000080;\">Nie wychylanie si\u0119 mo\u017ce chwilowo trzyma\u0107 ci\u0119, osobi\u015bcie, poza lini\u0105 ognia terroryst\u00f3w, ale jest to marny substytut silnej i fizycznej obrony zachodniej cywilizacji i warto\u015bci. Sir Winston Churchill wiedzia\u0142 o tym ju\u017c dawno temu:<\/span><\/p>\n<blockquote>\n<p class=\"wp-block-paragraph\"><strong><em>\u201eNie os\u0142abniemy ani nie zawiedziemy. B\u0119dziemy walczy\u0107 do ko\u0144ca, b\u0119dziemy walczy\u0107 we Francji, b\u0119dziemy walczy\u0107 na morzach i oceanach, b\u0119dziemy walczy\u0107 z rosn\u0105c\u0105 pewno\u015bci\u0105 siebie i rosn\u0105c\u0105 si\u0142\u0105\u2026 b\u0119dziemy walczy\u0107 na pla\u017cach, b\u0119dziemy walczy\u0107 na l\u0105dowiskach, b\u0119dziemy walczy\u0107 na polach i ulicach, b\u0119dziemy walczy\u0107 na wzg\u00f3rzach. Nigdy si\u0119 nie poddamy\u201d.<\/em><\/strong><\/p>\n<\/blockquote>\n<p class=\"wp-block-paragraph\"><span style=\"color: #000080;\">Premier Izraela Menachem Begin wiedzia\u0142 o tym:<\/span><\/p>\n<blockquote>\n<p class=\"wp-block-paragraph\"><strong><em>\u201eNie jestem \u017bydem z dr\u017c\u0105cymi kolanami. Jestem dumnym \u017bydem z 3700-letni\u0105 histori\u0105 cywilizacyjn\u0105. Nikt nie przyszed\u0142 nam z pomoc\u0105, gdy umierali\u015bmy w komorach gazowych i piecach. Nikt nie przyszed\u0142 nam z pomoc\u0105, gdy starali\u015bmy si\u0119 stworzy\u0107 nasz kraj. Zap\u0142acili\u015bmy za to. Walczyli\u015bmy o to. Gin\u0119li\u015bmy za to. B\u0119dziemy sta\u0107 przy naszych zasadach. B\u0119dziemy ich broni\u0107. A gdy b\u0119dzie trzeba, zginiemy za nie ponownie, z wasz\u0105 pomoc\u0105 lub bez niej\u201d.<\/em><\/strong><\/p>\n<\/blockquote>\n<p class=\"wp-block-paragraph\" style=\"text-align: left;\"><span style=\"color: #000080;\">To nie jest tylko wojna Izraela czy wojna \u017cydowska. To wojna o nasz\u0105 cywilizacj\u0119. Kto w 2024 roku zrozumie t\u0119 wojn\u0119 i b\u0119dzie w niej walczy\u0142?<\/span><\/p>\n<\/div>\n<hr \/>\n<p style=\"text-align: left;\"><span style=\"color: #808080;\"><em><strong>Shoshana Bryen<\/strong> \u2013 ameryka\u0144ska dziennikarka, jest w zarz\u0105dzie Jewish Policy Center oraz jest redaktor naczeln\u0105 inFOCUS Quarterly.<\/em><\/span><\/p>\n<hr style=\"height: 15px; background: #d0e6fa; width: 100%;\" \/>\n<div id=\"content\" class=\"content-alignment\">\n<div id=\"watch-description\" class=\"yt-uix-button-panel\">\n<div id=\"watch-description-text\" style=\"text-align: center;\">\n<p><em>Zawarto\u015b\u0107 publikowanych artyku\u0142\u00f3w i materia\u0142\u00f3w nie reprezentuje pogl\u0105d\u00f3w ani opinii Reunion&#8217;68,<\/em><em><br \/>\nani te\u017c webmastera Blogu Reunion&#8217;68, chyba ze jest to wyra\u017anie zaznaczone.<br \/>\nTwoje uwagi, linki, w\u0142asne artyku\u0142y lub wiadomo\u015bci prze\u015blij na adres:<br \/>\n<\/em><span style=\"color: #000080;\"><strong><em><a style=\"color: #000080;\" href=\"mailto:webmaster@reunion68.com\"><span style=\"text-decoration: underline;\">webmaster@reunion68.com<\/span><\/a><\/em><\/strong><\/span><\/p>\n<\/div>\n<\/div>\n<\/div>\n<hr style=\"width: 100%;\" \/>\n","protected":false},"excerpt":{"rendered":"<p>Pro-palesty\u0144ski wiec w Amsterdamie w Holandii 15 pa\u017adziernika 2023 r. Zdj\u0119cie: Persian Dutch Network via Wikimedia Commons. \u201eNigdy wi\u0119cej?\u201d Nie Shoshana Bryen T\u0142umaczenie: Ma\u0142gorzata Koraszewska Demokratyczne rz\u0105dy Zachodu sta\u0142y si\u0119 tch\u00f3rzliwe i niech\u0119tne do obrony liberalnych zasad, kt\u00f3re promuj\u0105 na papierze. . Podczas gdy hordy polityk\u00f3w, celebryt\u00f3w, \u201einfluencer\u00f3w\u201d i \u201epstrych papug\u201d z ponurym patosem intonuj\u0105 [&hellip;]<\/p>\n","protected":false},"author":1,"featured_media":0,"comment_status":"closed","ping_status":"closed","sticky":false,"template":"","format":"standard","meta":[],"categories":[6],"tags":[26,24],"_links":{"self":[{"href":"https:\/\/www.reunion68.se\/index.php?rest_route=\/wp\/v2\/posts\/117105"}],"collection":[{"href":"https:\/\/www.reunion68.se\/index.php?rest_route=\/wp\/v2\/posts"}],"about":[{"href":"https:\/\/www.reunion68.se\/index.php?rest_route=\/wp\/v2\/types\/post"}],"author":[{"embeddable":true,"href":"https:\/\/www.reunion68.se\/index.php?rest_route=\/wp\/v2\/users\/1"}],"replies":[{"embeddable":true,"href":"https:\/\/www.reunion68.se\/index.php?rest_route=%2Fwp%2Fv2%2Fcomments&post=117105"}],"version-history":[{"count":8,"href":"https:\/\/www.reunion68.se\/index.php?rest_route=\/wp\/v2\/posts\/117105\/revisions"}],"predecessor-version":[{"id":117147,"href":"https:\/\/www.reunion68.se\/index.php?rest_route=\/wp\/v2\/posts\/117105\/revisions\/117147"}],"wp:attachment":[{"href":"https:\/\/www.reunion68.se\/index.php?rest_route=%2Fwp%2Fv2%2Fmedia&parent=117105"}],"wp:term":[{"taxonomy":"category","embeddable":true,"href":"https:\/\/www.reunion68.se\/index.php?rest_route=%2Fwp%2Fv2%2Fcategories&post=117105"},{"taxonomy":"post_tag","embeddable":true,"href":"https:\/\/www.reunion68.se\/index.php?rest_route=%2Fwp%2Fv2%2Ftags&post=117105"}],"curies":[{"name":"wp","href":"https:\/\/api.w.org\/{rel}","templated":true}]}}