{"id":117202,"date":"2024-11-22T17:09:24","date_gmt":"2024-11-22T15:09:24","guid":{"rendered":"http:\/\/www.reunion68.se\/?p=117202"},"modified":"2024-11-22T08:41:48","modified_gmt":"2024-11-22T06:41:48","slug":"22-09-95","status":"publish","type":"post","link":"https:\/\/www.reunion68.se\/?p=117202","title":{"rendered":"Europejscy rabini ostro krytykuj\u0105 papie\u017ca Franciszka: Powinien pow\u015bci\u0105ga\u0107 j\u0119zyk"},"content":{"rendered":"<p style=\"text-align: center;\"><img decoding=\"async\" class=\"aligncenter\" src=\"https:\/\/bi.im-g.pl\/im\/48\/06\/1e\/z31481928IHG,Papiez-Franciszek-podczas-audiencji-generalnej-na-.jpg\" width=\"100%\" \/><span style=\"color: #808080;\"><em>Papie\u017c Franciszek podczas audiencji generalnej na pl. \u015bw. Piotra, 20.11.2024<\/em><\/span><\/p>\n<hr \/>\n<h5 style=\"text-align: center;\"><a href=\"https:\/\/wyborcza.pl\/\" target=\"_blank\" rel=\"noopener noreferrer\"><img decoding=\"async\" class=\"center alignleft\" src=\"http:\/\/www.reunion68.com\/Biuletyn\/img\/wyborcza.png\" alt=\"\" width=\"35%\" \/><\/a><span style=\"text-decoration: underline; color: #000080;\"><span><strong><a style=\"color: #000080; text-decoration: underline;\" href=\"https:\/\/wyborcza.pl\/7,75399,31481905,europejscy-rabini-o-franciszku-i-jego-slowach-o-sytuacji-w-gazie.html\" target=\"_blank\" rel=\"noopener noreferrer\">Europejscy rabini ostro krytykuj\u0105 papie\u017ca Franciszka: Powinien pow\u015bci\u0105ga\u0107 j\u0119zyk<\/a><\/strong><\/span><\/span><\/h5>\n<p style=\"text-align: center;\"><span style=\"color: #000000;\"><strong>Bartosz Hlebowicz<\/strong><\/span><\/p>\n<hr style=\"height: 15px; background: #d0e6fa; width: 100%;\" \/>\n<div class=\"text--lead \" style=\"text-align: left;\" data-progress-bar-content=\"\"><span style=\"color: #000080;\">Rabinom nie spodoba\u0142y si\u0119 s\u0142owa papie\u017ca Franciszka o sposobie prowadzenia przez Izrael wojny w Gazie.<\/span><\/div>\n<div class=\"article--content article--content-free  \" style=\"text-align: left;\">\n<p class=\"text--paragraph\"><span style=\"color: #000080;\">\u201eJeste\u015bmy g\u0142\u0119boko zaniepokojeni stwierdzeniem papie\u017ca Franciszka, \u017ce\u00a0<a id=\"LinkArea:embed_link\" class=\"text--link \" style=\"color: #000080;\" title=\"dzia\u0142ania Si\u0142 Obronnych Izraela w Strefie Gazy powinny zosta\u0107 dok\u0142adnie zbadane\" href=\"https:\/\/wyborcza.pl\/7,75399,31471444,papiez-franciszek-trzeba-zbadac-czy-w-strefie-gazy-nie-dokonuje.html#S.embed_link-K.C-B.1-L.1.zw\" rel=\"dofollow\" data-bd-viewability=\"1\" data-bd-viewability-id=\"embed_link\" data-bd-viewability-href=\"https:\/\/wyborcza.pl\/7,75399,31471444,papiez-franciszek-trzeba-zbadac-czy-w-strefie-gazy-nie-dokonuje.html#S.embed_link-K.C-B.1-L.1.zw\">dzia\u0142ania Si\u0142 Obronnych Izraela w Strefie Gazy powinny zosta\u0107 dok\u0142adnie zbadane<\/a>\u00a0w celu ustalenia, czy pasuj\u0105 one do technicznej definicji ludob\u00f3jstwa sformu\u0142owanej przez prawnik\u00f3w i organy mi\u0119dzynarodowe&#8221; \u2013 takie o\u015bwiadczenie opublikowa\u0142a we wtorek Konferencja Rabin\u00f3w Europejskich (CER).<\/span><\/p>\n<p class=\"text--paragraph\"><span style=\"color: #000080;\">Stwierdzili oni, \u017ce Biblia naucza, i\u017c \u201eroztropni ludzie powinni trzyma\u0107 j\u0119zyk za z\u0119bami&#8221;. Ocenili, \u017ce \u201erosn\u0105cy gwa\u0142towny antysemityzm niestety potwierdza, \u017ce ka\u017cde s\u0142owo wypowiedziane przez wa\u017cnego przyw\u00f3dc\u0119 ma ogromne konsekwencje&#8221;.<\/span><\/p>\n<\/div>\n<div class=\"grid--c-6\">\n<div class=\"article--content article--content-paid \" data-progress-bar-content=\"\">\n<div class=\"paywall\">\n<p class=\"text--paragraph\" style=\"text-align: left;\"><span style=\"color: #000080;\">Papie\u017c Franciszek zawar\u0142 swoj\u0105 opini\u0119 w niedawno wydanej ksi\u0105\u017cce &#8220;La speranza non delude mai. Pellegrini verso un mondo migliore&#8221; (&#8220;Nadzieja nigdy nie zawodzi. Pielgrzymi ku lepszemu \u015bwiatu&#8221;).<\/span><\/p>\n<p class=\"text--paragraph\" style=\"text-align: left;\"><span style=\"color: #000080;\">W\u0142oski dziennik \u201eMessaggero&#8221; ocenia: mamy do czynienia z bezprecedensowym kryzysem na linii Watykan \u2013 spo\u0142eczno\u015b\u0107 \u017cydowska.<\/span><\/p>\n<h4 class=\"text--title font-head-700\"><strong>Fala krytyki papie\u017ca ze strony \u015brodowisk \u017cydowskich<\/strong><\/h4>\n<p class=\"text--paragraph\" style=\"text-align: left;\"><span style=\"color: #000080;\">Konferencja Rabin\u00f3w Europejskich przypomnia\u0142a, \u017ce to Hamas \u201enarusza wszelkie zasady prawa mi\u0119dzynarodowego&#8221;, najpierw dokonuj\u0105c \u201ebestialskiego pogromu 1200 os\u00f3b 7 pa\u017adziernika, potem wykorzystuj\u0105c cywil\u00f3w jako \u017cywe tarcze i przetrzymuj\u0105c izraelskich zak\u0142adnik\u00f3w przez ponad rok.<\/span><\/p>\n<p style=\"text-align: left;\"><span style=\"color: #000080;\">\u201eTermin ludob\u00f3jstwo jest obecnie u\u017cywany jako ukryty \u015brodek propagandowy, przenosz\u0105cy odpowiedzialno\u015b\u0107 ze sprawcy na ofiar\u0119, z organizacji terrorystycznych na pa\u0144stwo Izrael \u2013 napisali rabini. \u2013 Masowe morderstwa dokonywane przez Hamas, wyra\u017cone w Konwencji Islamskiego Ruchu Oporu ju\u017c w 1988 r., pokazuj\u0105, \u017ce w przeciwie\u0144stwie do Izraela, napastnicy jednoznacznie zamierzaj\u0105, jak pr\u00f3bowali i nadal pr\u00f3buj\u0105, dokona\u0107 ludob\u00f3jstwa na \u017bydach&#8221;.<\/span><\/p>\n<p class=\"text--paragraph\" style=\"text-align: left;\"><span style=\"color: #000080;\">Rok temu r\u00f3wnie ostro skrytykowali papie\u017ca w\u0142oscy rabini. Konferencja W\u0142oskich Rabin\u00f3w (ARI) uzna\u0142a, \u017ce \u201ezr\u00f3wnuje ofiar\u0119 z agresorem&#8221;. Powodem by\u0142a wypowied\u017a papie\u017ca \u2013 po spotkaniu najpierw z delegacj\u0105 rodzin zak\u0142adnik\u00f3w przetrzymywanych przez Hamas, a potem z grup\u0105 Palesty\u0144czyk\u00f3w \u2013 \u017ce \u201eus\u0142ysza\u0142 o cierpieniach obu stron&#8221; oraz \u017ce\u00a0<a id=\"LinkArea:embed_link\" class=\"text--link \" style=\"color: #000080;\" title=\"\u201enie jeste\u015bmy ju\u017c na etapie wojny, lecz terroryzmu'\" href=\"https:\/\/wyborcza.pl\/7,75399,30439852,to-nie-wojna-to-terroryzm-papiez-franciszek-mowiac-o-walce.html#S.embed_link-K.C-B.1-L.2.zw\" rel=\"dofollow\" data-bd-viewability=\"1\" data-bd-viewability-id=\"embed_link\" data-bd-viewability-href=\"https:\/\/wyborcza.pl\/7,75399,30439852,to-nie-wojna-to-terroryzm-papiez-franciszek-mowiac-o-walce.html#S.embed_link-K.C-B.1-L.2.zw\">\u201enie jeste\u015bmy ju\u017c na etapie wojny, lecz terroryzmu&#8221;<\/a>. Palesty\u0144czycy po wizycie w Watykanie m\u00f3wili te\u017c, \u017ce papie\u017c u\u017cy\u0142 s\u0142owa \u201eludob\u00f3jstwo&#8221; na okre\u015blenie ofensywy Izraelskich Si\u0142 Zbrojnych w Strefie Gazy. Watykan tego nie potwierdzi\u0142.<\/span><\/p>\n<p class=\"text--paragraph\" style=\"text-align: left;\"><span style=\"color: #000080;\">W niedziel\u0119 za sugesti\u0119 o konieczno\u015bci przeprowadzenia \u015bledztwa w sprawie ludob\u00f3jstwa skrytykowa\u0142 papie\u017ca ambasador Izraela w Watykanie Yaron Sideman, pisz\u0105c, \u017ce dzia\u0142ania Izraela s\u0105 \u201esamoobron\u0105&#8221;, a nazywanie tego w inny spos\u00f3b jest \u201epr\u00f3b\u0105 izolowania pa\u0144stwa \u017cydowskiego&#8221;.<\/span><\/p>\n<h4 class=\"text--title font-head-700\"><strong>Biskupi: Papie\u017c wezwa\u0142, by sprawdzi\u0107 fakty<\/strong><\/h4>\n<p class=\"text--paragraph\" style=\"text-align: left;\"><span style=\"color: #000080;\">Papie\u017ca wzi\u0105\u0142 w obron\u0119 dziennik w\u0142oskich biskup\u00f3w \u201eAvvenire&#8221;, wskazuj\u0105c, \u017ce Franciszek wypowiedzia\u0142 si\u0119 ostro\u017cnie w tej kwestii. W istocie stwierdzenie o \u201ekonieczno\u015bci uwa\u017cnego zbadania, czy [termin \u201eludob\u00f3jstwo&#8221;] pasuje do technicznej definicji sformu\u0142owanej przez prawnik\u00f3w i organy mi\u0119dzynarodowe&#8221; by\u0142o poprzedzone takim: \u201eWed\u0142ug niekt\u00f3rych ekspert\u00f3w to, co dzieje si\u0119 w Strefie Gazy, ma cechy ludob\u00f3jstwa&#8221;, a zatem papie\u017c nie wzywa\u0142 bezpo\u015brednio do przeprowadzenia \u015bledztwa, lecz twierdzi\u0142, i\u017c nale\u017cy sprawdzi\u0107 zarzuty stawiane przez innych.<\/span><\/p>\n<p class=\"text--paragraph\" style=\"text-align: left;\"><span style=\"color: #000080;\">\u201eAvvenire&#8221; napisa\u0142o te\u017c, \u017ce istnienie \u201epodejrzenie, i\u017c rz\u0105d Beniamina Netanjahu stosuje tak zwany &#8216;<a id=\"LinkArea:embed_link\" class=\"text--link \" style=\"color: #000080;\" title=\"plan genera\u0142\u00f3w\" href=\"https:\/\/wyborcza.pl\/7,75399,31449521,izrael-bedzie-deportowal-swoich-obywateli-do-gazy-bo-ich-krewny.html#S.embed_link-K.C-B.1-L.3.zw\" rel=\"dofollow\" data-bd-viewability=\"1\" data-bd-viewability-id=\"embed_link\" data-bd-viewability-href=\"https:\/\/wyborcza.pl\/7,75399,31449521,izrael-bedzie-deportowal-swoich-obywateli-do-gazy-bo-ich-krewny.html#S.embed_link-K.C-B.1-L.3.zw\">plan genera\u0142\u00f3w<\/a>&#8216; na p\u00f3\u0142nocy korytarza Netzarim, aby zag\u0142odzi\u0107 ludno\u015b\u0107 cywiln\u0105 w celu zmuszenia jej do ewakuacji, pozostawiaj\u0105c obszar wolny do utworzenia buforu&#8221;.<\/span><\/p>\n<p class=\"text--paragraph\" style=\"text-align: left;\"><span style=\"color: #000080;\">Ponadto w zesz\u0142ym tygodniu specjalna komisja ONZ stwierdzi\u0142a, \u017ce metody stosowane przez Tel Awiw \u201emaj\u0105 cechy ludob\u00f3jstwa&#8221;.<\/span><\/p>\n<p style=\"text-align: left;\"><span style=\"color: #000080;\">Watyka\u0144ski dziennik podsumowuje: \u201e<a id=\"LinkArea:embed_link\" class=\"text--link \" style=\"color: #000080;\" title=\"W obliczu skali masakry w Strefie Gazy\" href=\"https:\/\/wyborcza.pl\/7,75399,31467160,komisja-sledcza-onz-izrael-w-gazie-moze-dopuszczac-sie-ludobojstwa.html#S.embed_link-K.C-B.1-L.4.zw\" rel=\"dofollow\" data-bd-viewability=\"1\" data-bd-viewability-id=\"embed_link\" data-bd-viewability-href=\"https:\/\/wyborcza.pl\/7,75399,31467160,komisja-sledcza-onz-izrael-w-gazie-moze-dopuszczac-sie-ludobojstwa.html#S.embed_link-K.C-B.1-L.4.zw\">W obliczu skali masakry w Strefie Gazy<\/a>\u00a0\u2013 udokumentowanej przez organizacje humanitarne \u2013 trwa\u0142ej blokady pomocy humanitarnej, pi\u0119tnowanej nawet przez Stany Zjednoczone, oraz rosn\u0105cej presji ze strony ultraprawicy na budowanie nowych osiedli [\u017cydowskich] w enklawie, papie\u017c nie zaj\u0105\u0142 jednoznacznego stanowiska, bo nie jest to jego powinno\u015bci\u0105, ale zasugerowa\u0142 potrzeb\u0119 przeprowadzenia dok\u0142adnego \u015bledztwa. Tylko ono mo\u017ce ustali\u0107 prawd\u0119 prawn\u0105, rozwia\u0107 w\u0105tpliwo\u015bci i unikn\u0105\u0107 politycznej manipulacji&#8221;.<\/span><\/p>\n<\/div>\n<\/div>\n<\/div>\n<hr style=\"height: 15px; background: #d0e6fa; width: 100%;\" \/>\n<div id=\"content\" class=\"content-alignment\">\n<div id=\"watch-description\" class=\"yt-uix-button-panel\">\n<div id=\"watch-description-text\" style=\"text-align: center;\">\n<p><em>Zawarto\u015b\u0107 publikowanych artyku\u0142\u00f3w i materia\u0142\u00f3w nie reprezentuje pogl\u0105d\u00f3w ani opinii Reunion&#8217;68,<\/em><em><br \/>\nani te\u017c webmastera Blogu Reunion&#8217;68, chyba ze jest to wyra\u017anie zaznaczone.<br \/>\nTwoje uwagi, linki, w\u0142asne artyku\u0142y lub wiadomo\u015bci prze\u015blij na adres:<br \/>\n<\/em><span style=\"color: #000080;\"><strong><em><a style=\"color: #000080;\" href=\"mailto:webmaster@reunion68.com\"><span style=\"text-decoration: underline;\">webmaster@reunion68.com<\/span><\/a><\/em><\/strong><\/span><\/p>\n<\/div>\n<\/div>\n<\/div>\n<hr style=\"width: 100%;\" \/>\n","protected":false},"excerpt":{"rendered":"<p>Papie\u017c Franciszek podczas audiencji generalnej na pl. \u015bw. Piotra, 20.11.2024 Europejscy rabini ostro krytykuj\u0105 papie\u017ca Franciszka: Powinien pow\u015bci\u0105ga\u0107 j\u0119zyk Bartosz Hlebowicz Rabinom nie spodoba\u0142y si\u0119 s\u0142owa papie\u017ca Franciszka o sposobie prowadzenia przez Izrael wojny w Gazie. \u201eJeste\u015bmy g\u0142\u0119boko zaniepokojeni stwierdzeniem papie\u017ca Franciszka, \u017ce\u00a0dzia\u0142ania Si\u0142 Obronnych Izraela w Strefie Gazy powinny zosta\u0107 dok\u0142adnie zbadane\u00a0w celu ustalenia, [&hellip;]<\/p>\n","protected":false},"author":1,"featured_media":0,"comment_status":"closed","ping_status":"closed","sticky":false,"template":"","format":"standard","meta":[],"categories":[6],"tags":[26,24],"_links":{"self":[{"href":"https:\/\/www.reunion68.se\/index.php?rest_route=\/wp\/v2\/posts\/117202"}],"collection":[{"href":"https:\/\/www.reunion68.se\/index.php?rest_route=\/wp\/v2\/posts"}],"about":[{"href":"https:\/\/www.reunion68.se\/index.php?rest_route=\/wp\/v2\/types\/post"}],"author":[{"embeddable":true,"href":"https:\/\/www.reunion68.se\/index.php?rest_route=\/wp\/v2\/users\/1"}],"replies":[{"embeddable":true,"href":"https:\/\/www.reunion68.se\/index.php?rest_route=%2Fwp%2Fv2%2Fcomments&post=117202"}],"version-history":[{"count":5,"href":"https:\/\/www.reunion68.se\/index.php?rest_route=\/wp\/v2\/posts\/117202\/revisions"}],"predecessor-version":[{"id":117211,"href":"https:\/\/www.reunion68.se\/index.php?rest_route=\/wp\/v2\/posts\/117202\/revisions\/117211"}],"wp:attachment":[{"href":"https:\/\/www.reunion68.se\/index.php?rest_route=%2Fwp%2Fv2%2Fmedia&parent=117202"}],"wp:term":[{"taxonomy":"category","embeddable":true,"href":"https:\/\/www.reunion68.se\/index.php?rest_route=%2Fwp%2Fv2%2Fcategories&post=117202"},{"taxonomy":"post_tag","embeddable":true,"href":"https:\/\/www.reunion68.se\/index.php?rest_route=%2Fwp%2Fv2%2Ftags&post=117202"}],"curies":[{"name":"wp","href":"https:\/\/api.w.org\/{rel}","templated":true}]}}