{"id":117226,"date":"2024-11-23T17:00:28","date_gmt":"2024-11-23T15:00:28","guid":{"rendered":"http:\/\/www.reunion68.se\/?p=117226"},"modified":"2024-11-23T16:38:07","modified_gmt":"2024-11-23T14:38:07","slug":"23-00-101","status":"publish","type":"post","link":"https:\/\/www.reunion68.se\/?p=117226","title":{"rendered":"Half of French People Adhere to Over 6 Antisemitic Prejudices, 12% Happy to See Jews Leave Country: Survey"},"content":{"rendered":"<h5 style=\"text-align: center;\"><a href=\"https:\/\/www.algemeiner.com\/\" target=\"_blank\" rel=\"noopener noreferrer\"><img decoding=\"async\" class=\"center alignleft\" src=\"http:\/\/www.reunion68.com\/Biuletyn\/img\/algem.png\" alt=\"\" width=\"35%\" \/><\/a><span style=\"text-decoration: underline; color: #000080;\"><span><strong><a style=\"color: #000080; text-decoration: underline;\" href=\"https:\/\/www.algemeiner.com\/2024\/11\/22\/half-french-people-adhere-over-6-antisemitic-prejudices-12-happy-see-jews-leave-country-survey\/\" target=\"_blank\" rel=\"noopener noreferrer\">Half of French People Adhere to Over 6 Antisemitic Prejudices, 12% Happy to See Jews Leave Country: Survey<\/a><\/strong><\/span><\/span><\/h5>\n<p style=\"text-align: center;\"><span style=\"color: #000000;\"><strong>Algemeiner Staff<\/strong><\/span><\/p>\n<hr style=\"height: 15px; background: #d0e6fa; width: 100%;\" \/>\n<p style=\"text-align: center;\"><img decoding=\"async\" class=\"aligncenter\" src=\"https:\/\/www.algemeiner.com\/wp-content\/uploads\/2024\/07\/2024-06-25T184619Z_936949123_MT1HNSLCS000652AAE_RTRMADP_3_HANS-LUCAS1.jpg\" width=\"100%\" \/><span style=\"color: #808080;\"><em>Sign reading \u201c+1000% of Antisemitic Acts: These Are Not Just Numbers\u201d during a march against antisemitism, in Lyon, France, June 25, 2024. Photo: Romain Costaseca \/ Hans Lucas via Reuters Connect<\/em><\/span><\/p>\n<p style=\"text-align: left;\"><span style=\"color: #000080;\">Hostility toward the Jewish people has surged to alarming levels in France, where half the population adhere to more than six antisemitic prejudices and nearly one in five young people want to see the departure of Jews from the country, according to a new survey.<\/span><\/p>\n<p style=\"text-align: left;\"><span style=\"color: #000080;\">Ipsos, a market research and consulting firm, conducted the survey of the French public for the Representative Council of Jewish Institutions of France (CRIF), the main representative body of French Jews, to examine the country\u2019s attitudes toward the Jewish community\u00a0<a style=\"color: #000080;\" href=\"https:\/\/www.algemeiner.com\/2024\/11\/11\/f-k-israel-monument-france-honoring-nazi-victims-defaced-antisemitic-graffiti\/\" target=\"_blank\" rel=\"noopener noreferrer\">amid a surge in antisemitic hate crimes<\/a>\u00a0over the past year.<\/span><\/p>\n<p style=\"text-align: left;\"><span style=\"color: #000080;\">The findings, unveiled by CRIF on Thursday and first reported by the French news magazine\u00a0<em>Le Point<\/em>, revealed a surge in antisemitic attitudes across France.<\/span><\/p>\n<p style=\"text-align: left;\"><span style=\"color: #000080;\">Among France\u2019s general population, 12 percent of people are happy to see Jews leave the country, up from just 6 percent in 2020, according to the survey.<\/span><\/p>\n<p style=\"text-align: left;\"><span style=\"color: #000080;\">\u201cIt\u2019s a terrifying figure,\u201d CRIF president Yonathan Arfi told the radio station Europe 1 when asked about the finding.<\/span><\/p>\n<p style=\"text-align: left;\"><span style=\"color: #000080;\">The number goes up among people under the age of 35, of whom a striking 17 percent think that the departure of Jews from France would be good for the country.<\/span><\/p>\n<p style=\"text-align: left;\"><span style=\"color: #000080;\">\u201cIt is contrary to the historical trend,\u201d Arfi told\u00a0<em>Le Point<\/em>. \u201cYoung people are more receptive to antisemitic, Islamist, and conspiracy theories, which are invading social networks.\u201d<\/span><\/p>\n<p style=\"text-align: left;\"><span style=\"color: #000080;\">As for people aged 18 to 24, only 53 percent think that the majority of Jews are well integrated into the population, compared to 84 percent of French people more broadly, the survey found.<\/span><\/p>\n<p style=\"text-align: left;\"><span style=\"color: #000080;\">Overall, nearly half (46 percent) of French people today adhere to more than six anti-Jewish prejudices, compared to 37 percent in 2020, according to the results. Meanwhile, almost a quarter of those surveyed think that Jews are not really French like the rest of their countrymen, an uptick of more than six points.<\/span><\/p>\n<p style=\"text-align: left;\"><span style=\"color: #000080;\">The numbers increase among backers of France\u2019s main far-left and far-right political parties. Indeed, the survey found that 52 percent of those who support the far-right Rassemblement National (RN \u2014 \u201cNational Rally\u201d) and 55 percent of those who support the far-left La France Insoumise (LFI \u2014 \u201cFrance Unbowed\u201d) adhere to at least six antisemitic stereotypes. And a third of LFI supporters indicated they adhere to at least nine such prejudices.<\/span><\/p>\n<p style=\"text-align: left;\"><span style=\"color: #000080;\">LFI is the largest member of the New Popular Front (NFP), an anti-Israel leftist coalition of political parties that came to power in\u00a0<a style=\"color: #000080;\" href=\"https:\/\/www.algemeiner.com\/2024\/07\/08\/french-jews-sound-alarm-following-far-left-surge-elections-france-israel-relations-expected-plummet\/\" target=\"_blank\" rel=\"noopener noreferrer\">France\u2019s snap parliamentary elections<\/a>\u00a0in July. The coalition gained the most seats of any political bloc but not enough for a majority. Its leader,\u00a0<a style=\"color: #000080;\" href=\"https:\/\/www.algemeiner.com\/2024\/09\/24\/french-far-left-leader-long-accused-antisemitism-backs-hezbollah-resistance-israels-invading-army\/\" target=\"_blank\" rel=\"noopener noreferrer\">Jean-Luc Melenchon<\/a>, has been lambasted by French Jews as a threat to their community as well as those who support Israel.<\/span><\/p>\n<p style=\"text-align: left;\"><span style=\"color: #000080;\">\u201cIt seems France has no future for Jews,\u201d Rabbi Moshe Sebbag of Paris\u2019 Grand Synagogue told the\u00a0<em>Times of Israel<\/em>\u00a0following the ascension of the NFP in July\u2019s elections. \u201cWe fear for the future of our children.\u201d<\/span><\/p>\n<p style=\"text-align: left;\"><span style=\"color: #000080;\">According to the survey, 20 percent of LFI supporters consider the departure of Jews from France desirable, compared to 15 percent of those who back RN.<\/span><\/p>\n<p style=\"text-align: left;\"><span style=\"color: #000080;\">Similarly troubling, the results showed that 25 percent of LFI supporters have \u201csympathy\u201d for Hamas, and 40 percent refuse to label the Palestinian Islamist group as a terrorist organization.<\/span><\/p>\n<p style=\"text-align: left;\"><span style=\"color: #000080;\">Hamas, which has been designated internationally as a terrorist group, launched the war in Gaza with its invasion of southern Israel last Oct. 7. During the onslaught, Hamas-led Palestinian terrorists murdered 1,200 people, mostly civilians, wounded thousands more, and kidnapped 251 hostages while\u00a0<a style=\"color: #000080;\" href=\"https:\/\/www.algemeiner.com\/2024\/04\/02\/raped-daily-former-israeli-hostages-recount-sexual-abuse-hamas-terrorists-families-plead-action\/\" target=\"_blank\" rel=\"noopener noreferrer\">perpetrating rampant sexual violence<\/a>, including torture and gang rape.<\/span><\/p>\n<p style=\"text-align: left;\"><span style=\"color: #000080;\">The survey noted that one in two French people now suspect their Jewish fellow citizens of \u201cdouble allegiance\u201d to Israel \u2014 a reality that Arfi blamed in part on LFI\u2019s fierce anti-Israel opposition.<\/span><\/p>\n<p style=\"text-align: left;\"><span style=\"color: #000080;\">\u201cLFI has given antisemitism a political endorsement,\u201d he told\u00a0<em>Le Point<\/em>. \u201cWe observe this toxic porosity between criticism of Israel and the ostracization of French Jews. The Palestinian cause becomes a license to hate.\u201d<\/span><\/p>\n<p style=\"text-align: left;\"><span style=\"color: #000080;\">The findings also showed that, among the French people surveyed, 64 percent believe that Jews have reason to be afraid of living in France, and 70 percent believe that the country has experienced an increase in antisemitism.<\/span><\/p>\n<p style=\"text-align: left;\"><span style=\"color: #000080;\">The survey results came as France has experienced a\u00a0<a style=\"color: #000080;\" href=\"https:\/\/www.algemeiner.com\/2023\/11\/29\/antisemitic-discrimination-painful-daily-reality-jews-france-newspaper-investigation-reveals\/\" target=\"_blank\" rel=\"noopener noreferrer\">record surge of antisemitism<\/a>\u00a0in the wake of Hamas\u2019s atrocities last Oct. 7, amid the ensuing war in Gaza. Antisemitic outrages\u00a0<a style=\"color: #000080;\" href=\"https:\/\/www.algemeiner.com\/2024\/03\/06\/french-cops-arrest-assailant-who-beat-abused-jewish-man-he-left-paris-synagogue\/\" target=\"_blank\" rel=\"noopener noreferrer\">rose by over 1,000 percent<\/a>\u00a0in the final three months of 2023 compared with the previous year, with over 1,200 incidents reported \u2014 greater than the total number of incidents in France for the previous three years combined.<\/span><\/p>\n<p style=\"text-align: left;\"><span style=\"color: #000080;\">This year, anti-Jewish hate crimes and demonstrations in France have continued to skyrocket.<\/span><\/p>\n<p style=\"text-align: left;\"><span style=\"color: #000080;\">Earlier this month, for example, a monument honoring victims of the Nazis located in eastern France was\u00a0<a style=\"color: #000080;\" href=\"https:\/\/www.algemeiner.com\/2024\/11\/11\/f-k-israel-monument-france-honoring-nazi-victims-defaced-antisemitic-graffiti\/\" target=\"_blank\" rel=\"noopener noreferrer\">vandalized with graffiti reading \u201cNique Isra\u00ebl,\u201d<\/a>\u00a0or \u201cF\u2014k Israel\u201d in English.<\/span><\/p>\n<p style=\"text-align: left;\"><span style=\"color: #000080;\">Last month, a man wearing a sports jersey with the\u00a0<a style=\"color: #000080;\" href=\"https:\/\/www.algemeiner.com\/2024\/10\/23\/man-wears-anti-jew-jersey-paris-metro-french-jews-decry-public-indifference-surging-antisemitism\/\" target=\"_blank\" rel=\"noopener noreferrer\">words \u201cAnti-Jew\u201d written in French<\/a>\u00a0was photographed riding the Paris metro, prompting an investigation by law enforcement and outcry from Jewish leaders who lamented what they described as public indifference to surging antisemitism in France.<\/span><\/p>\n<p style=\"text-align: left;\"><span style=\"color: #000080;\">Days earlier, a visibly Jewish teenager was assaulted by two youths as he was leaving a metro station in the northwest suburbs of Paris.<\/span><\/p>\n<p style=\"text-align: left;\"><span style=\"color: #000080;\">That incident followed three men brutally attacking a Jewish woman at the entrance to her home in Paris on the\u00a0<a style=\"color: #000080;\" href=\"https:\/\/www.algemeiner.com\/2024\/10\/07\/nothing-going-stop-me-despite-hamas-firing-rockets-israelis-gather-mark-oct-7-anniversary\/\" target=\"_blank\" rel=\"noopener noreferrer\">one-year anniversary of Hamas\u2019s Oct. 7 atrocities<\/a>. The victim stated that the assailants threatened her with a box knife, made antisemitic threats, and mentioned the events of last Oct. 7.<\/span><\/p>\n<p style=\"text-align: left;\"><span style=\"color: #000080;\">In September, a kosher restaurant in Villeurbanne, near the eastern city of Lyon, was\u00a0<a style=\"color: #000080;\" href=\"https:\/\/www.algemeiner.com\/2024\/09\/05\/they-are-death-threats-kosher-restaurant-france-vandalized-anti-israel-graffiti\/\" target=\"_blank\" rel=\"noopener noreferrer\">defaced with red paint and tagged<\/a>\u00a0with the message \u201cFree Gaza.\u201d<\/span><\/p>\n<p style=\"text-align: left;\"><span style=\"color: #000080;\">The incident came days after French police arrested a 33-year-old Algerian man suspected of\u00a0<a style=\"color: #000080;\" href=\"https:\/\/www.algemeiner.com\/2024\/08\/25\/french-police-arrest-man-suspected-of-attempted-arson-against-synagogue\/\" target=\"_blank\" rel=\"noopener noreferrer\">trying to set a synagogue ablaze<\/a>\u00a0in the southern French city of la Grande-Motte.<\/span><\/p>\n<p style=\"text-align: left;\"><span style=\"color: #000080;\">Two months earlier, an\u00a0<a style=\"color: #000080;\" href=\"https:\/\/www.algemeiner.com\/2024\/07\/04\/dirty-jew-this-is-what-you-deserve-elderly-french-jewish-woman-assaulted-paris-suburb\/\" target=\"_blank\" rel=\"noopener noreferrer\">elderly Jewish woman was attacked<\/a>\u00a0in a Paris suburb by two assailants who punched her in the face, pushed her to the ground, and kicked her while hurling antisemitic slurs, including \u201cdirty Jew, this is what you deserve.\u201d<\/span><\/p>\n<p style=\"text-align: left;\"><span style=\"color: #000080;\">In another egregious attack that garnered international headlines, a\u00a0<a style=\"color: #000080;\" href=\"https:\/\/www.algemeiner.com\/2024\/06\/19\/french-president-denounces-scourge-antisemitism-after-12-year-old-jewish-girl-raped\/\" target=\"_blank\" rel=\"noopener noreferrer\">12-year-old Jewish girl was raped<\/a>\u00a0by three Muslim boys in a different Paris suburb on June 15. The child told investigators that the assailants called her a \u201cdirty Jew\u201d and hurled other antisemitic comments at her during the attack. In response to the incident, French President Emmanuel Macron denounced the \u201cscourge of antisemitism\u201d plaguing his country.<\/span><\/p>\n<p style=\"text-align: left;\"><span style=\"color: #000080;\">Around the same time in June, an Israeli family visiting Paris was\u00a0<a style=\"color: #000080;\" href=\"https:\/\/www.algemeiner.com\/2024\/06\/25\/paris-hotel-refuses-serve-israeli-family-antisemitism-continues-spiral-france\/\" target=\"_blank\" rel=\"noopener noreferrer\">denied service at a hotel<\/a>\u00a0after an attendant noticed their Israeli passports.<\/span><\/p>\n<p style=\"text-align: left;\"><span style=\"color: #000080;\">In May, French\u00a0police\u00a0shot dead a knife-wielding\u00a0Algerian\u00a0man\u00a0who\u00a0<a style=\"color: #000080;\" href=\"https:\/\/www.algemeiner.com\/2024\/05\/17\/french-police-kill-algerian-who-set-fire-rouen-synagogue\/\" target=\"_blank\" rel=\"noopener noreferrer\">set\u00a0fire\u00a0to a\u00a0synagogue\u00a0<\/a>and threatened\u00a0law enforcement in the city of\u00a0Rouen.<\/span><\/p>\n<p style=\"text-align: left;\"><span style=\"color: #000080;\">One month earlier, a Jewish woman was\u00a0<a style=\"color: #000080;\" href=\"https:\/\/www.algemeiner.com\/2024\/04\/23\/france-man-suspected-of-abducting-raping-jewish-woman-to-avenge-palestine\/\" target=\"_blank\" rel=\"noopener noreferrer\">beaten and raped<\/a>\u00a0in a suburb of Paris as \u201cvengeance for Palestine.\u201d<\/span><\/p>\n<p style=\"text-align: left;\"><span style=\"color: #000080;\">Such incidents are part of an explosion of antisemitic outrages across France that has continued since last Oct. 7.<\/span><\/p>\n<p style=\"text-align: left;\"><span style=\"color: #000080;\">In August, then-French Interior Minister G\u00e9rald Darmanin warned that incidents targeting the country\u2019s Jewish community\u00a0<a style=\"color: #000080;\" href=\"https:\/\/www.algemeiner.com\/2024\/08\/26\/antisemitic-incidents-france-up-200-this-year-interior-minister-warns-attempted-synagogue-arson\/\" target=\"_blank\" rel=\"noopener noreferrer\">spiked by about 200 percent<\/a>\u00a0since Jan. 1.<\/span><\/p>\n<p style=\"text-align: left;\"><span style=\"color: #000080;\">\u201cTwo-thirds of anti-religious acts \u2026 are against Jews,\u201d he added, according to French broadcaster BFM TV.<\/span><\/p>\n<p style=\"text-align: left;\"><span style=\"color: #000080;\">Darmanin\u2019s comments followed him stating weeks earlier that\u00a0<a style=\"color: #000080;\" href=\"https:\/\/www.algemeiner.com\/2024\/08\/12\/antisemitic-incidents-france-have-tripled-since-last-fall-interior-minister-warns\/\" target=\"_blank\" rel=\"noopener noreferrer\">antisemitic acts in France have tripled<\/a>\u00a0over the last year. In the first half of 2024, 887 such incidents were recorded, almost triple the 304 recorded in the same period last year, he said.<\/span><\/p>\n<p style=\"text-align: left;\"><span style=\"color: #000080;\">Despite widespread concern among French Jews, senior officials including Macron have repeatedly said they are committing to combating antisemitism and supporting the country\u2019s Jewish community.<\/span><\/p>\n<p style=\"text-align: left;\"><span style=\"color: #000080;\">According to Arfi, a whole-of-government response is needed to combat the surge in antisemitism, which he largely attributed to people spreading misleading information about the Israel-Hamas war and blaming Jews worldwide for false allegations leveled against Israel.<\/span><\/p>\n<p style=\"text-align: left;\"><span style=\"color: #000080;\">\u201cThe hysteria of the debate on Gaza has blown the last barriers,\u201d Arfi observed, adding that elected officials are making the Palestinian cause \u201can electoral business\u201d and using it for \u201ccriminal instrumentalization.\u201d<\/span><\/p>\n<p style=\"text-align: left;\"><span style=\"color: #000080;\">\u201cWe need a systemic response,\u201d he concluded.<\/span><\/p>\n<hr style=\"height: 15px; background: #d0e6fa; width: 100%;\" \/>\n<div id=\"content\" class=\"content-alignment\">\n<div id=\"watch-description\" class=\"yt-uix-button-panel\">\n<div id=\"watch-description-text\" style=\"text-align: center;\">\n<p><em>Zawarto\u015b\u0107 publikowanych artyku\u0142\u00f3w i materia\u0142\u00f3w nie reprezentuje pogl\u0105d\u00f3w ani opinii Reunion&#8217;68,<\/em><em><br \/>\nani te\u017c webmastera Blogu Reunion&#8217;68, chyba ze jest to wyra\u017anie zaznaczone.<br \/>\nTwoje uwagi, linki, w\u0142asne artyku\u0142y lub wiadomo\u015bci prze\u015blij na adres:<br \/>\n<\/em><span style=\"color: #000080;\"><strong><em><a style=\"color: #000080;\" href=\"mailto:webmaster@reunion68.com\"><span style=\"text-decoration: underline;\">webmaster@reunion68.com<\/span><\/a><\/em><\/strong><\/span><\/p>\n<\/div>\n<\/div>\n<\/div>\n<hr style=\"width: 100%;\" \/>\n","protected":false},"excerpt":{"rendered":"<p>Half of French People Adhere to Over 6 Antisemitic Prejudices, 12% Happy to See Jews Leave Country: Survey Algemeiner Staff Sign reading \u201c+1000% of Antisemitic Acts: These Are Not Just Numbers\u201d during a march against antisemitism, in Lyon, France, June 25, 2024. Photo: Romain Costaseca \/ Hans Lucas via Reuters Connect Hostility toward the Jewish [&hellip;]<\/p>\n","protected":false},"author":1,"featured_media":0,"comment_status":"closed","ping_status":"closed","sticky":false,"template":"","format":"standard","meta":[],"categories":[6],"tags":[26,24],"_links":{"self":[{"href":"https:\/\/www.reunion68.se\/index.php?rest_route=\/wp\/v2\/posts\/117226"}],"collection":[{"href":"https:\/\/www.reunion68.se\/index.php?rest_route=\/wp\/v2\/posts"}],"about":[{"href":"https:\/\/www.reunion68.se\/index.php?rest_route=\/wp\/v2\/types\/post"}],"author":[{"embeddable":true,"href":"https:\/\/www.reunion68.se\/index.php?rest_route=\/wp\/v2\/users\/1"}],"replies":[{"embeddable":true,"href":"https:\/\/www.reunion68.se\/index.php?rest_route=%2Fwp%2Fv2%2Fcomments&post=117226"}],"version-history":[{"count":4,"href":"https:\/\/www.reunion68.se\/index.php?rest_route=\/wp\/v2\/posts\/117226\/revisions"}],"predecessor-version":[{"id":117245,"href":"https:\/\/www.reunion68.se\/index.php?rest_route=\/wp\/v2\/posts\/117226\/revisions\/117245"}],"wp:attachment":[{"href":"https:\/\/www.reunion68.se\/index.php?rest_route=%2Fwp%2Fv2%2Fmedia&parent=117226"}],"wp:term":[{"taxonomy":"category","embeddable":true,"href":"https:\/\/www.reunion68.se\/index.php?rest_route=%2Fwp%2Fv2%2Fcategories&post=117226"},{"taxonomy":"post_tag","embeddable":true,"href":"https:\/\/www.reunion68.se\/index.php?rest_route=%2Fwp%2Fv2%2Ftags&post=117226"}],"curies":[{"name":"wp","href":"https:\/\/api.w.org\/{rel}","templated":true}]}}