{"id":117286,"date":"2024-11-26T17:00:20","date_gmt":"2024-11-26T15:00:20","guid":{"rendered":"http:\/\/www.reunion68.se\/?p=117286"},"modified":"2024-11-26T07:26:15","modified_gmt":"2024-11-26T05:26:15","slug":"26-00-102","status":"publish","type":"post","link":"https:\/\/www.reunion68.se\/?p=117286","title":{"rendered":"Anti-Israel Group Lambasted for \u2018Desecrating the Name of Raphael Lemkin\u2019 in \u2018Infuriating Abuse\u2019"},"content":{"rendered":"<h5 style=\"text-align: center;\"><a href=\"https:\/\/www.algemeiner.com\/\" target=\"_blank\" rel=\"noopener noreferrer\"><img decoding=\"async\" class=\"center alignleft\" src=\"http:\/\/www.reunion68.com\/Biuletyn\/img\/algem.png\" alt=\"\" width=\"35%\" \/><\/a><span style=\"text-decoration: underline; color: #000080;\"><span style=\"text-decoration: underline;\"><strong><a style=\"color: #000080; text-decoration: underline;\" href=\"https:\/\/www.algemeiner.com\/2024\/11\/25\/anti-israel-group-lambasted-desecrating-name-raphael-lemkin-infuriating-abuse\/\" target=\"_blank\" rel=\"noopener noreferrer\">Anti-Israel Group Lambasted for \u2018Desecrating the Name of Raphael Lemkin\u2019 in \u2018Infuriating Abuse\u2019<\/a><\/strong><\/span><\/span><\/h5>\n<p style=\"text-align: center;\"><span style=\"color: #000000;\"><strong>Ira Stoll<\/strong><\/span><\/p>\n<hr style=\"height: 15px; background: #d0e6fa; width: 100%;\" \/>\n<p style=\"text-align: center;\"><img decoding=\"async\" class=\"aligncenter\" src=\"https:\/\/www.algemeiner.com\/wp-content\/uploads\/2024\/11\/Screen-Shot-2024-11-13-at-10.42.43-AM.jpg\" width=\"100%\" \/><span style=\"color: #808080;\"><em>Raphael Lemkin being interviewed on Feb. 13, 1949. Photo: Screenshot<\/em><\/span><\/p>\n<div id=\"post_content\">\n<p style=\"text-align: left;\"><span style=\"color: #000080;\">Pressure is mounting on a Philadelphia-based nonprofit organization that has usurped the name of a Jewish lawyer and anti-genocide activist to pursue a campaign of strident anti-Israel activism.<\/span><\/p>\n<p style=\"text-align: left;\"><span style=\"color: #000080;\">Earlier this month,\u00a0<a style=\"color: #000080;\" href=\"https:\/\/www.algemeiner.com\/2024\/11\/13\/exposed-anti-israel-group-under-fire-using-name-raphael-lemkin-zionist-who-coined-term-genocide\/\" target=\"_blank\" rel=\"noopener noreferrer\"><em>The Algemeiner<\/em>\u00a0exposed<\/a>\u00a0the extreme anti-Israel activities of the Lemkin Institute for Genocide Prevention, reporting that family members of Raphael Lemkin are outraged that the name of Lemkin, who died in 1959, is being used without their permission to groundlessly vilify the world\u2019s lone Jewish state.<\/span><\/p>\n<p style=\"text-align: left;\"><span style=\"color: #000080;\">Jewish organizations and Israeli government representatives voiced alarm at the situation disclosed in the article. Lemkin was an ardent Zionist who coined the term genocide and spearheaded the effort to win passage of the UN Convention on the Prevention and Punishment of Genocide, while the Lemkin Institute for Genocide Prevention, founded in 2021, has repeatedly and \u2014 despite all evidence to the contrary \u2014 accused Israel of planning and perpetrating a genocide in Gaza.<\/span><\/p>\n<p style=\"text-align: left;\"><span style=\"color: #000080;\">\u201cThe Lemkin Institute for Genocide Prevention (<a style=\"color: #000080;\" href=\"https:\/\/x.com\/LemkinInstitute\" target=\"_blank\" rel=\"noopener noreferrer\">@LemkinInstitute<\/a>) is desecrating the name of Raphael Lemkin and the word \u2018genocide\u2019 by falsely labeling the Gaza war as \u2018genocide,&#8217;\u201d the Simon Weisenthal Center\u00a0<a style=\"color: #000080;\" href=\"https:\/\/x.com\/simonwiesenthal\/status\/1857518550011027690\" target=\"_blank\" rel=\"noopener noreferrer\">said<\/a>\u00a0in a social media post linking to\u00a0<em>The Algemeiner<\/em>\u00a0story. \u201cLemkin was a Jewish lawyer who coined the term \u2018genocide\u2019 and dedicated his life to exposing the horrors of the Holocaust. While the Lemkin Institute is entitled to its political agenda, it has no right to besmirch Lemkin\u2019s legacy.\u201d<\/span><\/p>\n<p style=\"text-align: left;\"><span style=\"color: #000080;\">An Israeli diplomat, Tammy Rahaminoff-Honig,\u00a0<a style=\"color: #000080;\" href=\"https:\/\/x.com\/RahamimoffTamar\/status\/1857753062514798641\" target=\"_blank\" rel=\"noopener noreferrer\">posted<\/a>\u00a0about the article from her official government account: \u201cAn important story by\u00a0<a style=\"color: #000080;\" href=\"https:\/\/x.com\/IraStoll\" target=\"_blank\" rel=\"noopener noreferrer\">@IraStoll<\/a>\u00a0in the\u00a0<a style=\"color: #000080;\" href=\"https:\/\/x.com\/Algemeiner\" target=\"_blank\" rel=\"noopener noreferrer\">@Algemeiner<\/a>\u00a0reveals infuriating abuse by @LemkinInstitute of Raphael Lemkin\u2019s name and legacy, as well as the terms Holocaust and Genocide, for political bashing of Israel.\u201d<\/span><\/p>\n<p style=\"text-align: left;\"><span style=\"color: #000080;\">The Azerbaijani Jewish Assembly of America\u00a0<a style=\"color: #000080;\" href=\"https:\/\/x.com\/AzerbaijaniJews\/status\/1857566919651442732\" target=\"_blank\" rel=\"noopener noreferrer\">wrote<\/a>\u00a0in response to the article, \u201cFinally, @LemkinInstitute has been exposed. It has been a platform for not only antisemitic rhetoric but also blatant Azerbaijanophobia. Backed by funding from the Armenian lobby, it has relentlessly targeted Azerbaijan, promoting the dehumanization of the Azerbaijani people.\u201d<\/span><\/p>\n<p style=\"text-align: left;\"><span style=\"color: #000080;\">The Lemkin Institute, which didn\u2019t answer\u00a0<em>The Algemeiner<\/em>\u2018s inquiries before the article was published, issued \u201c<a style=\"color: #000080;\" href=\"https:\/\/www.lemkininstitute.com\/statements-new-page\/a-note-on-recent-criticism-of-the-lemkin-institute\" target=\"_blank\" rel=\"noopener noreferrer\">a note on recent criticism of the Lemkin Institute<\/a>.\u201d<\/span><\/p>\n<p style=\"text-align: left;\"><span style=\"color: #000080;\">\u201cWe are proud of our record and of our unfailingly frank assessments,\u201d the statement said. \u201cIt is almost never popular to call out genocide as it is happening or to point to red flags as the process is getting started.\u201d<\/span><\/p>\n<p style=\"text-align: left;\"><span style=\"color: #000080;\">In a social media\u00a0<a style=\"color: #000080;\" href=\"https:\/\/x.com\/just_whatever\/status\/1858091640675590195\" target=\"_blank\" rel=\"noopener noreferrer\">post<\/a>, Michel Elgort characterized the Lemkin Institute\u2019s note as \u201ca very long, vague, and empty statement that didn\u2019t answer the most basic question that was asked by\u00a0<em>The Algemeiner<\/em>: Did you or did you not co-opted the name of Raphael Lemkin to appropriate the good will associated with his name and works, without his family and successors approval?\u201d<\/span><\/p>\n<\/div>\n<hr style=\"height: 15px; background: #d0e6fa; width: 100%;\" \/>\n<div id=\"content\" class=\"content-alignment\">\n<div id=\"watch-description\" class=\"yt-uix-button-panel\">\n<div id=\"watch-description-text\" style=\"text-align: center;\">\n<p><em>Zawarto\u015b\u0107 publikowanych artyku\u0142\u00f3w i materia\u0142\u00f3w nie reprezentuje pogl\u0105d\u00f3w ani opinii Reunion&#8217;68,<\/em><em><br \/>\nani te\u017c webmastera Blogu Reunion&#8217;68, chyba ze jest to wyra\u017anie zaznaczone.<br \/>\nTwoje uwagi, linki, w\u0142asne artyku\u0142y lub wiadomo\u015bci prze\u015blij na adres:<br \/>\n<\/em><span style=\"color: #000080;\"><strong><em><a style=\"color: #000080;\" href=\"mailto:webmaster@reunion68.com\"><span style=\"text-decoration: underline;\">webmaster@reunion68.com<\/span><\/a><\/em><\/strong><\/span><\/p>\n<\/div>\n<\/div>\n<\/div>\n<hr style=\"width: 100%;\" \/>\n","protected":false},"excerpt":{"rendered":"<p>Anti-Israel Group Lambasted for \u2018Desecrating the Name of Raphael Lemkin\u2019 in \u2018Infuriating Abuse\u2019 Ira Stoll Raphael Lemkin being interviewed on Feb. 13, 1949. Photo: Screenshot Pressure is mounting on a Philadelphia-based nonprofit organization that has usurped the name of a Jewish lawyer and anti-genocide activist to pursue a campaign of strident anti-Israel activism. Earlier this [&hellip;]<\/p>\n","protected":false},"author":1,"featured_media":0,"comment_status":"closed","ping_status":"closed","sticky":false,"template":"","format":"standard","meta":[],"categories":[6],"tags":[26,24],"_links":{"self":[{"href":"https:\/\/www.reunion68.se\/index.php?rest_route=\/wp\/v2\/posts\/117286"}],"collection":[{"href":"https:\/\/www.reunion68.se\/index.php?rest_route=\/wp\/v2\/posts"}],"about":[{"href":"https:\/\/www.reunion68.se\/index.php?rest_route=\/wp\/v2\/types\/post"}],"author":[{"embeddable":true,"href":"https:\/\/www.reunion68.se\/index.php?rest_route=\/wp\/v2\/users\/1"}],"replies":[{"embeddable":true,"href":"https:\/\/www.reunion68.se\/index.php?rest_route=%2Fwp%2Fv2%2Fcomments&post=117286"}],"version-history":[{"count":4,"href":"https:\/\/www.reunion68.se\/index.php?rest_route=\/wp\/v2\/posts\/117286\/revisions"}],"predecessor-version":[{"id":117300,"href":"https:\/\/www.reunion68.se\/index.php?rest_route=\/wp\/v2\/posts\/117286\/revisions\/117300"}],"wp:attachment":[{"href":"https:\/\/www.reunion68.se\/index.php?rest_route=%2Fwp%2Fv2%2Fmedia&parent=117286"}],"wp:term":[{"taxonomy":"category","embeddable":true,"href":"https:\/\/www.reunion68.se\/index.php?rest_route=%2Fwp%2Fv2%2Fcategories&post=117286"},{"taxonomy":"post_tag","embeddable":true,"href":"https:\/\/www.reunion68.se\/index.php?rest_route=%2Fwp%2Fv2%2Ftags&post=117286"}],"curies":[{"name":"wp","href":"https:\/\/api.w.org\/{rel}","templated":true}]}}