{"id":117301,"date":"2024-11-27T17:09:47","date_gmt":"2024-11-27T15:09:47","guid":{"rendered":"http:\/\/www.reunion68.se\/?p=117301"},"modified":"2024-11-27T14:19:21","modified_gmt":"2024-11-27T12:19:21","slug":"27-09-98","status":"publish","type":"post","link":"https:\/\/www.reunion68.se\/?p=117301","title":{"rendered":"Cztery powody, dla kt\u00f3rych Izrael zgodzi\u0142 si\u0119 na zawieszenie broni z Hezbollahem [LE FIGARO]"},"content":{"rendered":"<p style=\"text-align: center;\"><img decoding=\"async\" class=\"aligncenter\" src=\"https:\/\/bi.im-g.pl\/im\/97\/09\/1e\/z31496855IHG,Mezczyzna-macha-libanska-flaga--stojac-posrod-gruz.jpg\" width=\"100%\" \/><em><span style=\"color: #808080;\">M\u0119\u017cczyzna macha liba\u0144sk\u0105 flag\u0105, stoj\u0105c po\u015br\u00f3d gruz\u00f3w budynku zniszczonego w izraelskich atakach, po tym, jak zawieszenie broni mi\u0119dzy Izraelem a wspieran\u0105 przez Iran grup\u0105 Hezbollah wesz\u0142o w \u017cycie o godzinie 02:00, Tyr w Libanie, 27 listopada 2024 r.<\/span><\/em><\/p>\n<hr \/>\n<h5 style=\"text-align: center;\"><a href=\"https:\/\/wyborcza.pl\/\" target=\"_blank\" rel=\"noopener noreferrer\"><img decoding=\"async\" class=\"center alignleft\" src=\"http:\/\/www.reunion68.com\/Biuletyn\/img\/wyborcza.png\" alt=\"\" width=\"35%\" \/><\/a><span style=\"text-decoration: underline; color: #000080;\"><strong><a style=\"color: #000080; text-decoration: underline;\" href=\"https:\/\/wyborcza.pl\/7,179012,31496698,cztery-powody-dla-ktorych-izrael-zgodzil-sie-na-zawieszenie.html#commentsAnchor\" target=\"_blank\" rel=\"noopener noreferrer\">Cztery powody, dla kt\u00f3rych Izrael zgodzi\u0142 si\u0119 na zawieszenie broni z Hezbollahem [LE FIGARO]<\/a><\/strong><\/span><\/h5>\n<p style=\"text-align: center;\"><span style=\"color: #000000;\"><strong>Clotilde J\u00e9gousse <span style=\"color: #808080;\">\/<\/span> Le Figaro<\/strong><\/span><\/p>\n<hr style=\"height: 15px; background: #d0e6fa; width: 100%;\" \/>\n<p style=\"text-align: left;\"><span style=\"color: #000080;\">Premier Benjamin Netanjahu og\u0142osi\u0142 we wtorek zawieszenie broni w Libanie. Jakie powody wojskowe i dyplomatyczne stoj\u0105 za t\u0105 decyzj\u0105?<\/span><\/p>\n<p style=\"text-align: left;\"><span style=\"color: #000080;\">\u201eJeszcze dzi\u015b wieczorem przedstawi\u0119 gabinetowi do zatwierdzenia projekt zawieszenia broni w Libanie. Czas trwania rozejmu zale\u017cy od tego, co wydarzy si\u0119 w Libanie&#8221;, og\u0142osi\u0142 premier Izraela w telewizji we wtorek 26 listopada. Porozumienie to zosta\u0142o osi\u0105gni\u0119te po prawie dw\u00f3ch miesi\u0105cach walk l\u0105dowych w po\u0142udniowym Libanie, gdzie armia Izraela konfrontuje si\u0119 z Hezbollahem, szyick\u0105 organizacj\u0105 polityczno-militarn\u0105, kt\u00f3ra zosta\u0142a os\u0142abiony przez naloty i \u015bmier\u0107 sporej cz\u0119\u015bci jej dow\u00f3dztwa.<\/span><\/p>\n<h2 style=\"text-align: center;\">* * *<\/h2>\n<h4 class=\"text--question font-head-500\"><strong>Izrael og\u0142asza zawieszenie broni dos\u0142ownie kilkana\u015bcie godzin po nasileniu atak\u00f3w na Liban. Czy to pana zaskakuje?<\/strong><\/h4>\n<p class=\"text--paragraph\"><span style=\"color: #000080;\"><b>David Khalfa, dyrektor Observatoire de l&#8217;Afrique du Nord et du Moyen-Orient w Fondation Jean Jaur\u00e8s:<\/b>\u00a0&#8211; Z wojskowego punktu widzenia jest to logiczne: ka\u017cda ze stron stara si\u0119 zdoby\u0107 punkty rzutem na ta\u015bm\u0119, tu\u017c przed podpisaniem zawieszenia broni intensyfikuj\u0105c swoje ataki. Jest to rodzaj wojny psychologicznej, kt\u00f3r\u0105 pruski genera\u0142 Carl von Clausewitz nazwa\u0142 \u201edialektyk\u0105 woli&#8221;.<\/span><\/p>\n<p style=\"text-align: center;\"><img decoding=\"async\" class=\"aligncenter\" src=\"https:\/\/bi.im-g.pl\/im\/d8\/09\/1e\/z31496408IH,Premier-Izraela-Benjamin-Netanjahu-oswiadczyl--ze-.jpg\" width=\"100%\" \/><span style=\"color: #808080;\"><em>Premier Izraela Benjamin Netanjahu o\u015bwiadczy\u0142, \u017ce popiera ameryka\u0144sk\u0105 propozycj\u0119 zawieszenia broni w wojnie przeciwko Hezbollahowi w Libanie i zarekomenduje swojemu rz\u0105dowi, by przyj\u0105\u0142 to porozumienie. Haim Zach\/REPORTER<\/em><\/span><\/p>\n<p class=\"text--paragraph\" style=\"text-align: left;\"><span style=\"color: #000080;\">We wtorek rano Izrael rozpocz\u0105\u0142 operacj\u0119 powietrznodesantow\u0105 swoich si\u0142 specjalnych, kt\u00f3re dotar\u0142y do rzeki Litani, 25-30 kilometr\u00f3w od granicy. To pierwsza taka operacja w tym kraju od niemal 20 lat &#8211; do tej pory piechota by\u0142a skoncentrowana na samym po\u0142udniu Libanu, oko\u0142o 6 kilometr\u00f3w od granicy. W tym dzisiejszym ataku zniszczono prawie tysi\u0105c pocisk\u00f3w rakietowych Hezbollahu, co jest ilo\u015bci\u0105 absolutnie znacz\u0105c\u0105 dla operacji tego typu. Pokazuje to, \u017ce w momencie podpisywania umowy istnia\u0142o pragnienie utrzymania r\u00f3wnowagi si\u0142. Jest to r\u00f3wnie\u017c spos\u00f3b na uspokojenie ludno\u015bci p\u00f3\u0142nocnego Izraela, kt\u00f3ra od dawna domaga\u0142a si\u0119 takiej operacji.<\/span><\/p>\n<p class=\"text--paragraph\" style=\"text-align: left;\"><span style=\"color: #000080;\">Ze swojej strony Hezbollah musi symetrycznie pokazywa\u0107 do ko\u0144ca, \u017ce przetrwa\u0142 ataki izraelskiej armii i \u017ce utrzymuje sztandar islamskiego oporu. W ci\u0105gu dw\u00f3ch miesi\u0119cy izraelskiej ofensywy w Libanie ta szyicka milicja zosta\u0142a powa\u017cnie os\u0142abiona. Jej si\u0142y bojowe straci\u0142y prawie 10 proc. stanu osobowego, a jej zdolno\u015bci powietrzno-balistyczne zosta\u0142y powa\u017cnie nadw\u0105tlone, zw\u0142aszcza pociski rakietowe \u015bredniego i dalekiego zasi\u0119gu (zniszczono od 60 do 80 proc. ich zapas\u00f3w). W tego typu asymetrycznym konflikcie \u201es\u0142abi&#8221; musz\u0105 narzuci\u0107 swoj\u0105 narracj\u0119. Dlatego te\u017c Hezbollah nasila swoje ataki a\u017c do ostatniej chwili, zmuszaj\u0105c prawie milion Izraelczyk\u00f3w z obszar\u00f3w przygranicznych do schronienia si\u0119 w wi\u0119kszych miastach.<\/span><\/p>\n<blockquote class=\"text--quote font-quotation-500\"><p><strong>Oczywiste jest, \u017ce do ostatniej chwili trwa wy\u015bcig z czasem, aby wyj\u015b\u0107 zwyci\u0119sko z tej kolejnej rundy, jak w meczu bokserskim, w kt\u00f3rym wynik ustalany jest po zako\u0144czeniu zwarcia.<\/strong><\/p><\/blockquote>\n<h4 class=\"text--question font-head-500\"><strong>Co Izrael zyska poprzez zgod\u0119 na zawieszenie broni i dlaczego zgadza si\u0119 akurat teraz?<\/strong><\/h4>\n<p style=\"text-align: left;\"><span style=\"color: #000080;\">&#8211; Istniej\u0105 cztery g\u0142\u00f3wne powody.<\/span><\/p>\n<p class=\"text--paragraph\" style=\"text-align: left;\"><span style=\"color: #000080;\">Pierwszym jest oczywi\u015bcie faktyczne os\u0142abienie militarne Hezbollahu. Do niedawna ta szyicka milicja chcia\u0142a po\u0142\u0105czy\u0107 i zsynchronizowa\u0107 fronty p\u00f3\u0142nocny i po\u0142udniowy, czyli zapewni\u0107 wszystkich, \u017ce za ka\u017cdym razem, gdy dojdzie do konfrontacji mi\u0119dzy Hamasem a Izraelem, proira\u0144ska milicja od razu rozpali front p\u00f3\u0142nocny, aby zmusi\u0107 armi\u0119 izraelsk\u0105 do mobilizacji swoich oddzia\u0142\u00f3w &#8211; rezerwist\u00f3w i si\u0142 czynnych \u2013 n\u0119ka\u0107 j\u0105 tym, z korzy\u015bci\u0105 dla ira\u0144skiego re\u017cimu. Tak ju\u017c nie jest: Naim Qassem, nast\u0119pca zabitego w nalocie szejka Nasrallaha, wzi\u0105\u0142 pod uwag\u0119 os\u0142abienie militarne Hezbollahu po dw\u00f3ch miesi\u0105cach intensywnych operacji naziemnych Cahalu i porzuci\u0142 &#8220;zasad\u0119 synchronizacji&#8221;. Zawieszenie broni pozwala zatem Izraelowi faktycznie oddzieli\u0107 front p\u00f3\u0142nocny od po\u0142udniowego.<\/span><\/p>\n<p class=\"text--paragraph\" style=\"text-align: left;\"><span style=\"color: #000080;\">Jest to strategiczna szansa, zw\u0142aszcza \u017ce &#8211; i to jest drugi pow\u00f3d &#8211; w\u015br\u00f3d izraelskich \u017co\u0142nierzy zmobilizowanych i wys\u0142anych na front panuje swego rodzaju wypalenie. Ci, kt\u00f3rzy walcz\u0105 na p\u00f3\u0142nocy, to ci sami, kt\u00f3rzy walczyli w Gazie. Obecnie zreszt\u0105 toczy si\u0119 wojna na siedmiu frontach, co oznacza, \u017ce izraelska obrona powietrzna musi by\u0107 stale w pogotowiu. Pojawi\u0142a si\u0119 potrzeba demobilizacji cz\u0119\u015bci tych \u017co\u0142nierzy, z kt\u00f3rych wielu to potrzebni z powrotem do pracy obywatele, rezerwi\u015bci. Sze\u015b\u0107dziesi\u0119ciu siedmiu \u017co\u0142nierzy zgin\u0119\u0142o na samym froncie p\u00f3\u0142nocnym od czasu rozpocz\u0119cia operacji l\u0105dowej dwa miesi\u0105ce temu, a prawie tysi\u0105c w walkach w ci\u0105gu ostatniego roku. Dla kraju wielko\u015bci Izraela to bardzo wysoka liczba ofiar.<\/span><\/p>\n<p class=\"text--paragraph\" style=\"text-align: left;\"><span style=\"color: #000080;\">Trzecim czynnikiem jest to, \u017ce cele Izraela na p\u00f3\u0142nocy s\u0105 znacznie skromniejsze ni\u017c na po\u0142udniu. W przeciwie\u0144stwie do Strefy Gazy, gdzie celem jest doprowadzenie do zniszczenia Hamasu, tutaj celem by\u0142o tylko zneutralizowanie bezpo\u015bredniego zagro\u017cenia stwarzanego przez Hezbollah. Chodzi\u0142o o zniszczenie fortyfikacji, sieci tuneli, a przede wszystkim zapas\u00f3w broni i zdziesi\u0105tkowanie si\u0142 specjalnych al-Radwan, czyli elitarnych oddzia\u0142\u00f3w \u201ePartii Boga&#8221;. Zagro\u017cenie wprawdzie nie znikn\u0119\u0142o, ale jest ju\u017c w du\u017cej mierze opanowane.<\/span><\/p>\n<p class=\"text--paragraph\" style=\"text-align: left;\"><span style=\"color: #000080;\">Wreszcie, istnieje czynnik polityczny, zwi\u0105zany z ameryka\u0144skimi\u00a0<a style=\"color: #000080;\" href=\"https:\/\/wyborcza.pl\/0,128956.html?tag=wybory+2023#anchorLink\">wyborami<\/a>.<\/span><\/p>\n<p class=\"text--paragraph\" style=\"text-align: left;\"><span style=\"color: #000080;\">Po stronie izraelskiej istnia\u0142a obawa, \u017ce ust\u0119puj\u0105ca administracja Joe Bidena zachowa si\u0119 jak\u00a0<a style=\"color: #000080;\" href=\"https:\/\/wyborcza.pl\/0,128956.html?tag=barack+obama#anchorLink\">Barack Obama<\/a>\u00a0w przededniu odej\u015bcia z urz\u0119du: pozwoli\u0142 on wtedy na przyj\u0119cie wi\u0105\u017c\u0105cej rezolucji w Radzie Bezpiecze\u0144stwa ONZ, pot\u0119piaj\u0105cej osiedla na Zachodnim Brzegu [rezolucja 2334, przyj\u0119ta w 2016 r.] Izraelczycy obawiali si\u0119 podobnej rezolucji dotycz\u0105cej Libanu i Strefy Gazy, kt\u00f3ra by\u0142aby dla nich mniej korzystna ni\u017c zawarte z Hezbollahem porozumienie. To zatem spos\u00f3b na uprzedzenie dyplomatycznej pora\u017cki.<\/span><\/p>\n<h4 class=\"text--question font-head-500\"><strong>Czy uwa\u017ca pan, \u017ce wydanie przez MTK nakaz\u00f3w aresztowania Netanjahu i jego by\u0142ego ministra obrony Joawa Gallanta by\u0142o czynnikiem, kt\u00f3ry odegra\u0142 rol\u0119?<\/strong><\/h4>\n<p class=\"text--paragraph\" style=\"text-align: left;\"><span style=\"color: #000080;\">&#8211; Dyskusje o tym trwaj\u0105 ju\u017c od kilku tygodni, ale mo\u017ce istnie\u0107 po\u015bredni zwi\u0105zek. Jestem przekonany, \u017ce Izrael spodziewa\u0142 si\u0119 doj\u015bcia do w\u0142adzy Donalda Trumpa. A ten wielokrotnie pokazywa\u0142 swoj\u0105 gotowo\u015b\u0107 do przej\u0119cia inicjatywy: wzywa\u0142 do zako\u0144czenia dzia\u0142a\u0144 wojennych zar\u00f3wno w Strefie Gazy, jak i na p\u00f3\u0142nocy. Co wi\u0119cej, zosta\u0142 wybrany cz\u0119\u015bciowo dzi\u0119ki g\u0142osom liba\u0144skich Amerykan\u00f3w, kt\u00f3rzy stanowi\u0105 du\u017cy segment arabsko-ameryka\u0144skiego elektoratu. Ze swojej strony Izraelczycy licz\u0105 na to, \u017ce Trump zneutralizuje wp\u0142yw nakaz\u00f3w aresztowania (poprzez zamro\u017cenie aktyw\u00f3w prokurator\u00f3w i wywarcie presji na mocarstwa sprzymierzone ze Stanami Zjednoczonymi, aby odst\u0105pi\u0142y od aresztowania Netanjahu i Gallanta, je\u015bli znajd\u0105 si\u0119 na ich terytorium). Aby uzyska\u0107 tego rodzaju dzia\u0142ania, Izraelczycy doszli do wniosku, \u017ce musz\u0105 pokaza\u0107 Trumpowi swoje wysi\u0142ki i zdali sobie spraw\u0119, jak wa\u017cne jest, aby nadchodz\u0105ca administracja po\u0142o\u017cy\u0142a kres takim dzia\u0142aniom MTK.<\/span><\/p>\n<h4 class=\"text--question font-head-500\"><strong>Jakie mog\u0105 by\u0107 konsekwencje rozejmu?<\/strong><\/h4>\n<p class=\"text--paragraph\" style=\"text-align: left;\"><span style=\"color: #000080;\">&#8211; Izraelczycy maj\u0105 nadziej\u0119, \u017ce Hamas, kt\u00f3ry znalaz\u0142 si\u0119 w izolacji, r\u00f3wnie\u017c z\u0142agodzi swoje stanowisko w sprawie zawieszenia broni. Ale nic nie wskazuje na to, \u017ce tak si\u0119 stanie. Do tej pory stanowisko Hamasu zawsze by\u0142o takie samo: uzale\u017cniaj\u0105 uwolnienie zak\u0142adnik\u00f3w od ca\u0142kowitego wycofania izraelskich si\u0142 ze Strefy Gazy. Po zabiciu Jahji Sinwara Izrael mia\u0142 nadziej\u0119 na zmian\u0119 stanowiska, ale zosta\u0142o ono utrzymane przez jego nast\u0119pc\u00f3w. Jednak koalicja kierowana przez Netanjahu doskonale wie, \u017ce przyj\u0119cie tego warunku hamasowc\u00f3w by\u0142oby postrzegane jako kapitulacja przez du\u017c\u0105 liczb\u0119 Izraelczyk\u00f3w, zw\u0142aszcza z prawicy, i przyspieszy\u0142oby<\/span><span style=\"color: #000080;\"> upadek rz\u0105du.<\/span><\/p>\n<hr style=\"height: 15px; background: #d0e6fa; width: 100%;\" \/>\n<div id=\"content\" class=\"content-alignment\">\n<div id=\"watch-description\" class=\"yt-uix-button-panel\">\n<div id=\"watch-description-text\" style=\"text-align: center;\">\n<p><em>Zawarto\u015b\u0107 publikowanych artyku\u0142\u00f3w i materia\u0142\u00f3w nie reprezentuje pogl\u0105d\u00f3w ani opinii Reunion&#8217;68,<\/em><em><br \/>\nani te\u017c webmastera Blogu Reunion&#8217;68, chyba ze jest to wyra\u017anie zaznaczone.<br \/>\nTwoje uwagi, linki, w\u0142asne artyku\u0142y lub wiadomo\u015bci prze\u015blij na adres:<br \/>\n<\/em><span style=\"color: #000080;\"><strong><em><a style=\"color: #000080;\" href=\"mailto:webmaster@reunion68.com\"><span style=\"text-decoration: underline;\">webmaster@reunion68.com<\/span><\/a><\/em><\/strong><\/span><\/p>\n<\/div>\n<\/div>\n<\/div>\n<hr style=\"width: 100%;\" \/>\n","protected":false},"excerpt":{"rendered":"<p>M\u0119\u017cczyzna macha liba\u0144sk\u0105 flag\u0105, stoj\u0105c po\u015br\u00f3d gruz\u00f3w budynku zniszczonego w izraelskich atakach, po tym, jak zawieszenie broni mi\u0119dzy Izraelem a wspieran\u0105 przez Iran grup\u0105 Hezbollah wesz\u0142o w \u017cycie o godzinie 02:00, Tyr w Libanie, 27 listopada 2024 r. Cztery powody, dla kt\u00f3rych Izrael zgodzi\u0142 si\u0119 na zawieszenie broni z Hezbollahem [LE FIGARO] Clotilde J\u00e9gousse \/ [&hellip;]<\/p>\n","protected":false},"author":1,"featured_media":0,"comment_status":"closed","ping_status":"closed","sticky":false,"template":"","format":"standard","meta":[],"categories":[6],"tags":[26,24],"_links":{"self":[{"href":"https:\/\/www.reunion68.se\/index.php?rest_route=\/wp\/v2\/posts\/117301"}],"collection":[{"href":"https:\/\/www.reunion68.se\/index.php?rest_route=\/wp\/v2\/posts"}],"about":[{"href":"https:\/\/www.reunion68.se\/index.php?rest_route=\/wp\/v2\/types\/post"}],"author":[{"embeddable":true,"href":"https:\/\/www.reunion68.se\/index.php?rest_route=\/wp\/v2\/users\/1"}],"replies":[{"embeddable":true,"href":"https:\/\/www.reunion68.se\/index.php?rest_route=%2Fwp%2Fv2%2Fcomments&post=117301"}],"version-history":[{"count":9,"href":"https:\/\/www.reunion68.se\/index.php?rest_route=\/wp\/v2\/posts\/117301\/revisions"}],"predecessor-version":[{"id":117327,"href":"https:\/\/www.reunion68.se\/index.php?rest_route=\/wp\/v2\/posts\/117301\/revisions\/117327"}],"wp:attachment":[{"href":"https:\/\/www.reunion68.se\/index.php?rest_route=%2Fwp%2Fv2%2Fmedia&parent=117301"}],"wp:term":[{"taxonomy":"category","embeddable":true,"href":"https:\/\/www.reunion68.se\/index.php?rest_route=%2Fwp%2Fv2%2Fcategories&post=117301"},{"taxonomy":"post_tag","embeddable":true,"href":"https:\/\/www.reunion68.se\/index.php?rest_route=%2Fwp%2Fv2%2Ftags&post=117301"}],"curies":[{"name":"wp","href":"https:\/\/api.w.org\/{rel}","templated":true}]}}