{"id":117328,"date":"2024-11-28T17:09:40","date_gmt":"2024-11-28T15:09:40","guid":{"rendered":"http:\/\/www.reunion68.se\/?p=117328"},"modified":"2024-11-28T13:08:13","modified_gmt":"2024-11-28T11:08:13","slug":"28-09-102","status":"publish","type":"post","link":"https:\/\/www.reunion68.se\/?p=117328","title":{"rendered":"Brednie na wysokich szczud\u0142ach"},"content":{"rendered":"<p style=\"text-align: center;\"><img decoding=\"async\" class=\"aligncenter\" src=\"https:\/\/upload.wikimedia.org\/wikipedia\/commons\/thumb\/c\/cc\/Pro-palestinsk_demo_jan_2024.jpg\/800px-Pro-palestinsk_demo_jan_2024.jpg\" width=\"100%\" \/><span style=\"color: #808080;\"><em>Wiec \u201ekrytyk\u00f3w Izraela\u201d w Sztokholmie 27 stycznia 2024 r. (\u0179r\u00f3d\u0142o zdj\u0119cia: Wikipedia)<\/em><\/span><\/p>\n<hr \/>\n<h5 style=\"text-align: center;\"><a href=\"https:\/\/www.listyznaszegosadu.pl\/\" target=\"_blank\" rel=\"noopener noreferrer\"><img decoding=\"async\" class=\"center alignleft\" src=\"http:\/\/www.reunion68.com\/Biuletyn\/img\/z-naszego.jpg\" alt=\"\" width=\"50%\" \/><\/a><span style=\"text-decoration: underline; color: #000080;\"><strong><a style=\"color: #000080; text-decoration: underline;\" href=\"https:\/\/www.listyznaszegosadu.pl\/notatki\/brednie-na-wysokich-szczudlach\" target=\"_blank\" rel=\"noopener noreferrer\">Brednie na wysokich szczud\u0142ach<\/a><\/strong><\/span><\/h5>\n<p style=\"text-align: center;\"><span style=\"color: #000000;\"><strong>Andrzej Koraszewski<\/strong><\/span><\/p>\n<hr style=\"height: 15px; background: #d0e6fa; width: 100%;\" \/>\n<div class=\"templateArticleIngress\" style=\"text-align: left;\"><span style=\"color: #000080;\">Patrz\u0105c na przelewaj\u0105c\u0105 si\u0119 przez \u015bwiat fal\u0119 w\u015bciek\u0142ego antysemityzmu czytelnik pyta, jak to jest mo\u017cliwe? Faktycznie trudno jest odpowiedzie\u0107 na pytanie, czym kieruje si\u0119 ameryka\u0144ski, czy kanadyjski gej, czy te\u017c r\u00f3\u017cowow\u0142osa lesbijka, maszeruj\u0105c pod has\u0142em \u201ewszyscy jeste\u015bmy Hamasem\u201d? Powiedzie\u0107 takiemu, \u017ce on by\u0142by zrzucony z wysokiego budynku, a jej, \u017ce zosta\u0142aby przed zamordowaniem zbiorowo zgwa\u0142cona, to mog\u0105 mie\u0107 pretensje o u\u017cycie niew\u0142a\u015bciwych zaimk\u00f3w osobowych oraz wzmocni\u0107 swoje oburzenie oskar\u017ceniem o islamofobi\u0119. A co powiedzie\u0107 o ateistach krzycz\u0105cych \u201eod rzeki do morza\u201d, albo o dziennikarzach przera\u017conych sam\u0105 propozycj\u0105 wyja\u015bnienia, co to has\u0142o znaczy, czy o \u017bydach, odmawiaj\u0105cych kadysz za zabitych przez Izrael terroryst\u00f3w?<\/span><\/div>\n<div class=\"templateArticleBrodtext\">\n<p style=\"text-align: left;\"><span style=\"color: #000080;\">Czy paranoja jest zara\u017aliwa? Je\u015bli uwa\u017cnie przyjrzymy si\u0119 historii, mo\u017cemy straci\u0107 w\u0105tpliwo\u015bci w tej sprawie. Rozmowa z antysemit\u0105 jest jak rozmowa z kreacjonist\u0105, os\u0142oni\u0119ci pancerzem wiary pozostaj\u0105 odporni na argumenty i przekonani, \u017ce tylko g\u0142upiec zajmuje si\u0119 szukaniem fakt\u00f3w przecz\u0105cych ich g\u0142\u0119bokiej wierze.<\/span><\/p>\n<p style=\"text-align: left;\"><span style=\"color: #000080;\">Pod kr\u00f3tkim\u00a0<a style=\"color: #000080;\" href=\"https:\/\/www.listyznaszegosadu.pl\/brunatna-fala\/nowy-raport-ujawnia-glebokie-powiazania-edukatoralw-unrwa-z-terroryzmem\">artyku\u0142em<\/a>\u00a0informuj\u0105cym o raporcie na temat powi\u0105za\u0144 b\u0119d\u0105cej cz\u0119\u015bci\u0105 ONZ organizacji UNRWA z terrorystyczn\u0105 organizacj\u0105 Hamas pani Magdalena pisze:\u00a0\u201e<strong>Badania izraelskich organizacji<\/strong>\u201d i dodaje ikonk\u0119 pustego \u015bmiechu. Ten wpis jest na Facebooku, wi\u0119c nie wiemy, czy ta Magdalena przeczyta\u0142a artyku\u0142, czy ograniczy\u0142a si\u0119 do skomentowania jego dwuzdaniowej zapowiedzi. Jej odpowied\u017a mo\u017cemy prze\u0142o\u017cy\u0107 na stwierdzenie: \u201e\u017bydom nigdy nie wierz\u0119.\u201d Magdalena ma niemieckie nazwisko, (kt\u00f3re r\u00f3wnie dobrze mo\u017ce by\u0107 \u017cydowskim).<\/span><\/p>\n<p style=\"text-align: left;\"><span style=\"color: #000080;\">Takie o\u015bwiadczenie zmienia pr\u00f3b\u0119 dalszej dyskusji w bezsens. Wi\u0119c mo\u017cna albo zignorowa\u0107, albo sprowokowa\u0107 do jednoznacznego przedstawienia dogmat\u00f3w wiary. Kiedy zwracam uwag\u0119, \u017ce ten brak zaufania do wszystkiego, co m\u00f3wi\u0105 \u017bydzi, jest bardzo wiele m\u00f3wi\u0105cy, Magdalena odpowiada:<\/span><\/p>\n<blockquote>\n<p style=\"text-align: left;\"><strong>\u201eAch drogi panie, to nie antysemityzm (s\u0142owo, kt\u00f3rym \u015bwietnie \u017congluje Izrael)&#8230;stawianie si\u0119 w roli ofiary, jednocze\u015bnie prowadz\u0105c polityk\u0119 okupacji, odbierania prawa do istnienia, zagrabiania ziem, wysiedlania, tworzenia obywateli drugiej kategorii &#8230;okupant, kt\u00f3ry p\u0142acze, \u017ce okupowany go nie kocha i si\u0119 buntuje.. i walczy na wszelkie sposoby o swoj\u0105 to\u017csamo\u015b\u0107.. odk\u0105d \u015bwiat \u015bwiatem, okupanci nazywali okupowanych terrorystami.. a poparcie tej, lub tamtej strony zale\u017cy od uk\u0142ad\u00f3w polityczno-biznznesowych.\u201d<\/strong><\/p>\n<\/blockquote>\n<p style=\"text-align: left;\"><span style=\"color: #000080;\">Teraz to ju\u017c nie jest kr\u00f3tkie zdanie i ikonka, ale pe\u0142en zestaw oskar\u017ce\u0144, z kt\u00f3rymi na poz\u00f3r mo\u017cna dyskutowa\u0107. Mo\u017cna zatem zadawa\u0107 pytania, czy Izrael mia\u0142 prawo si\u0119 odrodzi\u0107, czy \u017bydzi mimo wszystkich wygna\u0144 i mord\u00f3w mieszkali tam nieprzerwanie od ponad czterech tysi\u0119cy lat, czy pierwsze osadnictwo w XIX wieku by\u0142o na ziemiach wykupionych, czy zdobytych, czy strona arabska zaakceptowa\u0142a proponowany podzia\u0142, czy arabska imigracja do Mandatu Palesty\u0144skiego by\u0142a wi\u0119ksza ni\u017c \u017cydowska, czy i ilu Arab\u00f3w zosta\u0142o wygnanych ze swoich dom\u00f3w podczas wojny o niepodleg\u0142o\u015b\u0107, a jak wielu uciek\u0142o na wezwanie arabskich armii obiecuj\u0105cych, \u017ce za tydzie\u0144 b\u0119d\u0105 mogli wr\u00f3ci\u0107, jak ju\u017c \u017byd\u00f3w nie b\u0119dzie, czy Arabowie, kt\u00f3rzy zostali w Izraelu, maj\u0105 r\u00f3wne obywatelskie prawa takie same jak \u017bydzi, czy Izrael wszcz\u0105\u0142 jak\u0105kolwiek wojn\u0119, czy prowadzi\u0142 wy\u0142\u0105cznie wojny obronne, czy rzeczywi\u015bcie okupuje jakikolwiek skrawek ziemi arabskiej, czy Palesty\u0144czycy wielokrotnie odm\u00f3wili propozycji utworzenia w\u0142asnego pa\u0144stwa w zamian za trwa\u0142y pok\u00f3j?<\/span><\/p>\n<p style=\"text-align: left;\"><span style=\"color: #000080;\">Pani Magdalena zapewnia, \u017ce antysemitk\u0105 nie jest, na zwr\u00f3con\u0105 uwag\u0119, \u017ce w Gazie nie by\u0142o \u017cadnych \u017byd\u00f3w od 2005 roku dowiedzieli\u015bmy si\u0119, \u017ce:<\/span><\/p>\n<blockquote>\n<p style=\"text-align: left;\"><strong>\u201eGaza nigdy nie by\u0142a wolna, to propaganda. A co\u00a0z odbieraniem ziem na Zachodnim Brzegu? Jaki status mieli tam Palesty\u0144czycy? I niech pan sko\u0144czy z tym rzucaniem s\u0142owem antysemitka, bo tylko to potraficie, udawanie ofiary, ka\u017cda krytyka dzia\u0142a\u0144 Izraela, to antysemityzm. Tylko wam wszystko wolno, straszne to jest.\u201d<\/strong><\/p>\n<\/blockquote>\n<p style=\"text-align: left;\"><span style=\"color: #000080;\">Czego tu brak? Nie ma Porozumie\u0144 z Oslo i informacji, czy pani Magdalena je zna, nie ma zamachu Hamasu i mordowania Palesty\u0144czyk\u00f3w przez Palesty\u0144czyk\u00f3w w Gazie. Nie ma Karty Hamasu deklaruj\u0105cej zamiar ludob\u00f3jstwa Izraelczyk\u00f3w, nie ma informacji, \u017ce obszar C w Judei i Samarii, (nazwanej przez Jordani\u0119 \u201eZachodnim Brzegiem\u201d), jest obszarem spornym, kt\u00f3rego przysz\u0142o\u015b\u0107 mia\u0142a by\u0107 rozstrzygni\u0119ta w pokojowych negocjacjach. Kr\u00f3tko m\u00f3wi\u0105c nie wida\u0107 tu \u017cadnej wiedzy innej poza arabsk\u0105 propagand\u0105. A jednak najciekawsze jest to stwierdzenie:\u00a0<strong>\u201etylko wam wszystko wolno\u201d<\/strong>. Zak\u0142ada owa Magdalena, \u017ce je\u015bli kto\u015b przeciwstawia si\u0119 nieprawdziwym informacjom o Izraelu, to musi to by\u0107 jaki\u015b \u017byd-syjonista. Jej wiara odrzuca mo\u017cliwo\u015b\u0107 zewn\u0119trznego obserwatora badaj\u0105cego fakty. Trudno by\u0142oby dyskutowa\u0107 o r\u00f3\u017cnych arabskich koncepcjach pokoju z Izraelem, o pogl\u0105dach palesty\u0144skich dysydent\u00f3w, o historii i ideologii Bractwa Muzu\u0142ma\u0144skiego, zmierzaj\u0105cego do budowy \u015bwiatowego kalifatu, a nie \u017cadnej Palestyny.<\/span><\/p>\n<p style=\"text-align: left;\"><span style=\"color: #000080;\">Czy ta Magdalena naprawd\u0119 interesuje si\u0119 Palesty\u0144czykami? Takie twierdzenie by\u0142oby wr\u0119cz zabawne, ale kto wie, mo\u017ce chcia\u0142aby dyskutowa\u0107 o tym, dlaczego wielokrotnie wi\u0119ksza pomoc ni\u017c ca\u0142y Plan Marshalla dla Europy zaowocowa\u0142a tylko budow\u0105 terrorystycznej twierdzy w Gazie i odmawiaj\u0105cej rozm\u00f3w o pokoju Autonomii Palesty\u0144skiej? Czy pytanie o prawa Palesty\u0144czyk\u00f3w w \u201egoszcz\u0105cych\u201d ich krajach arabskich by\u0142oby nietaktem? Czy \u0142atwe do udowodnienia stwierdzenie, \u017ce Palesty\u0144czycy traktowani s\u0105 przez Arab\u00f3w nie jak ludzie, ale wy\u0142\u0105cznie jako psy wojny, mog\u0142oby oburzy\u0107 t\u0119 wra\u017cliw\u0105 i \u201ewsp\u00f3\u0142czuj\u0105c\u0105\u201d kobiet\u0119?<\/span><\/p>\n<p style=\"text-align: left;\"><span style=\"color: #000080;\">Ameryka\u0144ska nauczycielka akademicka pochodz\u0105ca z Jordanii na spotkaniu ze studentami,\u00a0<a style=\"color: #000080;\" href=\"https:\/\/x.com\/orenbarsky\/status\/1859935599370617291?fbclid=IwZXh0bgNhZW0CMTAAAR0prEBnergkAu1dTc5kk_wmaXy3Y8CE_mPfvQ-DDtHPQ_D6JkEdjtsBn-Q_aem_JHucxVEY1ktTJG6W-9aRcg\" target=\"_blank\" rel=\"noopener noreferrer\"><strong>zaczyna od powiedzenia,\u00a0\u017ce pochodzi z Jordanii<\/strong><\/a>, \u017ce wyk\u0142ada na ameryka\u0144skim uniwersytecie, \u017ce docenia zainteresowanie jej regionem, ale uwa\u017ca, \u017ce trzeba mie\u0107 pokor\u0119 i umie\u0107 si\u0119 przyzna\u0107, \u017ce wie si\u0119 zbyt ma\u0142o. M\u00f3wi, \u017ce docenia, \u017ce studenci wyst\u0119puj\u0105 w obronie jej narodu, przypomina, \u017ce przed powstaniem Mandatu Palesty\u0144skiego mog\u0142aby by\u0107 Libank\u0105, Syryjk\u0105 albo Egipcjank\u0105 (ale nie Jordank\u0105, ani Palestynk\u0105, bo niczego takiego nie by\u0142o), pyta co wiedz\u0105 o jej narodzie? A wreszcie stwierdza gniewnie: \u201eJeste\u015bcie rozpuszczonymi ameryka\u0144skim bachorami, kt\u00f3re chc\u0105 zwr\u00f3ci\u0107 na siebie uwag\u0119, ale wy\u0142\u0105cznie pogarszacie problem\u201d. Dostaje oklaski, co rzadko si\u0119 zdarza na takich spotkaniach. Poniewa\u017c za tym sposobem zwracania na siebie uwagi kryje si\u0119 d\u0142uga tradycja zachodniego, chrze\u015bcija\u0144skiego antysemityzmu, po\u0142\u0105czonego z lewicowym (sowieckim) antysemityzmem, zlanym dzi\u015b w jedn\u0105 ca\u0142o\u015b\u0107 z pot\u0119\u017cnym muzu\u0142ma\u0144skim antysemityzmem.<\/span><\/p>\n<p style=\"text-align: left;\"><span style=\"color: #000080;\">Tak, ci m\u0142odzi ludzie chc\u0105 zwr\u00f3ci\u0107 na siebie uwag\u0119, ale fakt, \u017ce robi\u0105 to w\u0142a\u015bnie w ten spos\u00f3b, nie jest przypadkowy. Od drugiej wojny \u015bwiatowej min\u0119\u0142y trzy pokolenia, wnuki europejskich barbarzy\u0144c\u00f3w nie chc\u0105 ju\u017c mie\u0107\u00a0 poczucia winy, komunizm upad\u0142 ju\u017c dawno, jego zbrodnie posz\u0142y w zapomnienie, jego obietnice s\u0105 znowu kusz\u0105ce. Dobrobyt jest oczywisto\u015bci\u0105, wsp\u00f3\u0142czucie jest tu wyznaniem wiary bez pr\u00f3by poszukiwania wiedzy. Jak mo\u017cna pos\u0105dza\u0107 ich o antysemityzm? Przecie\u017c chc\u0105 dobrze, walcz\u0105 ze z\u0142em, a ci \u017bydzi to okupanci, kt\u00f3rzy wygonili biednych Palesty\u0144czyk\u00f3w, prze\u015bladuj\u0105 ich, wi\u0119c broni\u0105 si\u0119 wszelkimi \u015brodkami, \u017ceby zachowa\u0107 swoj\u0105 to\u017csamo\u015b\u0107.<\/span><\/p>\n<p style=\"text-align: left;\"><span style=\"color: #000080;\">To osobliwe \u201ewsp\u00f3\u0142czucie\u201d, kt\u00f3rego nie ma ani dla Kurd\u00f3w, ani dla mieszka\u0144c\u00f3w Sudanu, ani dla protestuj\u0105cych przeciw tyranii ajatollah\u00f3w Ira\u0144czyk\u00f3w, ani dla mordowanych dziesi\u0105tkami tysi\u0119cy czarnych chrze\u015bcijan w Afryce. Wi\u0119c jak to jest mo\u017cliwe, \u017ce wsp\u00f3\u0142czucie dla Palesty\u0144czyk\u00f3w, kt\u00f3rym Izraelczycy utrudniaj\u0105 mordowanie \u017byd\u00f3w, porywa miliony? Broni\u0105cy swojego \u017cycia \u017bydzi ur\u0105gaj\u0105 ich koncepcji praw cz\u0142owieka.<\/span><\/p>\n<p style=\"text-align: left;\"><span style=\"color: #000080;\">Antysemityzm nazywa si\u0119 czasem najstarsz\u0105 nienawi\u015bci\u0105. Zakodowany w religii, w literaturze, w codziennym j\u0119zyku, niesie stereotyp \u0142\u0105cz\u0105cy obraz \u017byda z wszelkim z\u0142em i mo\u017cliwo\u015b\u0107 po\u0142\u0105czenia ka\u017cdego z\u0142a z \u017bydem. \u201eKrytyka Izraela\u201d to zazwyczaj obarczanie \u017cydowskiego pa\u0144stwa zbrodniami pope\u0142nianymi przeciw Izraelowi. Islam jest religi\u0105 kolonialn\u0105, nie tylko podbi\u0142 ogromne po\u0142acie Ziemi, ale \u017c\u0105da od swoich wiernych podboju \u015bwiata; wszystkie kraje arabskie stosuj\u0105 apartheid, ludob\u00f3jstwo (zamiar zniszczenia jakiej\u015b grupy w ca\u0142o\u015bci lub cz\u0119\u015bci) to dzia\u0142ania takie jak Turk\u00f3w wobec Ormian i Grek\u00f3w, nazist\u00f3w wobec \u017byd\u00f3w, Hutu wobec Tutsi. Czy wielki g\u0142\u00f3d na Ukrainie by\u0142 ludob\u00f3jstwem? Gu\u0142ag, Biafra, masowe mordy Pol-Pota? Male\u0144ki Izrael jest pa\u0144stwem kolonialnym? Chyba co\u015b si\u0119 komu\u015b pomyli\u0142o. Gdzie jest druga taka kolonia, kt\u00f3ra nie ma macierzy i w kt\u00f3rej mieszka\u0144cy na ka\u017cdym skrawku ziemi odnajduj\u0105 \u015blady swoich przodk\u00f3w? Stosuj\u0105 apartheid wobec innowierc\u00f3w? W Izraelu? Nie? Mo\u017ce chodzi o \u201emur apartheidu\u201d, o utrudnianie terrorystom wkraczania do kraju i zabijania ludzi na ulicach, o utrudnianie dojazd\u00f3w do pracy, czy mo\u017ce o to, \u017ce ci, kt\u00f3rzy nie s\u0105 obywatelami, nie maj\u0105 praw obywatelskich? Dlaczego mieszkaj\u0105cy w Izraelu Arabowie za \u017cadne skarby nie godz\u0105 si\u0119 na wymian\u0119 terytori\u00f3w i dostanie si\u0119 pod w\u0142adz\u0119 \u201ePalesty\u0144czyk\u00f3w\u201d. Ludob\u00f3jstwo? Cywilne ofiary w wojnie rozpocz\u0119tej ludob\u00f3jcz\u0105 napa\u015bci\u0105, z terrorystycznej twierdzy, w kt\u00f3rej terrory\u015bci okopali si\u0119 w\u015br\u00f3d cywil\u00f3w, w wojnie, w kt\u00f3rej po\u0142owa zabitych to uzbrojeni \u201ebojownicy\u201d, a w\u015br\u00f3d zabitych dzieci znaczn\u0105 cz\u0119\u015b\u0107 stanowili \u201edzieci-\u017co\u0142nierze\u201d, sfanatyzowane i wykorzystywane przez organizacj\u0119, kt\u00f3ra \u00a0nie ma cienia lito\u015b\u0107 i dla swojej ludno\u015bci. Ludob\u00f3jstwo? Naprawd\u0119? Zabijanie g\u0142odem, kiedy organizacje humanitarne nie nad\u0105\u017caj\u0105 z odbieraniem ci\u0119\u017car\u00f3wek z \u017cywno\u015bci\u0105 dla wrogiej populacji?<\/span><\/p>\n<p style=\"text-align: left;\"><span style=\"color: #000080;\">Co jest potrzebne, \u017ceby uwierzy\u0107 w te brednie? Tradycja? D\u0142uga, pot\u0119\u017cna tradycja?<\/span><\/p>\n<p style=\"text-align: left;\"><span style=\"color: #000080;\">Czytelnik na forum gazety pisze: \u201eKiedy\u015b przeczyta\u0142em w Internecie, \u017ce \u017bydzi to mafia. Wsz\u0119dzie ich pe\u0142no. Dziwi mnie sk\u0105d u nich takie okrucie\u0144stwo, sk\u0105d taka hipokryzja?\u201d To jego refleksja na wiadomo\u015b\u0107 o niszczeniu przez Izrael arsena\u0142\u00f3w Hezbollahu. G\u0142\u0119boka refleksja, po zapoznaniu si\u0119 z wszystkimi faktami i po d\u0142ugim namy\u015ble.(Czy musz\u0119 dodawa\u0107, \u017ce \u017cartuj\u0119?)<\/span><\/p>\n<p style=\"text-align: left;\"><span style=\"color: #000080;\">Wiele lat temu przeprowadzono w Niemczech badania nad przynale\u017cno\u015bci\u0105 do NSDAP w miastach, w kt\u00f3rych w \u015bredniowieczu by\u0142y masowe pogromy \u017byd\u00f3w i w miastach, w kt\u00f3rych takich pogrom\u00f3w nie by\u0142o. Wyniki nie pozostawia\u0142y w\u0105tpliwo\u015bci \u2013 w miastach, w kt\u00f3rych by\u0142y pogromy, procent mieszka\u0144c\u00f3w nale\u017c\u0105cych do NSDAP by\u0142 znacznie wy\u017cszy ni\u017c w miastach, w kt\u00f3rych w \u015bredniowieczu pogrom\u00f3w nie by\u0142o. Mury pami\u0119ta\u0142y przez stulecia. (A mo\u017ce to nie by\u0142y mury, mo\u017ce to by\u0142a t\u0119sknota do mord\u00f3w i rabunk\u00f3w przekazywana przez stulecia, z pokolenia na pokolenie, udzielaj\u0105ca si\u0119 r\u00f3wnie\u017c tym, kt\u00f3rzy tam osiedli p\u00f3\u017aniej?)<\/span><\/p>\n<p style=\"text-align: left;\"><span style=\"color: #000080;\">Dlaczego wyj\u0105tkowe, sadystyczne \u00a0okrucie\u0144stwo hamasowskich napastnik\u00f3w wzbudzi\u0142o zachwyt, podziw i potrzeb\u0119 oskar\u017cania \u017byd\u00f3w w\u0142a\u015bnie o takie zbrodnie, kt\u00f3re tak wielu wyra\u017anie zachwyca\u0142y? Czy musimy szuka\u0107 odpowiedzi w psychologii ewolucyjnej? Czy jeste\u015bmy gatunkiem sadystycznych morderc\u00f3w? A mo\u017ce odpowied\u017a na pytanie \u201ejak to jest mo\u017cliwe\u201d jest po prostu niemo\u017cliwa?<\/span><\/p>\n<p style=\"text-align: left;\"><span style=\"color: #000080;\">Izraelski dziennikarz\u00a0 Gol Kalev\u00a0\u00a0<a style=\"color: #000080;\" href=\"https:\/\/www.jpost.com\/opinion\/article-830483\">podejrze<\/a>wa, \u017ce dzi\u015b, w XXI wieku fala nienawi\u015bci do \u017byd\u00f3w jest o wiele silniejsza ni\u017c by\u0142a w latach 30. ubieg\u0142ego wieku.<\/span><\/p>\n<blockquote>\n<p style=\"text-align: left;\"><strong>\u201eWtedy oskar\u017cenie, \u017ce \u017bydzi psuj\u0105 ludzko\u015b\u0107, opiera\u0142o si\u0119 na ewangelii lider\u00f3w opinii, takich jak kompozytor Richard Wagner; ale dzi\u015b opiera si\u0119 na ewangelii wiarygodnych zachodnich serwis\u00f3w informacyjnych, a tak\u017ce sponsorowanych przez Zach\u00f3d organizacji, takich jak Organizacja Narod\u00f3w Zjednoczonych, Unia Europejska, Mi\u0119dzynarodowy Trybuna\u0142 Karny i Mi\u0119dzynarodowy Trybuna\u0142 Sprawiedliwo\u015bci.\u201d<\/strong><\/p>\n<\/blockquote>\n<p style=\"text-align: left;\"><span style=\"color: #000080;\">Nie jestem pewien, czy ma racj\u0119, r\u00f3wnie\u017c wtedy bra\u0142y w tej orgii udzia\u0142 rz\u0105dy, Ko\u015bcio\u0142y, gazety, radio. Prawda, nowoczesne technologie s\u0105 wszechobecne, ale wtedy dzia\u0142a\u0142a ambona i jarmark. A jednak, nie mo\u017cna wykluczy\u0107, \u017ce ta fala jest dzi\u015b znacznie wy\u017csza i \u017ce tsunami \u00a0zosta\u0142o wywo\u0142ane zachwytem dla orgii hamasowskich\u00a0 bestialskich mord\u00f3w.<\/span><\/p>\n<p style=\"text-align: left;\"><span style=\"color: #000080;\">Co si\u0119 zmieni\u0142o? Istnieje \u017cydowskie pa\u0144stwo, jest izraelska armia, kt\u00f3ra oburza swoimi mo\u017cliwo\u015bciami obrony izraelskiego \u017cycia.<\/span><\/p>\n<p style=\"text-align: left;\"><span style=\"color: #000080;\">Einat Wilf, izraelska autorka i by\u0142a pos\u0142anka do Knesetu z ramienia Partii Pracy,\u00a0<a style=\"color: #000080;\" href=\"https:\/\/sapirjournal.org\/friends-and-foes\/2024\/03\/the-palestine-propaganda-complex\/?fbclid=IwY2xjawGu769leHRuA2FlbQIxMQABHW9Mm-nIbq_qOGZrbXDxoSgoUibEu-_78CD0VKVdFvqKsJsyFwPMfgMckw_aem_42wo9dJBs1-oavtQBxBYyQ\">pisa\u0142a na \u0142amach magazynu \u201eSapir\u201d<\/a>\u00a0o kompleksie palesty\u0144skiej propagandy. To dzia\u0142anie metod\u0105 plakatow\u0105, powtarzanie bez ko\u0144ca prostych absurdalnych hase\u0142. Jeste\u015bmy w teatrze absurdu, kt\u00f3ry jest na przedszkolnym poziomie.<\/span><\/p>\n<p style=\"text-align: left;\"><span style=\"color: #000080;\"><em><br \/>\nSyjonizm = Rasizm<\/em><\/span><br \/>\n<span style=\"color: #000080;\"><em>Syjonizm = Apartheid<\/em><\/span><br \/>\n<span style=\"color: #000080;\"><em>Syjonizm = Ludob\u00f3jstwo<\/em><\/span><\/p>\n<p style=\"text-align: left;\"><span style=\"color: #000080;\">To jednak okazuje si\u0119 genialne, dzia\u0142a, dociera do wszystkich, trafia do kibic\u00f3w pi\u0142ki no\u017cnej, do student\u00f3w, do profesor\u00f3w, do dziennikarzy i polityk\u00f3w. Proste s\u0142owa zostaj\u0105 zaprz\u0119gni\u0119te do przekonania \u015bwiata, \u017ce pa\u0144stwo \u017cydowskie to wcielenie z\u0142a.<\/span><\/p>\n<\/div>\n<p style=\"text-align: left;\"><img decoding=\"async\" class=\"aligncenter\" src=\"https:\/\/pbs.twimg.com\/media\/F9CoJQVWEAA3TFH?format=jpg&amp;name=small\" width=\"100%\" \/><br \/>\n<span style=\"color: #000080;\">\u201eStrategia plakatowa \u2014 z jej powtarzaniem prostych slogan\u00f3w na licznych forach, w po\u0142\u0105czeniu z autorytetem akademickim i imprimatur organ\u00f3w ONZ \u2014 prowadzi tylko do jednego logicznego rezultatu. Jest to ten, kt\u00f3ry widzieli\u015bmy podczas ostatnich demonstracji, podczas kt\u00f3rych Gwiazda Dawida zosta\u0142a umieszczona w koszu na \u015bmieci z napisem \u2018Utrzymajmy \u015bwiat w czysto\u015bci\u2019. Je\u015bli Izrael, syjonizm i Gwiazda Dawida s\u0105 z\u0142e, to z\u0142o musi zosta\u0107 wykorzenione. Co wi\u0119cej, musi zosta\u0107 wyrzucone do kosza i wykorzenione, poniewa\u017c po drugiej stronie tego procesu czeka \u015bwiat sprawiedliwo\u015bci, praw, r\u00f3wno\u015bci i wolno\u015bci.\u201d<\/span><\/p>\n<p style=\"text-align: left;\"><span style=\"color: #000080;\">Einat Wilf przypomina w\u0142oskiego programist\u0119, Alberto Brandoliniego, kt\u00f3ry w 2013 roku analizuj\u0105c dyskurs w Internecie doszed\u0142 do wniosku, \u017ce dzia\u0142a tu \u201ezasada asymetrii bzdur\u201d, \u017ce \u201eIlo\u015b\u0107 energii potrzebna do obalenia bzdury, jest o rz\u0105d wielko\u015bci wi\u0119ksza ni\u017c ta potrzebna do jej wyprodukowania\u201d. To prawo Bardoliniego sta\u0142o si\u0119 popularne, ale nie daje \u017cadnego lekarstwa. Bzdura chodzi na wysokich szczud\u0142ach, wszyscy j\u0105 widz\u0105 i wi\u0119kszo\u015b\u0107 ma do niej sympati\u0119. Prawda pe\u0142za po ziemi, bada definicje, szuka dokument\u00f3w, przedziera si\u0119 przez g\u0105szcz fakt\u00f3w, analizuje spory. Wielbiciele bzdury klikaj\u0105 na ikonki pustego \u015bmiechu i pozostaj\u0105 przy swojej wierze.<\/span><\/p>\n<p style=\"text-align: left;\"><span style=\"color: #000080;\">Pr\u00f3by dyskusji z antysemitami s\u0105 jak pr\u00f3by dyskusji z kreacjonistami. Wyprodukowane przez carsk\u0105 Ochran\u0119 \u201eProtoko\u0142y m\u0119drc\u00f3w Syjonu\u201d s\u0105 dzi\u015b studiowane z uwag\u0105 przez antysemickich intelektualist\u00f3w, spadkobiercy Ochrany wynale\u017ali doskonalszy spos\u00f3b transmisji antysemityzmu do mas. Technika plakatowa dzia\u0142a jak m\u0105ka i ciep\u0142e mleko na u\u015bpione dro\u017cd\u017ce, kt\u00f3re dostaj\u0105c po\u017cywk\u0119 zaczynaj\u0105 radosn\u0105 orgi\u0119 b\u0142yskawicznego rozmna\u017cania si\u0119.<\/span><\/p>\n<hr style=\"height: 15px; background: #d0e6fa; width: 100%;\" \/>\n<div id=\"content\" class=\"content-alignment\">\n<div id=\"watch-description\" class=\"yt-uix-button-panel\">\n<div id=\"watch-description-text\" style=\"text-align: center;\">\n<p><em>Zawarto\u015b\u0107 publikowanych artyku\u0142\u00f3w i materia\u0142\u00f3w nie reprezentuje pogl\u0105d\u00f3w ani opinii Reunion&#8217;68,<\/em><em><br \/>\nani te\u017c webmastera Blogu Reunion&#8217;68, chyba ze jest to wyra\u017anie zaznaczone.<br \/>\nTwoje uwagi, linki, w\u0142asne artyku\u0142y lub wiadomo\u015bci prze\u015blij na adres:<br \/>\n<\/em><span style=\"color: #000080;\"><strong><em><a style=\"color: #000080;\" href=\"mailto:webmaster@reunion68.com\"><span style=\"text-decoration: underline;\">webmaster@reunion68.com<\/span><\/a><\/em><\/strong><\/span><\/p>\n<\/div>\n<\/div>\n<\/div>\n<hr style=\"width: 100%;\" \/>\n","protected":false},"excerpt":{"rendered":"<p>Wiec \u201ekrytyk\u00f3w Izraela\u201d w Sztokholmie 27 stycznia 2024 r. (\u0179r\u00f3d\u0142o zdj\u0119cia: Wikipedia) Brednie na wysokich szczud\u0142ach Andrzej Koraszewski Patrz\u0105c na przelewaj\u0105c\u0105 si\u0119 przez \u015bwiat fal\u0119 w\u015bciek\u0142ego antysemityzmu czytelnik pyta, jak to jest mo\u017cliwe? Faktycznie trudno jest odpowiedzie\u0107 na pytanie, czym kieruje si\u0119 ameryka\u0144ski, czy kanadyjski gej, czy te\u017c r\u00f3\u017cowow\u0142osa lesbijka, maszeruj\u0105c pod has\u0142em \u201ewszyscy jeste\u015bmy [&hellip;]<\/p>\n","protected":false},"author":1,"featured_media":0,"comment_status":"closed","ping_status":"closed","sticky":false,"template":"","format":"standard","meta":[],"categories":[6],"tags":[26,24],"_links":{"self":[{"href":"https:\/\/www.reunion68.se\/index.php?rest_route=\/wp\/v2\/posts\/117328"}],"collection":[{"href":"https:\/\/www.reunion68.se\/index.php?rest_route=\/wp\/v2\/posts"}],"about":[{"href":"https:\/\/www.reunion68.se\/index.php?rest_route=\/wp\/v2\/types\/post"}],"author":[{"embeddable":true,"href":"https:\/\/www.reunion68.se\/index.php?rest_route=\/wp\/v2\/users\/1"}],"replies":[{"embeddable":true,"href":"https:\/\/www.reunion68.se\/index.php?rest_route=%2Fwp%2Fv2%2Fcomments&post=117328"}],"version-history":[{"count":7,"href":"https:\/\/www.reunion68.se\/index.php?rest_route=\/wp\/v2\/posts\/117328\/revisions"}],"predecessor-version":[{"id":117340,"href":"https:\/\/www.reunion68.se\/index.php?rest_route=\/wp\/v2\/posts\/117328\/revisions\/117340"}],"wp:attachment":[{"href":"https:\/\/www.reunion68.se\/index.php?rest_route=%2Fwp%2Fv2%2Fmedia&parent=117328"}],"wp:term":[{"taxonomy":"category","embeddable":true,"href":"https:\/\/www.reunion68.se\/index.php?rest_route=%2Fwp%2Fv2%2Fcategories&post=117328"},{"taxonomy":"post_tag","embeddable":true,"href":"https:\/\/www.reunion68.se\/index.php?rest_route=%2Fwp%2Fv2%2Ftags&post=117328"}],"curies":[{"name":"wp","href":"https:\/\/api.w.org\/{rel}","templated":true}]}}