{"id":117420,"date":"2024-12-02T17:05:46","date_gmt":"2024-12-02T15:05:46","guid":{"rendered":"http:\/\/www.reunion68.se\/?p=117420"},"modified":"2024-12-02T14:15:22","modified_gmt":"2024-12-02T12:15:22","slug":"02-05-108","status":"publish","type":"post","link":"https:\/\/www.reunion68.se\/?p=117420","title":{"rendered":"\u2018I believe in the justice system,\u2019 Biden says, as he pardons his son Hunter"},"content":{"rendered":"<h5 style=\"text-align: center;\"><a href=\"https:\/\/www.jns.org\/\" target=\"_blank\" rel=\"noopener noreferrer\"><img decoding=\"async\" class=\"center alignleft\" src=\"http:\/\/www.reunion68.com\/Biuletyn\/img\/jns-1.png\" alt=\"\" width=\"35%\" \/><\/a><span style=\"text-decoration: underline; color: #000080;\"><span><strong><a style=\"color: #000080; text-decoration: underline;\" href=\"https:\/\/www.jns.org\/i-believe-in-the-justice-system-biden-says-as-he-pardons-his-son-hunter\/\" target=\"_blank\" rel=\"noopener noreferrer\">\u2018I believe in the justice system,\u2019 Biden says, as he pardons his son Hunter<\/a><\/strong><\/span><\/span><\/h5>\n<p style=\"text-align: center;\"><span style=\"color: #000000;\"><strong>JNS Staff<\/strong><\/span><\/p>\n<hr style=\"height: 15px; background: #d0e6fa; width: 100%;\" \/>\n<div>\n<h4 style=\"text-align: center;\"><strong>&#8220;As I have wrestled with this, I also believe raw politics has infected this process and it led to a miscarriage of justice,&#8221; the U.S. president said<\/strong><span style=\"font-size: 16px;\">.<\/span><\/h4>\n<\/div>\n<p style=\"text-align: center;\"><img decoding=\"async\" src=\"https:\/\/cdn.jns.org\/uploads\/2023\/02\/Hunter-scaled-1320x880.jpg\" width=\"100%\" \/><span style=\"color: #808080;\"><em>Hunter Biden with his father, U.S. President Joe Biden, and stepmother, Jill Biden, in Washington for the presidential inauguration on Jan. 20, 2021. Photo by Navy Petty Officer 1st Class Carlos M. Vazquez II\/U.S. Department of Defense.<\/em><\/span><\/p>\n<p class=\"wp-block-paragraph\"><span style=\"color: #000080;\">U.S. President Joe Biden stated on Sunday night that he hopes Americans will understand why he, as \u201ca father and a president,\u201d decided to pardon his son Hunter Biden.<\/span><\/p>\n<p class=\"wp-block-paragraph\"><span style=\"color: #000080;\">\u201cToday, I signed a pardon for my son Hunter. From the day I took office, I said I would not interfere with the Justice Department\u2019s decision-making, and I kept my word even as I have watched my son being selectively and unfairly prosecuted,\u201d Biden stated.<\/span><\/p>\n<p class=\"wp-block-paragraph\"><span style=\"color: #000080;\">\u201cWithout aggravating factors like use in a crime, multiple purchases or buying a weapon as a straw purchaser, people are almost never brought to trial on felony charges solely for how they filled out a gun form,\u201d the president said. \u201cThose who were late paying their taxes because of serious addictions, but paid them back subsequently with interest and penalties, are typically given non-criminal resolutions. It is clear that Hunter was treated differently.\u201d<\/span><\/p>\n<p class=\"wp-block-paragraph\"><span style=\"color: #000080;\">Biden and his administration have previously issued very strong statements about gun control and the importance of holding offenders accountable for gun crimes.<\/span><\/p>\n<p class=\"wp-block-paragraph\"><span style=\"color: #000080;\">The pardon, per a White House announcement, relates to any offenses against the country that Hunter Biden \u201chas committed or may have committed or taken part in during the period from Jan. 1, 2014 through Dec. 1, 2024.\u201d<\/span><\/p>\n<p class=\"wp-block-paragraph\"><span style=\"color: #000080;\">Those include but are \u201cnot limited to all offenses charged or prosecuted (including any that have resulted in convictions) by Special Counsel David C. Weiss in Docket No. 1:23-cr-00061-MN in the United States District Court for the District of Delaware and Docket No. 2:23-CR-00599-MCS-1 in the United States District Court for the Central District of California,\u201d the president added.\u201d<\/span><\/p>\n<p class=\"wp-block-paragraph\"><span style=\"color: #000080;\">Less than a month ago, a reporter asked Karine Jean-Pierre, the White House press secretary, during a Nov. 8 press briefing about a potential pardon. \u201cHis son, Hunter, is also up for being sentenced next month,\u201d the reporter said.\u00a0\u201cDoes the president have any intention of pardoning him?\u201d<\/span><br \/>\n<span style=\"color: #000080;\">\u00a0<\/span><br \/>\n<span style=\"color: #000080;\">\u201cWe\u2019ve\u00a0been\u00a0asked\u00a0that\u00a0question\u00a0multiple\u00a0times,\u201d Jean-Pierre said.\u00a0\u201cOur answer stands, which is no.\u201d<\/span><\/p>\n<p class=\"wp-block-paragraph\"><span style=\"color: #000080;\">\u201cEverybody in America knew this day was coming,\u201d\u00a0<a style=\"color: #000080;\" href=\"https:\/\/twitter.com\/RepTimBurchett\/status\/1863377723395059832\">wrote<\/a>\u00a0Rep. Tim Burchett (R-Tenn.).<\/span><\/p>\n<p class=\"wp-block-paragraph\"><span style=\"color: #000080;\">David Greenfield, CEO of the Met Council,\u00a0<a style=\"color: #000080;\" href=\"https:\/\/twitter.com\/NYCGreenfield\/status\/1863384363779395773\">wrote<\/a>\u00a0that the pardon was \u201cunderstandable. But now as Democrats, we certainly have no moral high ground for any of the Trump pardons that Democrats objected to.\u201d<\/span><\/p>\n<p class=\"wp-block-paragraph\"><span style=\"color: #000080;\">The \u201ctiming for the Biden pardon of Hunter couldn\u2019t have been worse,\u201d\u00a0<a style=\"color: #000080;\" href=\"https:\/\/twitter.com\/JoshKraushaar\/status\/1863385976791290161\">wrote<\/a>\u00a0Josh Kraushaar, editor-in-chief of\u00a0<em>Jewish Insider<\/em>.<\/span><\/p>\n<p class=\"wp-block-paragraph\"><span style=\"color: #000080;\">Others\u00a0<a style=\"color: #000080;\" href=\"https:\/\/twitter.com\/redsteeze\/status\/1863383132524904887\">suggested<\/a>\u00a0that Trump would pardon all of the rioters who were at the U.S. Capitol on Jan. 6, 2021.<\/span><\/p>\n<p class=\"wp-block-paragraph\"><span style=\"color: #000080;\">\u201cJoe Biden has always been a venal liar who utilized his political power to pursue familial gain. So, of course, he\u2019s pardoning Hunter,\u201d\u00a0<a style=\"color: #000080;\" href=\"https:\/\/twitter.com\/benshapiro\/status\/1863387133018296796\">wrote<\/a>\u00a0Ben Shapiro, a prominent Jewish conservative podcaster and writer. \u201cHe was always going to pardon Hunter. Hunter was the bagman.\u201d<\/span><\/p>\n<h4 class=\"wp-block-paragraph\"><strong>\u2018Tried to break me\u2019<\/strong><\/h4>\n<p class=\"wp-block-paragraph\" style=\"text-align: left;\"><span style=\"color: #000080;\">Biden stated on Sunday that the charges against Hunter Biden \u201ccame about only after several of my political opponents in Congress instigated them to attack me and oppose my election.\u201d<\/span><\/p>\n<p class=\"wp-block-paragraph\" style=\"text-align: left;\"><span style=\"color: #000080;\">\u201cThen, a carefully negotiated plea deal, agreed to by the Department of Justice, unraveled in the courtroom\u2014with a number of my political opponents in Congress taking credit for bringing political pressure on the process,\u201d he said. \u201cHad the plea deal held, it would have been a fair, reasonable resolution of Hunter\u2019s cases.\u201d<\/span><\/p>\n<p class=\"wp-block-paragraph\" style=\"text-align: left;\"><span style=\"color: #000080;\">\u201cNo reasonable person, who looks at the facts of Hunter\u2019s cases, can reach any other conclusion than Hunter was singled out only because he is my son\u2014and that is wrong,\u201d Biden said. \u201cIn trying to break Hunter, they\u2019ve tried to break me\u2014and there\u2019s no reason to believe it will stop here. Enough is enough.\u201d<\/span><\/p>\n<p class=\"wp-block-paragraph\" style=\"text-align: left;\"><span style=\"color: #000080;\">The president said that he has followed \u201ca simple principle\u201d for his entire career, which is to \u201cjust tell the American people the truth.\u201d<\/span><\/p>\n<p class=\"wp-block-paragraph\" style=\"text-align: left;\"><span style=\"color: #000080;\">\u201cThey\u2019ll be fair-minded. Here\u2019s the truth: I believe in the justice system, but as I have wrestled with this, I also believe raw politics has infected this process and it led to a miscarriage of justice\u2014and once I made this decision this weekend, there was no sense in delaying it further,\u201d he said. \u201cI hope Americans will understand why a father and a President would come to this decision.\u201d<\/span><\/p>\n<p class=\"wp-block-paragraph\" style=\"text-align: left;\"><span style=\"color: #000080;\">Over the weekend, Biden was also photographed\u00a0<a style=\"color: #000080;\" href=\"https:\/\/www.jns.org\/biden-photographed-exiting-nantucket-shop-with-anti-israel-book\/\" target=\"_blank\" rel=\"noreferrer noopener\">carrying<\/a>\u00a0an anti-Israel book as he exited a bookstore in Nantucket, Mass.<\/span><\/p>\n<hr style=\"height: 15px; background: #d0e6fa; width: 100%;\" \/>\n<div id=\"content\" class=\"content-alignment\">\n<div id=\"watch-description\" class=\"yt-uix-button-panel\">\n<div id=\"watch-description-text\" style=\"text-align: center;\">\n<p><em>Zawarto\u015b\u0107 publikowanych artyku\u0142\u00f3w i materia\u0142\u00f3w nie reprezentuje pogl\u0105d\u00f3w ani opinii Reunion&#8217;68,<\/em><em><br \/>\nani te\u017c webmastera Blogu Reunion&#8217;68, chyba ze jest to wyra\u017anie zaznaczone.<br \/>\nTwoje uwagi, linki, w\u0142asne artyku\u0142y lub wiadomo\u015bci prze\u015blij na adres:<br \/>\n<\/em><span style=\"color: #000080;\"><strong><em><a style=\"color: #000080;\" href=\"mailto:webmaster@reunion68.com\"><span style=\"text-decoration: underline;\">webmaster@reunion68.com<\/span><\/a><\/em><\/strong><\/span><\/p>\n<\/div>\n<\/div>\n<\/div>\n<hr style=\"width: 100%;\" \/>\n","protected":false},"excerpt":{"rendered":"<p>\u2018I believe in the justice system,\u2019 Biden says, as he pardons his son Hunter JNS Staff &#8220;As I have wrestled with this, I also believe raw politics has infected this process and it led to a miscarriage of justice,&#8221; the U.S. president said. Hunter Biden with his father, U.S. President Joe Biden, and stepmother, Jill [&hellip;]<\/p>\n","protected":false},"author":1,"featured_media":0,"comment_status":"closed","ping_status":"closed","sticky":false,"template":"","format":"standard","meta":[],"categories":[6],"tags":[26,24],"_links":{"self":[{"href":"https:\/\/www.reunion68.se\/index.php?rest_route=\/wp\/v2\/posts\/117420"}],"collection":[{"href":"https:\/\/www.reunion68.se\/index.php?rest_route=\/wp\/v2\/posts"}],"about":[{"href":"https:\/\/www.reunion68.se\/index.php?rest_route=\/wp\/v2\/types\/post"}],"author":[{"embeddable":true,"href":"https:\/\/www.reunion68.se\/index.php?rest_route=\/wp\/v2\/users\/1"}],"replies":[{"embeddable":true,"href":"https:\/\/www.reunion68.se\/index.php?rest_route=%2Fwp%2Fv2%2Fcomments&post=117420"}],"version-history":[{"count":5,"href":"https:\/\/www.reunion68.se\/index.php?rest_route=\/wp\/v2\/posts\/117420\/revisions"}],"predecessor-version":[{"id":117430,"href":"https:\/\/www.reunion68.se\/index.php?rest_route=\/wp\/v2\/posts\/117420\/revisions\/117430"}],"wp:attachment":[{"href":"https:\/\/www.reunion68.se\/index.php?rest_route=%2Fwp%2Fv2%2Fmedia&parent=117420"}],"wp:term":[{"taxonomy":"category","embeddable":true,"href":"https:\/\/www.reunion68.se\/index.php?rest_route=%2Fwp%2Fv2%2Fcategories&post=117420"},{"taxonomy":"post_tag","embeddable":true,"href":"https:\/\/www.reunion68.se\/index.php?rest_route=%2Fwp%2Fv2%2Ftags&post=117420"}],"curies":[{"name":"wp","href":"https:\/\/api.w.org\/{rel}","templated":true}]}}