{"id":117660,"date":"2024-12-13T17:05:34","date_gmt":"2024-12-13T15:05:34","guid":{"rendered":"http:\/\/www.reunion68.se\/?p=117660"},"modified":"2024-12-12T11:40:52","modified_gmt":"2024-12-12T09:40:52","slug":"13-05-106","status":"publish","type":"post","link":"https:\/\/www.reunion68.se\/?p=117660","title":{"rendered":"NYPD investigating attack on Jewish Columbia student as hate crime"},"content":{"rendered":"<h5 style=\"text-align: center;\"><a href=\"https:\/\/www.jns.org\/\" target=\"_blank\" rel=\"noopener noreferrer\"><img decoding=\"async\" class=\"center alignleft\" src=\"http:\/\/www.reunion68.com\/Biuletyn\/img\/jns-1.png\" alt=\"\" width=\"35%\" \/><\/a><span style=\"text-decoration: underline; color: #000080;\"><strong><a style=\"color: #000080; text-decoration: underline;\" href=\"https:\/\/www.jns.org\/nypd-investigating-attack-on-jewish-columbia-student-as-hate-crime\/\" target=\"_blank\" rel=\"noopener noreferrer\">NYPD investigating attack on Jewish Columbia student as hate crime<\/a><\/strong><\/span><\/h5>\n<p style=\"text-align: center;\"><span style=\"color: #000000;\"><strong>Vita Fellig<\/strong><\/span><\/p>\n<hr style=\"height: 15px; background: #d0e6fa; width: 100%;\" \/>\n<div>\n<h4 style=\"text-align: center;\"><strong>The victim, Jonathan Lederer, told JNS that the university hasn\u2019t done enough to keep students like him safe on campus.<\/strong><\/h4>\n<\/div>\n<p style=\"text-align: center;\"><img decoding=\"async\" class=\"aligncenter\" src=\"https:\/\/cdn.jns.org\/uploads\/2024\/12\/IMG_5644-1320x880.jpg\" width=\"100%\" \/><span style=\"color: #808080;\"><em>A photo that the NYPD released of a suspect in an attack on a Jewish Columbia University student on Dec. 9, 2024. The department is investigating the attack as a hate crime. Credit: NYPD.<\/em><\/span><\/p>\n<p class=\"wp-block-paragraph\" style=\"text-align: left;\"><span style=\"color: #000080;\">The New York City Police Department told JNS that it is investigating an attack on a Jewish Columbia University student as a potential hate crime.<\/span><\/p>\n<p class=\"wp-block-paragraph\" style=\"text-align: left;\"><span style=\"color: #000080;\">A 22-year-old man made antisemitic comments at and snatched an Israeli flag from the victim at about 3:30 p.m. on Monday in front of 41 Claremont Avenue, near the Columbia University and Barnard College campuses, the NYPD told JNS.<\/span><\/p>\n<p class=\"wp-block-paragraph\" style=\"text-align: left;\"><span style=\"color: #000080;\">\u201cWhen the victim attempted to retrieve the flag, the individual punched the victim in the face and fled the location on foot, traveling northbound on Claremont Avenue,\u201d per the police. \u201cThere were no injuries reported.\u201d<\/span><\/p>\n<p class=\"wp-block-paragraph\" style=\"text-align: left;\"><span style=\"color: #000080;\">The NYPD told JNS that its hate crime task force is investigating the incident and that it seeks public assistance in identifying the assailant.<\/span><\/p>\n<p class=\"wp-block-paragraph\" style=\"text-align: left;\"><span style=\"color: #000080;\">Jonathan Lederer, a junior studying computer science at Columbia who was told earlier in the year on campus to \u201c<a style=\"color: #000080;\" href=\"https:\/\/www.thefp.com\/p\/at-columbia-i-am-told-go-back-to\">go back to Poland<\/a>,\u201d told JNS that he was holding an Israeli flag when an anti-Israel protester attacked him near Columbia\u2019s campus on Monday afternoon.<\/span><\/p>\n<p class=\"wp-block-paragraph\" style=\"text-align: left;\"><span style=\"color: #000080;\">\u201cThis man came up to me screaming \u2018you\u2019re a Nazi\u2019 and then ripped the Israeli flag from my hands,\u201d he told JNS. \u201cI ran after him to ask for my flag back and he punched me in the face.\u201d<\/span><\/p>\n<p class=\"wp-block-paragraph\" style=\"text-align: left;\"><span style=\"color: #000080;\">Lederer was careful not to instigate the protesters, he told JNS.<\/span><\/p>\n<p class=\"wp-block-paragraph\" style=\"text-align: left;\"><span style=\"color: #000080;\">\u201cI knew there was a pro-Palestinian demonstration planned, so I went with my brother to document what was happening and show our voice,\u201d he said. \u201cWe weren\u2019t yelling and we were intentionally staying away from the crowd.\u201d<\/span><\/p>\n<p class=\"wp-block-paragraph\" style=\"text-align: left;\"><span style=\"color: #000080;\">Columbia University told JNS that the assailant was not a student at the private Ivy League school.<\/span><\/p>\n<p class=\"wp-block-paragraph\" style=\"text-align: left;\"><span style=\"color: #000080;\">\u201cWe have been alerted that a Columbia student, who was carrying an Israeli flag, was punched yesterday at a demonstration that took place off campus,\u201d the university told JNS. \u201cInitial reports indicate that the assailant was not affiliated with Columbia University. We are working closely with the NYPD to investigate this incident and to do all we can to support their efforts to ensure our neighborhood is safe for our students.\u201d<\/span><\/p>\n<p><img decoding=\"async\" class=\"alignright\" src=\"https:\/\/cdn.jns.org\/uploads\/2024\/12\/7067cb49-f08a-4265-8987-e18c9eac8c32.jpg\" width=\"50%\" \/><span style=\"color: #808080;\"><em>Columbia University student Jonathan Lederer (right) holds an Israeli flag on the campus of the private Ivy League school in Manhattan. Credit: Courtesy.<\/em><\/span><\/p>\n<p class=\"wp-block-paragraph\" style=\"text-align: left;\"><span style=\"color: #000080;\">Lederer told JNS that the university is not doing enough to protect Jewish students on campus.<\/span><\/p>\n<p class=\"wp-block-paragraph\" style=\"text-align: left;\"><span style=\"color: #000080;\">\u201cThe pro-Palestinian protest on Monday was organized by Columbia University Apartheid Divest, a student group that purposely invites outside organizations like Within Our Lifetime to join them\u2014an extremist Palestinian activist group which often gets violent,\u201d he said.\u00a0<\/span><\/p>\n<p class=\"wp-block-paragraph\" style=\"text-align: left;\"><span style=\"color: #000080;\">Columbia ought to \u201crefuse to recognize these student groups and refuse to give them access to student resources, because they are aligning with organizations which are promoting violence on campus,\u201d Lederer said.<\/span><\/p>\n<p class=\"wp-block-paragraph\" style=\"text-align: left;\"><span style=\"color: #000080;\">He told JNS that \u201cit is very clear that the university knows this, because when there is a protest scheduled, they close the university gates.\u201d Columbia \u201cshould be more transparent in condemning these student groups,\u201d he added.<\/span><\/p>\n<p class=\"wp-block-paragraph\" style=\"text-align: left;\"><span style=\"color: #000080;\">Ari Shrage, the head of Columbia\u2019s Jewish Alumni Association, told JNS that he hopes the investigation will encourage the university to do more.\u00a0<\/span><\/p>\n<p class=\"wp-block-paragraph\" style=\"text-align: left;\"><span style=\"color: #000080;\">\u201cThe NYPD is now calling for the assault to be investigated because of the Columbia administration\u2019s inaction,\u201d he said. \u201cThere are simple steps that they can take, but they would rather make hollow statements and hope the problem goes away.\u201d<\/span><\/p>\n<p class=\"wp-block-paragraph\" style=\"text-align: left;\"><span style=\"color: #000080;\">\u201cWe are lucky that the student\u2019s injuries weren\u2019t worse, but we might not be as lucky next time,\u201d Shrage told JNS. \u201cColumbia\u2019s board and administrators need to make changes immediately to prevent a similar assault in the future.\u201d<\/span><\/p>\n<hr style=\"height: 15px; background: #d0e6fa; width: 100%;\" \/>\n<div id=\"content\" class=\"content-alignment\">\n<div id=\"watch-description\" class=\"yt-uix-button-panel\">\n<div id=\"watch-description-text\" style=\"text-align: center;\">\n<p><em>Zawarto\u015b\u0107 publikowanych artyku\u0142\u00f3w i materia\u0142\u00f3w nie reprezentuje pogl\u0105d\u00f3w ani opinii Reunion&#8217;68,<\/em><em><br \/>\nani te\u017c webmastera Blogu Reunion&#8217;68, chyba ze jest to wyra\u017anie zaznaczone.<br \/>\nTwoje uwagi, linki, w\u0142asne artyku\u0142y lub wiadomo\u015bci prze\u015blij na adres:<br \/>\n<\/em><span style=\"color: #000080;\"><strong><em><a style=\"color: #000080;\" href=\"mailto:webmaster@reunion68.com\"><span style=\"text-decoration: underline;\">webmaster@reunion68.com<\/span><\/a><\/em><\/strong><\/span><\/p>\n<\/div>\n<\/div>\n<\/div>\n<hr style=\"width: 100%;\" \/>\n","protected":false},"excerpt":{"rendered":"<p>NYPD investigating attack on Jewish Columbia student as hate crime Vita Fellig The victim, Jonathan Lederer, told JNS that the university hasn\u2019t done enough to keep students like him safe on campus. A photo that the NYPD released of a suspect in an attack on a Jewish Columbia University student on Dec. 9, 2024. The [&hellip;]<\/p>\n","protected":false},"author":1,"featured_media":0,"comment_status":"closed","ping_status":"closed","sticky":false,"template":"","format":"standard","meta":[],"categories":[6],"tags":[26,24],"_links":{"self":[{"href":"https:\/\/www.reunion68.se\/index.php?rest_route=\/wp\/v2\/posts\/117660"}],"collection":[{"href":"https:\/\/www.reunion68.se\/index.php?rest_route=\/wp\/v2\/posts"}],"about":[{"href":"https:\/\/www.reunion68.se\/index.php?rest_route=\/wp\/v2\/types\/post"}],"author":[{"embeddable":true,"href":"https:\/\/www.reunion68.se\/index.php?rest_route=\/wp\/v2\/users\/1"}],"replies":[{"embeddable":true,"href":"https:\/\/www.reunion68.se\/index.php?rest_route=%2Fwp%2Fv2%2Fcomments&post=117660"}],"version-history":[{"count":6,"href":"https:\/\/www.reunion68.se\/index.php?rest_route=\/wp\/v2\/posts\/117660\/revisions"}],"predecessor-version":[{"id":117673,"href":"https:\/\/www.reunion68.se\/index.php?rest_route=\/wp\/v2\/posts\/117660\/revisions\/117673"}],"wp:attachment":[{"href":"https:\/\/www.reunion68.se\/index.php?rest_route=%2Fwp%2Fv2%2Fmedia&parent=117660"}],"wp:term":[{"taxonomy":"category","embeddable":true,"href":"https:\/\/www.reunion68.se\/index.php?rest_route=%2Fwp%2Fv2%2Fcategories&post=117660"},{"taxonomy":"post_tag","embeddable":true,"href":"https:\/\/www.reunion68.se\/index.php?rest_route=%2Fwp%2Fv2%2Ftags&post=117660"}],"curies":[{"name":"wp","href":"https:\/\/api.w.org\/{rel}","templated":true}]}}