{"id":117662,"date":"2024-12-12T17:00:06","date_gmt":"2024-12-12T15:00:06","guid":{"rendered":"http:\/\/www.reunion68.se\/?p=117662"},"modified":"2024-12-12T11:48:52","modified_gmt":"2024-12-12T09:48:52","slug":"13-00-100","status":"publish","type":"post","link":"https:\/\/www.reunion68.se\/?p=117662","title":{"rendered":"Spanish Far-Left Leader Accuses Israel of \u2018Genocide\u2019 \u2014 in Syria"},"content":{"rendered":"<h5 style=\"text-align: center;\"><a href=\"https:\/\/www.algemeiner.com\/\" target=\"_blank\" rel=\"noopener noreferrer\"><img decoding=\"async\" class=\"center alignleft\" src=\"http:\/\/www.reunion68.com\/Biuletyn\/img\/algem.png\" alt=\"\" width=\"35%\"><\/a><span style=\"text-decoration: underline; color: #000080;\"><span><strong><a style=\"color: #000080; text-decoration: underline;\" href=\"https:\/\/www.algemeiner.com\/2024\/12\/11\/spanish-far-left-leader-accuses-israel-genocide-syria\/\" target=\"_blank\" rel=\"noopener noreferrer\">Spanish Far-Left Leader Accuses Israel of \u2018Genocide\u2019 \u2014 in Syria<\/a><\/strong><\/span><\/span><\/h5>\n<p style=\"text-align: center;\"><span style=\"color: #000000;\"><strong>Algemeiner Staff<\/strong><\/span><\/p>\n<hr style=\"height: 15px; background: #d0e6fa; width: 100%;\">\n<p style=\"text-align: center;\"><img decoding=\"async\" class=\"aligncenter\" src=\"https:\/\/www.algemeiner.com\/wp-content\/uploads\/2023\/10\/2023-07-21T205734Z_316843149_MT1SIPA000D3F7EK_RTRMADP_3_SIPA-USA-1.jpg\" width=\"100%\"><span style=\"color: #808080;\"><em>Ione Belarra, secretary general of the Spanish far-left party Podemos, has accused Israel of committing \u201cgenocide\u201d against Palestinians in Gaza. Photo: Reuters\/David Canales<\/em><\/span><\/p>\n<p style=\"text-align: left;\"><span style=\"color: #000080;\">The leader of an influential far-left Spanish political party who recently served as a government minister appears to have accused Israel of \u201cgenocide\u201d in Syria following the&nbsp;<a style=\"color: #000080;\" href=\"https:\/\/www.algemeiner.com\/2024\/12\/09\/fall-assad-tectonic-shift-middle-east\/\" target=\"_blank\" rel=\"noopener noreferrer\">collapse of Syrian leader Bashar al-Assad\u2019s regime<\/a>&nbsp;this past weekend.<\/span><\/p>\n<p style=\"text-align: left;\"><span style=\"color: #000080;\">\u201cIsrael is taking advantage of the instability in Syria to advance its colonial and genocidal plan, bombing several areas, including Damascus,\u201d Ione Belarra posted on X\/Twitter on Tuesday. \u201cVirtually no Western media outlets are reporting on it. International inaction in the face of genocide endangers humanity as a whole.\u201d<\/span><\/p>\n<p style=\"text-align: left;\"><span style=\"color: #000080;\">Belarra, who served as&nbsp;<a style=\"color: #000080;\" href=\"https:\/\/www.algemeiner.com\/2024\/10\/29\/spain-cancels-purchase-police-ammunition-israeli-firm\/\" target=\"_blank\" rel=\"noopener noreferrer\">Spanish Prime Minister Pedro Sanchez\u2019s<\/a>&nbsp;social rights minister between 2021 and 2023 but is no longer in the governing coalition, is now secretary general of the Spanish&nbsp;hard-left&nbsp;party Podemos (\u201cWe Can\u201d).<\/span><\/p>\n<p style=\"text-align: left;\"><span style=\"color: #000080;\">The politician appeared to be referencing Israeli military operations this week to eliminate much of Syria\u2019s strategic weapons arsenal and secure the buffer zone along Israel\u2019s northeastern border amid uncertainty about the future of Syria.<\/span><\/p>\n<p style=\"text-align: left;\"><span style=\"color: #000080;\">Assad&nbsp;fled Damascus on Sunday as a coalition of rebel groups stormed the capital, ending his family\u2019s five-decade rule. The deposed leader, who has been accused of war crimes during his crackdown on rebel forces since 2011, was a partner of Russia and allied with Iran, which for years has used Syrian territory to send weapons to its terrorist proxy Hezbollah in Lebanon.<\/span><\/p>\n<p style=\"text-align: left;\"><span style=\"color: #000080;\">However, many Western observers have expressed concern about the leading Syrian rebel faction, Hayat Tahrir al-Sham (HTS), a group formerly allied with Al Qaeda and which is designated a terrorist organization by the US, European Union, Turkey, and the UN.<\/span><\/p>\n<p style=\"text-align: left;\"><span style=\"color: #000080;\">This week, Israel&nbsp;<a style=\"color: #000080;\" href=\"https:\/\/www.algemeiner.com\/2024\/12\/11\/arrow-bashan-israel-destroys-most-syrias-strategic-weapons\/\" target=\"_blank\" rel=\"noopener noreferrer\">conducted more than 350 aerial strikes<\/a>&nbsp;targeting a wide range of military assets in Syria, with the aim of preventing them from falling into the hands of Islamic terrorists.<\/span><\/p>\n<p style=\"text-align: left;\"><span style=\"color: #000080;\">Meanwhile, Israeli Defense Minister Israel Katz said he instructed the military to&nbsp;establish&nbsp;full&nbsp;control over&nbsp;the once-demilitarized&nbsp;buffer zone&nbsp;in the Golan Heights, which&nbsp;was established&nbsp;under the 1974 Disengagement of Forces Agreement between Damascus and Jerusalem that ended the Yom Kippur War. He also announced the establishment of a&nbsp;<a style=\"color: #000080;\" href=\"https:\/\/www.algemeiner.com\/2024\/12\/10\/idf-hit-more-than-300-syrian-regime-targets-two-days-effectively-wiping-out-air-force\/\" target=\"_blank\" rel=\"noopener noreferrer\">temporary demilitarized \u201cdefensive zone\u201d<\/a>&nbsp;beyond the buffer zone in southern Syria aimed to prevent terrorist threats.<\/span><\/p>\n<p style=\"text-align: left;\"><span style=\"color: #000080;\">Israel has denied claims that it has gone beyond these areas further into Syria. Prime Minister Benjamin&nbsp;Netanyahu said on Tuesday that Israel has no intention of interfering in Syria\u2019s internal affairs but would take action as needed to defend itself and ensure its security.<\/span><\/p>\n<p style=\"text-align: left;\"><span style=\"color: #000080;\">Despite a lack of evidence for Belarra\u2019s claim regarding Israeli activity in Syria, the Spanish politician\u2019s accusations have been in line with her fierce and repeated criticism of Israel since the Palestinian terrorist group Hamas\u2019s invasion of the Jewish state last Oct. 7.<\/span><\/p>\n<p style=\"text-align: left;\"><span style=\"color: #000080;\">Less than three weeks after the massacre, Belarra posted a video on X\/Twitter calling on European Union (EU) nations to&nbsp;<a style=\"color: #000080;\" href=\"https:\/\/www.algemeiner.com\/2023\/10\/25\/spanish-government-intensifies-diplomatic-campaign-restrain-israeli-response-hamas-atrocities\/\" target=\"_blank\" rel=\"noopener noreferrer\">sever diplomatic ties with Israel<\/a>&nbsp;and comparing Jerusalem\u2019s defensive war against Hamas with Russia\u2019s invasion of Ukraine. She also demanded stiff economic sanctions against the Jewish state and the prosecution of its leaders for \u201cwar crimes.\u201d<\/span><\/p>\n<p style=\"text-align: left;\"><span style=\"color: #000080;\">More recently, Belarra and her Podemos party threatened to withhold its crucial support for next year\u2019s budget unless the&nbsp;<a style=\"color: #000080;\" href=\"https:\/\/www.algemeiner.com\/2024\/10\/23\/spain-must-sever-ties-israel-2025-budget-pass-far-left-party-warns-government\/\" target=\"_blank\" rel=\"noopener noreferrer\">government breaks diplomatic relations with Israel<\/a>&nbsp;among other actions.<\/span><\/p>\n<p style=\"text-align: left;\"><span style=\"color: #000080;\">Sanchez\u2019s socialist-led government, which relies on a coalition of smaller parties to approve legislation, needs the votes of the four Podemos lawmakers in the lower house for the&nbsp;budget&nbsp;to pass.<\/span><\/p>\n<p style=\"text-align: left;\"><span style=\"color: #000080;\">However, Sanchez also requires support from some center-right parties that will have their own conditions to back the&nbsp;budget, creating a tough balancing act for the Spanish premier.<\/span><\/p>\n<p style=\"text-align: left;\"><span style=\"color: #000080;\">In October, Belarra said in a video message that her party would only support next year\u2019s budget if the government \u201cimmediately breaks off diplomatic and trade relations with the genocidal state of Israel.\u201d Her second condition was for Madrid to \u201ctackle the housing crisis by lowering rents by 40 percent by law, banning the purchase of houses by anyone who\u2019s not going to live in them, and dismantling squadron commandos,\u201d a reference to private companies that mediate in squatting situations to evict occupants.<\/span><\/p>\n<p style=\"text-align: left;\"><span style=\"color: #000080;\">Belarra added in a tweet: \u201cBreaking relations with Israel and lowering rent prices by law is the minimum that can be demanded of a self-proclaimed progressive government. We need all your support to twist the [government\u2019s] arm.\u201d<\/span><\/p>\n<p style=\"text-align: left;\"><span style=\"color: #000080;\">Senior Podemos official Javier S\u00e1nchez Serna echoed the same point at the time, saying, \u201cPedro S\u00e1nchez\u2019s government has been veering to the right for months and it\u2019s going to get worse if someone doesn\u2019t stand up. If the [government] wants to pass the 2025 budget, it will have to meet the two conditions proposed by Podemos: break relations with Israel and intervene in housing.\u201d<\/span><\/p>\n<p style=\"text-align: left;\"><span style=\"color: #000080;\">Despite Belarra and Podemos\u2019s criticisms of the government, Spain under Sanchez has been one of the&nbsp;<a style=\"color: #000080;\" href=\"https:\/\/www.algemeiner.com\/2024\/05\/27\/spain-urge-rest-eu-back-world-court-ruling-against-israels-rafah-operation\/\" target=\"_blank\" rel=\"noopener noreferrer\">most vocal critics of Israel<\/a>&nbsp;since Oct. 7 of last year, when Hamas-led Palestinian terrorists invaded the Jewish state from neighboring Gaza. The terrorists murdered 1,200 people, wounded thousands more, and abducted over 250 hostages in their rampage, leading Israel to respond with a defensive military campaign aimed at freeing those taken captive and dismantling Hamas\u2019s military and governing capabilities.<\/span><\/p>\n<p style=\"text-align: left;\"><span style=\"color: #000080;\">In October, Sanchez urged other members of the EU to suspend the bloc\u2019s free trade agreement with Israel over its military campaigns against Hamas in Gaza and the terrorist organization Hezbollah in Lebanon.<\/span><\/p>\n<p style=\"text-align: left;\"><span style=\"color: #000080;\">Sanchez\u2019s demand came three days after the Spanish premier&nbsp;<a style=\"color: #000080;\" href=\"https:\/\/www.algemeiner.com\/2024\/10\/11\/spains-prime-minister-calls-other-countries-stop-arming-israel-latest-salvo-jewish-state\/\" target=\"_blank\" rel=\"noopener noreferrer\">urged other countries to stop supplying weapons<\/a>&nbsp;to the Jewish state.<\/span><\/p>\n<p style=\"text-align: left;\"><span style=\"color: #000080;\">In the aftermath of the Oct. 7 atrocities,&nbsp;<a style=\"color: #000080;\" href=\"https:\/\/www.algemeiner.com\/2023\/10\/25\/spanish-government-intensifies-diplomatic-campaign-restrain-israeli-response-hamas-atrocities\/\" target=\"_blank\" rel=\"noopener noreferrer\">Spain launched a diplomatic campaign<\/a>&nbsp;to curb Israel\u2019s military response. At the same time, several Spanish ministers in the country\u2019s left-wing coalition government issued pro-Hamas statements and called for an immediate ceasefire in Gaza, with Belarra falsely accusing Israel of \u201cgenocide.\u201d<\/span><\/p>\n<p style=\"text-align: left;\"><span style=\"color: #000080;\">More recently, Spanish officials said they would&nbsp;<a style=\"color: #000080;\" href=\"https:\/\/www.algemeiner.com\/2024\/05\/17\/spain-says-wont-allow-israel-bound-ships-carrying-weapons-dock-pm-plans-recognize-palestine\/\" target=\"_blank\" rel=\"noopener noreferrer\">not allow ships carrying arms<\/a>&nbsp;for Israel to stop at its ports. Last week, the US Federal Maritime Commission opened an investigation into whether Spain, a NATO ally, has been denying port entry to cargo vessels reportedly transporting US weapons to Israel.<\/span><\/p>\n<p style=\"text-align: left;\"><span style=\"color: #000080;\">Spain stopped its own defense companies from shipping arms to Israel in October 2023.<\/span><\/p>\n<p style=\"text-align: left;\"><span style=\"color: #000080;\">In May,&nbsp;<a style=\"color: #000080;\" href=\"https:\/\/www.algemeiner.com\/2024\/05\/28\/spain-norway-ireland-officially-recognize-palestinian-state-denmarks-parliament-rejects-proposal\/\" target=\"_blank\" rel=\"noopener noreferrer\">Spain officially recognized a Palestinian state<\/a>, claiming the move was accelerated by the Israel-Hamas war and would help foster a two-state solution to the Israeli-Palestinian conflict. Israeli officials described the decision as a \u201creward for terrorism.\u201d<\/span><\/p>\n<p style=\"text-align: left;\"><span style=\"color: #000080;\">Spain, like many other countries around the world,&nbsp;<a style=\"color: #000080;\" href=\"https:\/\/www.algemeiner.com\/2023\/10\/23\/spanish-jews-highlight-rising-antisemitism-pro-hamas-statements-government-members-meeting-prime-minister\/\" target=\"_blank\" rel=\"noopener noreferrer\">experienced a surge in antisemitic incidents<\/a>&nbsp;targeting the Jewish community following Hamas\u2019s Oct. 7 massacre.<\/span><\/p>\n<p style=\"text-align: left;\"><span style=\"color: #000080;\">Two weeks after the onslaught, the Federation of Jewish Communities of Spain (FCJE) warned of \u201cthe greatest escalation of antisemitism in Spain in recent times.\u201d A statement from the FCJE on the upsurge in antisemitism highlighted the statements of Belarra, who at the time was Spain\u2019s social rights minister and had already accused Israel of \u201cgenocide.\u201d<\/span><\/p>\n<p style=\"text-align: left;\"><span style=\"color: #000080;\">\u201cThe demonstrations against Israel, the burning of Israeli flags, the proclamations calling Israel a murderer, genocidal, and the author of a planned ethnic cleansing, as Minister Ione Belarra has reiterated on several occasions, have inflamed [the situation],\u201d the FCJE observed.<\/span><\/p>\n<p style=\"text-align: left;\"><span style=\"color: #000080;\">After attending a pro-Hamas demonstration in Madrid exactly two weeks after the Hamas atrocities, before Israel launched its ground campaign in Gaza, Belarra tweeted, \u201cDignity has filled the streets of Madrid, [which] today urged the end of the genocide that Israel is planning against the Palestinian people in the Gaza Strip. Freedom for Palestine.\u201d<\/span><\/p>\n<hr style=\"height: 15px; background: #d0e6fa; width: 100%;\">\n<div id=\"content\" class=\"content-alignment\">\n<div id=\"watch-description\" class=\"yt-uix-button-panel\">\n<div id=\"watch-description-text\" style=\"text-align: center;\">\n<p><em>Zawarto\u015b\u0107 publikowanych artyku\u0142\u00f3w i materia\u0142\u00f3w nie reprezentuje pogl\u0105d\u00f3w ani opinii Reunion&#8217;68,<\/em><em><br \/>\nani te\u017c webmastera Blogu Reunion&#8217;68, chyba ze jest to wyra\u017anie zaznaczone.<br \/>\nTwoje uwagi, linki, w\u0142asne artyku\u0142y lub wiadomo\u015bci prze\u015blij na adres:<br \/>\n<\/em><span style=\"color: #000080;\"><strong><em><a style=\"color: #000080;\" href=\"mailto:webmaster@reunion68.com\"><span style=\"text-decoration: underline;\">webmaster@reunion68.com<\/span><\/a><\/em><\/strong><\/span><\/p>\n<\/div>\n<\/div>\n<\/div>\n<hr style=\"width: 100%;\">\n","protected":false},"excerpt":{"rendered":"<p>Spanish Far-Left Leader Accuses Israel of \u2018Genocide\u2019 \u2014 in Syria Algemeiner Staff Ione Belarra, secretary general of the Spanish far-left party Podemos, has accused Israel of committing \u201cgenocide\u201d against Palestinians in Gaza. Photo: Reuters\/David Canales The leader of an influential far-left Spanish political party who recently served as a government minister appears to have accused [&hellip;]<\/p>\n","protected":false},"author":1,"featured_media":0,"comment_status":"closed","ping_status":"closed","sticky":false,"template":"","format":"standard","meta":[],"categories":[6],"tags":[26,24],"_links":{"self":[{"href":"https:\/\/www.reunion68.se\/index.php?rest_route=\/wp\/v2\/posts\/117662"}],"collection":[{"href":"https:\/\/www.reunion68.se\/index.php?rest_route=\/wp\/v2\/posts"}],"about":[{"href":"https:\/\/www.reunion68.se\/index.php?rest_route=\/wp\/v2\/types\/post"}],"author":[{"embeddable":true,"href":"https:\/\/www.reunion68.se\/index.php?rest_route=\/wp\/v2\/users\/1"}],"replies":[{"embeddable":true,"href":"https:\/\/www.reunion68.se\/index.php?rest_route=%2Fwp%2Fv2%2Fcomments&post=117662"}],"version-history":[{"count":4,"href":"https:\/\/www.reunion68.se\/index.php?rest_route=\/wp\/v2\/posts\/117662\/revisions"}],"predecessor-version":[{"id":117677,"href":"https:\/\/www.reunion68.se\/index.php?rest_route=\/wp\/v2\/posts\/117662\/revisions\/117677"}],"wp:attachment":[{"href":"https:\/\/www.reunion68.se\/index.php?rest_route=%2Fwp%2Fv2%2Fmedia&parent=117662"}],"wp:term":[{"taxonomy":"category","embeddable":true,"href":"https:\/\/www.reunion68.se\/index.php?rest_route=%2Fwp%2Fv2%2Fcategories&post=117662"},{"taxonomy":"post_tag","embeddable":true,"href":"https:\/\/www.reunion68.se\/index.php?rest_route=%2Fwp%2Fv2%2Ftags&post=117662"}],"curies":[{"name":"wp","href":"https:\/\/api.w.org\/{rel}","templated":true}]}}