{"id":117678,"date":"2024-12-13T17:09:24","date_gmt":"2024-12-13T15:09:24","guid":{"rendered":"http:\/\/www.reunion68.se\/?p=117678"},"modified":"2024-12-13T11:49:12","modified_gmt":"2024-12-13T09:49:12","slug":"14-09-102","status":"publish","type":"post","link":"https:\/\/www.reunion68.se\/?p=117678","title":{"rendered":"Oportuni\u015bci z organizacji bez sumienia"},"content":{"rendered":"<p style=\"text-align: center;\"><img decoding=\"async\" class=\"aligncenter\" src=\"https:\/\/scontent.fbma5-1.fna.fbcdn.net\/v\/t39.30808-6\/470224848_8962485630457022_7373743009935647224_n.jpg?_nc_cat=106&amp;ccb=1-7&amp;_nc_sid=127cfc&amp;_nc_ohc=hjkPE219rcAQ7kNvgEMgMCA&amp;_nc_zt=23&amp;_nc_ht=scontent.fbma5-1.fna&amp;_nc_gid=ACQQDaTd-ksENq-qRJTj9xa&amp;oh=00_AYD3xzyZWoNUJhONrWH-sKurGqXL_v7ikoAvfW8fgvDPGg&amp;oe=6761DDEB\"><span style=\"color: #808080;\"><em>Zrzut z ekranu wideo: https:\/\/scontent.fbma5-1.fna.fbcdn.net\/v\/t39.30808-6\/470224848_8962485630457022_7373743009935647224_n.jpg?_nc_cat=106&amp;ccb=1-7&amp;_nc_sid=127cfc&amp;_nc_ohc=hjkPE219rcAQ7kNvgEMgMCA&amp;_nc_zt=23&amp;_nc_ht=scontent.fbma5-1.fna&amp;_nc_gid=ACQQDaTd-ksENq-qRJTj9xa&amp;oh=00_AYD3xzyZWoNUJhONrWH-sKurGqXL_v7ikoAvfW8fgvDPGg&amp;oe=6761DDEB<\/em><\/span><\/p>\n<hr>\n<h5 style=\"text-align: center;\"><a target=\"_blank\" rel=\"noopener noreferrer\"><img decoding=\"async\" class=\"center alignleft\" src=\"http:\/\/www.reunion68.com\/Biuletyn\/img\/z-naszego.jpg\" alt=\"\" width=\"50%\"><\/a><span style=\"text-decoration: underline; color: #000080;\"><strong><a style=\"color: #000080; text-decoration: underline;\" href=\"https:\/\/www.listyznaszegosadu.pl\/notatki\/oportunisci-z-organizacji-bez-sumienia\" target=\"_blank\" rel=\"noopener noreferrer\">Oportuni\u015bci z organizacji bez sumienia<\/a><\/strong><\/span><\/h5>\n<p style=\"text-align: center;\"><span style=\"color: #000000;\"><strong>Andrzej Koraszewski<\/strong><\/span><\/p>\n<hr style=\"height: 15px; background: #d0e6fa; width: 100%;\">\n<div class=\"templateArticleIngress\" style=\"text-align: left;\"><span style=\"color: #000080;\">Ojczyzna Ant\u00f3nio Manuela de Oliveira Guterresa&nbsp;w czasach rz\u0105d\u00f3w Antonio de Oliviera Salazara by\u0142a wiern\u0105 c\u00f3r\u0105 Watykanu i nadal (dyskretnie) by\u0142a wierna naukom Adolfa Hitlera. W 1961 roku czterdziestoletni londy\u0144ski adwokat, Peter Benenson, jecha\u0142 pewnego dnia metrem i podobnie jak wi\u0119kszo\u015b\u0107 innych pasa\u017cer\u00f3w przegl\u0105da\u0142 gazet\u0119. Jego uwag\u0119 zwr\u00f3ci\u0142a drobna notka o dw\u00f3ch portugalskich studentach skazanych na siedem lat wi\u0119zienia za wzniesienie toastu za wolno\u015b\u0107 Portugalii. Benenson u\u015bwiadomi\u0142 sobie, \u017ce skazani za s\u0142owa s\u0105 r\u00f3wnie\u017c skazani na zapomnienie, gnij\u0105 latami w wi\u0119zieniach dyktator\u00f3w i nikt o nich nie walczy. Postanowi\u0142, \u017ce musi napisa\u0107 o tym artyku\u0142. Nazwa\u0142 takich skaza\u0144c\u00f3w \u201ewi\u0119\u017aniami sumienia\u201d.<\/span><\/div>\n<p style=\"text-align: left;\">\n<div class=\"templateArticleBrodtext\">\n<p style=\"text-align: left;\"><span style=\"color: #000080;\">Peter Benenson uwa\u017ca\u0142, \u017ce zwykli ludzie mog\u0105 domaga\u0107 si\u0119 od tyran\u00f3w uwolnienia wi\u0119\u017ani\u00f3w sumienia, mog\u0105 wywiera\u0107 presj\u0119 na swoich polityk\u00f3w, \u017ceby pot\u0119piali wykorzystywanie systemu sprawiedliwo\u015bci &nbsp;dla cel\u00f3w politycznych, mog\u0105 naciska\u0107 na media, \u017ceby zacz\u0119\u0142y zauwa\u017ca\u0107 los ludzi skazanych za s\u0142owa.<\/span><\/p>\n<p style=\"text-align: left;\">\n<span style=\"color: #000080;\">Przysz\u0142y sekretarz Organizacji Narod\u00f3w Zjednoczonych w Jednej Sprawie mia\u0142 wtedy zaledwie dwana\u015bcie lat, artyku\u0142y Benensona poruszy\u0142y wielu zwyk\u0142ych ludzi i pojawi\u0142a si\u0119 idea za\u0142o\u017cenia Amnesty International. Zwykli ludzie zasypywali wi\u0119zienia poczt\u00f3wkami adresowanymi do skazanych za s\u0142owa, pisali listy do prezydent\u00f3w, premier\u00f3w i ministr\u00f3w demokratycznych i tyra\u0144skich kraj\u00f3w, zbierali szczeg\u00f3\u0142owe informacje i molestowali dziennikarzy lokalnej prasy, \u017ce warto o gnij\u0105cych za s\u0142owa skaza\u0144cach napisa\u0107. Oczywi\u015bcie nikt nie dawa\u0142 \u017cadnych dotacji na t\u0119 dzia\u0142alno\u015b\u0107, wszystkie koszty ludzie pokrywali z w\u0142asnej kieszeni, nie by\u0142o \u017cadnych biur, ani dostojnik\u00f3w z zawrotnymi wynagrodzeniami.&nbsp;&nbsp;&nbsp;&nbsp;&nbsp;&nbsp;&nbsp;&nbsp;&nbsp;&nbsp;<\/span><\/p>\n<p style=\"text-align: left;\">\n<span style=\"color: #000080;\">Powoli ta dzia\u0142alno\u015b\u0107 zacz\u0119\u0142a by\u0107 dostrzegana, zyskuj\u0105c szacunek i przyci\u0105gaj\u0105c r\u00f3wnie\u017c ludzi chc\u0105cych si\u0119 pokaza\u0107 w \u015bwietle coraz mocniejszych reflektor\u00f3w. Podczas gdy pocz\u0105tkowo redakcje op\u0119dza\u0142y si\u0119 od dzia\u0142aczy Amnesty International, po kilku latach to dziennikarze zacz\u0119li brylowa\u0107 w lokalnych i krajowych zarz\u0105dach. Niebawem wi\u0119\u017aniowie sumienia przestali by\u0107 wa\u017cni, a priorytetem sta\u0142y si\u0119 SPRAWY. Amnesty Interniational zacz\u0119\u0142a dostawa\u0107 milionowe dotacje&nbsp; (jak \u0142atwo si\u0119 domy\u015ble\u0107 zawsze z jakimi\u015b jawnymi lub domy\u015blnymi oczekiwaniami), powoli organizacja za\u0142o\u017cona przez wspania\u0142ych ludzi przechodzi\u0142a w r\u0119ce \u0142ajdak\u00f3w u\u017cywaj\u0105cych pierwotnej marki i idei Petera Benensona jako listka figowego.&nbsp;&nbsp; &nbsp;&nbsp;&nbsp;<\/span><\/p>\n<p style=\"text-align: left;\">\n<span style=\"color: #000080;\">By\u0107 mo\u017ce jeden pozornie drobny incydent ilustruje lepiej t\u0119 przemian\u0119 ni\u017c wszystko inne. Zaledwie miesi\u0105c po strasznych wydarzeniach 7 pa\u017adziernika 2023 roku, we W\u0142oszech pracownicy Amnesty International zostali przy\u0142apani na zdzieraniu zdj\u0119\u0107 porwanych do Gazy \u017cydowskich dzieci i wrzucaniu ich do kosza na \u015bmieci. Mamy tylko kr\u00f3tki&nbsp;<a style=\"color: #000080;\" href=\"https:\/\/x.com\/koshercockney\/status\/1865428401214877703\">zapis wideo<\/a>, na kt\u00f3rym m\u0119\u017cczyzna pokazuje zdarte plakaty. Nie musisz zna\u0107 w\u0142oskiego, \u017ceby rozumie\u0107 bezmiar kontrastu mi\u0119dzy ide\u0105 Benensona, a dzisiejsz\u0105 praktyk\u0105 Amnesty International i mentalno\u015bci\u0105 ludzi, kt\u00f3rzy w niej pracuj\u0105. Trudno o wi\u0119kszy kontrast mi\u0119dzy wezwaniem do empatii dla skazanych za s\u0142owa i nienawistn\u0105 pogard\u0105 dla dzieci porwanych za to, \u017ce urodzi\u0142y si\u0119 \u017bydami. Benenson nigdy nie zosta\u0142 cz\u0142onkiem Amnesty International, czy obawia\u0142 si\u0119, \u017ce autorytet moralny zbudowanej na jego idei organizacji mo\u017ce zosta\u0107 wykorzystany w najbardziej perwersyjny spos\u00f3b? Prawdopodobnie. Kradzie\u017c autorytet\u00f3w moralnych jest znana od zarania dziej\u00f3w.<\/span><\/p>\n<p style=\"text-align: left;\">\n<span style=\"color: #000080;\">Mi\u0119dzy podr\u00f3\u017c\u0105 Benensona londy\u0144skim metrem w 1961 roku a wyczynem w\u0142oskich dzia\u0142aczy Amnesty International w 2023 roku zdarzy\u0142o si\u0119 bardzo wiele. Czy pocz\u0105tkiem tego wrogiego przej\u0119cia wspania\u0142ej organizacji by\u0142a decyzja o rozszerzeniu dzia\u0142alno\u015bci Amnesty Interniational o kampani\u0119 przeciw karze \u015bmierci? Tak niewinny i mog\u0142oby si\u0119 zdawa\u0107 szlachetny krok. Tyle tylko, \u017ce narusza\u0142o to statutowe za\u0142o\u017cenie, \u017ce Amnesty nigdy nie zajmuje si\u0119 wi\u0119\u017aniami skazanymi za kryminalne przest\u0119pstwa, terror i przemoc.&nbsp;&nbsp;<\/span><\/p>\n<p style=\"text-align: left;\">\n<span style=\"color: #000080;\">Dzi\u015b, nawet ludzie nie zwracaj\u0105cy uwagi na najwi\u0119ksze zboczenie tej organizacji, jakim jest notoryczny antysemityzm, mog\u0105 zauwa\u017cy\u0107, \u017ce ta organizacja ma\u0142o przypomina Amnesty International z lat 60. ubieg\u0142ego wieku. Pozbawienie Aleksieja Nawalnego w lutym 2021 roku statusu wi\u0119\u017ania sumienia wywo\u0142a\u0142o tak wiele protest\u00f3w, \u017ce kierownictwo AI szybko postanowi\u0142o si\u0119 z tego wycofa\u0107.<\/span><\/p>\n<p style=\"text-align: left;\">\n<span style=\"color: #000080;\">Kwestia kontakt\u00f3w i wr\u0119cz wsp\u00f3\u0142pracy z terrorystami wyp\u0142ywa\u0142a wielokrotnie, a\u017c wreszcie, cz\u0142onkini kierownictwa AI,&nbsp;<a style=\"color: #000080;\" href=\"https:\/\/en.wikipedia.org\/wiki\/Gita_Sahgal\">Gita Sahgal<\/a>&nbsp;w 2010 roku ujawni\u0142a prasie powi\u0105zania AI z&nbsp;<a style=\"color: #000080;\" title=\"Moazzam Begg\" href=\"https:\/\/en.wikipedia.org\/wiki\/Moazzam_Begg\">Moazzamem Beggiem<\/a>, dyrektorem grupy kampanijnej&nbsp;<a style=\"color: #000080;\" title=\"Klatka (organizacja)\" href=\"https:\/\/en.wikipedia.org\/wiki\/Cage_(organisation)\">Cage<\/a>&nbsp;(wcze\u015bniej Cageprisoners), kt\u00f3ra reprezentuje m\u0119\u017cczyzn przetrzymywanych w Guantanamo w warunkach pozas\u0105dowych. Okre\u015bli\u0142a go mianem \u201enajs\u0142ynniejszego brytyjskiego zwolennika talib\u00f3w\u201d.<\/span><\/p>\n<p style=\"text-align: left;\">\n<span style=\"color: #000080;\">Kierownictwo Amnesty zawiesi\u0142o j\u0105, a nast\u0119pnie zwolni\u0142o, uzasadniaj\u0105c to ordynarnym k\u0142amstwem, \u017ce nie podnios\u0142a tej sprawy w normalnym trybie s\u0142u\u017cbowym. Sprawa Begga by\u0142a zaledwie czubkiem g\u00f3ry lodowej, a jednak szybko da\u0142o si\u0119 j\u0105 wyciszy\u0107. Kradzie\u017c marki autorytetu moralnego jest intratna, pozwala ka\u017cd\u0105 krytyk\u0119 obr\u00f3ci\u0107 w atak z\u0142ych ludzi na z definicji \u015bwi\u0119tych i szlachetnych.<\/span><\/p>\n<p style=\"text-align: left;\">\n<span style=\"color: #000080;\">Raporty AI s\u0105 cz\u0119sto krytykowane za ich oparcie na anonimowych \u015bwiadkach i s\u0142abych dowodach, za tendencyjno\u015b\u0107, p\u0142ytko\u015b\u0107 i kardynalne b\u0142\u0119dy prawnicze. W 2022 roku Amnesty przyzna\u0142a, \u017ce straci\u0142a jedn\u0105 trzeci\u0105 wp\u0142yw\u00f3w z dotacji po raporcie o rzekomych ukrai\u0144skich zbrodniach wojennych.&nbsp;<\/span><\/p>\n<p style=\"text-align: left;\">\n<span style=\"color: #000080;\">Amnesty International twierdzi, \u017ce nie przyjmuje \u017cadnych funduszy na badania nad prawami cz\u0142owieka od rz\u0105d\u00f3w ani od partii politycznych. W rzeczywisto\u015bci brytyjski rz\u0105d by\u0142 trzecim co do wielko\u015bci darczy\u0144c\u0105 Amnesty International w 2009 r. z hojn\u0105 darowizn\u0105 w wysoko\u015bci 800 000 funt\u00f3w. W 2011 r. Amnesty International otrzyma\u0142a 842 000 funt\u00f3w od brytyjskiego Departamentu Rozwoju Mi\u0119dzynarodowego. Jak podawa\u0142 \u201eGlobal Times\u201d otrzyma\u0142a r\u00f3wnie\u017c obfite darowizny od Komisji Europejskiej, Holandii i Stan\u00f3w Zjednoczonych. W 2016 r. darowizna od Fundacji Open Society George&#8217;a Sorosa pomog\u0142a zwi\u0119kszy\u0107 przychody Amnesty International Ireland o 8 procent. Poniewa\u017c irlandzkie prawo dotycz\u0105ce finansowania kampanii zabrania zagranicznych darowizn na rzecz grup zaanga\u017cowanych w wybory lub referenda organizowane w kraju, Komisja ds. Standard\u00f3w w Urz\u0119dach Publicznych za\u017c\u0105da\u0142a od Amnesty International zwrotu pieni\u0119dzy, czego ta ostatnia odm\u00f3wi\u0142a.<\/span><\/p>\n<p style=\"text-align: left;\">\n<span style=\"color: #000080;\">Prawd\u0119 m\u00f3wi\u0105c organizacje obrony praw cz\u0142owieka obracaj\u0105ce dziesi\u0105tkami milion\u00f3w dolar\u00f3w nie s\u0105 specjalne oddane idei przejrzysto\u015bci, za\u015b instytucje, kt\u00f3re powinny tego od nich oczekiwa\u0107, nie wydaj\u0105 si\u0119 by\u0107 specjalnie dociekliwe.<\/span><\/p>\n<p style=\"text-align: left;\">\n<span style=\"color: #000080;\">Przez moment g\u0142o\u015bna by\u0142a sprawa darowizny dla innej przej\u0119tej organizacji obrony praw cz\u0142owieka \u2013 Human Rights Watch, kt\u00f3ra otrzyma\u0142a solidn\u0105 dotacj\u0119 od saudyjskiego magnata, Mohameda Bin Issy Al Jabera. G\u0142\u00f3wny&nbsp;(\u00f3wczesny) dyrektor HRW nie tylko zaakceptowa\u0142 warunek nie wspierania grup LGBT w regionie (czytaj nie informowania o&nbsp; prze\u015bladowaniach homoseksualist\u00f3w z kraj\u00f3w arabskich), ale wiedzia\u0142 o ciemnych interesach tego miliardera. Umowa zawarta by\u0142a w 2012 roku, ale sprawa wyp\u0142yn\u0119\u0142a dopiero w 2020 roku, kiedy okaza\u0142o si\u0119, \u017ce&nbsp; saudyjski magnat wykorzystuje p\u00f3\u0142niewolnicz\u0105 si\u0142\u0119 robocz\u0105, \u017ce Ken Roth o tym wiedzia\u0142, a nawet rozmawia\u0142 z darczy\u0144c\u0105 o problemie, ale nadal przyjmowa\u0142 dotacje od szlachetnego Saudyjczyka. Kiedy sprawa sta\u0142a si\u0119 g\u0142o\u015bna, HRW pospiesznie zwr\u00f3ci\u0142a pieni\u0105dze, udaj\u0105c, \u017ce nic si\u0119 nie sta\u0142o.<\/span><\/p>\n<p style=\"text-align: left;\">\n<span style=\"color: #000080;\">Zar\u00f3wno HRW, jak i Amnesty International oskar\u017cane s\u0105 o zdrad\u0119 pierwotnych za\u0142o\u017ce\u0144 tych organizacji, jak i o notoryczny antysemityzm. (Za\u0142o\u017cyciel HRW, nie\u017cyj\u0105cy ju\u017c Robert Bernstein,&nbsp;<a style=\"color: #000080;\" href=\"https:\/\/www.nytimes.com\/2009\/10\/20\/opinion\/20bernstein.html\">odci\u0105\u0142 si\u0119 od tej organizacji<\/a>, uznaj\u0105c, \u017ce w r\u0119kach Kena Rotha sta\u0142a si\u0119 przeciwie\u0144stwem organizacji, kt\u00f3r\u0105 zak\u0142ada\u0142.)<\/span><\/p>\n<p><span style=\"color: #000080;\">Czy problem systemowego antysemityzmu takich organizacji jak HRW, AI czy ONZ jest istotny i czy te oskar\u017cenia s\u0105 uzasadnione? Wielu argumentuje, \u017ce te oskar\u017cenia s\u0105 pr\u00f3b\u0105 wyciszenia wszelkiej krytyki Izraela. Sami oskar\u017ceni stanowczo odrzucaj\u0105 te zarzuty. Potwierdzaj\u0105 je jednak statystyki oraz j\u0119zyk i tre\u015b\u0107 raport\u00f3w, o\u015bwiadcze\u0144 i rezolucji. Niewielu pami\u0119ta, \u017ce istnia\u0142a kiedy\u015b Komisja Praw Cz\u0142owieka ONZ i \u017ce zosta\u0142a zlikwidowana w zwi\u0105zku z chronicznym antysemityzmem, w nadziei \u017ce nowa Rada Praw Cz\u0142owieka b\u0119dzie mniej antysemicka (co okaza\u0142o si\u0119 absolutnie niemo\u017cliwe, poniewa\u017c demokratyczna organizacja narod\u00f3w systematycznie \u0142ami\u0105cych prawa cz\u0142owieka potrzebuje koz\u0142a ofiarnego jak powietrza, \u017ceby m\u00f3c udawa\u0107 kontynuacj\u0119 organizacji za\u0142o\u017conej po drugiej wojnie \u015bwiatowej).<\/span><\/p>\n<p style=\"text-align: left;\">\n<span style=\"color: #000080;\">Antysemickie tendencje Amnesty International by\u0142y widoczne ju\u017c wcze\u015bniej, ale upadek Zwi\u0105zku Radzieckiego zmieni\u0142 pole bitwy o prawa cz\u0142owieka. Wydarzeniem, kt\u00f3re ujawni\u0142o oblicze nowego wspania\u0142ego \u015bwiata, by\u0142a konferencja ONZ przeciw rasizmowi zorganizowana w Durbanie w 2001 roku.&nbsp;<\/span><\/p>\n<p><span style=\"color: #000080;\">Amnesty International gra\u0142a pierwsze skrzypce na tym sabacie czarownic, podpowiadaj\u0105c najw\u0142a\u015bciwszy spos\u00f3b walki z rasizmem. Jak czytali\u015bmy w&nbsp;<a style=\"color: #000080;\" href=\"https:\/\/www.amnesty.org\/fr\/wp-content\/uploads\/2021\/06\/ior410202001en.pdf\">o\u015bwiadczeniu<\/a>, \u00f3wczesnej przewodnicz\u0105cej AI, Irene Khan, \u201eNadal pozostaj\u0105 powa\u017cne r\u00f3\u017cnice zda\u0144 w kwestii zwalczania dziedzictwa niewolnictwa i kolonializmu oraz kwestii dyskryminacji Palesty\u0144czyk\u00f3w przez Izrael.\u201d Ukryta sugestia, \u017ce&nbsp;przezwyci\u0119\u017cenie tych r\u00f3\u017cnic wymaga ca\u0142ej koncentracji uwagi na kwestii \u017cydowskiej, nie umkn\u0119\u0142a uwadze tego gremium.<\/span><\/p>\n<p style=\"text-align: left;\">\n<span style=\"color: #000080;\">Orgii antysemityzmu w wykonaniu organizator\u00f3w tej konferencji towarzyszy\u0142y okrzyki zewn\u0119trznych sympatyk\u00f3w, \u017ce \u201eHitler mia\u0142 racj\u0119\u201d.<\/span><\/p>\n<p style=\"text-align: left;\">\n<span style=\"color: #000080;\">Czy mo\u017cemy zrozumie\u0107 ten wybuch antysemityzmu w\u0142a\u015bnie w tym momencie historycznym? Jeste\u015bmy skazani na domys\u0142y i spekulacje. Znikn\u0105\u0142 Zwi\u0105zek Radziecki, opiekun \u201ekraj\u00f3w niezaanga\u017cowanych\u201d (lub jak kto woli rozwijaj\u0105cych si\u0119), Chiny flirtowa\u0142y z kapitalizmem lewica poszukiwa\u0142a nowej ojczyzny proletariatu, najlepsz\u0105 propozycj\u0105 wydawa\u0142a si\u0119 mityczna Palestyna, kt\u00f3ra pozwala\u0142a \u0142\u0105czy\u0107 dobrze zakorzenione uprzedzenia&nbsp; z frustracjami wolnych ale niezdolnych do pos\u0142ugiwania si\u0119 wolno\u015bci\u0105 oraz sytych i znudzonych demokracj\u0105. Efektem by\u0142 kolejny sojusz oddanych utopiom skrajno\u015bci.<\/span><\/p>\n<p style=\"text-align: left;\">\n<span style=\"color: #000080;\">W 1939 roku widzieli\u015bmy defilad\u0119 Armii Czerwonej i Wehrmachtu w Brze\u015bciu. Niebawem Stalin mia\u0142 wyda\u0107 rozkaz rozstrzelania oficer\u00f3w wywiadu ostrzegaj\u0105cych, \u017ce Hitler przygotowuje si\u0119 do wojny ze Zwi\u0105zkiem Radzieckim. W 1979 roku widzieli\u015bmy wsp\u00f3lne harce ira\u0144skich komunist\u00f3w z islamistami, z kt\u00f3rych ci pierwsi nie domy\u015blali si\u0119, \u017ce natychmiast po obaleniu szacha zaczn\u0105 si\u0119 aresztowania, a potem masowe mordowanie komunist\u00f3w.<\/span><\/p>\n<p style=\"text-align: left;\">\n<span style=\"color: #000080;\">W Durbanie rozpocz\u0105\u0142 si\u0119 nowy etap wsp\u00f3lnej walki z ameryka\u0144skim imperializmem. Amnesty, HRW, ONZ byli teraz awangard\u0105 awangardy. Parady zachodniej lewicy ze skrajnie prawicow\u0105 patriarchaln\u0105 awangard\u0105 islamu walcz\u0105c\u0105 o \u015bwiatowy kalifa odbywaj\u0105 si\u0119 teraz w Londynie, Waszyngtonie, Pary\u017cu innych stolicach zachodniego \u015bwiata. Opowie\u015bci Amnesty International o izraelskim ludob\u00f3jstwie, apartheidzie, o osadniczym kolonializmie i innych \u017cydowskich grzechach s\u0105 wa\u017cn\u0105 cz\u0119\u015bci\u0105 intersekcjonalnej walki o dusze umys\u0142owego proletariatu. Nie, nie maj\u0105 nic wsp\u00f3lnego z ide\u0105 Petera Benensona zrodzon\u0105 &nbsp;w londy\u0144skim metrze, ani z tymi, kt\u00f3rzy j\u0105 wtedy podchwycili.<\/span><\/p>\n<p style=\"text-align: left;\">\n<span style=\"color: #000080;\">P. S. Publikujemy dzi\u015b artyku\u0142 o porwaniu przez w\u0142adze w Algierii francuskoj\u0119zycznego pisarza Boualema Sansala. G\u0142\u00f3wnym powodem by\u0142a najprawdopodobniej jego wizyta w Izraelu i kontakty z izraelskimi pisarzami. Jak 6 grudnia&nbsp;<a style=\"color: #000080;\" href=\"https:\/\/www.lefigaro.fr\/international\/amnesty-international-refuse-de-soutenir-boualem-sansal-faute-de-preuves-de-sa-detention-arbitraire-20241206\">informowa\u0142 francuski dziennik \u201eLe Figaro\u201d,&nbsp;<\/a>Amnesty International odm\u00f3wi\u0142a zaj\u0119cia si\u0119 t\u0105 spraw\u0105 ze wzgl\u0119du na brak dowod\u00f3w, \u017ce jest zatrzymany. Autor artyku\u0142u pisze:<\/span><\/p>\n<blockquote>\n<p style=\"text-align: left;\"><strong>Czy \u0142atwiej by\u0142o uzyska\u0107 informacje w Gazie, w \u015brodku wojny mi\u0119dzy Izraelem a Hamasem (kt\u00f3rego Amnesty International nie chce okre\u015bli\u0107 jako ruchu terrorystycznego) ni\u017c w Algierii? Organizacja pozarz\u0105dowa w rzeczywisto\u015bci odm\u00f3wi\u0142a oficjalnego pot\u0119pienia zatrzymania francusko-algierskiego pisarza Boualema Sansala przez algierski wymiar sprawiedliwo\u015bci ze wzgl\u0119du na brak wystarczaj\u0105cych informacji, jak Amnesty International podaje na X (Twitter) za po\u015brednictwem konta swojego francuskiego oddzia\u0142u. Jednak\u017ce ta sama organizacja pozarz\u0105dowa opublikowa\u0142a w\u0142a\u015bnie raport&nbsp;&nbsp;<a href=\"http:\/\/www.lefigaro.fr\/international\/amnesty-accuse-israel-de-genocide-a-gaza-dans-un-rapport-20241205\" data-fig-type=\"NewsFlash\" data-gtm-custom-categorie=\"navigation\" data-gtm-custom-action=\"crossclick\" data-gtm-custom-label=\"Contextuel\" data-gtm-event=\"customEventSPE\" data-fig-domain=\"LEFIGARO\">potwierdzaj\u0105cy istnienie \u201eludob\u00f3jstwa w Gazie<\/a>.\u201d<\/strong><\/p>\n<\/blockquote>\n<\/div>\n<hr style=\"height: 15px; background: #d0e6fa; width: 100%;\">\n<div id=\"content\" class=\"content-alignment\">\n<div id=\"watch-description\" class=\"yt-uix-button-panel\">\n<div id=\"watch-description-text\" style=\"text-align: center;\">\n<p><em>Zawarto\u015b\u0107 publikowanych artyku\u0142\u00f3w i materia\u0142\u00f3w nie reprezentuje pogl\u0105d\u00f3w ani opinii Reunion&#8217;68,<\/em><em><br \/>\nani te\u017c webmastera Blogu Reunion&#8217;68, chyba ze jest to wyra\u017anie zaznaczone.<br \/>\nTwoje uwagi, linki, w\u0142asne artyku\u0142y lub wiadomo\u015bci prze\u015blij na adres:<br \/>\n<\/em><span style=\"color: #000080;\"><strong><em><a style=\"color: #000080;\" href=\"mailto:webmaster@reunion68.com\"><span style=\"text-decoration: underline;\">webmaster@reunion68.com<\/span><\/a><\/em><\/strong><\/span><\/p>\n<\/div>\n<\/div>\n<\/div>\n<hr style=\"width: 100%;\">\n","protected":false},"excerpt":{"rendered":"<p>Zrzut z ekranu wideo: https:\/\/scontent.fbma5-1.fna.fbcdn.net\/v\/t39.30808-6\/470224848_8962485630457022_7373743009935647224_n.jpg?_nc_cat=106&amp;ccb=1-7&amp;_nc_sid=127cfc&amp;_nc_ohc=hjkPE219rcAQ7kNvgEMgMCA&amp;_nc_zt=23&amp;_nc_ht=scontent.fbma5-1.fna&amp;_nc_gid=ACQQDaTd-ksENq-qRJTj9xa&amp;oh=00_AYD3xzyZWoNUJhONrWH-sKurGqXL_v7ikoAvfW8fgvDPGg&amp;oe=6761DDEB Oportuni\u015bci z organizacji bez sumienia Andrzej Koraszewski Ojczyzna Ant\u00f3nio Manuela de Oliveira Guterresa&nbsp;w czasach rz\u0105d\u00f3w Antonio de Oliviera Salazara by\u0142a wiern\u0105 c\u00f3r\u0105 Watykanu i nadal (dyskretnie) by\u0142a wierna naukom Adolfa Hitlera. W 1961 roku czterdziestoletni londy\u0144ski adwokat, Peter Benenson, jecha\u0142 pewnego dnia metrem i podobnie jak wi\u0119kszo\u015b\u0107 innych pasa\u017cer\u00f3w przegl\u0105da\u0142 [&hellip;]<\/p>\n","protected":false},"author":1,"featured_media":0,"comment_status":"closed","ping_status":"closed","sticky":false,"template":"","format":"standard","meta":[],"categories":[6],"tags":[26,24],"_links":{"self":[{"href":"https:\/\/www.reunion68.se\/index.php?rest_route=\/wp\/v2\/posts\/117678"}],"collection":[{"href":"https:\/\/www.reunion68.se\/index.php?rest_route=\/wp\/v2\/posts"}],"about":[{"href":"https:\/\/www.reunion68.se\/index.php?rest_route=\/wp\/v2\/types\/post"}],"author":[{"embeddable":true,"href":"https:\/\/www.reunion68.se\/index.php?rest_route=\/wp\/v2\/users\/1"}],"replies":[{"embeddable":true,"href":"https:\/\/www.reunion68.se\/index.php?rest_route=%2Fwp%2Fv2%2Fcomments&post=117678"}],"version-history":[{"count":7,"href":"https:\/\/www.reunion68.se\/index.php?rest_route=\/wp\/v2\/posts\/117678\/revisions"}],"predecessor-version":[{"id":117691,"href":"https:\/\/www.reunion68.se\/index.php?rest_route=\/wp\/v2\/posts\/117678\/revisions\/117691"}],"wp:attachment":[{"href":"https:\/\/www.reunion68.se\/index.php?rest_route=%2Fwp%2Fv2%2Fmedia&parent=117678"}],"wp:term":[{"taxonomy":"category","embeddable":true,"href":"https:\/\/www.reunion68.se\/index.php?rest_route=%2Fwp%2Fv2%2Fcategories&post=117678"},{"taxonomy":"post_tag","embeddable":true,"href":"https:\/\/www.reunion68.se\/index.php?rest_route=%2Fwp%2Fv2%2Ftags&post=117678"}],"curies":[{"name":"wp","href":"https:\/\/api.w.org\/{rel}","templated":true}]}}