{"id":117682,"date":"2024-12-13T17:00:20","date_gmt":"2024-12-13T15:00:20","guid":{"rendered":"http:\/\/www.reunion68.se\/?p=117682"},"modified":"2024-12-13T12:16:32","modified_gmt":"2024-12-13T10:16:32","slug":"14-00-105","status":"publish","type":"post","link":"https:\/\/www.reunion68.se\/?p=117682","title":{"rendered":"Hamas Applauds Ireland\u2019s Decision to Join South Africa Genocide Case Against Israel"},"content":{"rendered":"<h5 style=\"text-align: center;\"><a href=\"https:\/\/www.algemeiner.com\/\" target=\"_blank\" rel=\"noopener noreferrer\"><img decoding=\"async\" class=\"center alignleft\" src=\"http:\/\/www.reunion68.com\/Biuletyn\/img\/algem.png\" alt=\"\" width=\"35%\" \/><\/a><span style=\"text-decoration: underline; color: #000080;\"><span><strong><a style=\"color: #000080; text-decoration: underline;\" href=\"https:\/\/www.algemeiner.com\/2024\/12\/12\/hamas-applauds-irelands-decision-join-south-africa-genocide-case-israel\/\" target=\"_blank\" rel=\"noopener noreferrer\">Hamas Applauds Ireland\u2019s Decision to Join South Africa Genocide Case Against Israel<\/a><\/strong><\/span><\/span><\/h5>\n<p style=\"text-align: center;\"><span style=\"color: #000000;\"><strong>Algemeiner Staff<\/strong><\/span><\/p>\n<hr style=\"height: 15px; background: #d0e6fa; width: 100%;\" \/>\n<h4 style=\"text-align: center;\"><strong>All those who helped Hitler during World War II want today to fulfill Hitler&#8217;s promises to the Arabs.<br \/>\nSweden, Norway, Spain, France, Ireland\u00a0<\/strong><\/h4>\n<p><img decoding=\"async\" class=\"aligncenter\" src=\"https:\/\/scontent.fbma5-1.fna.fbcdn.net\/v\/t39.30808-6\/470201239_8962560677116184_9009395454512695249_n.jpg?_nc_cat=109&amp;ccb=1-7&amp;_nc_sid=127cfc&amp;_nc_ohc=r1_2A2iWloUQ7kNvgHjTo0C&amp;_nc_zt=23&amp;_nc_ht=scontent.fbma5-1.fna&amp;_nc_gid=AIirk4pCceQishm4LljR8fo&amp;oh=00_AYCdGcIvGPvvzOrZ54sz9_WxyNLCusbtVgQYT_zL3exJ0Q&amp;oe=6761DF96\" width=\"100%\" \/><br \/>\n<span style=\"color: #000080;\">wiecej tu:<\/span><\/p>\n<p style=\"text-align: center;\"><a href=\"https:\/\/www.irishtimes.com\/culture\/books\/ireland-and-the-nazis-a-troubled-history-1.3076579\"><span style=\"color: #000080;\"><strong>Ireland and the Nazis: a troubled history<\/strong><\/span><br \/>\n<span style=\"color: #000080;\"><strong>As a neutral leader, de Valera trod a fine line between Nazi Germany and Britain, not helped by a pro-Nazi envoy in Berlin and his controversial condolences on Hitler\u2019s death<\/strong><\/span><\/a><\/p>\n<p><a href=\"https:\/\/www.irishtimes.com\/culture\/books\/ireland-and-the-nazis-a-troubled-history-1.3076579\"><img decoding=\"async\" class=\"aligncenter\" src=\"https:\/\/www.irishtimes.com\/resizer\/v2\/XJM2X7WTP3GFICQUTDZISJRQN4.jpg?auth=37af2ef70b7e83b61b9bbf6fe02b4d124cc4cb4e8a1caea8d73077f77cda879a&amp;smart=true&amp;width=1600&amp;height=900\" width=\"100%\" \/><\/a><\/p>\n<hr \/>\n<p style=\"text-align: center;\"><img decoding=\"async\" class=\"aligncenter\" src=\"https:\/\/www.algemeiner.com\/wp-content\/uploads\/2024\/05\/2024-05-15T124809Z_1_LYNXMPEK4E0KG_RTROPTP_4_UN-ASSEMBLY1.jpg\" width=\"100%\" \/><span style=\"color: #808080;\"><em>Irish Foreign Minister Micheal Martin speaks to members of the media during the 78th United Nations General Assembly at the United Nations Headquarters in New York City, US, Sept. 19, 2023. Photo: REUTERS\/Bing Guan<\/em><\/span><\/p>\n<p style=\"text-align: left;\"><span style=\"color: #000080;\">The Palestinian terrorist group Hamas has welcomed Ireland\u2019s decision to formally join\u00a0<a style=\"color: #000080;\" href=\"https:\/\/www.algemeiner.com\/2024\/10\/30\/jewish-leaders-south-africa-blast-anc-governments-grandstanding-latest-move-against-israel\/\" target=\"_blank\" rel=\"noopener noreferrer\">South Africa\u2019s genocide case<\/a>\u00a0against Israel at the International Court of Justice (ICJ), calling on other states to follow Dublin\u2019s lead.<\/span><\/p>\n<p style=\"text-align: left;\"><span style=\"color: #000080;\">\u201cWe urge all countries to intensify any pressure against the Israeli enemy to stop its brutal attacks on the Palestinian people,\u201d Hamas said in a statement to Lebanon\u2019s Al-Manar TV, according to Iranian state-run media.<\/span><\/p>\n<p style=\"text-align: left;\"><span style=\"color: #000080;\">The expression of support came after Irish Deputy Prime Minister and Foreign Minister Micheal Martin said on Wednesday that he had received the\u00a0<a style=\"color: #000080;\" href=\"https:\/\/www.algemeiner.com\/2024\/11\/29\/preacher-slammed-appalling-remarks-irish-memorial-accusing-israel-viewing-itself-master-race\/\" target=\"_blank\" rel=\"noopener noreferrer\">government\u2019s approval<\/a>\u00a0to intervene in the case against Israel.<\/span><\/p>\n<p style=\"text-align: left;\"><span style=\"color: #000080;\">\u201cBy legally intervening in South Africa\u2019s case, Ireland will be asking the ICJ to broaden its interpretation of what constitutes the commission of genocide by a state,\u201d Ireland\u2019s Foreign Affairs Department said in a statement. \u201cWe are concerned that a very narrow interpretation of what constitutes genocide leads to a culture of impunity in which the protection of civilians is minimized.\u201d<\/span><\/p>\n<p style=\"text-align: left;\"><span style=\"color: #000080;\">The statement claimed that there has been \u201ca collective punishment of the Palestinian people through the intent and impact of military actions of Israel,\u201d adding, \u201cIreland\u2019s view of the [Genocide Convention] is broader and prioritizes the protection of civilian life.\u201d<\/span><\/p>\n<p style=\"text-align: left;\"><span style=\"color: #000080;\">Martin said last month that the government intended to join South Africa\u2019s case at the ICJ before the end of the year. His comment came on the same day that the\u00a0<a style=\"color: #000080;\" href=\"https:\/\/www.algemeiner.com\/2024\/11\/07\/irish-parliament-passes-motion-accusing-israel-genocide-gaza-dublins-hostility-jewish-state-mounts\/\" target=\"_blank\" rel=\"noopener noreferrer\">Irish parliament passed a non-binding motion<\/a>\u00a0saying that \u201cgenocide is being perpetrated before our eyes by Israel in Gaza.\u201d<\/span><\/p>\n<p style=\"text-align: left;\"><span style=\"color: #000080;\">Since December, South Africa has been pursuing its case at the ICJ accusing Israel of committing \u201cstate-led genocide\u201d in its defensive war against Hamas in Gaza.<\/span><\/p>\n<p style=\"text-align: left;\"><span style=\"color: #000080;\">In January, the ICJ ruled there was \u201cplausibility\u201d to South Africa\u2019s claims that Palestinians had a right to be protected from genocide. However, the top UN court did not make a determination on the merits of South Africa\u2019s allegations \u2014 which Israel and its allies have described as baseless and may take years to get through the judicial process. Israeli officials have\u00a0<a style=\"color: #000080;\" href=\"https:\/\/www.algemeiner.com\/2024\/05\/17\/israel-tells-world-court-south-africa-case-makes-mockery-genocide\/\" target=\"_blank\" rel=\"noopener noreferrer\">strongly condemned\u00a0the ICJ proceedings<\/a>, noting that the Jewish state is targeting terrorists who use civilians as human shields in its military campaign.<\/span><\/p>\n<p style=\"text-align: left;\"><span style=\"color: #000080;\">Pro-Israel advocates\u00a0<a style=\"color: #000080;\" href=\"https:\/\/www.algemeiner.com\/2024\/01\/26\/south-african-jews-welcome-icj-ruling-on-israels-military-operation-in-gaza\/\" target=\"_blank\" rel=\"noopener noreferrer\">welcomed the ICJ ruling<\/a>\u00a0because it did not impose a unilateral ceasefire in Gaza and called for the release of the hostages taken by Hamas last Oct. 7. Rather than declare that Israel was committing genocide in Gaza and order the Jewish state to stop its military campaign in the Palestinian enclave, the court issued a more general directive that Israel must make sure it prevents acts of genocide.<\/span><\/p>\n<p style=\"text-align: left;\"><span style=\"color: #000080;\">In late October, South Africa filed the bulk of the relevant material to support its allegations.<\/span><\/p>\n<p style=\"text-align: left;\"><span style=\"color: #000080;\">Ireland has been among Europe\u2019s fiercest critics of Israel since Oct. 7 of last year, when Hamas-led Palestinian terrorists invaded the Jewish state from neighboring Gaza. The terrorists murdered 1,200 people, wounded thousands more, and abducted over 250 hostages in their rampage, the deadliest single-day massacre of Jews since the Holocaust. Israel responded with an ongoing military campaign in Hamas-ruled Gaza aimed at freeing the hostages and dismantling the terrorist group\u2019s military and governing capabilities.<\/span><\/p>\n<p style=\"text-align: left;\"><span style=\"color: #000080;\">Last month, Ireland accepted the appointment of a full Palestinian ambassador for the first time, confirming that Jilan Wahba Abdalmajid would step up from her current position as Palestinian head of mission to Ireland.<\/span><\/p>\n<p style=\"text-align: left;\"><span style=\"color: #000080;\">In May,\u00a0<a style=\"color: #000080;\" href=\"https:\/\/www.algemeiner.com\/2024\/05\/28\/spain-norway-ireland-officially-recognize-palestinian-state-denmarks-parliament-rejects-proposal\/\" target=\"_blank\" rel=\"noopener noreferrer\">Ireland officially recognized a Palestinian state<\/a>, prompting outrage in Israel, which described the move as a \u201creward for terrorism.\u201d According to\u00a0<em>The Irish Times<\/em>, Ireland is due to have its presence in Ramallah in the West Bank upgraded from a representative office to a full embassy.<\/span><\/p>\n<p style=\"text-align: left;\"><span style=\"color: #000080;\">Israel\u2019s Ambassador in Dublin Dana Erlich said at the time of Ireland\u2019s recognition of \u201cPalestine\u201d that Ireland was \u201c<a style=\"color: #000080;\" href=\"https:\/\/www.algemeiner.com\/2024\/05\/27\/ireland-not-honest-broker-mideast-conflict-says-israels-envoy-warning-against-palestine-recognition\/\" target=\"_blank\" rel=\"noopener noreferrer\">not an honest broker<\/a>\u201d in the Israeli-Palestinian conflict.<\/span><\/p>\n<p style=\"text-align: left;\"><span style=\"color: #000080;\">More recently, Irish Prime Minister Simon Harris in October called on the European Union to \u201creview its trade relations\u201d with Israel after the Israeli parliament passed legislation\u00a0<a style=\"color: #000080;\" href=\"https:\/\/www.algemeiner.com\/2024\/10\/29\/israelis-defend-unrwa-ban-amid-us-rebuke-say-school-kids-better-off-without-agencys-poisonous-influence\/\" target=\"_blank\" rel=\"noopener noreferrer\">banning the activities in the country of UNRWA<\/a>, the United Nations agency responsible for Palestinian refugees, because of its ties to Hamas.<\/span><\/p>\n<p style=\"text-align: left;\"><span style=\"color: #000080;\">Recent anti-Israel actions in Ireland came shortly after the Institute for Monitoring Peace and Cultural Tolerance in School Education (Impact-se), an Israeli education watchdog group, released a\u00a0<a style=\"color: #000080;\" href=\"https:\/\/www.algemeiner.com\/2024\/11\/05\/irish-school-textbooks-disparage-judaism-defame-israel-watchdog-finds\/\" target=\"_blank\" rel=\"noopener noreferrer\">new report revealing Irish school textbooks<\/a>\u00a0have been filled with negative stereotypes and distortions of Israel, Judaism, and Jewish history.<\/span><\/p>\n<p style=\"text-align: left;\"><span style=\"color: #000080;\">Antisemitism in Ireland has become \u201cblatant and obvious\u201d in the wake of Hamas\u2019s Oct. 7 onslaught, according to Alan Shatter, a former member of parliament who served in the Irish cabinet between 2011 and 2014 as Minister for Justice, Equality and Defense.<\/span><\/p>\n<p style=\"text-align: left;\"><span style=\"color: #000080;\">Shatter\u00a0<a style=\"color: #000080;\" href=\"https:\/\/www.algemeiner.com\/2024\/03\/12\/antisemitism-ireland-blatant-obvious-wake-hamas-onslaught-says-jewish-former-cabinet-minister-alan-shatter\/\" target=\"_blank\" rel=\"noopener noreferrer\">told\u00a0<em>The Algemeiner<\/em>\u00a0in an interview<\/a>\u00a0earlier this year that Ireland has \u201cevolved into the most hostile state towards Israel in the entire EU.\u201d<\/span><\/p>\n<p style=\"text-align: left;\"><span style=\"color: #000080;\">Two months ago, an Irish official, Dublin City Councilor Punam Rane,\u00a0<a style=\"color: #000080;\" href=\"https:\/\/www.algemeiner.com\/2024\/10\/08\/irish-official-apologizes-claiming-jews-israel-control-us-economy-jewish-leaders-demand-action\/\" target=\"_blank\" rel=\"noopener noreferrer\">claimed during a council meeting<\/a>\u00a0that Jews and Israel control the US economy, arguing that is why Washington, DC does not oppose Israel\u2019s war against Hamas.<\/span><\/p>\n<hr style=\"height: 15px; background: #d0e6fa; width: 100%;\" \/>\n<div id=\"content\" class=\"content-alignment\">\n<div id=\"watch-description\" class=\"yt-uix-button-panel\">\n<div id=\"watch-description-text\" style=\"text-align: center;\">\n<p><a href=\"\n\n&lt;hr style=\"><em>Zawarto\u015b\u0107 publikowanych artyku\u0142\u00f3w i materia\u0142\u00f3w nie reprezentuje pogl\u0105d\u00f3w ani opinii Reunion&#8217;68,<\/em><em><br \/>\nani te\u017c webmastera Blogu Reunion&#8217;68, chyba ze jest to wyra\u017anie zaznaczone.<br \/>\nTwoje uwagi, linki, w\u0142asne artyku\u0142y lub wiadomo\u015bci prze\u015blij na adres:<br \/>\n<\/em><\/a><strong><em><a style=\"color: #000080;\" href=\"mailto:webmaster@reunion68.com\"><span style=\"text-decoration: underline;\">webmaster@reunion68.com<\/span><\/a><\/em><\/strong><\/p>\n<\/div>\n<\/div>\n<\/div>\n<hr style=\"width: 100%;\" \/>\n","protected":false},"excerpt":{"rendered":"<p>Hamas Applauds Ireland\u2019s Decision to Join South Africa Genocide Case Against Israel Algemeiner Staff All those who helped Hitler during World War II want today to fulfill Hitler&#8217;s promises to the Arabs. Sweden, Norway, Spain, France, Ireland\u00a0 wiecej tu: Ireland and the Nazis: a troubled history As a neutral leader, de Valera trod a fine [&hellip;]<\/p>\n","protected":false},"author":1,"featured_media":0,"comment_status":"closed","ping_status":"closed","sticky":false,"template":"","format":"standard","meta":[],"categories":[6],"tags":[26,24],"_links":{"self":[{"href":"https:\/\/www.reunion68.se\/index.php?rest_route=\/wp\/v2\/posts\/117682"}],"collection":[{"href":"https:\/\/www.reunion68.se\/index.php?rest_route=\/wp\/v2\/posts"}],"about":[{"href":"https:\/\/www.reunion68.se\/index.php?rest_route=\/wp\/v2\/types\/post"}],"author":[{"embeddable":true,"href":"https:\/\/www.reunion68.se\/index.php?rest_route=\/wp\/v2\/users\/1"}],"replies":[{"embeddable":true,"href":"https:\/\/www.reunion68.se\/index.php?rest_route=%2Fwp%2Fv2%2Fcomments&post=117682"}],"version-history":[{"count":9,"href":"https:\/\/www.reunion68.se\/index.php?rest_route=\/wp\/v2\/posts\/117682\/revisions"}],"predecessor-version":[{"id":117704,"href":"https:\/\/www.reunion68.se\/index.php?rest_route=\/wp\/v2\/posts\/117682\/revisions\/117704"}],"wp:attachment":[{"href":"https:\/\/www.reunion68.se\/index.php?rest_route=%2Fwp%2Fv2%2Fmedia&parent=117682"}],"wp:term":[{"taxonomy":"category","embeddable":true,"href":"https:\/\/www.reunion68.se\/index.php?rest_route=%2Fwp%2Fv2%2Fcategories&post=117682"},{"taxonomy":"post_tag","embeddable":true,"href":"https:\/\/www.reunion68.se\/index.php?rest_route=%2Fwp%2Fv2%2Ftags&post=117682"}],"curies":[{"name":"wp","href":"https:\/\/api.w.org\/{rel}","templated":true}]}}