{"id":117707,"date":"2024-12-14T17:05:57","date_gmt":"2024-12-14T15:05:57","guid":{"rendered":"http:\/\/www.reunion68.se\/?p=117707"},"modified":"2024-12-14T14:18:52","modified_gmt":"2024-12-14T12:18:52","slug":"15-05-106","status":"publish","type":"post","link":"https:\/\/www.reunion68.se\/?p=117707","title":{"rendered":"Is domestic terrorism the next step for antisemitic radicals?"},"content":{"rendered":"<h5 style=\"text-align: center;\"><a href=\"https:\/\/www.jns.org\/\" target=\"_blank\" rel=\"noopener noreferrer\"><img decoding=\"async\" class=\"center alignleft\" src=\"http:\/\/www.reunion68.com\/Biuletyn\/img\/jns-1.png\" alt=\"\" width=\"35%\"><\/a><span style=\"text-decoration: underline; color: #000080;\"><strong><a style=\"color: #000080; text-decoration: underline;\" href=\"https:\/\/www.jns.org\/is-domestic-terrorism-the-next-step-for-antisemitic-radicals\/\" target=\"_blank\" rel=\"noopener noreferrer\">Is domestic terrorism the next step for antisemitic radicals?<\/a><\/strong><\/span><\/h5>\n<p style=\"text-align: center;\"><span style=\"color: #000000;\"><strong>Jonathan S. Tobin<\/strong><\/span><\/p>\n<hr style=\"height: 15px; background: #d0e6fa; width: 100%;\">\n<p style=\"text-align: center;\"><img decoding=\"async\" class=\"aligncenter\" src=\"https:\/\/cdn.jns.org\/uploads\/2024\/12\/Pro-Palestinian-Protests-at-New-York-University-NYU-Hospital-1320x880.jpg\" width=\"100%\"><span style=\"color: #808080;\"><em>Pro-Palestinian activists rally in front of Tisch Hospital at NYU Langone Health in New York City on June 14, 2024. Photo by Michael M. Santiago\/Getty Images.<\/em><\/span><\/p>\n<p class=\"wp-block-paragraph\" style=\"text-align: left;\"><span style=\"color: #000080;\">Americans were shocked and outraged by the assassination of Brian Thompson, the CEO of the UnitedHealthcare insurance company. Or at least most Americans were. Some were apparently happy about it, as a torrent of hate on social media directed towards the victim and sympathy for the murderer indicated.<\/span><\/p>\n<p class=\"wp-block-paragraph\" style=\"text-align: left;\"><span style=\"color: #000080;\">Thoughtful people may be perplexed as to how it is that some are treating the alleged killer, Luigi Mangione, 26, as a sort of folk hero on whose behalf a crowdfunded&nbsp;<a style=\"color: #000080;\" href=\"https:\/\/abc7.com\/post\/luigi-mangione-defense-fund-supporters-suspected-unitedhealthcare-ceo-killer-crowdfund-raise-50k\/15647310\/\" target=\"_blank\" rel=\"noreferrer noopener\">legal defense fund&nbsp;<\/a>has been established, and Thompson, 50, a husband and father, as a villain. It\u2019s hard not to draw a connection between this incident and the way that many supposedly educated Americans have reacted in much the same manner to the atrocities committed by Hamas and Palestinian terrorists on Oct. 7, 2023. The attack on an insurance executive has prompted worries that this won\u2019t be the last instance of violence directed at someone in the health-care industry.<\/span><\/p>\n<p class=\"wp-block-paragraph\" style=\"text-align: left;\"><span style=\"color: #000080;\">There\u2019s no need to wait to see if a similar pattern will emerge in response to the demonization of Israel. The growing list of crimes and threats against Jews from those who sympathize with Hamas and its goals has already shown us that the line that separates violent rhetoric from assaults and murderous terrorism can be razor-thin.<\/span><\/p>\n<p class=\"wp-block-paragraph\" style=\"text-align: left;\"><span style=\"color: #000080;\">After two \u201cpro-Palestine activists,\u201d as&nbsp;<em>The<\/em>&nbsp;<em>Washington Post&nbsp;<\/em>sympathetically&nbsp;<a style=\"color: #000080;\" href=\"https:\/\/www.washingtonpost.com\/education\/2024\/12\/08\/george-mason-university-pro-palestinian-activists\/?utm_campaign=wp_post_local&amp;utm_medium=email&amp;utm_source=newsletter&amp;carta-url=https%3A%2F%2Fs2.washingtonpost.com%2Fcar-ln-tr%2F3fdf0fc%2F6756da969a856778d401a2a0%2F6085a87cae7e8a50b5a36cb5%2F25%2F79%2F6756da969a856778d401a2a0\" target=\"_blank\" rel=\"noreferrer noopener\">described&nbsp;<\/a>them, were&nbsp;<a style=\"color: #000080;\" href=\"https:\/\/www.jns.org\/police-find-guns-terrorist-flags-in-home-of-sjp-leaders-at-george-mason-university\/\" target=\"_blank\" rel=\"noreferrer noopener\">banned<\/a>&nbsp;from George Mason University in Virginia, the response from many on campus and by antisemitic groups like the Council on American Islamic Relations (CAIR), as well as the liberal press, was to label them as innocent victims of a Jewish-directed purge of those who \u201ccriticize\u201d Israel.<\/span><\/p>\n<p class=\"wp-block-paragraph\" style=\"text-align: left;\"><span style=\"color: #000080;\">The duo was brought to the attention of the police because they were suspected of committing acts of antisemitic vandalism. Given that they were members of the Students for Justice in Palestine group that supports the assault on Israel and the terrorists\u2019 goal of Jewish genocide, they were prime suspects. But when police found weapons, ammunition and Arabic armbands calling for death to the Jews at their home, the university was blamed for persecuting them by other left-wing campus groups. As the CAMERA media monitoring group&nbsp;<a style=\"color: #000080;\" href=\"https:\/\/www.camera.org\/article\/the-washington-post-gives-extremists-a-hand\/\">noted<\/a>, being open supporters of terrorism didn\u2019t prevent the&nbsp;<em>Post<\/em>&nbsp;from buying into the narrative that the real story was the suppression of \u201cpro-Palestine\u201d activism. The appalling fact that students at a respected institution of higher education possessed material and arms that could potentially be used against their peers to put their sympathies into action seemed an afterthought.<\/span><\/p>\n<p class=\"wp-block-paragraph\" style=\"text-align: left;\"><span style=\"color: #000080;\">What happened at George Mason is one case among an increasingly lengthy list of incidents in which \u201cpro-Palestine\u201d advocacy has become violent. That is the context in which we should be thinking about the death of Brian Thompson and why it is that so many people were ready to justify or rationalize it. Rather than discuss that incident in isolation, the link between antisemitic rhetoric associated with Israel by left-wing propagandists and their followers since Oct. 7 and the catalogue of violent incidents committed against Jews in the United States must be understood as an indication of where such activity leads.<\/span><\/p>\n<h4 class=\"wp-block-paragraph\"><strong>Pushed too far?<\/strong><\/h4>\n<p class=\"wp-block-paragraph\" style=\"text-align: left;\"><span style=\"color: #000080;\">We can\u2019t be surprised when people like former&nbsp;<em>Washington Pos<\/em>t reporter&nbsp;<a style=\"color: #000080;\" href=\"https:\/\/www.foxnews.com\/media\/taylor-lorenz-appears-romanticize-murder-unitedhealthcare-ceo-where-magic-happened\" target=\"_blank\" rel=\"noreferrer noopener\">Taylor Lorenz,<\/a>&nbsp;who is notorious for her unhinged comments on a variety of issues, share posts that express support for what happened to Thompson. What\u2019s even worse is the willingness of supposedly respectable public figures to rationalize the crime as an understandable reaction to what they claimed was an unjust health-care system.<\/span><\/p>\n<p class=\"wp-block-paragraph\" style=\"text-align: left;\"><span style=\"color: #000080;\">That was the position taken by Sen.&nbsp;<a style=\"color: #000080;\" href=\"https:\/\/www.foxnews.com\/media\/elizabeth-warren-says-killing-unitedhealthcare-ceo-warning-you-can-only-push-people-so-far\" target=\"_blank\" rel=\"noreferrer noopener\">Elizabeth Warren&nbsp;<\/a>(D-Mass.) and Rep.&nbsp;<a style=\"color: #000080;\" href=\"https:\/\/www.businessinsider.com\/unitedhealthcare-ceo-shooting-wake-up-call-ocasio-cortez-2024-12\" target=\"_blank\" rel=\"noreferrer noopener\">Alexandria Ocasio-Cortez<\/a>&nbsp;(D-N.Y.)\u2014the leader of the left-wing \u201cSquad\u201d in the U.S. House of Representatives who may soon be elevated to the post of ranking Democratic member on the House Oversight Committee. Their condemnations of the murder of Thompson were followed by a \u201cYes, but\u201d addendum in which they claimed that such things are what we can expect when \u201cpeople are pushed too far.\u201d<\/span><\/p>\n<p class=\"wp-block-paragraph\" style=\"text-align: left;\"><span style=\"color: #000080;\">The question of how American health care might be improved or made less inequitable, as well as whether insurance companies are to blame for all that is wrong with the system, are topics that can inspire plenty of spirited debate. Advocacy for the reform or abolition of insurance companies, socialized medicine or even the prosecution of their executives is one thing. But the comments about the murder of Thompson reflect a growing willingness on the left to treat politically motivated violence as a natural response to anything they don\u2019t like. That\u2019s something that cannot be ignored, even if assassination is also deprecated by insurance-industry critics as an ineffective strategy to effect the change they want.<\/span><\/p>\n<h4 class=\"wp-block-paragraph\" style=\"text-align: left;\"><strong>A history of politically charged violence<\/strong><\/h4>\n<p class=\"wp-block-paragraph\" style=\"text-align: left;\"><span style=\"color: #000080;\">This wouldn\u2019t be the first time in American history that policy debates morphed into political violence. Anarchist bombings and assassinations of public figures, such as President William McKinley in 1901, were seen by some as a response to the excesses of capitalism in a period that historians call the \u201cGilded Age.\u201d In the 1960s, an element of the movement protesting American involvement in the Vietnam War similarly became violent as the Weather Underground engaged in a campaign of domestic terrorism that involved larceny, murder as well as bombings of sites like the U.S. Capitol in Washington, D.C.<\/span><\/p>\n<p class=\"wp-block-paragraph\" style=\"text-align: left;\"><span style=\"color: #000080;\">That\u2019s an ominous precedent for the latest iteration of left-wing activism that focuses its hate against Jews and Israel.<\/span><\/p>\n<p class=\"wp-block-paragraph\" style=\"text-align: left;\"><span style=\"color: #000080;\">There is a clear distinction in the law between advocating for violent outcomes and committing violence. Even those who want to see all Jews dead still possess the same First Amendment right to free speech as their neighbors who are not hate-mongers, so long as it is unconnected to actual violence. But as we\u2019ve seen many times in the past, both in the United States and elsewhere, terrorism doesn\u2019t arise in a vacuum. People who support genocide and terrorism in principle\u2014such as those who chant \u201cFrom the river to the sea\u201d and \u201cGlobalize the intifada\u201d on college campuses and in the streets of American cities\u2014may well eventually conclude that participating in such acts themselves is justifiable. If Hamas murderers, rapists and kidnappers are your heroes and their actions are held up as an understandable reaction to \u201coccupation,\u201d why wouldn\u2019t we expect a certain percentage of those glorifying Oct. 7 to seek to emulate it?<\/span><\/p>\n<p class=\"wp-block-paragraph\" style=\"text-align: left;\"><span style=\"color: #000080;\">It\u2019s not good enough for those who oppose insurance companies or Israel to merely say that nothing justifies violence while also supporting the agendas of those who cross the line from preaching about issues to attempted murder. Once people see where a desire to seek scapegoats or to apply toxic Marxist ideology to political disputes leads, there is an obligation on the part of responsible citizens to disavow such causes, as opposed to treating them as \u201cwake-up calls\u201d that should impel us to do their bidding.<\/span><\/p>\n<h4 class=\"wp-block-paragraph\"><strong>Who needs a \u2018wake-up call\u2019?<\/strong><\/h4>\n<p class=\"wp-block-paragraph\" style=\"text-align: left;\"><span style=\"color: #000080;\">Pro-Hamas mobs continue to make their presence felt on college campuses and in public discourse. But the presumption on the part of much of the liberal mainstream media and many Democratic politicians that they are merely well-meaning \u201cidealists\u201d who want a better world or less suffering for Palestinians is mistaken. Their worldview has been formed by toxic radical ideologies like critical race theory and intersectionality that allow for little or no nuance when discussing complex problems like the conflict between Israel and its foes, and the demonization of those who disagree with them.<\/span><\/p>\n<p class=\"wp-block-paragraph\" style=\"text-align: left;\"><span style=\"color: #000080;\">Some of the protesters are foreign students from Muslim or Arab nations where the hatred of Jews and the support for violence against Israel is commonplace. And groups like SJP have received funding from foreign nations like the terrorist-supporting regime in Iran. Many educational institutions also are financed in part by Hamas allies like Qatar.<\/span><\/p>\n<p class=\"wp-block-paragraph\" style=\"text-align: left;\"><span style=\"color: #000080;\">Put all that together and you have a recipe not just for a surge in antisemitism driven from the left but also a very real possibility that organized violence in the form of domestic terrorism might follow.<\/span><\/p>\n<p class=\"wp-block-paragraph\" style=\"text-align: left;\"><span style=\"color: #000080;\">In the past four years, the U.S. Department of Justice has shown little interest in investigating the very real threat of domestic terror from Hamas sympathizers. Instead, it has wasted considerable time and energy chasing after peaceful conservatives who have protested against COVID-19 policies, woke indoctrination in the schools or abortion as if they were domestic terrorists. Reversing this should be a priority for the incoming administration of President-elect Donald Trump.<\/span><\/p>\n<p class=\"wp-block-paragraph\" style=\"text-align: left;\"><span style=\"color: #000080;\">The chattering classes who dominate public discourse, along with the left-wing politicians who seek their approval, need to understand that the \u201cwake-up call\u201d that is truly needed is not about forcing the country to adopt their policy choices. Rather, it is the recognition that on Israel and other issues, their misguided rhetoric has created an atmosphere in which murder and terror are not just imaginable but perhaps inevitable.<\/span><\/p>\n<hr>\n<p><span style=\"color: #808080;\"><em><strong>Jonathan S. Tobin<\/strong> is editor-in-chief of the Jewish News Syndicate, a senior contributor for The Federalist, a columnist for Newsweek and a contributor to many other publications. He covers the American political scene, foreign policy, the U.S.-Israel relationship, Middle East diplomacy, the Jewish world and the arts. He hosts the JNS \u201cThink Twice\u201d podcast, both the weekly video program and the \u201cJonathan Tobin Daily\u201d program, which are available on all major audio platforms and YouTube. Previously, he was executive editor, then senior online editor and chief political blogger, for Commentary magazine. Before that, he was editor-in-chief of The Jewish Exponent in Philadelphia and editor of the Connecticut Jewish Ledger. He has won more than 60 awards for commentary, art criticism and other writing. He appears regularly on television, commenting on politics and foreign policy. Born in New York City, he studied history at Columbia University.<\/em><\/span><\/p>\n<hr style=\"height: 15px; background: #d0e6fa; width: 100%;\">\n<div id=\"content\" class=\"content-alignment\">\n<div id=\"watch-description\" class=\"yt-uix-button-panel\">\n<div id=\"watch-description-text\" style=\"text-align: center;\">\n<p><em>Zawarto\u015b\u0107 publikowanych artyku\u0142\u00f3w i materia\u0142\u00f3w nie reprezentuje pogl\u0105d\u00f3w ani opinii Reunion&#8217;68,<\/em><em><br \/>\nani te\u017c webmastera Blogu Reunion&#8217;68, chyba ze jest to wyra\u017anie zaznaczone.<br \/>\nTwoje uwagi, linki, w\u0142asne artyku\u0142y lub wiadomo\u015bci prze\u015blij na adres:<br \/>\n<\/em><span style=\"color: #000080;\"><strong><em><a style=\"color: #000080;\" href=\"mailto:webmaster@reunion68.com\"><span style=\"text-decoration: underline;\">webmaster@reunion68.com<\/span><\/a><\/em><\/strong><\/span><\/p>\n<\/div>\n<\/div>\n<\/div>\n<hr style=\"width: 100%;\">\n","protected":false},"excerpt":{"rendered":"<p>Is domestic terrorism the next step for antisemitic radicals? Jonathan S. Tobin Pro-Palestinian activists rally in front of Tisch Hospital at NYU Langone Health in New York City on June 14, 2024. Photo by Michael M. Santiago\/Getty Images. Americans were shocked and outraged by the assassination of Brian Thompson, the CEO of the UnitedHealthcare insurance [&hellip;]<\/p>\n","protected":false},"author":1,"featured_media":0,"comment_status":"closed","ping_status":"closed","sticky":false,"template":"","format":"standard","meta":[],"categories":[6],"tags":[26,24],"_links":{"self":[{"href":"https:\/\/www.reunion68.se\/index.php?rest_route=\/wp\/v2\/posts\/117707"}],"collection":[{"href":"https:\/\/www.reunion68.se\/index.php?rest_route=\/wp\/v2\/posts"}],"about":[{"href":"https:\/\/www.reunion68.se\/index.php?rest_route=\/wp\/v2\/types\/post"}],"author":[{"embeddable":true,"href":"https:\/\/www.reunion68.se\/index.php?rest_route=\/wp\/v2\/users\/1"}],"replies":[{"embeddable":true,"href":"https:\/\/www.reunion68.se\/index.php?rest_route=%2Fwp%2Fv2%2Fcomments&post=117707"}],"version-history":[{"count":8,"href":"https:\/\/www.reunion68.se\/index.php?rest_route=\/wp\/v2\/posts\/117707\/revisions"}],"predecessor-version":[{"id":117722,"href":"https:\/\/www.reunion68.se\/index.php?rest_route=\/wp\/v2\/posts\/117707\/revisions\/117722"}],"wp:attachment":[{"href":"https:\/\/www.reunion68.se\/index.php?rest_route=%2Fwp%2Fv2%2Fmedia&parent=117707"}],"wp:term":[{"taxonomy":"category","embeddable":true,"href":"https:\/\/www.reunion68.se\/index.php?rest_route=%2Fwp%2Fv2%2Fcategories&post=117707"},{"taxonomy":"post_tag","embeddable":true,"href":"https:\/\/www.reunion68.se\/index.php?rest_route=%2Fwp%2Fv2%2Ftags&post=117707"}],"curies":[{"name":"wp","href":"https:\/\/api.w.org\/{rel}","templated":true}]}}