{"id":11777,"date":"2015-01-01T17:08:42","date_gmt":"2015-01-01T15:08:42","guid":{"rendered":"http:\/\/www.reunion68.se\/?p=11777"},"modified":"2015-01-01T18:54:44","modified_gmt":"2015-01-01T16:54:44","slug":"11777","status":"publish","type":"post","link":"https:\/\/www.reunion68.se\/?p=11777","title":{"rendered":"Hipokryzja solidarno\u015bci \u2013  od Gazy do Ferguson"},"content":{"rendered":"<h5 style=\"text-align: center;\"><a href=\"http:\/\/www.listyznaszegosadu.pl\/\" target=\"_blank\"><img decoding=\"async\" class=\"center alignleft\" src=\"http:\/\/www.reunion68.com\/Biuletyn\/img\/z-naszego.jpg\" alt=\"\" width=\"400\" \/><\/a><span style=\"text-decoration: underline; color: #000080;\"><span style=\"text-decoration: underline;\"><strong><a style=\"color: #000080; text-decoration: underline;\" href=\"http:\/\/www.listyznaszegosadu.pl\/syjonizm\/hipokryzja-solidarnosci-od-gazy-do-ferguson\" target=\"_blank\">Hipokryzja solidarno\u015bci \u2013 od Gazy do Ferguson<\/a><\/strong><\/span><\/span><\/h5>\n<p style=\"text-align: center;\"><span style=\"color: #333333;\"><strong>Kasim Hafeez<\/strong><\/span><\/p>\n<p style=\"text-align: center;\"><span style=\"color: #333333;\">T\u0142umaczenie: Ma\u0142gorzata Koraszewska<\/span><\/p>\n<hr style=\"height: 15px; background: #d0e6fa; width: 710px;\" \/>\n<p style=\"text-align: left;\"><img decoding=\"async\" class=\"alignright\" src=\"http:\/\/www.listyznaszegosadu.pl\/upload\/article\/bild\/5593\/608543\/gaza-ferguson-new-york_s.jpg\" alt=\"\" width=\"350\" border=\"0\" \/><strong><span style=\"color: #333333;\">Kiedy mieszka\u0144cy Ferguson w Missouri odczuwali wp\u0142yw kolejnych fal zamieszek, kt\u00f3re zacz\u0119\u0142y si\u0119 od zastrzelenia Michaela Browna i rozpali\u0142y si\u0119 znowu, kiedy Darren Wilson, policjant, kt\u00f3ry zastrzeli\u0142 Browna, nie zosta\u0142 postawiony w stan oskar\u017cenia, kwestie rasy i sprawiedliwo\u015bci objawi\u0142y si\u0119 w postaci przemocy i rabunk\u00f3w w wielu miastach USA.<\/span><\/strong><\/p>\n<p style=\"text-align: left;\"><span style=\"color: #000080;\">Innym po\u017ca\u0142owania godnym rezultatem, kt\u00f3ry zaszokowa\u0142 nawet nas, przyzwyczajonych do walki z antysemityzmem, by\u0142o to, \u017ce wielu antyizraelskich aktywist\u00f3w przeprowadzi\u0142o paralel\u0119 mi\u0119dzy sytuacj\u0105 w Ferguson a sytuacj\u0105 w Gazie i dokooptowa\u0142o t\u0119 tragedi\u0119 do w\u0142asnej sprawy, do\u0142\u0105czaj\u0105c si\u0119 do demonstracji, by propagowa\u0107 w\u0142asny porz\u0105dek dnia. Niestety, opinia, \u017ce wszystko to jest cz\u0119\u015bci\u0105 wsp\u00f3lnej walki, zyska\u0142a uznanie i niedawno jeden z graczy NFL [Og\u00f3lnokrajowej Ligi Pi\u0142karskiej] m\u00f3wi\u0142 o tym w mediach spo\u0142eczno\u015bciowych. Nie s\u0105dz\u0119, bym musia\u0142 t\u0142umaczy\u0107, \u017ce nie ma absolutnie \u017cadnej paraleli mi\u0119dzy tymi dwoma scenariuszami: to nie Izrael jest na \u0142awie oskar\u017conych, a ju\u017c szczeg\u00f3lnie nie maj\u0105 prawa sadza\u0107 go na niej ludzie, kt\u00f3rzy staraj\u0105 si\u0119 o jego zniszczenie. Te wydarzenia, kt\u00f3re obecnie wzmocni\u0142 kolejny brak oskar\u017cenia w sprawie \u015bmierci Erica Garnera w Nowym Jorku, ujawniaj\u0105 bezwstydne przyw\u0142aszczanie sobie przez tak zwane grupy pro-palesty\u0144skie tragedii i walki innych ludzi, \u017ceby demonizowa\u0107 Izrael.<\/span><\/p>\n<p style=\"text-align: left;\"><span style=\"color: #000080;\">Nie jest to nowo\u015b\u0107: kooptowanie walki innych od dawna jest taktyk\u0105 demonizowania Izraela i utrwalania w\u0142asnego wizerunku jako ofiary przez grupy, kt\u00f3re przyklejaj\u0105 swoj\u0105 spraw\u0119 do spraw ca\u0142kowicie z ni\u0105 niezwi\u0105zanych. Poczynaj\u0105c od wykorzystywania Holocaustu, walki o swoje prawa Indian ameryka\u0144skich, apartheidu RPA, do mitu, \u017ce walka ludu palesty\u0144skiego jest odbiciem lustrzanym walki o prawa obywatelskie Afroamerykan\u00f3w, nie ma takiej traumy historycznej, kt\u00f3ra nie zosta\u0142aby zarekwirowana dla cel\u00f3w propagandowych.<\/span><\/p>\n<p style=\"text-align: left;\"><span style=\"color: #000080;\">Mimo \u017ce twierdzenia, i\u017c \u201cwalka\u201d palesty\u0144ska jest paralel\u0105 do ruchu o prawa obywatelskie czarnych, zosta\u0142y rozbite w puch przez dzia\u0142aczy tego ruchu, w\u0142\u0105cznie z Chl\u00f6e Valdry and Dumisani Washingtonem, antyizraelscy aktywi\u015bci nie ustaj\u0105 w robieniu takich por\u00f3wna\u0144 i przyw\u0142aszczaniu sobie walk Afroamerykan\u00f3w w Stanach Zjednoczonych, twierdz\u0105c, \u017ce s\u0105 r\u00f3wnoznaczne z ich walk\u0105. Po \u015bmierci Nelsona Mandeli widzieli\u015bmy jak jego pami\u0119\u0107 zosta\u0142a porwana, by wspiera\u0107 spraw\u0119 antyizraelsk\u0105 i raz jeszcze cierpienia pokole\u0144 czarnych mieszka\u0144c\u00f3w RPA w systemie apartheidu zosta\u0142y u\u017cyte przez aktywist\u00f3w antyizraelskich, by ro\u015bci\u0107 sobie braterstwo w cierpieniu. Wszyscy powinni\u015bmy by\u0107 oburzeni t\u0105 jawn\u0105 pogard\u0105 wobec historii i tego, co jest faktem, kiedy takie grupy kradn\u0105 traum\u0119 i cierpienia wielu, obra\u017caj\u0105c pami\u0119\u0107 tysi\u0119cy, kt\u00f3rzy zgin\u0119li, a w tym celu u\u017cywaj\u0105 oszczerstwa o rzekomym apartheidzie w Izraelu.<\/span><\/p>\n<p style=\"text-align: left;\"><span style=\"color: #000080;\">Zastanawiam si\u0119 nad selektywnym oburzeniem tych \u201caktywist\u00f3w\u201d, nosz\u0105cych kefije i wymachuj\u0105cych zmodyfikowanymi flagami arabskimi (znanymi jako flagi palesty\u0144skie), krzycz\u0105cych, \u017ce ameryka\u0144scy policjanci s\u0105 rasistami i \u017ce USA nie zaznaj\u0105 pokoju dop\u00f3ki nie nastanie sprawiedliwo\u015b\u0107. Twierdz\u0105, \u017ce Palestyna stoi wraz z Ferguson za sprawiedliwo\u015bci\u0105 dla wszystkich, a szczeg\u00f3lnie dla spo\u0142eczno\u015bci afro-ameryka\u0144skiej, ale s\u0105 zdumiewaj\u0105co niemi w kwestii rasizmu w Gazie i w ca\u0142ym \u015bwiecie arabskim.<\/span><\/p>\n<p style=\"text-align: left;\"><span style=\"color: #000080;\">Obok systemowego rasizmu i cz\u0119stych prze\u015bladowa\u0144 tych, kt\u00f3rzy nale\u017c\u0105 do grup mniejszo\u015bciowych w Gazie, pospolity rasizm jest endemiczny. W listopadzie 2013 r. Asma Al-Ghoul pisa\u0142a w \u201eAl-Monitor\u201d, \u201eHej, czekolada\u201d, \u201eHej, cappuccino\u201d, \u201eHej, Galaxy [marka czekolady]\u201d, \u201eHej, br\u0105zowy\u201d i \u201eHej, czarny\u201d s\u0105 \u017cartobliwymi, popularnymi zawo\u0142aniami w Gazie, kiedy przechodzi m\u0119\u017cczyzna, kobieta lub dziecko afryka\u0144skiego pochodzenia. Czasami rasizm wyra\u017cany jest bezs\u0142ownie, nienawistnymi spojrzeniami. Gaza\u0144czycy jednak wydaj\u0105 si\u0119 nie\u015bwiadomi w\u0142asnego rasizmu.<\/span><\/p>\n<p style=\"text-align: right;\"><span style=\"color: #000080;\">Czytaj dalej tu: <strong><span style=\"text-decoration: underline;\"><a style=\"color: #000080; text-decoration: underline;\" href=\"http:\/\/www.listyznaszegosadu.pl\/syjonizm\/hipokryzja-solidarnosci-od-gazy-do-ferguson\" target=\"_blank\">Hipokryzja solidarno\u015bci \u2013 od Gazy do Ferguson<\/a><\/span><\/strong><\/span><\/p>\n<hr style=\"height: 15px; background: #d0e6fa; width: 710px;\" \/>\n<div id=\"content\" class=\"  content-alignment&lt;br \/&gt;&lt;br \/&gt; \">\n<div id=\"watch-description\" class=\"yt-uix-button-panel\">\n<div id=\"watch-description-text\">\n<p style=\"text-align: center;\"><span style=\"color: #808080;\"> twoje uwagi, linki, wlasne artykuly, lub wiadomosci przeslij do: <strong><span style=\"text-decoration: underline;\"><span style=\"color: #808080; text-decoration: underline;\"><a href=\"mailto:webmaster@reunion68.com\">webmaster@reunion68.com<\/a><\/span><\/span><\/strong><\/span><\/p>\n<\/div>\n<\/div>\n<\/div>\n<p>&nbsp;<\/p>\n<hr style=\"width: 710px;\" \/>\n","protected":false},"excerpt":{"rendered":"<p>Hipokryzja solidarno\u015bci \u2013 od Gazy do Ferguson Kasim Hafeez T\u0142umaczenie: Ma\u0142gorzata Koraszewska Kiedy mieszka\u0144cy Ferguson w Missouri odczuwali wp\u0142yw kolejnych fal zamieszek, kt\u00f3re zacz\u0119\u0142y si\u0119 od zastrzelenia Michaela Browna i rozpali\u0142y si\u0119 znowu, kiedy Darren Wilson, policjant, kt\u00f3ry zastrzeli\u0142 Browna, nie zosta\u0142 postawiony w stan oskar\u017cenia, kwestie rasy i sprawiedliwo\u015bci objawi\u0142y si\u0119 w postaci przemocy [&hellip;]<\/p>\n","protected":false},"author":1,"featured_media":0,"comment_status":"closed","ping_status":"closed","sticky":false,"template":"","format":"standard","meta":[],"categories":[6],"tags":[24],"_links":{"self":[{"href":"https:\/\/www.reunion68.se\/index.php?rest_route=\/wp\/v2\/posts\/11777"}],"collection":[{"href":"https:\/\/www.reunion68.se\/index.php?rest_route=\/wp\/v2\/posts"}],"about":[{"href":"https:\/\/www.reunion68.se\/index.php?rest_route=\/wp\/v2\/types\/post"}],"author":[{"embeddable":true,"href":"https:\/\/www.reunion68.se\/index.php?rest_route=\/wp\/v2\/users\/1"}],"replies":[{"embeddable":true,"href":"https:\/\/www.reunion68.se\/index.php?rest_route=%2Fwp%2Fv2%2Fcomments&post=11777"}],"version-history":[{"count":19,"href":"https:\/\/www.reunion68.se\/index.php?rest_route=\/wp\/v2\/posts\/11777\/revisions"}],"predecessor-version":[{"id":11797,"href":"https:\/\/www.reunion68.se\/index.php?rest_route=\/wp\/v2\/posts\/11777\/revisions\/11797"}],"wp:attachment":[{"href":"https:\/\/www.reunion68.se\/index.php?rest_route=%2Fwp%2Fv2%2Fmedia&parent=11777"}],"wp:term":[{"taxonomy":"category","embeddable":true,"href":"https:\/\/www.reunion68.se\/index.php?rest_route=%2Fwp%2Fv2%2Fcategories&post=11777"},{"taxonomy":"post_tag","embeddable":true,"href":"https:\/\/www.reunion68.se\/index.php?rest_route=%2Fwp%2Fv2%2Ftags&post=11777"}],"curies":[{"name":"wp","href":"https:\/\/api.w.org\/{rel}","templated":true}]}}