{"id":117791,"date":"2024-12-17T17:05:48","date_gmt":"2024-12-17T15:05:48","guid":{"rendered":"http:\/\/www.reunion68.se\/?p=117791"},"modified":"2024-12-17T09:57:21","modified_gmt":"2024-12-17T07:57:21","slug":"18-05-99","status":"publish","type":"post","link":"https:\/\/www.reunion68.se\/?p=117791","title":{"rendered":"Ireland: Refuge of WWII Nazis"},"content":{"rendered":"<h5 style=\"text-align: center;\"><a href=\"https:\/\/irishpeaceprocess.blog\/\" target=\"_blank\" rel=\"noopener noreferrer\"><img decoding=\"async\" class=\"center alignleft\" src=\"http:\/\/www.reunion68.com\/Biuletyn\/img\/irish-1.png\" alt=\"\" width=\"45%\"><\/a><span style=\"text-decoration: underline; color: #000080;\"><strong><a style=\"color: #000080; text-decoration: underline;\" href=\"https:\/\/irishpeaceprocess.blog\/2024\/02\/14\/ireland-refuge-of-wwii-nazis\/\" target=\"_blank\" rel=\"noopener noreferrer\">Ireland: Refuge of WWII Nazis<\/a><\/strong><\/span><\/h5>\n<p style=\"text-align: center;\"><span style=\"color: #000000;\"><strong><span style=\"color: #808080;\">February 14, 2024<br \/>\nAuthor:<\/span> Shane Paul<\/strong><\/span><\/p>\n<hr style=\"height: 15px; background: #d0e6fa; width: 100%;\">\n<p><img decoding=\"async\" class=\"aligncenter\" src=\"https:\/\/irishpeaceprocess.blog\/wp-content\/uploads\/2024\/02\/irelandofthenazis.png?w=816\" width=\"100%\"><\/p>\n<p style=\"text-align: left;\"><span style=\"color: #000080;\">Following D-Day in June 1944 when the Allies began to attempt to liberate France from its Nazi invaders, the Nazis were pushed back from areas of France they had controlled for four years.<\/span><\/p>\n<p style=\"text-align: left;\"><span style=\"color: #000080;\">In the Brittany region, the Nazis had been supported by local fascist Breton paramilitary groupings which hoped to later gain independence from France.&nbsp;<\/span><\/p>\n<p><img decoding=\"async\" src=\"https:\/\/irishpeaceprocess.blog\/wp-content\/uploads\/2024\/02\/yanngouletbagadoustourm2.png\" width=\"100%\"><\/p>\n<p style=\"text-align: left;\"><span style=\"color: #000080;\">One of these was the fascist&nbsp;<strong>Bagadou Stourm<\/strong>&nbsp;paramilitary \u2018stormtroopers\u2019 unit founded and led by a Breton artist and sculptor, one&nbsp;<strong>Yann Goulet<\/strong>, aka&nbsp;<strong>Yann Renard-Goulet<\/strong>.<\/span><\/p>\n<figure class=\"wp-block-image size-large\"><img decoding=\"async\" loading=\"lazy\" class=\"wp-image-6549 aligncenter\" src=\"https:\/\/irishpeaceprocess.blog\/wp-content\/uploads\/2024\/02\/bagadoustourm1942.png?w=502\" sizes=\"(max-width: 502px) 100vw, 502px\" srcset=\"https:\/\/irishpeaceprocess.blog\/wp-content\/uploads\/2024\/02\/bagadoustourm1942.png 502w, https:\/\/irishpeaceprocess.blog\/wp-content\/uploads\/2024\/02\/bagadoustourm1942.png?w=150 150w, https:\/\/irishpeaceprocess.blog\/wp-content\/uploads\/2024\/02\/bagadoustourm1942.png?w=300 300w\" alt=\"\" width=\"502\" height=\"449\" data-attachment-id=\"6549\" data-permalink=\"https:\/\/irishpeaceprocess.blog\/2024\/02\/14\/ireland-refuge-of-wwii-nazis\/bagadoustourm1942\/\" data-orig-file=\"https:\/\/irishpeaceprocess.blog\/wp-content\/uploads\/2024\/02\/bagadoustourm1942.png\" data-orig-size=\"502,449\" data-comments-opened=\"1\" data-image-meta=\"{&quot;aperture&quot;:&quot;0&quot;,&quot;credit&quot;:&quot;&quot;,&quot;camera&quot;:&quot;&quot;,&quot;caption&quot;:&quot;&quot;,&quot;created_timestamp&quot;:&quot;0&quot;,&quot;copyright&quot;:&quot;&quot;,&quot;focal_length&quot;:&quot;0&quot;,&quot;iso&quot;:&quot;0&quot;,&quot;shutter_speed&quot;:&quot;0&quot;,&quot;title&quot;:&quot;&quot;,&quot;orientation&quot;:&quot;0&quot;}\" data-image-title=\"bagadoustourm1942\" data-image-description=\"\" data-image-caption=\"\" data-medium-file=\"https:\/\/irishpeaceprocess.blog\/wp-content\/uploads\/2024\/02\/bagadoustourm1942.png?w=300\" data-large-file=\"https:\/\/irishpeaceprocess.blog\/wp-content\/uploads\/2024\/02\/bagadoustourm1942.png?w=502\"><\/figure>\n<p style=\"text-align: left;\"><span style=\"color: #000080;\">Before retreating from towns and villages, the Nazis decided to \u201ccleanse\u201d them of locals suspected of being members of the Resistance and they used the Breton collaborators to identify and detain suspects, not least because Breton paramilitaries spoke the Breton dialect and knew their neighbours.<\/span><\/p>\n<figure class=\"wp-block-image size-large\"><img decoding=\"async\" loading=\"lazy\" class=\"wp-image-6556 aligncenter\" src=\"https:\/\/irishpeaceprocess.blog\/wp-content\/uploads\/2024\/02\/bretoncaptives-1.png?w=1004\" sizes=\"(max-width: 1004px) 100vw, 1004px\" srcset=\"https:\/\/irishpeaceprocess.blog\/wp-content\/uploads\/2024\/02\/bretoncaptives-1.png 1004w, https:\/\/irishpeaceprocess.blog\/wp-content\/uploads\/2024\/02\/bretoncaptives-1.png?w=150 150w, https:\/\/irishpeaceprocess.blog\/wp-content\/uploads\/2024\/02\/bretoncaptives-1.png?w=300 300w, https:\/\/irishpeaceprocess.blog\/wp-content\/uploads\/2024\/02\/bretoncaptives-1.png?w=768 768w\" alt=\"\" width=\"1004\" height=\"559\" data-attachment-id=\"6556\" data-permalink=\"https:\/\/irishpeaceprocess.blog\/2024\/02\/14\/ireland-refuge-of-wwii-nazis\/bretoncaptives-1\/\" data-orig-file=\"https:\/\/irishpeaceprocess.blog\/wp-content\/uploads\/2024\/02\/bretoncaptives-1.png\" data-orig-size=\"1004,559\" data-comments-opened=\"1\" data-image-meta=\"{&quot;aperture&quot;:&quot;0&quot;,&quot;credit&quot;:&quot;&quot;,&quot;camera&quot;:&quot;&quot;,&quot;caption&quot;:&quot;&quot;,&quot;created_timestamp&quot;:&quot;0&quot;,&quot;copyright&quot;:&quot;&quot;,&quot;focal_length&quot;:&quot;0&quot;,&quot;iso&quot;:&quot;0&quot;,&quot;shutter_speed&quot;:&quot;0&quot;,&quot;title&quot;:&quot;&quot;,&quot;orientation&quot;:&quot;0&quot;}\" data-image-title=\"bretoncaptives-1\" data-image-description=\"\" data-image-caption=\"\" data-medium-file=\"https:\/\/irishpeaceprocess.blog\/wp-content\/uploads\/2024\/02\/bretoncaptives-1.png?w=300\" data-large-file=\"https:\/\/irishpeaceprocess.blog\/wp-content\/uploads\/2024\/02\/bretoncaptives-1.png?w=616\"><figcaption class=\"wp-element-caption\"><span style=\"color: #808080;\"><em>Breton Captives<\/em><\/span><\/figcaption><\/figure>\n<p style=\"text-align: left;\"><span style=\"color: #000080;\">Chief among these Nazi collaborators was a local Breton extremist and paramiltary&nbsp;<strong>Yann Goulet<\/strong>&nbsp;who had formed and led the&nbsp;<strong>Bagadou Stourm<\/strong>&nbsp;in support of the Nazis and in particular the Waffen SS.<\/span><\/p>\n<figure class=\"wp-block-image size-large\"><img decoding=\"async\" loading=\"lazy\" class=\"wp-image-6558 aligncenter\" src=\"https:\/\/irishpeaceprocess.blog\/wp-content\/uploads\/2024\/02\/waffenssfrance1.jpg?w=677\" sizes=\"(max-width: 677px) 100vw, 677px\" srcset=\"https:\/\/irishpeaceprocess.blog\/wp-content\/uploads\/2024\/02\/waffenssfrance1.jpg?w=677 677w, https:\/\/irishpeaceprocess.blog\/wp-content\/uploads\/2024\/02\/waffenssfrance1.jpg 1354w, https:\/\/irishpeaceprocess.blog\/wp-content\/uploads\/2024\/02\/waffenssfrance1.jpg?w=99 99w, https:\/\/irishpeaceprocess.blog\/wp-content\/uploads\/2024\/02\/waffenssfrance1.jpg?w=198 198w, https:\/\/irishpeaceprocess.blog\/wp-content\/uploads\/2024\/02\/waffenssfrance1.jpg?w=768 768w\" alt=\"\" width=\"677\" height=\"1024\" data-attachment-id=\"6558\" data-permalink=\"https:\/\/irishpeaceprocess.blog\/2024\/02\/14\/ireland-refuge-of-wwii-nazis\/waffenssfrance1\/\" data-orig-file=\"https:\/\/irishpeaceprocess.blog\/wp-content\/uploads\/2024\/02\/waffenssfrance1.jpg\" data-orig-size=\"1354,2048\" data-comments-opened=\"1\" data-image-meta=\"{&quot;aperture&quot;:&quot;0&quot;,&quot;credit&quot;:&quot;&quot;,&quot;camera&quot;:&quot;&quot;,&quot;caption&quot;:&quot;&quot;,&quot;created_timestamp&quot;:&quot;0&quot;,&quot;copyright&quot;:&quot;&quot;,&quot;focal_length&quot;:&quot;0&quot;,&quot;iso&quot;:&quot;0&quot;,&quot;shutter_speed&quot;:&quot;0&quot;,&quot;title&quot;:&quot;&quot;,&quot;orientation&quot;:&quot;0&quot;}\" data-image-title=\"waffenssfrance1\" data-image-description=\"\" data-image-caption=\"\" data-medium-file=\"https:\/\/irishpeaceprocess.blog\/wp-content\/uploads\/2024\/02\/waffenssfrance1.jpg?w=198\" data-large-file=\"https:\/\/irishpeaceprocess.blog\/wp-content\/uploads\/2024\/02\/waffenssfrance1.jpg?w=616\"><figcaption class=\"wp-element-caption\"><span style=\"color: #808080;\"><em>\u201cYou too! Your comrades are waiting for you in the French division of the Waffen SS.\u201d<\/em><\/span><\/figcaption><\/figure>\n<p style=\"text-align: left;\"><span style=\"color: #000080;\">Goulet was also associated with another Breton paramilitary group known as&nbsp;<strong>Bezon Perrot<\/strong>&nbsp;named after an extremist Breton Catholic priest previously assassinated by anti-fascists.<\/span><\/p>\n<blockquote class=\"wp-block-quote is-layout-flow wp-block-quote-is-layout-flow\">\n<p style=\"text-align: left;\"><strong>The litany of massacres was far from over on July 10, when 18 resistance fighters were shot in Ploumagoar, in the Malaunay woods, after having been savagely tortured.<\/strong><\/p>\n<p style=\"text-align: left;\"><strong>On July 9, 1944, 300 Germans combed the Bourbriac area.&nbsp; There are SS people there from Rennes, Bezen Perrot, members of the Selbstschutzpolizei.<\/strong><\/p>\n<p style=\"text-align: left;\"><strong>More than 10 resistance fighters were arrested: tortured in Uzel, 6 or 7 of them were executed in the Lorge forest on July 14.<\/strong><\/p>\n<p style=\"text-align: left;\"><strong>The others, a dozen, were taken to Bourbriac and finally murdered in Garzonval-en-Plougonver on July 16.&nbsp; Among them, we note the name of Albert Torqu\u00e9au, college professor and FTP leader.<\/strong><\/p>\n<p style=\"text-align: left;\"><strong>After the German retreat in August 1944, near the German airfield of Lannion-Servel, 37 bodies of FTP resistance fighters and hostages were found.<\/strong><\/p>\n<p style=\"text-align: left;\"><strong>Similarly, at Butte-Rouge, in the L\u2019Hermitage-Lorge forest, there were 55 bodies piled up in 11 graves, victims all brought from Uzel before being slaughtered.<\/strong><\/p>\n<p><strong><cite>La Gestapo Fran\u00e7aise, Philippe Valode, G\u00e9rard Chauvy, 2018<\/cite><\/strong><\/p><\/blockquote>\n<p style=\"text-align: left;\"><span style=\"color: #000080;\">Yann Goulet had served the Nazis in Brittany for four years during which he and his fellows identified Jews, Communists, Resistance fighters, Resistance sympathisers and any other \u2018undesirables\u2019.<\/span><\/p>\n<blockquote class=\"wp-block-quote is-layout-flow wp-block-quote-is-layout-flow\">\n<p style=\"text-align: left;\"><strong>These were days marked by the pain, the horror, the terror whipped up by the arrival of the Allies, the German troops accelerated the deportations, increased the executions and atrocities against the resistance fighters, the hostages, simple villagers, with the support of&nbsp;Bezen Perrot&nbsp;who actively participated in the raids and interrogations.<\/strong><\/p>\n<p style=\"text-align: left;\"><strong>On June 13, the Gestapo and the Feldgendarmerie of Saint-Brieuc executed 31 hostages in the forest of Boudan en Plestan.<\/strong><\/p>\n<p style=\"text-align: left;\"><strong>In Saint-Vincent sur-Oust, 6 resistance fighters were shot on June 22, 1944, after having been tortured, probably by a group from the Perrot Formation.<\/strong><\/p>\n<p style=\"text-align: left;\"><strong>A German court martial sat in Faou\u00ebt, in the heart of a land of maquis, and pronounced the death penalty for more than sixty resistance fighters between June 23 and August 2, 1944.<\/strong><\/p>\n<p style=\"text-align: left;\"><strong>In C\u00f4tes-du-Nord alone, there were 12 executions in May 1944, 88 in June, 146 in July, 69 as of Aug 15.<\/strong><\/p>\n<p><strong><cite>Histoire de la Bretagne et des Bretons, Tome 2, Jo\u00ebl Cornette, 2005<\/cite><\/strong><\/p><\/blockquote>\n<p style=\"text-align: left;\"><span style=\"color: #000080;\">As the Allies\u2019 advance proceeded, Yann Goulet and other Nazi collaborators had to decide \u2013 flee to Germany or else to the Republic of Ireland where he had friends in the IRA movement going back many years.<\/span><\/p>\n<figure class=\"wp-block-image size-large\"><img decoding=\"async\" loading=\"lazy\" class=\"wp-image-6552 aligncenter\" src=\"https:\/\/irishpeaceprocess.blog\/wp-content\/uploads\/2024\/02\/yannflaggroup1a.png?w=1024\" sizes=\"(max-width: 1024px) 100vw, 1024px\" srcset=\"https:\/\/irishpeaceprocess.blog\/wp-content\/uploads\/2024\/02\/yannflaggroup1a.png?w=1024 1024w, https:\/\/irishpeaceprocess.blog\/wp-content\/uploads\/2024\/02\/yannflaggroup1a.png?w=150 150w, https:\/\/irishpeaceprocess.blog\/wp-content\/uploads\/2024\/02\/yannflaggroup1a.png?w=300 300w, https:\/\/irishpeaceprocess.blog\/wp-content\/uploads\/2024\/02\/yannflaggroup1a.png?w=768 768w, https:\/\/irishpeaceprocess.blog\/wp-content\/uploads\/2024\/02\/yannflaggroup1a.png 1908w\" alt=\"\" width=\"1024\" height=\"692\" data-attachment-id=\"6552\" data-permalink=\"https:\/\/irishpeaceprocess.blog\/2024\/02\/14\/ireland-refuge-of-wwii-nazis\/yannflaggroup1a\/\" data-orig-file=\"https:\/\/irishpeaceprocess.blog\/wp-content\/uploads\/2024\/02\/yannflaggroup1a.png\" data-orig-size=\"1908,1290\" data-comments-opened=\"1\" data-image-meta=\"{&quot;aperture&quot;:&quot;0&quot;,&quot;credit&quot;:&quot;&quot;,&quot;camera&quot;:&quot;&quot;,&quot;caption&quot;:&quot;&quot;,&quot;created_timestamp&quot;:&quot;0&quot;,&quot;copyright&quot;:&quot;&quot;,&quot;focal_length&quot;:&quot;0&quot;,&quot;iso&quot;:&quot;0&quot;,&quot;shutter_speed&quot;:&quot;0&quot;,&quot;title&quot;:&quot;&quot;,&quot;orientation&quot;:&quot;0&quot;}\" data-image-title=\"yannflaggroup1a\" data-image-description=\"\" data-image-caption=\"\" data-medium-file=\"https:\/\/irishpeaceprocess.blog\/wp-content\/uploads\/2024\/02\/yannflaggroup1a.png?w=300\" data-large-file=\"https:\/\/irishpeaceprocess.blog\/wp-content\/uploads\/2024\/02\/yannflaggroup1a.png?w=616\"><\/figure>\n<p style=\"text-align: left;\"><span style=\"color: #000080;\">Yann Goulet and a gang of other Nazi collaborators decided to flee to Ireland by way of Wales where they had the support of sympathisers who were members of the Welsh National Party, Plaid Cymru.<\/span><\/p>\n<figure class=\"wp-block-image size-large\"><img decoding=\"async\" loading=\"lazy\" class=\"wp-image-6554 aligncenter\" src=\"https:\/\/irishpeaceprocess.blog\/wp-content\/uploads\/2024\/02\/yann5.png?w=1024\" sizes=\"(max-width: 1024px) 100vw, 1024px\" srcset=\"https:\/\/irishpeaceprocess.blog\/wp-content\/uploads\/2024\/02\/yann5.png?w=1024 1024w, https:\/\/irishpeaceprocess.blog\/wp-content\/uploads\/2024\/02\/yann5.png?w=150 150w, https:\/\/irishpeaceprocess.blog\/wp-content\/uploads\/2024\/02\/yann5.png?w=300 300w, https:\/\/irishpeaceprocess.blog\/wp-content\/uploads\/2024\/02\/yann5.png?w=768 768w, https:\/\/irishpeaceprocess.blog\/wp-content\/uploads\/2024\/02\/yann5.png 1636w\" alt=\"\" width=\"1024\" height=\"652\" data-attachment-id=\"6554\" data-permalink=\"https:\/\/irishpeaceprocess.blog\/2024\/02\/14\/ireland-refuge-of-wwii-nazis\/yann5\/\" data-orig-file=\"https:\/\/irishpeaceprocess.blog\/wp-content\/uploads\/2024\/02\/yann5.png\" data-orig-size=\"1636,1042\" data-comments-opened=\"1\" data-image-meta=\"{&quot;aperture&quot;:&quot;0&quot;,&quot;credit&quot;:&quot;&quot;,&quot;camera&quot;:&quot;&quot;,&quot;caption&quot;:&quot;&quot;,&quot;created_timestamp&quot;:&quot;0&quot;,&quot;copyright&quot;:&quot;&quot;,&quot;focal_length&quot;:&quot;0&quot;,&quot;iso&quot;:&quot;0&quot;,&quot;shutter_speed&quot;:&quot;0&quot;,&quot;title&quot;:&quot;&quot;,&quot;orientation&quot;:&quot;0&quot;}\" data-image-title=\"yann5\" data-image-description=\"\" data-image-caption=\"\" data-medium-file=\"https:\/\/irishpeaceprocess.blog\/wp-content\/uploads\/2024\/02\/yann5.png?w=300\" data-large-file=\"https:\/\/irishpeaceprocess.blog\/wp-content\/uploads\/2024\/02\/yann5.png?w=616\"><figcaption class=\"wp-element-caption\"><span style=\"color: #808080;\"><em>Yann Goulet in Bagadou Stourm uniform modelled after the SS Nazi uniform.<\/em><\/span><\/figcaption><\/figure>\n<p style=\"text-align: left;\"><span style=\"color: #000080;\">Yann Goulet had for many years been a proponent of the association of \u201cCeltic Nations\u201d \u2013 Breton, Cornish, Welsh and Irish \u2013 and had long been an admirer of the IRA.<\/span><\/p>\n<p style=\"text-align: left;\"><span style=\"color: #000080;\">He managed to get to Wales along with his wife and children and from there to Ireland.<\/span><\/p>\n<p style=\"text-align: left;\"><span style=\"color: #000080;\"><strong>Yann Goulet was sentenced to death&nbsp;<em>in absentia<\/em><\/strong>&nbsp;for his collaboration with the Nazis, but was safe in the sanctuary of the Irish Republic under the warm gaze of&nbsp;<strong>Taoiseach\/Prime Minister and Minister for External Affairs Edward\/\u00c9amonn\/\u00c9amon de Valera<\/strong>&nbsp;\u2013 who had himself been sentenced to death by the British after the failed 1916 Irish Volunteer \u2018Rising\u2019 in Dublin.<\/span><\/p>\n<p style=\"text-align: left;\"><span style=\"color: #000080;\">Yann Goulet was warmly welcomed by not only the IRA leaders but also by the smaller grouping back then known as&nbsp;<strong>Saor Eire<\/strong>.<\/span><\/p>\n<figure class=\"wp-block-image size-large\"><img decoding=\"async\" loading=\"lazy\" class=\"wp-image-6584 aligncenter\" src=\"https:\/\/irishpeaceprocess.blog\/wp-content\/uploads\/2024\/02\/yannsaoreirealbertparry.png?w=748\" sizes=\"(max-width: 748px) 100vw, 748px\" srcset=\"https:\/\/irishpeaceprocess.blog\/wp-content\/uploads\/2024\/02\/yannsaoreirealbertparry.png 748w, https:\/\/irishpeaceprocess.blog\/wp-content\/uploads\/2024\/02\/yannsaoreirealbertparry.png?w=150 150w, https:\/\/irishpeaceprocess.blog\/wp-content\/uploads\/2024\/02\/yannsaoreirealbertparry.png?w=300 300w\" alt=\"\" width=\"748\" height=\"187\" data-attachment-id=\"6584\" data-permalink=\"https:\/\/irishpeaceprocess.blog\/2024\/02\/14\/ireland-refuge-of-wwii-nazis\/yannsaoreirealbertparry\/\" data-orig-file=\"https:\/\/irishpeaceprocess.blog\/wp-content\/uploads\/2024\/02\/yannsaoreirealbertparry.png\" data-orig-size=\"748,187\" data-comments-opened=\"1\" data-image-meta=\"{&quot;aperture&quot;:&quot;0&quot;,&quot;credit&quot;:&quot;&quot;,&quot;camera&quot;:&quot;&quot;,&quot;caption&quot;:&quot;&quot;,&quot;created_timestamp&quot;:&quot;0&quot;,&quot;copyright&quot;:&quot;&quot;,&quot;focal_length&quot;:&quot;0&quot;,&quot;iso&quot;:&quot;0&quot;,&quot;shutter_speed&quot;:&quot;0&quot;,&quot;title&quot;:&quot;&quot;,&quot;orientation&quot;:&quot;0&quot;}\" data-image-title=\"yannsaoreirealbertparry\" data-image-description=\"\" data-image-caption=\"\" data-medium-file=\"https:\/\/irishpeaceprocess.blog\/wp-content\/uploads\/2024\/02\/yannsaoreirealbertparry.png?w=300\" data-large-file=\"https:\/\/irishpeaceprocess.blog\/wp-content\/uploads\/2024\/02\/yannsaoreirealbertparry.png?w=616\"><\/figure>\n<p style=\"text-align: left;\"><span style=\"color: #000080;\">He counted a former IRA Chief of Staff (1936) among his close friends \u2013 Se\u00e1n MacBride \u2013 and IRA veteran Con Casey.<\/span><\/p>\n<figure class=\"wp-block-image size-large\"><img decoding=\"async\" loading=\"lazy\" class=\"wp-image-6563 aligncenter\" src=\"https:\/\/irishpeaceprocess.blog\/wp-content\/uploads\/2024\/02\/yanngouletwseanmcbride2.png?w=876\" sizes=\"(max-width: 876px) 100vw, 876px\" srcset=\"https:\/\/irishpeaceprocess.blog\/wp-content\/uploads\/2024\/02\/yanngouletwseanmcbride2.png 876w, https:\/\/irishpeaceprocess.blog\/wp-content\/uploads\/2024\/02\/yanngouletwseanmcbride2.png?w=150 150w, https:\/\/irishpeaceprocess.blog\/wp-content\/uploads\/2024\/02\/yanngouletwseanmcbride2.png?w=300 300w, https:\/\/irishpeaceprocess.blog\/wp-content\/uploads\/2024\/02\/yanngouletwseanmcbride2.png?w=768 768w\" alt=\"\" width=\"876\" height=\"641\" data-attachment-id=\"6563\" data-permalink=\"https:\/\/irishpeaceprocess.blog\/2024\/02\/14\/ireland-refuge-of-wwii-nazis\/yanngouletwseanmcbride2\/\" data-orig-file=\"https:\/\/irishpeaceprocess.blog\/wp-content\/uploads\/2024\/02\/yanngouletwseanmcbride2.png\" data-orig-size=\"876,641\" data-comments-opened=\"1\" data-image-meta=\"{&quot;aperture&quot;:&quot;0&quot;,&quot;credit&quot;:&quot;&quot;,&quot;camera&quot;:&quot;&quot;,&quot;caption&quot;:&quot;&quot;,&quot;created_timestamp&quot;:&quot;0&quot;,&quot;copyright&quot;:&quot;&quot;,&quot;focal_length&quot;:&quot;0&quot;,&quot;iso&quot;:&quot;0&quot;,&quot;shutter_speed&quot;:&quot;0&quot;,&quot;title&quot;:&quot;&quot;,&quot;orientation&quot;:&quot;0&quot;}\" data-image-title=\"yanngouletwseanmcbride2\" data-image-description=\"\" data-image-caption=\"\" data-medium-file=\"https:\/\/irishpeaceprocess.blog\/wp-content\/uploads\/2024\/02\/yanngouletwseanmcbride2.png?w=300\" data-large-file=\"https:\/\/irishpeaceprocess.blog\/wp-content\/uploads\/2024\/02\/yanngouletwseanmcbride2.png?w=616\"><figcaption class=\"wp-element-caption\"><span style=\"color: #808080;\"><em>IRA Veterans Con Casey and Se\u00e1n MacBride with their friend Nazi Collaborator Yann Goulet<\/em><\/span><\/figcaption><\/figure>\n<p style=\"text-align: left;\"><span style=\"color: #000080;\">Goulet was granted Irish citizenship in 1952 with no objections being raised as to his Nazi background and death sentence passed by Rennes Tribunal of Justice in France.<\/span><\/p>\n<p style=\"text-align: left;\"><span style=\"color: #000080;\">He invited the later President de Valera\u2019s son to his daughter Brigid\u2019s wedding.<\/span><\/p>\n<p style=\"text-align: left;\"><span style=\"color: #000080;\">Yann Goulet was far from the only Breton Nazi Collaborator given sanctuary in the Republic of Ireland \u2013&nbsp;<strong>a whole gang of Breton Nazis settled in Ireland, including leaders of<\/strong>&nbsp;<strong>Bezen Perrot<\/strong>.<\/span><\/p>\n<figure class=\"wp-block-image size-large\"><img decoding=\"async\" loading=\"lazy\" class=\"wp-image-6564 aligncenter\" src=\"https:\/\/irishpeaceprocess.blog\/wp-content\/uploads\/2024\/02\/yanngouletetal1.png?w=870\" sizes=\"(max-width: 870px) 100vw, 870px\" srcset=\"https:\/\/irishpeaceprocess.blog\/wp-content\/uploads\/2024\/02\/yanngouletetal1.png 870w, https:\/\/irishpeaceprocess.blog\/wp-content\/uploads\/2024\/02\/yanngouletetal1.png?w=150 150w, https:\/\/irishpeaceprocess.blog\/wp-content\/uploads\/2024\/02\/yanngouletetal1.png?w=300 300w, https:\/\/irishpeaceprocess.blog\/wp-content\/uploads\/2024\/02\/yanngouletetal1.png?w=768 768w\" alt=\"\" width=\"870\" height=\"646\" data-attachment-id=\"6564\" data-permalink=\"https:\/\/irishpeaceprocess.blog\/2024\/02\/14\/ireland-refuge-of-wwii-nazis\/yanngouletetal1\/\" data-orig-file=\"https:\/\/irishpeaceprocess.blog\/wp-content\/uploads\/2024\/02\/yanngouletetal1.png\" data-orig-size=\"870,646\" data-comments-opened=\"1\" data-image-meta=\"{&quot;aperture&quot;:&quot;0&quot;,&quot;credit&quot;:&quot;&quot;,&quot;camera&quot;:&quot;&quot;,&quot;caption&quot;:&quot;&quot;,&quot;created_timestamp&quot;:&quot;0&quot;,&quot;copyright&quot;:&quot;&quot;,&quot;focal_length&quot;:&quot;0&quot;,&quot;iso&quot;:&quot;0&quot;,&quot;shutter_speed&quot;:&quot;0&quot;,&quot;title&quot;:&quot;&quot;,&quot;orientation&quot;:&quot;0&quot;}\" data-image-title=\"yanngouletetal1\" data-image-description=\"\" data-image-caption=\"\" data-medium-file=\"https:\/\/irishpeaceprocess.blog\/wp-content\/uploads\/2024\/02\/yanngouletetal1.png?w=300\" data-large-file=\"https:\/\/irishpeaceprocess.blog\/wp-content\/uploads\/2024\/02\/yanngouletetal1.png?w=616\"><\/figure>\n<p style=\"text-align: left;\"><span style=\"color: #000080;\">Note that Yann Goulet (on right in photograph),&nbsp;<em>granted Irish citizenship<\/em>, continued to wear his fascist Bagadou Stourm SS uniform black shirt, white tie and beret \u2013 Goulet never expressed any regret for his collaboration with the Nazis.<\/span><\/p>\n<p style=\"text-align: left;\"><span style=\"color: #000080;\">Goulet managed to resurrect his career in art and sculpture in Ireland counting on guaranteed preferment and advancement by his powerful political \u2018Old IRA\u2019 patrons for whom he produced \u2018Old IRA\u2019 memorial sculptures:<\/span><\/p>\n<ul class=\"wp-block-list\">\n<li><strong><a href=\"https:\/\/statues.vanderkrogt.net\/object.php?webpage=ST&amp;record=ie056\" target=\"_blank\" rel=\"noreferrer noopener\">Custom House Old IRA Memorial<\/a>, Dublin.<\/strong><\/li>\n<li><strong><a href=\"https:\/\/www.independent.ie\/regionals\/kerry\/castleisland-sculptor-of-the-ballyseedy-memorial-yann-renard-goulet\/27388958.html\" target=\"_blank\" rel=\"noreferrer noopener\">Kerry Old IRA Memorial<\/a>, Tralee.<\/strong><\/li>\n<li><strong><a href=\"https:\/\/irish-memories.com\/the-yan-goulet-monument-at-kilkelly-with-james-reddiough\/\" target=\"_blank\" rel=\"noreferrer noopener\">East Mayo Brigade Old IRA Memorial<\/a>, Kilkelly.<\/strong><\/li>\n<li><strong><a href=\"https:\/\/en.wikipedia.org\/wiki\/Republican_Memorial,_Crossmaglen\" target=\"_blank\" rel=\"noreferrer noopener\">Provisional IRA memorial at Crossmaglen<\/a>, Co. Armagh.<\/strong><\/li>\n<li><strong>Christy Ring GAA Memorial, Co. Cork.<\/strong><\/li>\n<li><strong>His private portrait commissions included&nbsp;President and Mrs. Eamon de Valera&nbsp;and Irish Taoiseach\/Prime Minister&nbsp;Charles Haughey, T.D.<\/strong><\/li>\n<\/ul>\n<p><span style=\"color: #000080;\"><strong>Modern Provisional IRA Sinn F\u00e9in had no objections to Goulet\u2019s background as a Nazi Informer or to his betrayal of his co-citizens in the French Resistance to the Nazis when they paid him to produce the Crossmaglen Provisional IRA sculpture\u2026<\/strong>&nbsp;[<em><strong>No Suprise There.<\/strong><\/em>]<\/span><\/p>\n<p><span style=\"color: #000080;\">Yann Goulet not only regularly exhibited at the Royal Hibernian Academy where there were no objections to Nazi collaborators, but he also became a Professor of Sculpture there.<\/span><\/p>\n<p><span style=\"color: #000080;\">Ultimately, Yann Goulet was awarded the highest Irish accolade of [private] election to&nbsp;<a style=\"color: #000080;\" href=\"https:\/\/www.irishtimes.com\/culture\/aosdana-what-is-it-and-what-does-it-do-for-its-2-7m-1.1682481\" target=\"_blank\" rel=\"noreferrer noopener\">Aosd\u00e1na<\/a> \u2013 an Irish Government body, funded by the Irish Government, to offer preferment and a free annual salary\/pension\/stipend (Cnuas) to artists of some \u00a317,000 back then which has risen to over \u00a320,000 now.<\/span><\/p>\n<figure class=\"wp-block-image size-large\"><img decoding=\"async\" loading=\"lazy\" class=\"wp-image-6569 aligncenter\" src=\"https:\/\/irishpeaceprocess.blog\/wp-content\/uploads\/2024\/02\/yanngoulet1.png?w=590\" sizes=\"(max-width: 590px) 100vw, 590px\" srcset=\"https:\/\/irishpeaceprocess.blog\/wp-content\/uploads\/2024\/02\/yanngoulet1.png 590w, https:\/\/irishpeaceprocess.blog\/wp-content\/uploads\/2024\/02\/yanngoulet1.png?w=116 116w, https:\/\/irishpeaceprocess.blog\/wp-content\/uploads\/2024\/02\/yanngoulet1.png?w=232 232w\" alt=\"\" width=\"590\" height=\"764\" data-attachment-id=\"6569\" data-permalink=\"https:\/\/irishpeaceprocess.blog\/2024\/02\/14\/ireland-refuge-of-wwii-nazis\/yanngoulet1\/\" data-orig-file=\"https:\/\/irishpeaceprocess.blog\/wp-content\/uploads\/2024\/02\/yanngoulet1.png\" data-orig-size=\"590,764\" data-comments-opened=\"1\" data-image-meta=\"{&quot;aperture&quot;:&quot;0&quot;,&quot;credit&quot;:&quot;&quot;,&quot;camera&quot;:&quot;&quot;,&quot;caption&quot;:&quot;&quot;,&quot;created_timestamp&quot;:&quot;0&quot;,&quot;copyright&quot;:&quot;&quot;,&quot;focal_length&quot;:&quot;0&quot;,&quot;iso&quot;:&quot;0&quot;,&quot;shutter_speed&quot;:&quot;0&quot;,&quot;title&quot;:&quot;&quot;,&quot;orientation&quot;:&quot;0&quot;}\" data-image-title=\"yanngoulet1\" data-image-description=\"\" data-image-caption=\"\" data-medium-file=\"https:\/\/irishpeaceprocess.blog\/wp-content\/uploads\/2024\/02\/yanngoulet1.png?w=232\" data-large-file=\"https:\/\/irishpeaceprocess.blog\/wp-content\/uploads\/2024\/02\/yanngoulet1.png?w=590\"><figcaption class=\"wp-element-caption\"><span style=\"color: #808080;\"><em>Snooty Nazi Yann Goulet of [taxpayerfunded] Aosd\u00e1na<\/em><\/span><\/figcaption><\/figure>\n<p style=\"text-align: left;\"><span style=\"color: #000080;\">Note that the Aosd\u00e1na&nbsp;<a style=\"color: #000080;\" href=\"http:\/\/aosdana.artscouncil.ie\/members\/renardgoulet\/\" target=\"_blank\" rel=\"noreferrer noopener\">biography<\/a>&nbsp;of Yann Goulet&nbsp;<strong>censors his Nazi background entirely<\/strong>, referring only to his having \u201c<strong>left France in 1947<\/strong>\u201d \u2013 which is effectively a Big Lie by the tax-payer-funded body which gave a warmest welcome to Nazi Goulet.<\/span><\/p>\n<h4 class=\"wp-block-heading\"><strong>Yann Goulet and the OIRA, PIRA and INLA<\/strong><\/h4>\n<p><span style=\"color: #000080;\">IRA leader Joe Cahill recounted that it was Yann Goulet who initially set up the Provisional IRA\u2019s connection to Libyan Dictator Colonel Gadaffi who later armed and financed the Provisional IRA.<\/span><\/p>\n<figure class=\"wp-block-image size-large\"><img decoding=\"async\" loading=\"lazy\" class=\"wp-image-6572 aligncenter\" src=\"https:\/\/irishpeaceprocess.blog\/wp-content\/uploads\/2024\/02\/cahillgoulet.png?w=691\" sizes=\"(max-width: 691px) 100vw, 691px\" srcset=\"https:\/\/irishpeaceprocess.blog\/wp-content\/uploads\/2024\/02\/cahillgoulet.png 691w, https:\/\/irishpeaceprocess.blog\/wp-content\/uploads\/2024\/02\/cahillgoulet.png?w=150 150w, https:\/\/irishpeaceprocess.blog\/wp-content\/uploads\/2024\/02\/cahillgoulet.png?w=300 300w\" alt=\"\" width=\"691\" height=\"383\" data-attachment-id=\"6572\" data-permalink=\"https:\/\/irishpeaceprocess.blog\/2024\/02\/14\/ireland-refuge-of-wwii-nazis\/cahillgoulet\/\" data-orig-file=\"https:\/\/irishpeaceprocess.blog\/wp-content\/uploads\/2024\/02\/cahillgoulet.png\" data-orig-size=\"691,383\" data-comments-opened=\"1\" data-image-meta=\"{&quot;aperture&quot;:&quot;0&quot;,&quot;credit&quot;:&quot;&quot;,&quot;camera&quot;:&quot;&quot;,&quot;caption&quot;:&quot;&quot;,&quot;created_timestamp&quot;:&quot;0&quot;,&quot;copyright&quot;:&quot;&quot;,&quot;focal_length&quot;:&quot;0&quot;,&quot;iso&quot;:&quot;0&quot;,&quot;shutter_speed&quot;:&quot;0&quot;,&quot;title&quot;:&quot;&quot;,&quot;orientation&quot;:&quot;0&quot;}\" data-image-title=\"cahillgoulet\" data-image-description=\"\" data-image-caption=\"\" data-medium-file=\"https:\/\/irishpeaceprocess.blog\/wp-content\/uploads\/2024\/02\/cahillgoulet.png?w=300\" data-large-file=\"https:\/\/irishpeaceprocess.blog\/wp-content\/uploads\/2024\/02\/cahillgoulet.png?w=616\"><\/figure>\n<p><span style=\"color: #000080;\"><strong>Yann Goulet kept all the versions of militant Irish republicanism on side \u2013 he was a pallbearer at the funeral of murdered former Official IRA member and later founder of the Irish National Liberation Army, Seamus Costello, and also designed the headstone atop&nbsp;<\/strong><a style=\"color: #000080;\" href=\"https:\/\/twitter.com\/PangurBn10\/status\/1630152050381127681\" target=\"_blank\" rel=\"noreferrer noopener\"><strong>Costello\u2019s grave<\/strong><\/a><strong>&nbsp;in Little Bray, County Dublin.<\/strong><\/span><\/p>\n<p><span style=\"color: #000080;\">He made various claims about his IRA connections in the 1960s:<\/span><\/p>\n<blockquote class=\"wp-block-quote is-layout-flow wp-block-quote-is-layout-flow\">\n<p style=\"text-align: left;\"><strong>But a few months later, an embassy charge d\u2019affaires learned from another source that one of the [Nazi] refugees, Heussaff, was a meteorologist at Aer Lingus, and he concluded:<\/strong><\/p>\n<p style=\"text-align: left;\"><strong>\u201cThe authorities of the local Ministry of Justice \u201cfailed\u201d to inform the French mission last year of Mr. Heussaff\u2019s membership in an official Irish service.&nbsp; This fact provides concrete proof of the duplicity of the Irish police services which, under the aegis of the Ministry of Justice, openly protect the Breton autonomists who have taken refuge in Ireland.\u201d<\/strong><\/p>\n<p style=\"text-align: left;\"><strong>&nbsp;In another dispatch, he described the general attitude of the Irish towards the Breton autonomists:<\/strong><\/p>\n<p style=\"text-align: left;\"><strong>\u201cIn the name of Pan-Celtism, we will always be ready in Ireland to give credit to Breton grievances, without ever verifying their merits, and we will offer almost unlimited moral and material support to the \u201cpersecuted\u201d, even in certain official circles, of the&nbsp; police in particular, carefully avoiding anything that could create incidents with the French government.\u201d<\/strong><\/p>\n<p style=\"text-align: left;\"><strong>The diplomat\u2019s irritation is partly explained by the fact that Yann Goulet took great pleasure in taunting the French authorities.<\/strong><\/p>\n<p style=\"text-align: left;\"><strong>A few weeks earlier, he had given an interview to France-Soir, where he explained that \u201cthe Irish welcomed us like brothers\u201d.&nbsp; In fact, after his naturalization in 1955, he became a renowned sculptor and even received several commissions from the Irish government.<\/strong><\/p>\n<p style=\"text-align: left;\"><strong>Better still, he made a bronze bust of Eamon de Valera, and invited one of his sons to the wedding of his daughter, Brigid Renard-Goulet.<\/strong><\/p>\n<p style=\"text-align: left;\"><strong>This displeased the French authorities because, at the same time, he claimed responsibility for bomb attacks on French territory in the name of the FLB, and made embarrassing statements to the press.<\/strong><\/p>\n<p style=\"text-align: left;\"><strong>In an interview with The Sunday Telegraph, he declared that he had traveled to Brittany several times in a sailboat, even though he was banned from staying in the Breton departments.&nbsp;<\/strong><\/p>\n<p style=\"text-align: left;\"><strong>According to Fou\u00e9r\u00e9, he brought explosives from France to Ireland, which were used by the IRA to blow up Nelson\u2019s Column in Dublin in 1966.<\/strong><\/p>\n<p><strong><cite>La France et l\u2019Irlande : destins crois\u00e9s (16<sup>e<\/sup>&nbsp;\u2013 21<sup>e<\/sup>&nbsp;si\u00e8cles), \u00c9dit\u00e9 par&nbsp;<a href=\"https:\/\/www.septentrion.com\/fr\/livre\/?GCOI=27574100307410&amp;fa=author&amp;Person_ID=11637\">Catherine&nbsp;Maignant<\/a><\/cite><\/strong><\/p><\/blockquote>\n<p><span style=\"color: #000080;\"><strong>It is past time that Ireland\u2019s public spaces were cleansed of Nazi sculptures \u2013 for that is what Goulet\u2019s works are \u2013 but don\u2019t hold your breath since Ireland has always had a&nbsp;<em>gr\u00e1<\/em> for those most extreme enemies of The Brits, the Nazis\u2026&nbsp;<\/strong><\/span><\/p>\n<figure class=\"wp-block-image size-large\"><img decoding=\"async\" loading=\"lazy\" class=\"wp-image-6575 aligncenter\" src=\"https:\/\/irishpeaceprocess.blog\/wp-content\/uploads\/2024\/02\/crossmaglen.png?w=491\" sizes=\"(max-width: 491px) 100vw, 491px\" srcset=\"https:\/\/irishpeaceprocess.blog\/wp-content\/uploads\/2024\/02\/crossmaglen.png 491w, https:\/\/irishpeaceprocess.blog\/wp-content\/uploads\/2024\/02\/crossmaglen.png?w=100 100w, https:\/\/irishpeaceprocess.blog\/wp-content\/uploads\/2024\/02\/crossmaglen.png?w=199 199w\" alt=\"\" width=\"491\" height=\"739\" data-attachment-id=\"6575\" data-permalink=\"https:\/\/irishpeaceprocess.blog\/2024\/02\/14\/ireland-refuge-of-wwii-nazis\/crossmaglen\/\" data-orig-file=\"https:\/\/irishpeaceprocess.blog\/wp-content\/uploads\/2024\/02\/crossmaglen.png\" data-orig-size=\"491,739\" data-comments-opened=\"1\" data-image-meta=\"{&quot;aperture&quot;:&quot;0&quot;,&quot;credit&quot;:&quot;&quot;,&quot;camera&quot;:&quot;&quot;,&quot;caption&quot;:&quot;&quot;,&quot;created_timestamp&quot;:&quot;0&quot;,&quot;copyright&quot;:&quot;&quot;,&quot;focal_length&quot;:&quot;0&quot;,&quot;iso&quot;:&quot;0&quot;,&quot;shutter_speed&quot;:&quot;0&quot;,&quot;title&quot;:&quot;&quot;,&quot;orientation&quot;:&quot;0&quot;}\" data-image-title=\"crossmaglen\" data-image-description=\"\" data-image-caption=\"\" data-medium-file=\"https:\/\/irishpeaceprocess.blog\/wp-content\/uploads\/2024\/02\/crossmaglen.png?w=199\" data-large-file=\"https:\/\/irishpeaceprocess.blog\/wp-content\/uploads\/2024\/02\/crossmaglen.png?w=491\"><figcaption class=\"wp-element-caption\"><span style=\"color: #808080;\"><em>Yann Goulet\u2019s Provisional IRA memorial, Crossmaglen.<\/em><\/span><\/figcaption><\/figure>\n<h4 class=\"wp-block-heading\"><strong>United States Ambassador David Gray Warns de Valera<\/strong><\/h4>\n<p><span style=\"color: #000080;\">The United States Ambassador to Ireland throughout WWII, David Gray, despised Prime Minister\/Taoiseach&nbsp;<strong>\u00c9amon de Valera<\/strong>&nbsp;and recorded that de Valera and other political and religious leaders in the Republic of Ireland were convinced that Hitler would win the War [and that Ireland, which had remained Neutral, would be rewarded for its neutrality by the gift of Northern Ireland \u2013 thereby achieving the Old IRA\u2019s dream of a United Ireland].<\/span><\/p>\n<p><span style=\"color: #000080;\">Gray had warned de Valera against giving sanctuary to \u2018on the run\u2019 Nazis following the War.<\/span><\/p>\n<figure class=\"wp-block-image size-large\"><img decoding=\"async\" loading=\"lazy\" class=\"wp-image-6597 aligncenter\" src=\"https:\/\/irishpeaceprocess.blog\/wp-content\/uploads\/2024\/02\/britainirelandandthesecondworldwarianswood.png?w=703\" sizes=\"(max-width: 703px) 100vw, 703px\" srcset=\"https:\/\/irishpeaceprocess.blog\/wp-content\/uploads\/2024\/02\/britainirelandandthesecondworldwarianswood.png 703w, https:\/\/irishpeaceprocess.blog\/wp-content\/uploads\/2024\/02\/britainirelandandthesecondworldwarianswood.png?w=150 150w, https:\/\/irishpeaceprocess.blog\/wp-content\/uploads\/2024\/02\/britainirelandandthesecondworldwarianswood.png?w=300 300w\" alt=\"\" width=\"703\" height=\"396\" data-attachment-id=\"6597\" data-permalink=\"https:\/\/irishpeaceprocess.blog\/2024\/02\/14\/ireland-refuge-of-wwii-nazis\/britainirelandandthesecondworldwarianswood\/\" data-orig-file=\"https:\/\/irishpeaceprocess.blog\/wp-content\/uploads\/2024\/02\/britainirelandandthesecondworldwarianswood.png\" data-orig-size=\"703,396\" data-comments-opened=\"1\" data-image-meta=\"{&quot;aperture&quot;:&quot;0&quot;,&quot;credit&quot;:&quot;&quot;,&quot;camera&quot;:&quot;&quot;,&quot;caption&quot;:&quot;&quot;,&quot;created_timestamp&quot;:&quot;0&quot;,&quot;copyright&quot;:&quot;&quot;,&quot;focal_length&quot;:&quot;0&quot;,&quot;iso&quot;:&quot;0&quot;,&quot;shutter_speed&quot;:&quot;0&quot;,&quot;title&quot;:&quot;&quot;,&quot;orientation&quot;:&quot;0&quot;}\" data-image-title=\"britainirelandandthesecondworldwarianswood\" data-image-description=\"\" data-image-caption=\"\" data-medium-file=\"https:\/\/irishpeaceprocess.blog\/wp-content\/uploads\/2024\/02\/britainirelandandthesecondworldwarianswood.png?w=300\" data-large-file=\"https:\/\/irishpeaceprocess.blog\/wp-content\/uploads\/2024\/02\/britainirelandandthesecondworldwarianswood.png?w=616\"><figcaption class=\"wp-element-caption\">Britain, Ireland and the Second World War (Societies at War)&nbsp;1st Edition by&nbsp;<a href=\"https:\/\/www.amazon.com\/Ian-S-Wood\/e\/B001K89CVY\/ref=dp_byline_cont_book_1\">Ian S. Wood<\/a><\/figcaption><\/figure>\n<p><span style=\"color: #000080;\">Gray\u2019s memoir later gave the following account of the widespread Irish belief that Hitler would win the War:<\/span><\/p>\n<blockquote class=\"wp-block-quote is-layout-flow wp-block-quote-is-layout-flow\">\n<p style=\"text-align: left;\"><strong>The Taoiseach\u2019s office (pronounced popularly \u2018tee shack\u2019) and surroundings were all as they had been so often described by interviewers.&nbsp;He himself was the tall, gaunt figure with the suggestion of Lincoln, and&nbsp;ironically in the corner stood the O\u2019Connor bronze statue of Lincoln&nbsp;which John McCormack, the singer, had given to the Irish government. The office was bare, the flat-topped desk was bare and Mr de&nbsp;Valera was&nbsp;dressed in his invariable black clerical-looking suit with black string tie.<\/strong><\/p>\n<p style=\"text-align: left;\"><strong>He was always neat and his linen was always fresh. His grave eye trouble&nbsp;excited sympathy. It was said that he suffered from glaucoma. From time&nbsp;to time he removed his spectacles and put his hands over his eyes, and&nbsp;from time to time he showed the appealing smile that I had heard about&nbsp;and the suggestion of his peculiar charm.&nbsp;Why Mr de Valera replied to my English speech in Irish was a question not difficult to answer. Both languages are sanctioned by the new&nbsp;Constitution, but Mr de Valera and his Separatist group were anxious to&nbsp;impress on the outside world that English is only an unfortunate and&nbsp;temporary makeshift and that Irish is the true and natural tongue of the&nbsp;nation, though today only one person in six speaks it. Very few Irish&nbsp;politicians speak Irish except as American High School students learn to&nbsp;\u2018speak\u2019 French, but they usually begin their speeches with a paragraph in&nbsp;Irish, which they have memorised, and then continue in English. It is the&nbsp;badge of being \u2018Irish\u2019 Irish, like the Gaelicisation of proper names.<\/strong><\/p>\n<p style=\"text-align: left;\"><strong>1916 leaders turned out in tails and white ties<\/strong><\/p>\n<p style=\"text-align: left;\"><strong>The official dinner in the state apartments of the Castle that evening was&nbsp;as elaborate and well done as the ceremony in the morning. Food, wines,&nbsp;service, cigars, all were unexceptionable. The de Valera revolution had been to a large extent a \u2018social movement\u2019. It appealed to the \u2018common man\u2019 and repudiated the&nbsp;symbols of privilege. Mr de Valera banned the \u2018topper\u2019 and wore the black \u2018cowboy\u2019&nbsp;hat. He and his Cabinet constituted the surviving nucleus of \u2018The&nbsp;Sixteen\u2019 and the left-wing IRA faction that had staged the Civil War.&nbsp;Almost every man present had been condemned to death or jail either by&nbsp;the British government or by the Free State government, yet only eight&nbsp;years after coming to power this new aristocracy had all turned out in&nbsp;tails and white ties in the best London tradition, I had never sat down&nbsp;to dine with so many people who had been \u2018martyred\u2019 and thrown into&nbsp;prison, nor with so many politicians, who after having been down and&nbsp;out had \u2018come back in\u2019 and stayed \u2018in\u2019. It had its embarrassing side. It was&nbsp;like dining in a house in which there has been a highly publicised&nbsp;domestic difficulty.<\/strong><\/p>\n<p style=\"text-align: left;\"><strong>Just as I would have wanted to ask my host whether&nbsp;he really beat his wife as alleged, I wanted to ask the questions to which&nbsp;every historian of the period was trying to find the answers. I wanted to&nbsp;ask why Mr de Valera had not abided by the majority action of his own&nbsp;parliament; why he appealed to the gun and started a Civil War. How he&nbsp;escaped being shot for rebellion, first by the British and then by the first&nbsp;Irish government ever to be recognised by the comity of nations. I&nbsp;wanted to ask him whether Michael Collins had been the chance victim&nbsp;of an ambush or the designed victim of an assassination; and if he knew&nbsp;who murdered Kevin O\u2019Higgins. Of course I asked none of these&nbsp;questions.<\/strong><\/p>\n<p style=\"text-align: left;\"><strong>The German Ambassador<\/strong><\/p>\n<p style=\"text-align: left;\"><strong>Herr Hempel \u2013 the German minister to Ireland \u2013 had a charming house and garden at Blackrock, a suburb on Dublin harbour. His chancery was an ugly, modern red brick house in Northumberland Road. It was here that I called upon him. Herr Dr Hempel received us with great courtesy. He was somewhat over-civil and did not ring true. He spoke fluent English with little accent. I was conscious of being ill at ease. Hempel might be doing his duty as he saw it but he was serving a F\u00fchrer whose hands were red with the blood of Jews, Poles and Norwegians, on whose conscience was the annihilation of Austria and Czechoslovakia. I was naive enough at seventy to be shocked by these things.<\/strong><\/p>\n<p style=\"text-align: left;\"><strong>We exchanged pleasant commonplaces. I was not to re-enter the German legation&nbsp;at 58 Northumberland Road till I took possession of it in the name&nbsp;of the United Nations at the end of the war and found the wires of a&nbsp;radio sending set and other interesting items. The Irish government had&nbsp;seen to it that we did not gain admittance until the files had been&nbsp;destroyed.<\/strong><\/p>\n<p style=\"text-align: left;\"><strong>Collaboration with the Germans<\/strong><\/p>\n<p style=\"text-align: left;\"><strong>Mr de Valera\u2019s conviction that Hitler would win the war was stupid&nbsp;in view of the opportunities he enjoyed for obtaining authoritative&nbsp;information as to what was going on in the United States. It was&nbsp;doubtless due to the fact that he knew few if any Americans, only \u2018Irish&nbsp;in America\u2019. As a matter of fact he himself never told me that Hitler&nbsp;would win, though he scoffed at the suggestion that the United States&nbsp;would become involved. But his deputy Joe Walshe told me. Further,&nbsp;Mr Walshe was confident that at the worst, Hitler would not lose.&nbsp;Cardinal MacRory told me that Hitler would win. Count Plunkett, the&nbsp;patriarch of the IRA, expressed the same opinion. We know from the&nbsp;German papers that one of Mr de Valera\u2019s generals was collaborating&nbsp;with Hempel. Belief in German victory was in the Dublin air. At the&nbsp;end of the war a former Lord Mayor of Dublin, \u2018Paddy\u2019 Doyle, a very&nbsp;\u2018decent\u2019 man, said to me \u2018You know, at the beginning we were all sure&nbsp;Germany was going to win\u2019.<\/strong><\/p>\n<p><strong><cite><a href=\"https:\/\/www.thejournal.ie\/readme\/extract-mr-de-valera%E2%80%99s-conviction-that-hitler-would-win-the-war-was-stupid-663097-Nov2012\/\">https:\/\/www.thejournal.ie\/readme\/extract-mr-de-valera%E2%80%99s-conviction-that-hitler-would-win-the-war-was-stupid-663097-Nov2012\/<\/a><\/cite><\/strong><\/p><\/blockquote>\n<hr>\n<p style=\"text-align: left;\"><span style=\"color: #808080;\"><em>\u201cA Yankee in De Valera\u2019s Ireland: The Memoir of David Gray is edited by Paul Bew. Paul Bew is a member of the RIA and Professor of Irish Politics at Queen\u2019s University Belfast. A historical advisor to the Bloody Sunday inquiry, he was appointed an independent cross-bench peer in 2007 and is a member of the British\u2013Irish Parliamentary Assembly.\u201c<\/em><\/span><\/p>\n<hr style=\"height: 15px; background: #d0e6fa; width: 100%;\">\n<div id=\"content\" class=\"content-alignment\">\n<div id=\"watch-description\" class=\"yt-uix-button-panel\">\n<div id=\"watch-description-text\" style=\"text-align: center;\">\n<p><em>Zawarto\u015b\u0107 publikowanych artyku\u0142\u00f3w i materia\u0142\u00f3w nie reprezentuje pogl\u0105d\u00f3w ani opinii Reunion&#8217;68,<\/em><em><br \/>\nani te\u017c webmastera Blogu Reunion&#8217;68, chyba ze jest to wyra\u017anie zaznaczone.<br \/>\nTwoje uwagi, linki, w\u0142asne artyku\u0142y lub wiadomo\u015bci prze\u015blij na adres:<br \/>\n<\/em><span style=\"color: #000080;\"><strong><em><a style=\"color: #000080;\" href=\"mailto:webmaster@reunion68.com\"><span style=\"text-decoration: underline;\">webmaster@reunion68.com<\/span><\/a><\/em><\/strong><\/span><\/p>\n<\/div>\n<\/div>\n<\/div>\n<hr style=\"width: 100%;\">\n","protected":false},"excerpt":{"rendered":"<p>Ireland: Refuge of WWII Nazis February 14, 2024 Author: Shane Paul Following D-Day in June 1944 when the Allies began to attempt to liberate France from its Nazi invaders, the Nazis were pushed back from areas of France they had controlled for four years. In the Brittany region, the Nazis had been supported by local [&hellip;]<\/p>\n","protected":false},"author":1,"featured_media":0,"comment_status":"closed","ping_status":"closed","sticky":false,"template":"","format":"standard","meta":[],"categories":[6],"tags":[26,24],"_links":{"self":[{"href":"https:\/\/www.reunion68.se\/index.php?rest_route=\/wp\/v2\/posts\/117791"}],"collection":[{"href":"https:\/\/www.reunion68.se\/index.php?rest_route=\/wp\/v2\/posts"}],"about":[{"href":"https:\/\/www.reunion68.se\/index.php?rest_route=\/wp\/v2\/types\/post"}],"author":[{"embeddable":true,"href":"https:\/\/www.reunion68.se\/index.php?rest_route=\/wp\/v2\/users\/1"}],"replies":[{"embeddable":true,"href":"https:\/\/www.reunion68.se\/index.php?rest_route=%2Fwp%2Fv2%2Fcomments&post=117791"}],"version-history":[{"count":15,"href":"https:\/\/www.reunion68.se\/index.php?rest_route=\/wp\/v2\/posts\/117791\/revisions"}],"predecessor-version":[{"id":117825,"href":"https:\/\/www.reunion68.se\/index.php?rest_route=\/wp\/v2\/posts\/117791\/revisions\/117825"}],"wp:attachment":[{"href":"https:\/\/www.reunion68.se\/index.php?rest_route=%2Fwp%2Fv2%2Fmedia&parent=117791"}],"wp:term":[{"taxonomy":"category","embeddable":true,"href":"https:\/\/www.reunion68.se\/index.php?rest_route=%2Fwp%2Fv2%2Fcategories&post=117791"},{"taxonomy":"post_tag","embeddable":true,"href":"https:\/\/www.reunion68.se\/index.php?rest_route=%2Fwp%2Fv2%2Ftags&post=117791"}],"curies":[{"name":"wp","href":"https:\/\/api.w.org\/{rel}","templated":true}]}}