{"id":117897,"date":"2024-12-21T17:09:02","date_gmt":"2024-12-21T15:09:02","guid":{"rendered":"http:\/\/www.reunion68.se\/?p=117897"},"modified":"2024-12-21T11:40:16","modified_gmt":"2024-12-21T09:40:16","slug":"22-09-96","status":"publish","type":"post","link":"https:\/\/www.reunion68.se\/?p=117897","title":{"rendered":"Syryjscy d\u017cihady\u015bci z Turcji przejmuj\u0105 Syri\u0119: Kurdowie i p\u00f3\u0142 miliona chrze\u015bcijan s\u0105 straszliwie zagro\u017ceni"},"content":{"rendered":"<p style=\"text-align: center;\"><img decoding=\"async\" class=\"aligncenter\" src=\"https:\/\/www.catholicnewsagency.com\/storage\/image\/01-23-1713519779.1249.jpg.webp?jpg\" width=\"100%\" \/><span style=\"color: #808080;\"><em>W dzisiejszej Syrii oko\u0142o p\u00f3\u0142 miliona chrze\u015bcijan i 2,5 miliona Kurd\u00f3w stoi w obliczu prze\u015bladowa\u0144 i zn\u0119cania si\u0119 przez d\u017cihadystycznych terroryst\u00f3w. Na zdj\u0119ciu: widok greckokatolickiego ko\u015bcio\u0142a \u015bw. Jerzego w Aleppo w Syrii (Credit: Abdul Kareem Daniel)<\/em><\/span><\/p>\n<hr \/>\n<h5 style=\"text-align: center;\"><a href=\"http:\/\/www.listyznaszegosadu.pl\/n\" target=\"_blank\" rel=\"noopener noreferrer\"><img decoding=\"async\" class=\"center alignleft\" src=\"http:\/\/www.reunion68.com\/Biuletyn\/img\/z-naszego.jpg\" alt=\"\" width=\"50%\" \/><\/a><span style=\"text-decoration: underline; color: #000080;\"><strong><a style=\"color: #000080; text-decoration: underline;\" href=\"http:\/\/www.listyznaszegosadu.pl\/notatki\/syryjscy-dzihadysci-z-turcji-przejmuja-syrie-kurdowie-i-pall-miliona-chrzescijan-sa-straszliwie-zagrozeni\" target=\"_blank\" rel=\"noopener noreferrer\">Syryjscy d\u017cihady\u015bci z Turcji przejmuj\u0105 Syri\u0119: Kurdowie i p\u00f3\u0142 miliona chrze\u015bcijan s\u0105 straszliwie zagro\u017ceni<\/a><\/strong><\/span><\/h5>\n<p style=\"text-align: center;\"><span style=\"color: #000000;\"><strong>Uzay Bulut<br \/>\n<\/strong><span style=\"color: #808080;\"><em>T\u0142umaczenie: <\/em><\/span><strong>Ma\u0142gorzata Koraszewska<\/strong><\/span><\/p>\n<hr style=\"height: 15px; background: #d0e6fa; width: 100%;\" \/>\n<div class=\"templateArticleIngress\">\n<p style=\"text-align: left;\"><span style=\"color: #000080;\">Rz\u0105dy rodziny Assad\u00f3w w Syrii, kt\u00f3re trwa\u0142y ponad 50 lat, upad\u0142y 8 grudnia. Si\u0142y d\u017cihadyst\u00f3w przej\u0119\u0142y kontrol\u0119 nad Damaszkiem po tym, jak prezydent Baszar al-Assad uciek\u0142 do luksusowego \u017cycia w\u00a0<a style=\"color: #000080;\" href=\"https:\/\/www.ceotodaymagazine.com\/2024\/12\/assad-familys-new-life-in-moscow-from-syrian-palaces-to-russian-luxury\/\" target=\"_blank\" rel=\"noopener noreferrer\">Moskwie<\/a>. Obecnie oko\u0142o p\u00f3\u0142 miliona chrze\u015bcijan i\u00a0<a style=\"color: #000080;\" href=\"https:\/\/minorityrights.org\/communities\/kurds-5\/\" target=\"_blank\" rel=\"noopener noreferrer\">2,5 miliona Kurd\u00f3w<\/a>\u00a0w Syrii stoi w obliczu przysz\u0142ych prze\u015bladowa\u0144 i zn\u0119cania si\u0119 ze strony d\u017cihadystycznych terroryst\u00f3w.<\/span><\/p>\n<p style=\"text-align: left;\">\n<span style=\"color: #000080;\">Ofensywa rozpocz\u0119ta przez d\u017cihadyst\u00f3w z Hajat Tahrir al-Szam (HTS), dawnej syryjskiej odnogi Al-Kaidy, rozpocz\u0119\u0142a si\u0119 27 listopada. Terrory\u015bci, wspierani przez Turcj\u0119, najpierw w ci\u0105gu kilku dni zdobyli\u00a0<a style=\"color: #000080;\" href=\"https:\/\/www.france24.com\/en\/tag\/aleppo\/\" target=\"_blank\" rel=\"noopener noreferrer\">Aleppo<\/a>\u00a0i szereg innych miast, zanim skierowali si\u0119 na\u00a0<a style=\"color: #000080;\" href=\"https:\/\/www.france24.com\/en\/tag\/damascus\/\" target=\"_blank\" rel=\"noopener noreferrer\">Damaszek<\/a>.<\/span><\/p>\n<\/div>\n<p style=\"text-align: left;\">\n<div class=\"templateArticleBrodtext\">\n<p style=\"text-align: left;\"><span style=\"color: #000080;\">Od 2017 roku HTS jest dominuj\u0105c\u0105 islamistyczn\u0105 milicj\u0105 w Syrii. Dawna\u00a0<a style=\"color: #000080;\" href=\"https:\/\/www.gatestoneinstitute.org\/21215\/a%20former%20branch%20of%20Al%20Qaeda,\" target=\"_blank\" rel=\"noopener noreferrer\">ga\u0142\u0105\u017a Al-Kaidy<\/a>, w 2018 roku HTS zosta\u0142a oficjalnie\u00a0<a style=\"color: #000080;\" href=\"https:\/\/www.dni.gov\/nctc\/ftos\/hts_fto.html\" target=\"_blank\" rel=\"noopener noreferrer\">uznana<\/a>\u00a0za organizacj\u0119 terrorystyczn\u0105 przez rz\u0105d USA. Nazwa grupy,\u00a0<a style=\"color: #000080;\" href=\"https:\/\/www.csis.org\/programs\/former-programs\/warfare-irregular-threats-and-terrorism-program-archives\/terrorism-backgrounders\/hayat-tahrir\" target=\"_blank\" rel=\"noopener noreferrer\">Hajat Tahrir al Szam<\/a>, oznacza \u201eOrganizacja Wyzwolenia Lewantu\u201d, co oznacza wi\u0119ksz\u0105 cz\u0119\u015b\u0107 Bliskiego Wschodu, w tym Izrael, Liban i Jordani\u0119. Od 2019 roku HTS, wsp\u00f3\u0142pracuj\u0105c z Turcj\u0105, kontroluje p\u00f3\u0142nocny Idlib za po\u015brednictwem tak zwanego \u201eSyryjskiego Rz\u0105du Ocalenia\u201d (SSG). Teraz, gdy Turcja i HTS planuj\u0105 \u201e<a style=\"color: #000080;\" href=\"https:\/\/www.middleeastmonitor.com\/20241211-hts-led-syria-government-captures-deir-ez-zor-city-from-kurdish-sdf\/\" target=\"_blank\" rel=\"noopener noreferrer\">przekszta\u0142ci\u0107 Syri\u0119<\/a>\u201d, zar\u00f3wno Kurdowie, jak i chrze\u015bcijanie s\u0105\u00a0<a style=\"color: #000080;\" href=\"https:\/\/www.jpost.com\/middle-east\/article-831652\" target=\"_blank\" rel=\"noopener noreferrer\">zagro\u017ceni<\/a>.<\/span><\/p>\n<p style=\"text-align: left;\">\n<span style=\"color: #000080;\">HTS, kt\u00f3ra\u00a0<a style=\"color: #000080;\" href=\"https:\/\/www.mei.edu\/blog\/pragmatic-jihadist-or-opportunistic-warlord-htss-jolani-expands-his-rule-northern-syria\" target=\"_blank\" rel=\"noopener noreferrer\">wsp\u00f3\u0142pracuje<\/a>\u00a0z tureckim wojskiem i wspieranymi przez Turcj\u0119 grupami w Syrii, \u00a0<a style=\"color: #000080;\" href=\"https:\/\/www.wilsoncenter.org\/article\/hts-evolution-jihadist-group\" target=\"_blank\" rel=\"noopener noreferrer\">zmierza<\/a>\u00a0do ustanowienia pa\u0144stwa islamistycznego w ca\u0142ej Syrii, przynajmniej na pocz\u0105tek. Za\u0142o\u017cycielem i obecnym przyw\u00f3dc\u0105 HTS jest Ahmed Hussein Al-Szara, lepiej znany jako Abu Mohammed Al-D\u017colani. Przed za\u0142o\u017ceniem HTS, D\u017colani\u00a0<a style=\"color: #000080;\" href=\"https:\/\/www.csis.org\/blogs\/examining-extremism\/examining-extremism-hayat-tahrir-al-sham-hts\" target=\"_blank\" rel=\"noopener noreferrer\">przewodzi\u0142<\/a>\u00a0D\u017cabhat Al-Nusra, syryjskiej filii Al-Kaidy.<\/span><\/p>\n<p style=\"text-align: left;\">\n<span style=\"color: #000080;\">W\u00a0<a style=\"color: #000080;\" href=\"https:\/\/www.state.gov\/reports\/country-reports-on-terrorism-2019\/\" target=\"_blank\" rel=\"noopener noreferrer\">raporcie<\/a>\u00a0Departamentu Stanu USA na temat terroryzmu z 2019 r. HTS\/Front Al-Nusra zosta\u0142a opisana jako \u201ejedna z najbardziej aktywnych i niebezpiecznych grup terrorystycznych na \u015bwiecie\u201d.<\/span><\/p>\n<p style=\"text-align: left;\">\n<span style=\"color: #000080;\">W 2022 r. Komisja Stan\u00f3w Zjednoczonych ds. Mi\u0119dzynarodowej Wolno\u015bci Religijnej (USCIRF) przeprowadzi\u0142a\u00a0<a style=\"color: #000080;\" href=\"https:\/\/www.uscirf.gov\/events\/uscirf-hearing-freedom-religion-or-belief-syria\" target=\"_blank\" rel=\"noopener noreferrer\">przes\u0142uchanie<\/a>\u00a0w sprawie wolno\u015bci religijnej w Syrii i stwierdzi\u0142a:<\/span><\/p>\n<blockquote>\n<p style=\"text-align: left;\"><strong>\u201eOd\u0142am Al-Kaidy, Haj&#8217;at Tahrir al-Szam (HTS), nadal brutalizuje i wypiera spo\u0142eczno\u015bci mniejszo\u015bci religijnych w p\u00f3\u0142nocno-zachodnim regionie Idlib, a Pa\u0144stwo Islamskie w Iraku i Syrii (ISIS) zwi\u0119kszy\u0142o swoj\u0105 obecno\u015b\u0107 we wschodniej Syrii, przeprowadzaj\u0105c niemal codzienne ataki i destabilizuj\u0105c sytuacj\u0119 mniejszo\u015bci religijnych. Grupy opozycyjne wykorzystuj\u0105 tureckie finansowanie i wsparcie wojskowe, by prowadzi\u0107 kampanie czystek religijnych i etnicznych w Afrin\u201d.<\/strong><\/p>\n<\/blockquote>\n<p style=\"text-align: left;\"><span style=\"color: #000080;\">Podczas ofensywy d\u017cihadystycznej, kt\u00f3ra rozpocz\u0119\u0142a si\u0119 w zesz\u0142ym miesi\u0105cu, HTS\u00a0<a style=\"color: #000080;\" href=\"https:\/\/www.france24.com\/en\/middle-east\/20241205-hts-rebel-group-sweeping-syria-tries-to-shed-its-jihadist-image\" target=\"_blank\" rel=\"noopener noreferrer\">otrzymywa\u0142a wsparcie<\/a>\u00a0na froncie p\u00f3\u0142nocnym od Syryjskiej Armii Narodowej (SNA), koalicji kilkunastu islamistycznych ugrupowa\u0144 zbrojnych, w du\u017cej mierze finansowanych, wyposa\u017canych i szkolonych przez Turcj\u0119.<\/span><\/p>\n<p style=\"text-align: left;\">\n<span style=\"color: #000080;\">Wed\u0142ug\u00a0<a style=\"color: #000080;\" href=\"https:\/\/www.state.gov\/reports\/2022-report-on-international-religious-freedom\/syria\/\" target=\"_blank\" rel=\"noopener noreferrer\">raportu Departamentu Stanu USA z 2022 r<\/a>. wi\u0119kszo\u015b\u0107 syryjskich chrze\u015bcijan mieszka\u0142a w\u00f3wczas w Damaszku, Aleppo, Homs, Hamie, Latakii i Hasace oraz ich okolicach.<\/span><\/p>\n<p style=\"text-align: left;\">\n<span style=\"color: #000080;\">Wszystkie te obszary, z wyj\u0105tkiem Hasaki (kt\u00f3rego wi\u0119kszo\u015b\u0107 znajduje si\u0119 obecnie pod kontrol\u0105 Kurd\u00f3w), od 27 listopada znalaz\u0142y si\u0119 pod kontrol\u0105 d\u017cihadyst\u00f3w wspieranych przez Turcj\u0119.<\/span><\/p>\n<p style=\"text-align: left;\">\n<span style=\"color: #000080;\">Wed\u0142ug organizacji praw cz\u0142owieka\u00a0<a style=\"color: #000080;\" href=\"https:\/\/www.opendoors.org.au\/wp-content\/uploads\/2024\/01\/Full-Country-Dossier-Syria-2024.pdf\" target=\"_blank\" rel=\"noopener noreferrer\">Open Doors<\/a>, w Syrii jest oko\u0142o 580 tysi\u0119cy chrze\u015bcijan. Wielu z nich uciek\u0142o z miast i wiosek zaj\u0119tych przez d\u017cihadyst\u00f3w, aby\u00a0<a style=\"color: #000080;\" href=\"https:\/\/x.com\/GrecoLevantines\/status\/1864754659648299075\" target=\"_blank\" rel=\"noopener noreferrer\">schroni\u0107<\/a>\u00a0si\u0119 w kontrolowanej niegdy\u015b przez rz\u0105d Wadi al-Nasara (\u201eDolina Chrze\u015bcijan\u201d). Po upadku re\u017cimu Assada Dolina wpad\u0142a w r\u0119ce d\u017cihadyst\u00f3w, a \u017cycie tych chrze\u015bcijan jest zagro\u017cone.<\/span><\/p>\n<p style=\"text-align: left;\">\n<span style=\"color: #000080;\">7 grudnia HTS podobno\u00a0<a style=\"color: #000080;\" href=\"https:\/\/greekcitytimes.com\/2024\/12\/08\/hts-militants-warn-greek-orthodox\/\" target=\"_blank\" rel=\"noopener noreferrer\">ostrzeg\u0142o<\/a>\u00a0chrze\u015bcija\u0144sk\u0105 ludno\u015b\u0107 Doliny Chrze\u015bcijan, aby \u201enie stan\u0119\u0142a po stronie re\u017cimu\u201d. Serwis informacyjny Orthodox Christianity\u00a0<a style=\"color: #000080;\" href=\"https:\/\/orthochristian.com\/165336.html\" target=\"_blank\" rel=\"noopener noreferrer\">poda\u0142<\/a>\u00a09 grudnia:<\/span><\/p>\n<blockquote>\n<p style=\"text-align: left;\"><strong>\u201eChrze\u015bcijanie syryjscy z pewno\u015bci\u0105 b\u0119d\u0105 musieli stawi\u0107 czo\u0142a coraz wi\u0119kszym trudno\u015bciom i prze\u015bladowaniom, poniewa\u017c stolic\u0119 kraju, Damaszek, zdobyli islamscy rebelianci&#8230;<\/strong><\/p>\n<p style=\"text-align: left;\">\n<strong>Jego Eminencja Metropolita Efrem z Aleppo z Antioche\u0144skiego Ko\u015bcio\u0142a Ortodoksyjnego\u00a0<a href=\"https:\/\/orthochristian.com\/165115.html\" target=\"_blank\" rel=\"noopener noreferrer\">wyda\u0142 30 listopada o\u015bwiadczenie<\/a>, w kt\u00f3rym wezwa\u0142 swoich wiernych do trwania w pokoju i modlitwie, zapewniaj\u0105c, \u017ce pozostanie ze swoimi wiernymi do ko\u0144ca.<\/strong><\/p>\n<p style=\"text-align: left;\">\n<strong>Metropolita Ephraim zosta\u0142 intronizowany jako rz\u0105dz\u0105cy hierarcha Aleppo w\u00a0<a href=\"https:\/\/orthochristian.com\/143474.html\" target=\"_blank\" rel=\"noopener noreferrer\">grudniu 2021 r<\/a>. Jego poprzednik, Jego Eminencja Metropolita Boulos (Pawe\u0142), zosta\u0142 pojmany przez islamistycznych rebeliant\u00f3w w kwietniu 2013 r. i nigdy wi\u0119cej o nim nie s\u0142yszano.<\/strong><\/p>\n<p style=\"text-align: left;\">\n<strong>Ojciec Bassam Nasif, profesor na Balamand University i bliski wsp\u00f3\u0142pracownik Metropolity Ephraima, m\u00f3wi Orthodoxia News Agency, \u017ce sytuacja jest tragiczna dla Aleppo, a zw\u0142aszcza dla prawos\u0142awnych chrze\u015bcijan, kt\u00f3rzy wci\u0105\u017c tam s\u0105 i odmawiaj\u0105 opuszczenia tego obszaru, swoich dom\u00f3w i ko\u015bcio\u0142\u00f3w.<\/strong><\/p>\n<p style=\"text-align: left;\">\n<strong>Ka\u017cdej godziny, kt\u00f3ra mija, nie wiemy, co si\u0119 wydarzy i kto przetrwa t\u0119 pr\u00f3b\u0119. Wszyscy opu\u015bcili Aleppo, zar\u00f3wno Syryjczycy, jak i Ormianie \u2014 pozosta\u0142 tylko nasz metropolita Efraim z Aleppo i Aleksandretty, wraz z dwoma lub trzema ksi\u0119\u017cmi, kt\u00f3rzy s\u0105 z nim w Metropolii.<\/strong><\/p>\n<p style=\"text-align: left;\">\n<strong>Prosz\u0119, m\u00f3dlcie si\u0119 za nich, bo nie wiemy, czy ich jeszcze zobaczymy. Wszyscy pami\u0119tamy, \u017ce 11 lat temu metropolita Aleppo Pawe\u0142, jego poprzednik (brat obecnego patriarchy Antiochii Jana) zosta\u0142 porwany przez islamist\u00f3w i od tamtej pory zagin\u0105\u0142. Obawiamy si\u0119, \u017ce to samo mo\u017ce si\u0119 sta\u0107 z obecnym metropolit\u0105.<\/strong><\/p>\n<p style=\"text-align: left;\">\n<strong>Aleppo jest obecnie pod okupacj\u0105. Wszyscy pracownicy municypalni, organizacji i us\u0142ug opu\u015bcili swoje stanowiska, a rebelianci zaj\u0119li ich stanowiska. Zdj\u0119li syryjsk\u0105 flag\u0119 z budynk\u00f3w publicznych i podnie\u015bli w\u0142asn\u0105\u201d.<\/strong><\/p>\n<\/blockquote>\n<p style=\"text-align: left;\"><span style=\"color: #000080;\">Wed\u0142ug doniesie\u0144 z Syrii d\u017cihady\u015bci zacz\u0119li zn\u0119ca\u0107 si\u0119 nad chrze\u015bcijanami w miastach i wioskach w chwili, gdy przej\u0119li w\u0142adz\u0119. Konto X \u201eGreco-Levantines Worldwide\u201d\u00a0<a style=\"color: #000080;\" href=\"https:\/\/x.com\/GrecoLevantines\/status\/1866583755999285735\" target=\"_blank\" rel=\"noopener noreferrer\">poda\u0142o<\/a>\u00a010 grudnia:<\/span><\/p>\n<blockquote><p><strong>\u201eOjciec Michel Nouman, jeden z najbardziej znanych ksi\u0119\u017cy w Homs, podzieli\u0142 si\u0119 niepokoj\u0105cym incydentem na Facebooku. Opowiedzia\u0142, jak grupa muzu\u0142man\u00f3w zaatakowa\u0142a chrze\u015bcija\u0144skich rolnik\u00f3w w chrze\u015bcija\u0144skiej wiosce. Chrze\u015bcijanie byli maltretowani, bici i oskar\u017cani o to, \u017ce s\u0105 niewiernymi [kafirami]. To jest to, z czym mierzymy si\u0119 teraz jako chrze\u015bcijanie w Syrii\u201d.<\/strong><\/p><\/blockquote>\n<p><span style=\"color: #000080;\">To samo konto\u00a0<a style=\"color: #000080;\" href=\"https:\/\/x.com\/GrecoLevantines\/status\/1866849067545788587\" target=\"_blank\" rel=\"noopener noreferrer\">poda\u0142o<\/a>\u00a011 grudnia:<\/span><\/p>\n<blockquote><p><strong>\u201eFrakcje HTS zbezcze\u015bci\u0142y grecki ko\u015bci\u00f3\u0142 prawos\u0142awny Hagia Sophia w Al-Sukajlabija, na wsi w prowincji Hama, dewastuj\u0105c i niszcz\u0105c jego zawarto\u015b\u0107, jak pokazano na filmie\u201d.<\/strong><\/p><\/blockquote>\n<p style=\"text-align: left;\"><span style=\"color: #000080;\">Je\u015bli nie dojdzie do mi\u0119dzynarodowej interwencji dyplomatycznej w celu ochrony chrze\u015bcijan, zobaczymy powt\u00f3rk\u0119 tego, jak traktowali ich islamscy d\u017cihady\u015bci, gdy przejmowali kontrol\u0119 nad syryjskimi miastami i wioskami na pocz\u0105tku wojny domowej w 2011 r. Na kontrolowanych przez d\u017cihadyst\u00f3w terytoriach w Syrii, jak\u00a0<a style=\"color: #000080;\" href=\"https:\/\/www.opendoors.org.au\/wp-content\/uploads\/2024\/01\/Full-Country-Dossier-Syria-2024.pdf\" target=\"_blank\" rel=\"noopener noreferrer\">napisano<\/a>\u00a0w raporcie Open Doors ze stycznia 2024 r.:<\/span><\/p>\n<blockquote><p><strong>\u201eZe wzgl\u0119du na swoj\u0105 widoczno\u015b\u0107 publiczn\u0105 przyw\u00f3dcy historycznych wsp\u00f3lnot ko\u015bcielnych s\u0105 szczeg\u00f3lnie nara\u017ceni na ataki lub porwania na obszarach, na kt\u00f3rych dzia\u0142aj\u0105 islamscy bojownicy&#8230; Na obszarach kontrolowanych przez radykalne grupy islamskie wi\u0119kszo\u015b\u0107 budynk\u00f3w ko\u015bcielnych nale\u017c\u0105cych do historycznych wsp\u00f3lnot ko\u015bcielnych zosta\u0142a zburzona lub wykorzystana jako centra islamskie. Publiczne wyra\u017canie wiary chrze\u015bcija\u0144skiej jest zabronione, a budynk\u00f3w ko\u015bcielnych lub klasztor\u00f3w nie mo\u017cna naprawia\u0107 ani odnawia\u0107, niezale\u017cnie od tego, czy szkody by\u0142y uboczne czy celowe.<\/strong><\/p>\n<p><strong>Strach w\u015br\u00f3d chrze\u015bcijan utrzymuje si\u0119 na wysokim poziomie od kilku lat, szczeg\u00f3lnie z powodu gr\u00f3\u017ab, zastraszania i porwa\u0144 dokonywanych przez radykalne grupy islamskie, takie jak powi\u0105zane z Al-Kaid\u0105 Hajat Tahrir al Szam (HTS), Brygada Ansar i bataliony Al-Farouk. Szczeg\u00f3lnie na p\u00f3\u0142nocnym wschodzie szereg czynnik\u00f3w (w po\u0142\u0105czeniu z tureck\u0105 inwazj\u0105 na p\u00f3\u0142nocn\u0105 Syri\u0119) zada\u0142o cios spo\u0142eczno\u015bciom chrze\u015bcijan w Deir ez Zaur, Al-Hasakah i Kamiszli, a tak\u017ce w przewa\u017cnie chrze\u015bcija\u0144skich wioskach na granicy z Turcj\u0105: na przyk\u0142ad reaktywacja u\u015bpionych kom\u00f3rek ISIS, zamachy bombowe na ko\u015bcio\u0142y, zab\u00f3jstwo ormia\u0144skiego ksi\u0119dza wraz z jego ojcem w listopadzie 2019 r. oraz atak na wi\u0119zienie w Hasace w 2022 r., z kt\u00f3rego wydosta\u0142o si\u0119 kilkunastu boj\u00f3wkarzy IS. Eskalacja tureckiej agresji i mo\u017cliwo\u015b\u0107 szeroko zakrojonej inwazji na obszary przygraniczne sprawiaj\u0105, \u017ce spo\u0142eczno\u015bci chrze\u015bcija\u0144skie czuj\u0105 si\u0119 niezwykle zagro\u017cone, poniewa\u017c obszary te s\u0105 kontrolowane przez radykalne islamskie milicje i w\u0142adze tureckie&#8230;<\/strong><\/p>\n<p><strong>Surowe prawo islamskie narzucone przez boj\u00f3wkarzy w [okupowanym przez Turcj\u0119 mie\u015bcie] Afrin utrudnia powr\u00f3t chrze\u015bcijan, podczas gdy przyspieszony powr\u00f3t uchod\u017ac\u00f3w i os\u00f3b wewn\u0119trznie przesiedlonych z Libanu mo\u017ce zmusi\u0107 chrze\u015bcijan do powrotu na obszary znajduj\u0105ce si\u0119 pod kontrol\u0105 boj\u00f3wkarzy islamskich, gdzie s\u0105 nara\u017ceni na niebezpiecze\u0144stwo&#8230;<\/strong><\/p>\n<p><strong>M\u0119\u017cczy\u017ani w szczeg\u00f3lno\u015bci s\u0105 nara\u017ceni na porwanie i zab\u00f3jstwo, zw\u0142aszcza je\u015bli zajmuj\u0105 stanowisko przyw\u00f3dcze w ko\u015bciele. Kobiety r\u00f3wnie\u017c ryzykuj\u0105 porwanie, a tak\u017ce gro\u017ab\u0119 molestowania seksualnego i gwa\u0142tu\u201d.<\/strong><\/p><\/blockquote>\n<p><span style=\"color: #000080;\">Ci\u0119\u017ckie prze\u015bladowania chrze\u015bcijan w Syrii\u00a0<a style=\"color: #000080;\" href=\"https:\/\/www.asianews.it\/news-en\/A-decade-of-war-and-sanctions-have-led-to-the-collapse-of-Syria%E2%80%99s-Christian-population-53854.html\" target=\"_blank\" rel=\"noopener noreferrer\">doprowadzi\u0142y<\/a>\u00a0do za\u0142amania populacji tej spo\u0142eczno\u015bci. Oko\u0142o dw\u00f3ch trzecich populacji chrze\u015bcija\u0144skiej Syrii uciek\u0142o z kraju od pocz\u0105tku brutalnej wojny domowej w 2011 r.<\/span><\/p>\n<p><span style=\"color: #000080;\">W 2014 r. Pa\u0144stwo Islamskie (ISIS) ustanowi\u0142o kalifat obejmuj\u0105cy du\u017ce cz\u0119\u015bci Syrii i Iraku, a tak\u017ce wdro\u017cono surow\u0105 wersj\u0119 prawa szariatu. Kalifat ISIS zosta\u0142 ostatecznie wyeliminowany w wyniku interwencji Zachodu i Rosji w 2019 r. W okresie ISIS chrze\u015bcijanie w Syrii byli dotkliwie prze\u015bladowani, a tak\u017ce\u00a0<a style=\"color: #000080;\" href=\"https:\/\/www.avemarialaw.edu\/the-persecution-and-genocide-of-christians-in-the-middle-east\/\" target=\"_blank\" rel=\"noopener noreferrer\">masakrowani<\/a>, co doprowadzi\u0142o do masowego exodusu spo\u0142eczno\u015bci z kraju.<\/span><\/p>\n<p><span style=\"color: #000080;\">Od tego czasu tureckie kampanie wojskowe doprowadzi\u0142y do okupacji du\u017cych po\u0142aci terytorium Syrii przez wspierane przez Turcj\u0119 si\u0142y d\u017cihadystyczne, takie jak HTS. Niekt\u00f3re z tureckich kampanii wojskowych wymierzonych w Kurd\u00f3w w Syrii obejmuj\u0105:<\/span><\/p>\n<ul>\n<li><strong>Od sierpnia 2016 r. do marca 2017 r. wojska tureckie i wspierana przez Turcj\u0119 islamistyczna \u201eWolna Armia Syrii\u201d (FSA) opanowa\u0142y region mi\u0119dzy dystryktami Afrin i Manbid\u017c, wypieraj\u0105c sprzymierzone z USA kurdyjskie milicje na wsch\u00f3d od rzeki Eufrat w ramach tureckiej \u201e<a href=\"https:\/\/www.reuters.com\/article\/world\/turkey-ends-shield-military-operation-in-syria-pm-says-idUSKBN17030O\/\" target=\"_blank\" rel=\"noopener noreferrer\">Operacji Tarcza Eufratu<\/a>\u201d.<\/strong><\/li>\n<li><strong>W 2017 roku d\u017cihady\u015bci z HTS przej\u0119li kontrol\u0119 nad miastem Idlib, kt\u00f3re od tego czasu\u00a0<a href=\"https:\/\/www.opendoors.org.au\/wp-content\/uploads\/2024\/01\/Full-Country-Dossier-Syria-2024.pdf\" target=\"_blank\" rel=\"noopener noreferrer\">okupuj\u0105 i eksploatuj\u0105<\/a>\u00a0wsp\u00f3lnie z si\u0142ami tureckimi.<\/strong><\/li>\n<li><strong>W 2018 roku Turcja przeprowadzi\u0142a kolejn\u0105 inwazj\u0119 militarn\u0105 na Syri\u0119, kt\u00f3r\u0105 nazwa\u0142a \u201e<a href=\"https:\/\/www.france24.com\/en\/20180121-turkey-secure-zone-syria-pm-usa-erdogan\" target=\"_blank\" rel=\"noopener noreferrer\">Operacj\u0105 Ga\u0142\u0105zka Oliwna<\/a>\u201d. Oko\u0142o 25 tysi\u0119cy boj\u00f3wkarzy FSA do\u0142\u0105czy\u0142o do si\u0142 tureckich, aby zdoby\u0107 miasta i wsie kontrolowane przez Kurd\u00f3w, zajmuj\u0105c region Afrin w p\u00f3\u0142nocno-zachodniej Syrii.<\/strong><\/li>\n<li><strong>Przez ca\u0142y 2019 rok walki w Syrii nasili\u0142y si\u0119. Podczas tureckiej kampanii wojskowej \u201eOperacja Wiosna Pokoju\u201d, Turcja i jej d\u017cihadystyczni sojusznicy\u00a0<a href=\"https:\/\/www.dailymail.co.uk\/news\/article-7554451\/Syria-says-determined-willing-confront-Turkish-assault-ahead-imminent-invasion.html\" target=\"_blank\" rel=\"noopener noreferrer\">dokonali inwazji<\/a>\u00a0na p\u00f3\u0142nocn\u0105 Syri\u0119, stworzyli tzw. \u201estref\u0119 bezpiecze\u0144stwa\u201d wzd\u0142u\u017c granicy syryjsko-tureckiej, gdzie\u00a0<a href=\"https:\/\/www.opendoors.org.au\/wp-content\/uploads\/2024\/01\/Full-Country-Dossier-Syria-2024.pdf\" target=\"_blank\" rel=\"noopener noreferrer\">u\u017cywaj\u0105<\/a>\u00a0boj\u00f3wkarzy islamskich do kontrolowania teren\u00f3w zamieszkanych g\u0142\u00f3wnie przez Kurd\u00f3w i chrze\u015bcijan.<\/strong><\/li>\n<li><strong>W 2020 roku Turcja\u00a0<a href=\"https:\/\/www.rudaw.net\/english\/middleeast\/syria\/020320201\" target=\"_blank\" rel=\"noopener noreferrer\">rozpocz\u0119\u0142a<\/a>\u00a0operacj\u0119 \u201eTarcza Wiosenna\u201d, aby odeprze\u0107 ofensyw\u0119 rz\u0105du syryjskiego w Idlibie.<\/strong><\/li>\n<\/ul>\n<p><span style=\"color: #000080;\">Wed\u0142ug wielu doniesie\u0144 d\u017cihady\u015bci sprzymierzeni z Turcj\u0105 obrali sobie za cel mniejszo\u015bci religijne i etniczne, w tym chrze\u015bcijan, w regionie p\u00f3\u0142nocnym i wzd\u0142u\u017c granicy. W czerwcu\u00a0<a style=\"color: #000080;\" href=\"https:\/\/www.uscirf.gov\/events\/uscirf-virtual-hearing-safeguarding-religious-freedom-northeast-syria\" target=\"_blank\" rel=\"noopener noreferrer\">2020 r. podczas przes\u0142uchania USCIRF<\/a>\u00a0zatytu\u0142owanego \u201eOchrona wolno\u015bci religijnej w p\u00f3\u0142nocno-wschodniej Syrii\u201d\u00a0<a style=\"color: #000080;\" href=\"https:\/\/www.opendoors.org.au\/wp-content\/uploads\/2024\/01\/Full-Country-Dossier-Syria-2024.pdf\" target=\"_blank\" rel=\"noopener noreferrer\">odnotowano<\/a>:<\/span><\/p>\n<blockquote><p><strong>\u201eTureckie si\u0142y zbrojne atakowa\u0142y, mordowa\u0142y, porywa\u0142y, gwa\u0142ci\u0142y i zatrzymywa\u0142y Kurd\u00f3w oraz inne mniejszo\u015bci etniczne i religijne, w tym chrze\u015bcijan i Jazyd\u00f3w, i niszczy\u0142y ich miejsca kultu. Przesiedla\u0142y r\u00f3wnie\u017c wewn\u0119trznie przesiedlonych Syryjczyk\u00f3w (IDP) \u2013 g\u0142\u00f3wnie sunnickich Arab\u00f3w \u2013 z innych cz\u0119\u015bci Syrii do dom\u00f3w uchod\u017ac\u00f3w mniejszo\u015bciowych na p\u00f3\u0142nocy. Spowodowa\u0142o to znaczn\u0105 zmian\u0119 demograficzn\u0105, kt\u00f3ra uniemo\u017cliwi chrze\u015bcijanom i innym mniejszo\u015bciom powr\u00f3t do ich wiosek. Wed\u0142ug doniesie\u0144, w Afrin wojska wspierane przez Turcj\u0119 atakuj\u0105 kurdyjskich chrze\u015bcijan\u201d.<\/strong><\/p><\/blockquote>\n<p><span style=\"color: #000080;\">Setki tysi\u0119cy chrze\u015bcijan zosta\u0142o\u00a0<a style=\"color: #000080;\" href=\"https:\/\/orthochristian.com\/165336.html\" target=\"_blank\" rel=\"noopener noreferrer\">przesiedlonych<\/a>\u00a0podczas 13-letniej wojny domowej w Syrii, a ci, kt\u00f3rzy pozostaj\u0105 w swoich domach pod rz\u0105dami d\u017cihadyst\u00f3w, s\u0105 cz\u0119sto prze\u015bladowani, n\u0119kani lub zabijani.\u00a0<a style=\"color: #000080;\" href=\"https:\/\/www.opendoors.org.au\/wp-content\/uploads\/2024\/01\/Full-Country-Dossier-Syria-2024.pdf\" target=\"_blank\" rel=\"noopener noreferrer\">Open Doors<\/a>:<\/span><\/p>\n<blockquote><p><strong>\u201eWed\u0142ug \u017ar\u00f3de\u0142 krajowych chrze\u015bcijanie na obszarze okupowanym przez tureckie si\u0142y zbrojne uwa\u017caj\u0105, \u017ce nie ma przysz\u0142o\u015bci dla spo\u0142eczno\u015bci chrze\u015bcija\u0144skich z powodu agresji tureckiej, a tak\u017ce wp\u0142ywu milicji szyickich. Przyk\u0142ady obejmuj\u0105 odci\u0119cia wody i sta\u0142e bombardowania przez Turcj\u0119 i jej pe\u0142nomocnik\u00f3w na obszarach o znacznej populacji chrze\u015bcija\u0144skiej, np. Al Hasakah i Dolina Chabour, mi\u0119dzy innymi.<\/strong><\/p>\n<p><strong>Brak wody i niehigieniczne warunki doprowadzi\u0142y do wybuch\u00f3w czerwonki, duru brzusznego i innych chor\u00f3b zaka\u017anych. Tymczasem islamscy sojusznicy Turcji zbudowali tamy na obszarach pod ich kontrol\u0105, co jeszcze bardziej ograniczy\u0142o przep\u0142yw wody z Eufratu. W rezultacie miliony ludzi s\u0105 zagro\u017cone egzystencjalnie przez susz\u0119, kt\u00f3ra powa\u017cnie wp\u0142ywa na produkcj\u0119 roln\u0105, zaopatrzenie w wod\u0119 pitn\u0105 i zdrowie ludno\u015bci. Te wydarzenia i rola milicji szyickich (w tym porwania) nadal negatywnie wp\u0142ywaj\u0105 na spo\u0142eczno\u015b\u0107 chrze\u015bcija\u0144sk\u0105 i prowadz\u0105 do zmian demograficznych w chrze\u015bcija\u0144skich wioskach i dzielnicach&#8230;<\/strong><\/p>\n<p><strong>Turecka inwazja na p\u00f3\u0142nocno-wschodni\u0105 Syri\u0119 wzbudzi\u0142a obawy w\u015br\u00f3d przyw\u00f3dc\u00f3w chrze\u015bcija\u0144skich, poniewa\u017c si\u0142y Turcji i ich sojusznicy realizuj\u0105 islamistyczne plany wrogie spo\u0142eczno\u015bciom niesunnickim. Kradzie\u017c ziemi, przesuni\u0119cia populacji i rozprzestrzenianie si\u0119 radykalnych idei islamskich stanowi\u0105 powa\u017cne wyzwanie dla chrze\u015bcijan, podczas gdy ira\u0144skie milicje aktywnie rekrutuj\u0105 i rozprzestrzeniaj\u0105 ideologi\u0119 szyick\u0105. Wed\u0142ug chrze\u015bcijan w kraju nast\u0105pi\u0142 wzrost liczby radykalnych islamskich madras, co doprowadzi\u0142o do szerszego rozprzestrzeniania si\u0119 radykalnych idei islamskich i dyskryminacji mniejszo\u015bci religijnych. Obecno\u015b\u0107 uzbrojonych grup najemnik\u00f3w i rosn\u0105ce si\u0142y zbrojne Iranu i Turcji zaostrzy\u0142y napi\u0119cia i zwi\u0119kszy\u0142y ryzyko atak\u00f3w na chrze\u015bcijan. Przysz\u0142o\u015b\u0107 pozostaje niepewna i istniej\u0105 obawy dotycz\u0105ce mo\u017cliwo\u015bci dalszych prze\u015bladowa\u0144 i dalszego spadku populacji chrze\u015bcija\u0144skiej w Syrii\u201d.<\/strong><\/p><\/blockquote>\n<p><span style=\"color: #000080;\">Syryjscy chrze\u015bcijanie s\u0105 dzi\u015b prze\u015bladowan\u0105 mniejszo\u015bci\u0105, ale Ko\u015bci\u00f3\u0142\u00a0<a style=\"color: #000080;\" href=\"https:\/\/www.opendoors.org.au\/wp-content\/uploads\/2024\/01\/Full-Country-Dossier-Syria-2024.pdf\" target=\"_blank\" rel=\"noopener noreferrer\">jest obecny<\/a>\u00a0w Syrii od czas\u00f3w Nowego Testamentu, gdzie jest wspomniane nawr\u00f3cenie Saula\/Paw\u0142a na drodze do Damaszku (patrz rozdzia\u0142 9 Dziej\u00f3w Apostolskich). Nowy Testament potwierdza, \u017ce syryjskie miasta Damaszek i Antiochia mia\u0142y wsp\u00f3lnoty chrze\u015bcija\u0144skie. Wiara chrze\u015bcija\u0144ska rozprzestrzenia\u0142a si\u0119 szybko, a na Soborze Nicejskim w 325 r. n.e. obecnych by\u0142o 22 biskup\u00f3w syryjskich.<\/span><\/p>\n<p><span style=\"color: #000080;\">W VII wieku n.e., kiedy islam najecha\u0142 i zdoby\u0142 Syri\u0119, chrze\u015bcija\u0144stwo by\u0142o\u00a0<a style=\"color: #000080;\" href=\"https:\/\/www.opendoors.org.au\/wp-content\/uploads\/2024\/01\/Full-Country-Dossier-Syria-2024.pdf\" target=\"_blank\" rel=\"noopener noreferrer\">religi\u0105 dominuj\u0105c\u0105<\/a>\u00a0w Syrii. Kalif Omar odwo\u0142a\u0142 chrze\u015bcija\u0144skich urz\u0119dnik\u00f3w, a jego nast\u0119pca zobowi\u0105za\u0142 wszystkich chrze\u015bcijan do noszenia charakterystycznych ubra\u0144. W IX wieku islam zyskiwa\u0142 przewag\u0119, wiele ko\u015bcio\u0142\u00f3w zamieniono w meczety, a oko\u0142o 900 r. n.e. po\u0142owa ludno\u015bci Syrii by\u0142a muzu\u0142manami. W 1124 r. przekszta\u0142cono katedr\u0119 w Aleppo w meczet. Przez wieki ko\u015bci\u00f3\u0142 chrze\u015bcija\u0144ski w Syrii doznawa\u0142, i nadal doznaje dyskryminacji, nietolerancji oraz atak\u00f3w.<\/span><\/p>\n<p><span style=\"color: #000080;\">Syria zajmuje r\u00f3wnie\u017c wa\u017cne miejsce w historii Grecji, si\u0119gaj\u0105c czas\u00f3w podboj\u00f3w Aleksandra Wielkiego w IV wieku p.n.e. Zdecydowana wi\u0119kszo\u015b\u0107 chrze\u015bcijan w Syrii ma greckie pochodzenie. \u201eThe Greco-Syrian Nation\u201d, platforma cyfrowa, kt\u00f3ra s\u0142u\u017cy jako internetowy g\u0142os syryjsko-greckich chrze\u015bcijan,\u00a0<a style=\"color: #000080;\" href=\"https:\/\/x.com\/GrecoNation\/status\/1866203634314117523\" target=\"_blank\" rel=\"noopener noreferrer\">opublikowa\u0142a<\/a>\u00a0komunikat prasowy zatytu\u0142owany \u201ePost-Baasistowska Syria | Co zrobimy teraz?\u201d. Napisali w nim:<\/span><\/p>\n<blockquote>\n<p style=\"text-align: left;\"><strong>\u201eChrze\u015bcijanie wyznania [greko] prawos\u0142awnego i melchiccy katoliccy chrze\u015bcijanie z Syrii stanowi\u0105 odr\u0119bn\u0105 grup\u0119 etniczn\u0105 o bogatym dziedzictwie kulturowym, kt\u00f3ra zas\u0142uguje na uznanie i reprezentacj\u0119 w ka\u017cdym przysz\u0142ym krajobrazie politycznym naszego ukochanego Lewantu&#8230;<\/strong><\/p>\n<p style=\"text-align: left;\">\n<strong>Mamy nadziej\u0119, \u017ce Syria po Baas b\u0119dzie \u015bwiecka i demokratyczna, b\u0119dzie pa\u0144stwem, kt\u00f3re obejmuje r\u00f3\u017cnorodno\u015b\u0107 swoich ludzi i uznaje pluralizm etniczny i religijny. Dlatego b\u0119dziemy nadal or\u0119dowa\u0107 za prawem syryjskiego chrze\u015bcija\u0144stwa i ca\u0142ego lewanty\u0144skiego chrze\u015bcija\u0144stwa do dalszego istnienia na ziemiach naszych przodk\u00f3w i d\u0105\u017cy\u0107 do uznania naszej etnicznej greckiej to\u017csamo\u015bci, a tak\u017ce naszego prawa do o\u017cywienia naszego greckiego j\u0119zyka przodk\u00f3w w ca\u0142ym Lewancie\u201d.<\/strong><\/p>\n<\/blockquote>\n<p style=\"text-align: left;\"><span style=\"color: #000080;\">Hadeel Oueis, redaktor naczelny \u201eJusoor News\u201d i syryjsko-ameryka\u0144ski chrze\u015bcijanin, powiedzia\u0142 Gatestone:<\/span><\/p>\n<blockquote><p><strong>\u201eChrze\u015bcijanie w Syrii ostro\u017cnie przewiduj\u0105 nieznan\u0105 przysz\u0142o\u015b\u0107 po\u015br\u00f3d chaosu i nienawi\u015bci pozostawionej przez re\u017cim Assada. Wstrz\u0105saj\u0105ce ujawnienia zbrodni pope\u0142nionych na dziesi\u0105tkach tysi\u0119cy cywilnych wi\u0119\u017ani\u00f3w pozostawi\u0142y ca\u0142\u0105 populacj\u0119 Syrii, w tym chrze\u015bcijan, w rozpaczy. Jednak ich najwi\u0119kszym zmartwieniem pozostaje to, czy nowy rz\u0105d ochroni ich wolno\u015bci kulturowe, spo\u0142eczne i religijne. W tym krytycznym momencie chrze\u015bcijanie w Syrii potrzebuj\u0105 dyplomatycznego i politycznego wsparcia ze strony Europy, aby mie\u0107 pewno\u015b\u0107, \u017ce b\u0119d\u0105 mie\u0107 miejsce przy stole w kszta\u0142towaniu przysz\u0142o\u015bci Syrii, a tak\u017ce autonomii i uznania, aby chroni\u0107 swoj\u0105 wyj\u0105tkow\u0105 to\u017csamo\u015b\u0107\u201d.<\/strong><\/p><\/blockquote>\n<p style=\"text-align: left;\"><span style=\"color: #000080;\">Istnienie tej licz\u0105cej tysi\u0105ce lat spo\u0142eczno\u015bci chrze\u015bcija\u0144skiej w Syrii mo\u017ce si\u0119 zako\u0144czy\u0107 z powodu trwaj\u0105cego przej\u0119cia kraju przez d\u017cihadyst\u00f3w. Syryjscy chrze\u015bcijanie potrzebuj\u0105 natychmiastowego mi\u0119dzynarodowego wsparcia, aby chroni\u0107 si\u0119 przed islamskimi terrorystami. Eiad Herera, rzecznik Antiochian Greek Organization \u201eAGO\u201d, powiedzia\u0142 Gatestone:<\/span><\/p>\n<blockquote><p><strong>\u201eChrze\u015bcijanie w Syrii, w tym momencie, chc\u0105 r\u00f3wno\u015bci i nie chc\u0105 by\u0107 traktowani jak obywatele drugiej kategorii. Dlatego idealn\u0105 wizj\u0105 budowy pa\u0144stwa jest wyra\u017ana deklaracja i d\u0105\u017cenie do pa\u0144stwa obywatelskiego, demokratycznego i \u015bwieckiego.<\/strong><\/p>\n<p><strong>Rola Organizacji Narod\u00f3w Zjednoczonych i g\u0142\u00f3wnych mocarstw jest kluczowa i zasadnicza w zapewnieniu ustanowienia tego pa\u0144stwa, kt\u00f3re musi z natury chroni\u0107 wszystkich obywateli i mniejszo\u015bci.<\/strong><\/p>\n<p><strong>W tym momencie niepowodzenie w zbudowaniu takiego pa\u0144stwa oznacza, \u017ce region i \u015bwiat stan\u0105 w obliczu powa\u017cnych wyzwa\u0144 bezpiecze\u0144stwa, wraz ze wzrastaj\u0105cym zagro\u017ceniem dla statusu i istnienia mniejszo\u015bci, szczeg\u00f3lnie chrze\u015bcijan, kt\u00f3rzy \u017cyj\u0105 w ci\u0105g\u0142ym i g\u0142\u0119bokim niepokoju\u201d.<\/strong><\/p><\/blockquote>\n<p><span style=\"color: #000080;\">Zar\u00f3wno prezydent-elekt Donald J.\u00a0<a style=\"color: #000080;\" href=\"https:\/\/x.com\/realDonaldTrump\/status\/1865434273953509462\" target=\"_blank\" rel=\"noopener noreferrer\">Trump<\/a>, jak i wiceprezydent-elekt JD\u00a0<a style=\"color: #000080;\" href=\"https:\/\/x.com\/JDVance\/status\/1865761239802036283\" target=\"_blank\" rel=\"noopener noreferrer\">Vance<\/a>\u00a0niedawno napisali w odniesieniu do Syrii: \u201eTo nie jest nasza walka\u201d. Jednak aby zapobiec dalszym nadu\u017cyciom, masakrom lub przymusowym przesiedleniom chrze\u015bcijan i Kurd\u00f3w oraz powstrzyma\u0107 rozprzestrzenianie si\u0119 d\u017cihadyzmu w regionie, Stany Zjednoczone powinny zaanga\u017cowa\u0107 si\u0119 w ochron\u0119 Kurd\u00f3w i chrze\u015bcijan oraz upewni\u0107 si\u0119, \u017ce Syria nie stanie si\u0119 \u201eAfganistanem\u201d Turcji.<\/span><\/p>\n<p><span style=\"color: #000080;\">Prezydent Turcji Recep Tayyip Erdogan i Al-D\u017colani sk\u0142adaj\u0105 teraz wszelkiego rodzaju obietnice dotycz\u0105ce praw cz\u0142owieka, o kt\u00f3rych wiedz\u0105, \u017ce Zach\u00f3d je lubi \u2013 tak samo jak czyni\u0142 to ajatollah Ruhollah Chomeini przed przej\u0119ciem w\u0142adzy w Iranie, i jak czynili to talibowie, zanim szybko zniweczyli 20 lat post\u0119pu USA w sprawie praw cz\u0142owieka w Afganistanie.<\/span><\/p>\n<p><span style=\"color: #000080;\">Tak jak Iran jest szyick\u0105 \u201eg\u0142ow\u0105 o\u015bmiornicy\u201d, kt\u00f3rej macki sk\u0142adaj\u0105 si\u0119 z Hamasu, Hezbollahu, Huti i innych r\u00f3\u017cnych milicji, tak Erdogan jest sunnick\u0105 \u201eg\u0142ow\u0105 o\u015bmiornicy\u201d w Syrii. Podczas gdy wszyscy s\u0105 zaj\u0119ci gapieniem si\u0119 na rywalizuj\u0105ce grupy terrorystyczne w Syrii, kluczowe jest, aby nie zapomnie\u0107 ani na chwil\u0119 o kraju, kt\u00f3ry ich wspiera: Turcji.<\/span><\/p>\n<p><span style=\"color: #000080;\">Marzeniem Erdogana zawsze by\u0142o \u201e<a style=\"color: #000080;\" href=\"https:\/\/www.ynetnews.com\/articles\/0,7340,L-4663579,00.html\" target=\"_blank\" rel=\"noopener noreferrer\">wyzwolenie Jerozolimy<\/a>\u201d:<\/span><\/p>\n<blockquote><p><strong>\u201ePodb\u00f3j to Mekka, podb\u00f3j to Saladyn, to ponowne podniesienie islamskiej flagi nad Jerozolim\u0105; podb\u00f3j to dziedzictwo Mehmeda II, a podb\u00f3j oznacza postawienie Turcji z powrotem na nogi\u201d.<\/strong><\/p><\/blockquote>\n<p><span style=\"color: #000080;\">D\u017cihadystyczna Syria to prosta i wygodna droga do spe\u0142nienia wieloletniego marzenia Erdogana.<\/span><\/p>\n<hr \/>\n<\/div>\n<p style=\"text-align: left;\"><span style=\"color: #808080;\"><em><strong>Uzay Bulut<\/strong> \u2013 turecka dziennikarka mieszkaj\u0105ca od wielu lat na Zachodzie.<\/em><\/span><\/p>\n<hr style=\"height: 15px; background: #d0e6fa; width: 100%;\" \/>\n<div id=\"content\" class=\"content-alignment\">\n<div id=\"watch-description\" class=\"yt-uix-button-panel\">\n<div id=\"watch-description-text\" style=\"text-align: center;\">\n<p><em>Zawarto\u015b\u0107 publikowanych artyku\u0142\u00f3w i materia\u0142\u00f3w nie reprezentuje pogl\u0105d\u00f3w ani opinii Reunion&#8217;68,<\/em><em><br \/>\nani te\u017c webmastera Blogu Reunion&#8217;68, chyba ze jest to wyra\u017anie zaznaczone.<br \/>\nTwoje uwagi, linki, w\u0142asne artyku\u0142y lub wiadomo\u015bci prze\u015blij na adres:<br \/>\n<\/em><span style=\"color: #000080;\"><strong><em><a style=\"color: #000080;\" href=\"mailto:webmaster@reunion68.com\"><span style=\"text-decoration: underline;\">webmaster@reunion68.com<\/span><\/a><\/em><\/strong><\/span><\/p>\n<\/div>\n<\/div>\n<\/div>\n<hr style=\"width: 100%;\" \/>\n","protected":false},"excerpt":{"rendered":"<p>W dzisiejszej Syrii oko\u0142o p\u00f3\u0142 miliona chrze\u015bcijan i 2,5 miliona Kurd\u00f3w stoi w obliczu prze\u015bladowa\u0144 i zn\u0119cania si\u0119 przez d\u017cihadystycznych terroryst\u00f3w. Na zdj\u0119ciu: widok greckokatolickiego ko\u015bcio\u0142a \u015bw. Jerzego w Aleppo w Syrii (Credit: Abdul Kareem Daniel) Syryjscy d\u017cihady\u015bci z Turcji przejmuj\u0105 Syri\u0119: Kurdowie i p\u00f3\u0142 miliona chrze\u015bcijan s\u0105 straszliwie zagro\u017ceni Uzay Bulut T\u0142umaczenie: Ma\u0142gorzata Koraszewska [&hellip;]<\/p>\n","protected":false},"author":1,"featured_media":0,"comment_status":"closed","ping_status":"closed","sticky":false,"template":"","format":"standard","meta":[],"categories":[1],"tags":[26,24],"_links":{"self":[{"href":"https:\/\/www.reunion68.se\/index.php?rest_route=\/wp\/v2\/posts\/117897"}],"collection":[{"href":"https:\/\/www.reunion68.se\/index.php?rest_route=\/wp\/v2\/posts"}],"about":[{"href":"https:\/\/www.reunion68.se\/index.php?rest_route=\/wp\/v2\/types\/post"}],"author":[{"embeddable":true,"href":"https:\/\/www.reunion68.se\/index.php?rest_route=\/wp\/v2\/users\/1"}],"replies":[{"embeddable":true,"href":"https:\/\/www.reunion68.se\/index.php?rest_route=%2Fwp%2Fv2%2Fcomments&post=117897"}],"version-history":[{"count":6,"href":"https:\/\/www.reunion68.se\/index.php?rest_route=\/wp\/v2\/posts\/117897\/revisions"}],"predecessor-version":[{"id":117908,"href":"https:\/\/www.reunion68.se\/index.php?rest_route=\/wp\/v2\/posts\/117897\/revisions\/117908"}],"wp:attachment":[{"href":"https:\/\/www.reunion68.se\/index.php?rest_route=%2Fwp%2Fv2%2Fmedia&parent=117897"}],"wp:term":[{"taxonomy":"category","embeddable":true,"href":"https:\/\/www.reunion68.se\/index.php?rest_route=%2Fwp%2Fv2%2Fcategories&post=117897"},{"taxonomy":"post_tag","embeddable":true,"href":"https:\/\/www.reunion68.se\/index.php?rest_route=%2Fwp%2Fv2%2Ftags&post=117897"}],"curies":[{"name":"wp","href":"https:\/\/api.w.org\/{rel}","templated":true}]}}