{"id":117932,"date":"2024-12-22T17:09:42","date_gmt":"2024-12-22T15:09:42","guid":{"rendered":"http:\/\/www.reunion68.se\/?p=117932"},"modified":"2024-12-22T11:44:49","modified_gmt":"2024-12-22T09:44:49","slug":"23-09-103","status":"publish","type":"post","link":"https:\/\/www.reunion68.se\/?p=117932","title":{"rendered":"Ko\u015bci\u00f3\u0142, lewica, antysyjonistyczny antysemityzm"},"content":{"rendered":"<p style=\"text-align: center;\"><img decoding=\"async\" class=\"aligncenter\" src=\"https:\/\/pbs.twimg.com\/media\/GembNZyWEAAml5L?format=jpg&amp;name=900x900\" width=\"100%\" \/><span style=\"color: #808080;\"><em>Papie\u017c Franciszek i palesty\u0144ski do\u017cywotni prezydent Abbas. (\u0179r\u00f3d\u0142o: Media Watyka\u0144skie)<\/em><\/span><\/p>\n<hr \/>\n<h5 style=\"text-align: center;\"><a href=\"http:\/\/www.listyznaszegosadu.pl\/\" target=\"_blank\" rel=\"noopener noreferrer\"><img decoding=\"async\" class=\"center alignleft\" src=\"http:\/\/www.reunion68.com\/Biuletyn\/img\/z-naszego.jpg\" alt=\"\" width=\"50%\" \/><\/a><span style=\"text-decoration: underline; color: #000080;\"><strong><a style=\"color: #000080; text-decoration: underline;\" href=\"http:\/\/www.listyznaszegosadu.pl\/znasz-li-ten-kraj\/kosciall-lewica-antysyjonistyczny-antysemityzm\" target=\"_blank\" rel=\"noopener noreferrer\">Ko\u015bci\u00f3\u0142, lewica, antysyjonistyczny antysemityzm<\/a><\/strong><\/span><\/h5>\n<p style=\"text-align: center;\"><span style=\"color: #000000;\"><strong>Andrzej Koraszewski<\/strong><\/span><\/p>\n<hr style=\"height: 15px; background: #d0e6fa; width: 100%;\" \/>\n<div class=\"templateArticleIngress\">\n<p style=\"text-align: left;\"><span style=\"color: #000080;\">Katolicki kwartalnik \u201eWi\u0119\u017a\u201d\u00a0<a style=\"color: #000080;\" href=\"https:\/\/wiez.pl\/2024\/12\/17\/ucieczka-w-bezradnosc-o-niebezpiecznych-dywagacjach-w-obliczu-ludobojstwa-polemika\/\">opublikowa\u0142\u00a0<\/a>\u00a0artyku\u0142 Anny Kluczyk pod tytu\u0142em: \u201eUcieczka w bezradno\u015b\u0107. O niebezpiecznych dywagacjach w obliczu ludob\u00f3jstwa\u201d<\/span><\/p>\n<p style=\"text-align: left;\">\n<span style=\"color: #000080;\">Ju\u017c tytu\u0142 i pierwsze zdanie sk\u0142ania do zaniechania dalszej lektury: \u201eTo ostatni dzwonek na prawdziwe stani\u0119cie po stronie ofiar, na jednoznaczne, g\u0142o\u015bne stanowisko sprzeciwiaj\u0105ce si\u0119 agresji Izraela i eksterminacji narodu palesty\u0144skiego.\u201d<\/span><\/p>\n<\/div>\n<p style=\"text-align: left;\">\n<div class=\"templateArticleBrodtext\">\n<p style=\"text-align: left;\"><span style=\"color: #000080;\">W artykule nie ma s\u0142owa Iran, nie ma Hezbollahu, nie ma Bractwa Muzu\u0142ma\u0144skiego, nie ma 26 tysi\u0119cy rakiet wystrzelonych w ci\u0105gu roku na Izrael, nie ma d\u0142ugiej historii dziesi\u0105tk\u00f3w tysi\u0119cy rakiet z Gazy przed tym ostatnim konfliktem, nie ma r\u00f3wnie\u017c palesty\u0144skich rakiet spadaj\u0105cych na palesty\u0144sk\u0105 ludno\u015b\u0107, rzecz jasna, nie ma tu definicji ludob\u00f3jstwa polskiego prawnika Rafa\u0142a Lemkina, kt\u00f3ra sta\u0142a si\u0119 podstaw\u0105 konwencji o ludob\u00f3jstwie. Jest natomiast krytyka publikowanego wcze\u015bniej na tych samych \u0142amach tekstu Stanis\u0142awa Krajewskiego:<\/span><\/p>\n<blockquote>\n<p style=\"text-align: left;\"><a href=\"https:\/\/wiez.pl\/2024\/10\/07\/rok-po-7-pazdziernika\/\"><strong>\u201eRok po 7 pa\u017adziernika\u201d<\/strong><\/a><strong>. Ten ostatni w wielu miejscach g\u0142osi hipotezy\u00a0<a href=\"https:\/\/www.youtube.com\/watch?v=NlBtJhI1fIw&amp;ab_channel=MiddleEastEye\" target=\"_blank\" rel=\"noopener noreferrer\">niepoparte dowodami<\/a>\u00a0(np. sugeruje wy\u017csz\u0105 ni\u017c ostatecznie potwierdzon\u0105 liczb\u0119 ofiar z 7 pa\u017adziernika 2023 r.; spekuluje, \u017ce ofiar cywilnych w Strefie Gazy mo\u017ce by\u0107 \u201emniej wi\u0119cej tyle, co wojskowych\u201d; twierdzi, \u017ce \u201ewewn\u0105trz lub obok mieszka\u0144, szpitali, szk\u00f3\u0142 i meczet\u00f3w s\u0105 sk\u0142ady broni, wyrzutnie rakiet, stanowiska ogniowe\u201d). Mija si\u0119 z prawd\u0105, twierdz\u0105c, \u017ce liczby ofiar Palesty\u0144czyk\u00f3w \u201enie da si\u0119 zweryfikowa\u0107 i mo\u017ce by\u0107 przesadzona\u201d czy, \u017ce przed 1947 r. nie wspomina si\u0119 o Palesty\u0144czykach (a jedynie o Arabach), a nadto jeszcze, \u017ce dostawy \u017cywno\u015bci do Gazy w trakcie trwaj\u0105cego konfliktu by\u0142y wystarczaj\u0105ce, ale \u017ale dystrybuowane.<\/strong><\/p>\n<\/blockquote>\n<p style=\"text-align: left;\"><span style=\"color: #000080;\">Autorka jest antropolo\u017ck\u0105, podpiera sw\u00f3j artyku\u0142 bibliografi\u0105, kt\u00f3ra wiele wyja\u015bnia. Wygl\u0105da na to, \u017ce jej ca\u0142a wiedza p\u0142ynie z propagandowych \u017ar\u00f3de\u0142 islamonazistowskich organizacji. Jednak to nie autorka tego wypracowania jest tu istotna, przera\u017ca polityka redakcji katolickiego pisma, kt\u00f3rego pierwszym redaktorem naczelnym by\u0142 Tadeusz Mazowiecki.<\/span><\/p>\n<p style=\"text-align: left;\">\n<span style=\"color: #000080;\">W styczniu 2023 r.\u00a0<a style=\"color: #000080;\" href=\"https:\/\/www.listyznaszegosadu.pl\/notatki\/antysemityzm-ludzi-lagodnych-i-dobrych-raz-jeszcze?newspaper=12377&amp;liststyle=list&amp;sort=author&amp;group=86197\">opublikowa\u0142em\u00a0<\/a>artyku\u0142 o innym skandalicznym wyczynie dzisiejszej \u201eWi\u0119zi\u201d, nawi\u0105zuj\u0105c w nim do s\u0142ynnego wyk\u0142adu Tadeusza Mazowieckiego z 1960 roku. Dzisiejsza \u201eWi\u0119\u017a\u201d w kwestii \u017cydowskiej do\u015b\u0107 konsekwentnie prezentuje t\u0119 sam\u0105 lini\u0119 co \u201eGazeta Wyborcza\u201d, aczkolwiek powody s\u0105 zapewne odmienne. Podczas gdy \u201eGazeta Wyborcza\u201d w kwestii stosunku do Izraela jest wierna doktrynie Leonida Bre\u017cniewa, tu wyczuwamy wp\u0142yw polityki papie\u017ca Franciszka, kt\u00f3ra nie pozostawia wiernym wi\u0119kszego wyboru.<\/span><\/p>\n<p style=\"text-align: left;\">\n<span style=\"color: #000080;\">Papie\u017c Franciszek modli\u0142 si\u0119 w tym roku do lalki w roli nowonarodzonego Jezusa u\u0142o\u017conej na palesty\u0144skiej kefiji. (Reakcj\u0105 by\u0142 gniew zmieszany z kpin\u0105 i po kilku dniach t\u0119 absurdaln\u0105 watyka\u0144sk\u0105 stajenk\u0119 zlikwidowano.) W kilka dni p\u00f3\u017aniej Franciszek zaprosi\u0142 do Watykanu dyktatora Autonomii Palesty\u0144skiej Mahmouda Abbasa, w pe\u0142ni \u015bwiadomo\u015bci, \u017ce jest on sponsorem terroryzmu i negacjonist\u0105 Holokaustu.\u00a0<\/span><\/p>\n<p style=\"text-align: left;\">\n<span style=\"color: #000080;\">Ten palesty\u0144ski polityk, kt\u00f3ry wyp\u0142aca nagrody za zabijanie \u017byd\u00f3w, (na co pieni\u0105dze otrzymuje nie tylko od kraj\u00f3w arabskich, ale r\u00f3wnie\u017c, a nawet g\u0142\u00f3wnie od Unii Europejskiej, USA i ONZ), pisa\u0142 po tym spotkaniu:<\/span><\/p>\n<blockquote>\n<p style=\"text-align: left;\"><strong>\u201eZa ka\u017cdym razem, gdy spotykam si\u0119 z papie\u017cem, czuj\u0119 si\u0119, jakbym spotka\u0142 starego przyjaciela[\u2026 Podzi\u0119kowa\u0142em Ojcu \u015awi\u0119temu za jego nieustanne s\u0142owa o pokoju na Bliskim Wschodzie oraz za solidarno\u015b\u0107, kt\u00f3r\u0105 zawsze wyra\u017ca z palesty\u0144skimi cywilami, kt\u00f3rzy s\u0105 ofiarami wojny w Gazie\u201d.<\/strong><\/p>\n<\/blockquote>\n<p style=\"text-align: left;\"><span style=\"color: #000080;\">Ta d\u0142uga historia g\u0142\u0119bokiego wsp\u00f3\u0142czucia dla Palesty\u0144czyk\u00f3w (ale wy\u0142\u0105cznie dla tych, kt\u00f3rzy deklaruj\u0105 gotowo\u015b\u0107 zabijania \u017byd\u00f3w do Dnia S\u0105du Ostatecznego), wymaga pewnego wyja\u015bnienia.<\/span><\/p>\n<p style=\"text-align: left;\">\n<p style=\"text-align: left;\"><span style=\"color: #000080;\">W 1904 roku Theodor Herzl zosta\u0142 uzyska\u0142 kr\u00f3tk\u0105 audiencj\u0119 u papie\u017ca Piusa X. Podczas tego spotkania papie\u017c na pro\u015bb\u0119 o wsparcie syjonistycznego ruchu powiedzia\u0142:<\/span><\/p>\n<blockquote>\n<p style=\"text-align: left;\"><strong>\u201eNie mo\u017cemy uzna\u0107 waszego ruchu. Nie\u00a0mo\u017cemy powstrzyma\u0107 \u017byd\u00f3w przed\u00a0wej\u015bciem do\u00a0Jerozolimy \u2013 ale nigdy tego nie\u00a0usankcjonujemy. Ziemia Jerozolimy, je\u015bli nie\u00a0by\u0142a zawsze \u015bwi\u0119ta, zosta\u0142a u\u015bwi\u0119cona przez\u00a0\u017cycie Jezusa Chrystusa. Jako g\u0142owa Ko\u015bcio\u0142a nie\u00a0mog\u0119 powiedzie\u0107 ci\u00a0nic innego. \u017bydzi nie\u00a0uznali naszego Pana, dlatego nie\u00a0mo\u017cemy uzna\u0107 \u017cydowskiego narodu.\u201d<\/strong><\/p>\n<\/blockquote>\n<p style=\"text-align: left;\"><span style=\"color: #000080;\">Herzl zapyta\u0142 papie\u017ca o\u00a0obecny status Jerozolimy. Na\u00a0co\u00a0papie\u017c odpowiedzia\u0142:<\/span><\/p>\n<blockquote>\n<p style=\"text-align: left;\"><strong>\u201eWiem, \u017ce jest mi\u0142e patrzenie na\u00a0to, \u017ce\u00a0Turcy posiadaj\u0105 \u015awi\u0119te Miejsca. Musimy si\u0119 z tym po prostu pogodzi\u0107. Ale poparcie \u017byd\u00f3w, by\u00a0weszli w\u00a0posiadanie \u015awi\u0119tych Miejsc, tego nie mo\u017cemy zrobi\u0107.\u201d<\/strong><\/p>\n<\/blockquote>\n<p style=\"text-align: left;\"><span style=\"color: #000080;\">Szesna\u015bcie lat p\u00f3\u017aniej Liga Narod\u00f3w zadecydowa\u0142a o utworzeniu Mandatu Palesty\u0144skiego w celu utworzenia Domu Narodowego \u017byd\u00f3w. Od tego momentu Watykan rozpocz\u0105\u0142 heroiczn\u0105 walk\u0105 z ide\u0105 utworzenia \u017cydowskiego pa\u0144stwa, a nast\u0119pnie przeciw uznaniu Jerozolimy za stolic\u0119 Izraela.\u00a0\u00a0<\/span><\/p>\n<p style=\"text-align: left;\">\n<p style=\"text-align: left;\"><span style=\"color: #000080;\">D\u0142ug\u0105 histori\u0119 otwartej wrogo\u015bci Ko\u015bcio\u0142a katolickiego do \u017byd\u00f3w usi\u0142owa\u0142 przerwa\u0107 Jan XXIII. Prace nad deklaracj\u0105\u00a0<em>Nostra aetate\u00a0<\/em>rozpocz\u0119te w 1960 roku trwa\u0142y pi\u0119\u0107 lat i by\u0142y powodem ostrych konflikt\u00f3w w Watykanie, jak r\u00f3wnie\u017c protest\u00f3w ze strony pa\u0144stw arabskich i nie tyko. Ostatecznie uda\u0142o si\u0119 (teoretycznie) zdj\u0105\u0107 z narodu \u017cydowskiego oskar\u017cenie o bogob\u00f3jstwo, ale uznanie pa\u0144stwa \u017cydowskiego, a tym bardziej Jerozolimy jako stolicy tego pa\u0144stwa, nie wchodzi\u0142o w gr\u0119. Dopiero 30 lat p\u00f3\u017aniej \u00a0w roku 1994, Jan Pawe\u0142 II zdo\u0142a\u0142 wbrew nies\u0142ychanym oporom doprowadzi\u0107 do uznania Izraela przez Watykan, co nadal nie oznacza\u0142o uznania Jerozolimy jako stolicy Izraela.<\/span><\/p>\n<p style=\"text-align: left;\"><span style=\"color: #000080;\"><strong>\u00a0<\/strong><\/span><\/p>\n<p style=\"text-align: left;\"><span style=\"color: #000080;\">Tymczasem Jan Pawe\u0142 II po raz pierwszy przyj\u0105\u0142 Jasera Arafata w Watykanie w 1982 roku, co dla tego mi\u0119dzynarodowego terrorysty oznacza\u0142o istotne wsparcie w mi\u0119dzynarodowej opinii publicznej. Kiedy papie\u017c odwiedzi\u0142 Izrael w 2000 roku, by\u0142 r\u00f3wnie\u017c w Betlejem, gdzie Arafat go powita\u0142 jako g\u0142owa pa\u0144stwa. W latach 1998 -2002 Jan Pawe\u0142 II przyj\u0105\u0142 Arafata w Watykanie sze\u015bciokrotnie. Wielokrotnie powtarzaj\u0105c, \u017ce nar\u00f3d palesty\u0144ski zas\u0142uguje na w\u0142asn\u0105 ojczyzn\u0119 i zawsze dyskretnie pomijaj\u0105c zar\u00f3wno statutowe cele Organizacji Wyzwolenia Palestyny, jak i kwestie pod\u017cegania do terroru oraz organizowania terroru przeciw \u017bydom.<\/span><\/p>\n<p style=\"text-align: left;\">\n<p style=\"text-align: left;\"><span style=\"color: #000080;\">Przez 30 lat, kt\u00f3re up\u0142yn\u0119\u0142y od deklaracji\u00a0<em>Nostra aetate,\u00a0<\/em>Watykan popiera\u0142 wszystkie antyizraelskie inicjatywy i to niezale\u017cnie, czy wychodzi\u0142y one od znienawidzonego Zwi\u0105zku Radzieckiego, ze strony kraj\u00f3w muzu\u0142ma\u0144skich, czy od rz\u0105d\u00f3w kraj\u00f3w katolickich.<\/span><\/p>\n<p style=\"text-align: left;\">\n<span style=\"color: #000080;\">Do dzi\u015b tocz\u0105 si\u0119 spory, czy wysi\u0142ki Jana Paw\u0142a II zmierzaj\u0105ce do zamkni\u0119cia mrocznej historii katolickiej nienawi\u015bci do \u017byd\u00f3w by\u0142y tylko torpedowane przez innych, czy te\u017c sam papie\u017c wyznacza\u0142 sobie granice? A jednak Jan Pawe\u0142 II jak si\u0119 wydaje zrobi\u0142 najwi\u0119cej na rzecz przerwania tej zbrodniczej katolickiej tradycji.<\/span><\/p>\n<p style=\"text-align: left;\">\n<p style=\"text-align: left;\"><span style=\"color: #000080;\">Po jego \u015bmierci Benedykt XVI poniek\u0105d kontynuowa\u0142 te dzia\u0142ania, chocia\u017c k\u0142ad\u0142 wi\u0119kszy nacisk na mi\u0119dzyreligijny dialog, odwiedzi\u0142 Auschwitz i pot\u0119pi\u0142 zbrodnie nazizmu, r\u00f3wnie\u017c odwiedzi\u0142 Izrael, ale r\u00f3wnocze\u015bnie zdj\u0105\u0142 ekskomunik\u0119 z najbardziej antysemickiego od\u0142amu w\u015br\u00f3d katolickich biskup\u00f3w.<\/span><\/p>\n<p style=\"text-align: left;\">\n<p style=\"text-align: left;\"><span style=\"color: #000080;\">Istotny regres nast\u0105pi\u0142 wraz z pontyfikatem Franciszka, kt\u00f3ry podobnie jak reszta \u015bwiata podj\u0105\u0142 wysi\u0142ek ukrycia swojego antysemityzmu za udawanym wsp\u00f3\u0142czuciem dla Palesty\u0144czyk\u00f3w. Nurt marksistowskiego i chrze\u015bcija\u0144skiego antysemityzmu zla\u0142y si\u0119 w jedno koryto.<\/span><\/p>\n<p style=\"text-align: left;\">\n<p style=\"text-align: left;\"><span style=\"color: #000080;\">Prymitywny paszkwil na \u0142amach \u201eWi\u0119zi\u201d rozbrzmiewa tymi samymi fa\u0142szywymi tonami, co zamieszczony na \u0142amach \u201eGazety Wyborczej\u201d\u00a0<a style=\"color: #000080;\" href=\"https:\/\/wyborcza.pl\/7,162657,31527856,Apel%20o%20r%C3%B3wne%20standardy%20w%20stosowaniu%20prawa%20miedzynarodowego%20(izrael-)alestyna)\">Apel o r\u00f3wne standardy w stosowaniu prawa mi\u0119dzynarodowego (Izrael-Palestyna)<\/a>. Autorki tekstu: Anna Dzierzgowska, nauczycielka i dzia\u0142aczka feministyczna oraz Hanka Grupi\u0144ska, autorka, pisz\u0105 m. in.:<\/span><\/p>\n<blockquote><p><strong>\u201e\u2026my, kt\u00f3re i kt\u00f3rzy \u015bledzimy doniesienia o nieludzkich torturach w izraelskich wi\u0119zieniach, o zabijaniu palesty\u0144skich dziennikarzy, pracownik\u00f3w ochrony zdrowia i ONZ, o blokowaniu przez Izrael pomocy humanitarnej kierowanej do Gazy,<\/strong><\/p>\n<p><strong>my, kt\u00f3re i kt\u00f3rzy od ponad roku z przera\u017ceniem i z gniewem obserwujemy pierwsze w historii relacjonowane na \u017cywo ludob\u00f3jstwo, kt\u00f3rego sprawcy publicznie chwal\u0105 si\u0119 swoimi zamiarami i czynami\u2026\u201d<\/strong><\/p><\/blockquote>\n<p style=\"text-align: left;\"><span style=\"color: #000080;\">Ktokolwiek ma elementarn\u0105 wiedz\u0119 o sytuacji na Bliskim Wschodzie, o eksplozji antysemityzmu w reakcji na ludob\u00f3jczy napad Hamasu 7 pa\u017adziernika 2023, o poziomie antysemityzmu ONZ, o bezmiarze wykrzywiania rzeczywisto\u015bci przez media g\u0142\u00f3wnego nurtu takie jak BBC, \u201eNew York Times\u201d, \u201eGuardian\u201d i inne, doskonale rozumie, \u017ce panie Dzierzgowska i Grupi\u0144ska faktycznie mog\u0142y uzyska\u0107 z medi\u00f3w g\u0142\u00f3wnego nurtu taki w\u0142a\u015bnie obraz rzeczywisto\u015bci.<\/span><\/p>\n<p style=\"text-align: left;\">\n<p style=\"text-align: left;\"><span style=\"color: #000080;\">Mo\u017ce troch\u0119 dziwi\u0107, \u017ce nie zauwa\u017cy\u0142y nawet bestialstwa Hamasu 7 pa\u017adziernika, mniej dziwi, \u017ce nie zauwa\u017cy\u0142y 26 tysi\u0119cy rakiet wystrzelonych przez Hamas, Palesty\u0144ski Islamski D\u017cihad, Hezbollah, Huti, i Iran od 8 pa\u017adziernika 2023 r., mog\u0142y przeoczy\u0107 setki balistycznych rakiet z Iranu, rakiety i drony z Jemenu, rakiety z Iraku. Te autorki mog\u0142y nie mie\u0107 informacji, \u017ce ci biedni zabici dziennikarze byli cz\u0142onkami Hamasu, kt\u00f3rzy brali aktywny udzia\u0142 w ludob\u00f3jstwie, mog\u0142y nigdy nie s\u0142ysze\u0107 ani o Karcie Hamasu wzywaj\u0105cej do ludob\u00f3jstwa \u017byd\u00f3w (nie tylko mieszka\u0144c\u00f3w Izraela), ani o trwaj\u0105cych ponad 40 lat zapowiedziach Islamskiej Republiki Iranu, \u017ce Izrael musi by\u0107 zlikwidowany oraz jakie dzia\u0142ania w tej sprawie Iran ju\u017c zrealizowa\u0142. Naiwno\u015bci\u0105 by\u0142oby pytanie o wiedz\u0119 tych autorek na temat prawa mi\u0119dzynarodowego, czy na temat prawa wojennego, kt\u00f3rego znawcy autorytatywnie stwierdzaj\u0105, \u017ce armia izraelska nie tylko skrupulatnie przestrzega tego prawa, ale podnosi standardy tego przestrzegania na nowe wy\u017cyny, niemal niemo\u017cliwe do osi\u0105gni\u0119cia dla innych zachodnich armii.<\/span><\/p>\n<p style=\"text-align: left;\"><span style=\"color: #000080;\">Autorki tej odra\u017caj\u0105cej petycji powtarzaj\u0105 wszystkie zarzuty stawiane przez ludob\u00f3jcz\u0105 organizacj\u0119 Hamas. Nie musz\u0105 wiedzie\u0107, ile ci\u0119\u017car\u00f3wek z \u017cywno\u015bci\u0105 i medykamentami wjecha\u0142o do Gazy, ani ile oczekuje na przej\u015bciach, bo organizacje pomocowe nie d\u0105\u017c\u0105 ich przyjmowa\u0107, nie musz\u0105 zna\u0107 \u017cyciorysu s\u0119dziego MTK, ani kontrowersji wok\u00f3\u0142 werdyktu tego trybuna\u0142u.<\/span><\/p>\n<p style=\"text-align: left;\">\n<p style=\"text-align: left;\"><span style=\"color: #000080;\">T\u0119 wiedz\u0119 powinna mie\u0107 jednak redakcja \u201eGazety Wyborczej\u201d, t\u0119 wiedz\u0119 powinna mie\u0107 cz\u0119\u015b\u0107 os\u00f3b, kt\u00f3re zdecydowa\u0142y si\u0119 na podpisanie tej petycji. Przynajmniej niekt\u00f3rzy z nich powinni wiedzie\u0107 lepiej.<\/span><\/p>\n<p style=\"text-align: left;\">\n<p style=\"text-align: left;\"><span style=\"color: #000080;\">Gazeta, kt\u00f3ra powiela i nag\u0142a\u015bnia t\u0119 petycj\u0119, jest znacznie bardziej winna ni\u017c same autorki. To, \u017ce panie Dzierzgowska i Grupi\u0144ska nie maj\u0105 poj\u0119cia, i\u017c bojownicy Hezbollahu, Huti, Hamasu pozdrawiaj\u0105 si\u0119 nazistowskim salutem, nie jest ich win\u0105, ale jest win\u0105 \u017ar\u00f3de\u0142, kt\u00f3rym zaufa\u0142y.<\/span><\/p>\n<p style=\"text-align: left;\">\n<p style=\"text-align: left;\"><span style=\"color: #000080;\">\u201eGazeta Wyborcza\u201d zamie\u015bci\u0142a ten paszkwil bez mo\u017cliwo\u015bci jego komentowania, prawdopodobnie redakcja by\u0142a ca\u0142kowicie \u015bwiadoma, \u017ce publikacja tego tekstu wywo\u0142a tsunami antysemityzmu czytelnik\u00f3w, jak r\u00f3wnie\u017c liczne g\u0142osy krytyczne, pokazuj\u0105ce bezmiar zak\u0142amania tego tekstu.<\/span><\/p>\n<p style=\"text-align: left;\">\n<span style=\"color: #000080;\">Fakt, \u017ce w\u0142a\u015bnie \u201eGazeta Wyborcza\u201d tkwi po uszy w radzieckiej propagandzie antysyjonistycznej zdumiewa znacznie bardziej ni\u017c wyczyny BBC czy \u201eGuardiana\u201d. Po wojnie sze\u015bciodniowej w 1967 roku Zwi\u0105zek Radziecki powr\u00f3ci\u0142 do swojej propagandy z lat dwudziestych i og\u0142osi\u0142, \u017ce antysyjonizm to nie antysemityzm jak r\u00f3wnie\u017c rozpocz\u0105\u0142 zorganizowane przetwarzanie konfliktu arabsko-izraelskiego na konflikt izraelsko-palesty\u0144ski, a nast\u0119pnie (z pomoc\u0105 Idi Amina) doprowadzi\u0142 do rezolucji ONZ z 1975 roku zr\u00f3wnuj\u0105cej syjonizm z rasizmem.<\/span><\/p>\n<p style=\"text-align: left;\">\n<span style=\"color: #000080;\">Oskar\u017cam redakcj\u0119 \u201eGazety Wyborczej\u201d o to, \u017ce od 1989 roku (\u015bwiadomie lub nie) przyj\u0119\u0142a t\u0119 polityk\u0119 za w\u0142asn\u0105.<\/span><\/p>\n<p style=\"text-align: left;\">\n<span style=\"color: #000080;\">Prawd\u0105 jest, \u017ce w tych czasach p\u0142yn\u0119\u0142a ona ju\u017c nie z Moskwy, a z Zachodu. To ONZ urz\u0105dzi\u0142a antysemicki spektakl w Durban w 2001 roku. Redakcja \u201eGazety\u201d nie protestowa\u0142a. Polska, po upadku komunizmu nadal konsekwentnie na forum ONZ systematycznie pot\u0119pia\u0142a Izrael, g\u0142osuj\u0105c razem z Iranem, Rosj\u0105, Syri\u0105, Wenezuel\u0105, Kub\u0105 i innymi. \u201eGazeta Wyborcza\u201d nigdy nie protestowa\u0142a.<\/span><\/p>\n<p style=\"text-align: left;\">\n<span style=\"color: #000080;\">\u201eGazeta Wyborcza\u201d z zachwytem przyj\u0119\u0142a antysemicki wiersz G\u00fcntera Grassa, powiela\u0142a wszystkie k\u0142amstwa o Izraelu, je\u015bli tylko przesz\u0142y one przez pralni\u0119 ONZ, Amnesty International, HRW, czy zachodnich agencji prasowych.<\/span><\/p>\n<p style=\"text-align: left;\">\n<span style=\"color: #000080;\">Oskar\u017cam \u201eGazet\u0119 Wyborcz\u0105\u201d o to, \u017ce nigdy nie dawa\u0142a wiary oficjalnym \u017ar\u00f3d\u0142om izraelskim (\u015blepo wierz\u0105c \u201eHaretz\u201d i Breaking the Silence), wybijaj\u0105c k\u0142amstwa takie jak te o masakrze w Sabrze i Szatili i nawet po latach powiela\u0142a islamistyczne k\u0142amstwa. Ta fundamentalna zasada odmowy dawania wiary \u017bydom prowadzi\u0142a do przemilczania tre\u015bci podr\u0119cznik\u00f3w szkolnych w szko\u0142ach UNRWA, przemilczania budowy terrorystycznej twierdzy w Strefie Gazy, przemilczania palesty\u0144skich rakiet spadaj\u0105cych na palesty\u0144sk\u0105 ludno\u015b\u0107, ignorowania atak\u00f3w terrorystycznych na ludno\u015b\u0107 Izraela, ignorowania ludob\u00f3jczej polityki Arafata, a nast\u0119pnie Abbasa, ukrywania przed czytelnikami ideologii Bractwa Muzu\u0142ma\u0144skiego, Hamasu, Islamskiej Republiki Iranu. Nie m\u00f3wi\u0105c o pokazywaniu dzieci zabitych przez palesty\u0144skie rakiety jako ofiar izraelskich nalot\u00f3w, czy \u201einformacji\u201d o rzekomym zbombardowaniu przez Izrael szpitala Al Ahli. Za ka\u017cdym razem, kiedy redakcja by\u0142a w ko\u0144cu zmuszona przyzna\u0107, \u017ce przekaza\u0142a informacj\u0119 fa\u0142szyw\u0105, robi\u0142a to w taki spos\u00f3b, aby jak najmniejsza liczba czytelnik\u00f3w mog\u0142a si\u0119 o tym dowiedzie\u0107.<\/span><\/p>\n<p style=\"text-align: left;\">\n<span style=\"color: #000080;\">Oskar\u017cam \u201eGazet\u0119 Wyborcz\u0105\u201d o pogard\u0119, rasizm niskich oczekiwa\u0144 i nienawi\u015b\u0107 do Palesty\u0144czyk\u00f3w. \u201eGazeta Wyborcza\u201d z zasady nie publikuje g\u0142os\u00f3w palesty\u0144skich dysydent\u00f3w, \u201eGazeta Wyborcza\u201d z zasady nie informuje o prze\u015bladowaniach ludno\u015bci palesty\u0144skiej przez Organizacj\u0119 Wyzwolenia Palestyny, Hamas, czy Palesty\u0144ski Islamski D\u017cihad. \u201eGazeta Wyborcza\u201d nie informuje o kradzie\u017cy dziesi\u0105tk\u00f3w miliard\u00f3w dolar\u00f3w z mi\u0119dzynarodowej pomocy. Z tej gazety nikt nie m\u00f3g\u0142 dowiedzie\u0107 si\u0119, \u017ce palesty\u0144scy przyw\u00f3dcy s\u0105 miliarderami, w tej gazecie nie pokazywano zdj\u0119\u0107 dzielnic luksusu w Gazie czy w Ramallah, p\u00f3\u0142g\u0119bkiem informowano o prze\u015bladowaniach opozycji, dziennikarzy, przedsi\u0119biorc\u00f3w. Ta gazeta nigdy nie informowa\u0142a o pozbawieniu praw Palesty\u0144czyk\u00f3w w innych krajach arabskich, ani o masowych mordach Palesty\u0144czyk\u00f3w w tych krajach (a ju\u017c w \u017cadnym przypadku czytelnik nie m\u00f3g\u0142 si\u0119 dowiedzie\u0107 o tym, \u017ce wielokrotnie wi\u0119cej Palesty\u0144czyk\u00f3w zabili inni Arabowie ni\u017c ich zgin\u0119\u0142o w walkach z Izraelczykami). \u201eGazeta Wyborcza\u201d traktuje Palesty\u0144czyk\u00f3w instrumentalnie, jako narz\u0119dzie pozwalaj\u0105ce ukry\u0107 promowanie ideologii islamonazizmu. (Nie znajdziesz w tej gazecie ani jednego artyku\u0142u informuj\u0105cego o Hamasjugend, czyli o obozach dla dzieci i m\u0142odzie\u017cy kszta\u0142c\u0105cych sadystycznych morderc\u00f3w. Nie znajdziesz tu r\u00f3wnie\u017c prostego stwierdzenia, \u017ce za cierpienia Palesty\u0144czyk\u00f3w odpowiadaj\u0105 palesty\u0144scy przyw\u00f3dcy czerpi\u0105cy zyski z tego, \u017ce \u015bwiat wyznaczy\u0142 Palesty\u0144czykom rol\u0119 ps\u00f3w wojny.)<\/span><\/p>\n<p style=\"text-align: left;\">\n<span style=\"color: #000080;\">Oskar\u017cam \u201eGazet\u0119 Wyborcza\u201d o \u015bwiadome ukrywanie przed czytelnikami bezmiaru islamskiego, a w szczeg\u00f3lno\u015bci palesty\u0144skiego antysemityzmu, jak r\u00f3wnie\u017c o dob\u00f3r personelu dziennikarskiego, kt\u00f3ry aprobuje i kultywuje to ukrywanie.<\/span><\/p>\n<p style=\"text-align: left;\">\n<span style=\"color: #000080;\">Publikacja tego paszkwilu nie jest wypadkiem przy pracy, to kolejny element zdrady klerk\u00f3w, kolejny popis umys\u0142\u00f3w zniewolonych.<\/span><\/p>\n<p style=\"text-align: left;\">\n<span style=\"color: #000080;\">Mieszkaj\u0105cy od p\u00f3\u0142 wieku w USA pisarz, Henryk Grynberg zareagowa\u0142 na to oskar\u017cenie \u201eGW\u201d o pogard\u0119 dla Palesty\u0144czyk\u00f3w (opublikowane wcze\u015bniej na moim Facebooku) stwierdzaj\u0105c, \u017ce nie chodzi tu o Palesty\u0144czyk\u00f3w, a o nienawi\u015b\u0107 do Izraela. Nie kwestionowa\u0142 ani ukrywania przed czytelnikami fakt\u00f3w, ani instrumentalnego traktowania Palesty\u0144czyk\u00f3w. Trudno si\u0119 z nim sprzecza\u0107, problem w tym, \u017ce instrumentalne traktowanie, czy to jednostek czy grup, jest nieodmiennie po\u0142\u0105czone z pogard\u0105, z brakiem zainteresowania rzeczywistym losem, z za\u0142o\u017ceniem o braku sprawczo\u015bci i przekonaniem \u017ce te biedne dzikusy maj\u0105 tak\u0105 potrzeb\u0119 mordowania, gwa\u0142cenia, obcinania g\u0142\u00f3w i wychowywania dzieci na sadystycznych morderc\u00f3w. (Palesty\u0144scy dysydenci maj\u0105 w tej sprawie inne zdanie.) Ten gatunek \u201eempatii\u201d jest identyczny w artykule w \u201eWi\u0119zi\u201d i w apelu-petycji opublikowanym w \u201eGazecie Wyborczej\u201d za\u0142o\u017conej przez ludzi prze\u015bladowanych w 1968 roku.\u00a0\u00a0<\/span><\/p>\n<p style=\"text-align: left;\">\n<span style=\"color: #000080;\">Obawiam si\u0119, \u017ce dzisiejsza \u201eWi\u0119\u017a\u201d nie ma mo\u017cliwo\u015bci powrotu do spojrzenia Tadeusza Mazowieckiego na kwesti\u0119 antysemityzmu. Je\u015bli idzie o zdominowane przez laick\u0105 lewic\u0119 media g\u0142\u00f3wnego nurtu prawdopodobie\u0144stwo odkrycia, \u017ce nawet w stosunku do Izraela warto by\u0107 przyzwoitym, jest r\u00f3wnie nik\u0142e. \u00a0\u00a0<\/span><\/p>\n<p style=\"text-align: left;\">\n<span style=\"color: #000080;\">P.S. Jak\u00a0<a style=\"color: #000080;\" href=\"https:\/\/www.rp.pl\/polityka\/art41602101-80-rocznica-wyzwolenia-auschwitz-netanjahu-obawia-sie-aresztowania\">poinformowa\u0142<\/a>\u00a0na \u0142amach \u201eRzeczpospolitej\u201d wiceminister polskiego MSZ W\u0142adys\u0142aw Teofil Bartoszewski, syn W\u0142adys\u0142awa Bartoszewskiego, Polska oddaje Auschwittz w pacht mi\u0119dzynarodowej antysemickiej jaczejce. Gdyby premier Izraela odwa\u017cy\u0142 si\u0119 przyjecha\u0107 na 80. rocznic\u0119 wyzwolenia Auschwitz zosta\u0142by aresztowany. (Ta determinacja zas\u0142uguje na pochwa\u0142\u0119 ze strony Islamskiej Republiki Iranu, Hamasu, Hezbollahu, Organizacji Wyzwolenia Palestyny i Sekretarza Generalnego ONZ Ant\u00f3nio Manuela de Oliveira Guterresa.)<\/span><\/p>\n<p style=\"text-align: left;\">\n<span style=\"color: #000080;\">Duch Leonida Bre\u017cniewa zwyci\u0119\u017cy\u0142 nie tylko w Nowym Jorku, Brukseli i w Hadze, zwyci\u0119\u017cy\u0142 r\u00f3wnie\u017c w Warszawie.<\/span><\/p>\n<\/div>\n<hr style=\"height: 15px; background: #d0e6fa; width: 100%;\" \/>\n<div id=\"content\" class=\"content-alignment\">\n<div id=\"watch-description\" class=\"yt-uix-button-panel\">\n<div id=\"watch-description-text\" style=\"text-align: center;\">\n<p><em>Zawarto\u015b\u0107 publikowanych artyku\u0142\u00f3w i materia\u0142\u00f3w nie reprezentuje pogl\u0105d\u00f3w ani opinii Reunion&#8217;68,<\/em><em><br \/>\nani te\u017c webmastera Blogu Reunion&#8217;68, chyba ze jest to wyra\u017anie zaznaczone.<br \/>\nTwoje uwagi, linki, w\u0142asne artyku\u0142y lub wiadomo\u015bci prze\u015blij na adres:<br \/>\n<\/em><span style=\"color: #000080;\"><strong><em><a style=\"color: #000080;\" href=\"mailto:webmaster@reunion68.com\"><span style=\"text-decoration: underline;\">webmaster@reunion68.com<\/span><\/a><\/em><\/strong><\/span><\/p>\n<\/div>\n<\/div>\n<\/div>\n<hr style=\"width: 100%;\" \/>\n","protected":false},"excerpt":{"rendered":"<p>Papie\u017c Franciszek i palesty\u0144ski do\u017cywotni prezydent Abbas. (\u0179r\u00f3d\u0142o: Media Watyka\u0144skie) Ko\u015bci\u00f3\u0142, lewica, antysyjonistyczny antysemityzm Andrzej Koraszewski Katolicki kwartalnik \u201eWi\u0119\u017a\u201d\u00a0opublikowa\u0142\u00a0\u00a0artyku\u0142 Anny Kluczyk pod tytu\u0142em: \u201eUcieczka w bezradno\u015b\u0107. O niebezpiecznych dywagacjach w obliczu ludob\u00f3jstwa\u201d Ju\u017c tytu\u0142 i pierwsze zdanie sk\u0142ania do zaniechania dalszej lektury: \u201eTo ostatni dzwonek na prawdziwe stani\u0119cie po stronie ofiar, na jednoznaczne, g\u0142o\u015bne stanowisko [&hellip;]<\/p>\n","protected":false},"author":1,"featured_media":0,"comment_status":"closed","ping_status":"closed","sticky":false,"template":"","format":"standard","meta":[],"categories":[6],"tags":[26,24],"_links":{"self":[{"href":"https:\/\/www.reunion68.se\/index.php?rest_route=\/wp\/v2\/posts\/117932"}],"collection":[{"href":"https:\/\/www.reunion68.se\/index.php?rest_route=\/wp\/v2\/posts"}],"about":[{"href":"https:\/\/www.reunion68.se\/index.php?rest_route=\/wp\/v2\/types\/post"}],"author":[{"embeddable":true,"href":"https:\/\/www.reunion68.se\/index.php?rest_route=\/wp\/v2\/users\/1"}],"replies":[{"embeddable":true,"href":"https:\/\/www.reunion68.se\/index.php?rest_route=%2Fwp%2Fv2%2Fcomments&post=117932"}],"version-history":[{"count":6,"href":"https:\/\/www.reunion68.se\/index.php?rest_route=\/wp\/v2\/posts\/117932\/revisions"}],"predecessor-version":[{"id":117944,"href":"https:\/\/www.reunion68.se\/index.php?rest_route=\/wp\/v2\/posts\/117932\/revisions\/117944"}],"wp:attachment":[{"href":"https:\/\/www.reunion68.se\/index.php?rest_route=%2Fwp%2Fv2%2Fmedia&parent=117932"}],"wp:term":[{"taxonomy":"category","embeddable":true,"href":"https:\/\/www.reunion68.se\/index.php?rest_route=%2Fwp%2Fv2%2Fcategories&post=117932"},{"taxonomy":"post_tag","embeddable":true,"href":"https:\/\/www.reunion68.se\/index.php?rest_route=%2Fwp%2Fv2%2Ftags&post=117932"}],"curies":[{"name":"wp","href":"https:\/\/api.w.org\/{rel}","templated":true}]}}