{"id":117934,"date":"2024-12-22T17:05:10","date_gmt":"2024-12-22T15:05:10","guid":{"rendered":"http:\/\/www.reunion68.se\/?p=117934"},"modified":"2024-12-22T11:58:03","modified_gmt":"2024-12-22T09:58:03","slug":"23-05-103","status":"publish","type":"post","link":"https:\/\/www.reunion68.se\/?p=117934","title":{"rendered":"Why Jews Should Not Let Our Critics \u2014 Such as the Antisemites of Ireland \u2014 Define Us"},"content":{"rendered":"<h5 style=\"text-align: center;\"><a href=\"https:\/\/www.algemeiner.com\/\" target=\"_blank\" rel=\"noopener noreferrer\"><img decoding=\"async\" class=\"center alignleft\" src=\"http:\/\/www.reunion68.com\/Biuletyn\/img\/algem.png\" alt=\"\" width=\"35%\" \/><\/a><span style=\"text-decoration: underline; color: #000080;\"><span><strong><a style=\"color: #000080; text-decoration: underline;\" href=\"https:\/\/www.algemeiner.com\/2024\/12\/20\/why-jews-should-not-let-our-critics-such-as-the-antisemites-of-ireland-define-us\/\" target=\"_blank\" rel=\"noopener noreferrer\">Why Jews Should Not Let Our Critics \u2014 Such as the Antisemites of Ireland \u2014 Define Us<\/a><\/strong><\/span><\/span><\/h5>\n<p style=\"text-align: center;\"><span style=\"color: #000000;\"><strong>Pini Dunner<\/strong><\/span><\/p>\n<hr style=\"height: 15px; background: #d0e6fa; width: 100%;\" \/>\n<p style=\"text-align: center;\"><img decoding=\"async\" src=\"https:\/\/www.algemeiner.com\/wp-content\/uploads\/2024\/11\/2024-10-07T195732Z_1253179192_RC2PFAA6HLU6_RTRMADP_3_ISRAEL-PALESTINIANS-ANNIVERSARY-IRELAND-2.jpg\" width=\"100%\" \/><span style=\"color: #808080;\"><em>Demonstrators wearing masks depicting US Secretary of State Antony Blinken and Democratic presidential nominee and US Vice President Kamala Harris hold signs, in solidarity with Palestinians in Gaza, in Dublin, Ireland on Oct. 7, 2024. Photo: Clodagh Kilcoyne via Reuters Connect<\/em><\/span><\/p>\n<p style=\"text-align: left;\"><span style=\"color: #000080;\">The political philosopher Sir Isaiah Berlin, a master of sardonic aphorisms, is purported to have defined an antisemite as \u201csomeone who hates Jews more than is absolutely necessary.\u201d This wry observation perfectly encapsulates the peculiar persistence of this ancient prejudice, and came to mind this week after Israel decided to close its embassy in Ireland \u2014 a country whose history and present attitudes reflect a relentless and disproportionate criticism of the Jewish State.<\/span><\/p>\n<p style=\"text-align: left;\"><span style=\"color: #000080;\">Ireland\u2019s longstanding track record on Israel is troubling. But since the October 7th massacre in southern Israel, and the war that has ensued with Hamas in Gaza, Hezbollah in Lebanon, and the Houthis in Yemen, Irish officials have dramatically escalated their rhetoric against Israel, taking it to new levels, perpetuating their long tradition of singling out the Jewish people and their state for unique contempt.<\/span><\/p>\n<p style=\"text-align: left;\"><span style=\"color: #000080;\">Truthfully, this antipathy to Jews and sympathy for antisemites is hardly new. Ireland\u2019s dubious stance during World War II, during which it maintained \u201cneutrality\u201d as Europe struggled against the Nazi onslaught, reached a new low in 1945 when Irish Prime Minister \u00c9amon de Valera infamously visited the German ambassador to offer his condolences after Hitler committed suicide in his bunker. This gesture only highlighted Ireland\u2019s indifference to Jewish victims of the Holocaust, still fresh in their graves, leaving an indelible stain on its moral record.<\/span><\/p>\n<p style=\"text-align: left;\"><span style=\"color: #000080;\">This week, Irish leaders insisted they\u2019re not antisemitic, but their actions tell a different story. Despite complex explanations to justify their positions, and claims that their stance is driven by human rights concerns for Gazans and has nothing to do with Israel, the facts speak for themselves. As the late Isaiah Berlin observed in another of his famous aphorisms: \u201cThe fox knows many things, but the hedgehog knows one big thing.\u201d In this case, Israel is the hedgehog, and it knows one big thing: Ireland\u2019s rhetoric and actions are steeped in antisemitism.<\/span><\/p>\n<p style=\"text-align: left;\"><span style=\"color: #000080;\">Insistent justifications notwithstanding, nothing can obscure the fact that Ireland disproportionately criticizes and targets Israel while turning a blind eye to the atrocities committed by Israel\u2019s enemies and countless other actors around the world. This selective scrutiny faced by Israel and Jews has sadly become the norm.<\/span><\/p>\n<p style=\"text-align: left;\"><span style=\"color: #000080;\">Ireland\u2019s history of antisemitism is, frankly, troubling. And it\u2019s not just about De Valera\u2019s infamous 1945 visit to the German ambassador. In 1980, Ireland became the first European country to recognize the PLO, led by the arch-terrorist Yasser Arafat, as the \u201csole legitimate representative of the Palestinian people.\u201d That\u2019s the same PLO whose charter at the time openly called for the total destruction of Israel.<\/span><\/p>\n<p style=\"text-align: left;\"><span style=\"color: #000080;\">In 2018, Irish lawmakers proposed the \u201c<a style=\"color: #000080;\" href=\"https:\/\/en.wikipedia.org\/wiki\/Occupied_Territories_Bill\" target=\"_blank\" rel=\"noopener noreferrer\" data-saferedirecturl=\"https:\/\/www.google.com\/url?q=https:\/\/en.wikipedia.org\/wiki\/Occupied_Territories_Bill&amp;source=gmail&amp;ust=1734743813867000&amp;usg=AOvVaw3eWSEMhqq92o63Q8FLnftj\">Occupied Territories Bill<\/a>\u201d in parliament to criminalize Israeli imports originating in Judea and Samaria, the Biblical heartland of the Jewish people. Meanwhile, imports from China \u2014 whose treatment of Uyghurs and Tibetans has been widely condemned as a humanitarian crisis \u2014 continue uninterrupted and unchallenged. The contrast is glaring and hard to explain away. When it comes to Israel, the world\u2019s only Jewish state, Ireland seems to operate by a different set of rules entirely.<\/span><\/p>\n<p style=\"text-align: left;\"><span style=\"color: #000080;\">Ireland\u2019s president since 2011, Michael D. Higgins, is often at the center of controversy when it comes to Israel and Jews. This week, Higgins \u2014 whose role is mainly ceremonial and meant to be apolitical \u2014 accused Israel of breaching the sovereignty of Lebanon and Syria, even alleging, without a shred of evidence, that Israel intends to establish settlements in Egypt. These baseless claims prompted Israeli Foreign Minister Gideon Saar\u00a0<a style=\"color: #000080;\" href=\"https:\/\/www.timesofisrael.com\/antisemitic-liar-fm-blasts-irish-presidents-claim-israel-wants-to-settle-egypt\/\" target=\"_blank\" rel=\"noopener noreferrer\" data-saferedirecturl=\"https:\/\/www.google.com\/url?q=https:\/\/www.timesofisrael.com\/antisemitic-liar-fm-blasts-irish-presidents-claim-israel-wants-to-settle-egypt\/&amp;source=gmail&amp;ust=1734743813867000&amp;usg=AOvVaw16le0SuM3GzvMMR6zVxhIn\">to call Higgins an \u201cantisemitic liar\u201d<\/a>\u00a0\u2014 a harsh but telling response to the Irish president\u2019s repeated inflammatory remarks.<\/span><\/p>\n<p style=\"text-align: left;\"><span style=\"color: #000080;\">In September, Higgins made the deeply sinister accusation that\u00a0<a style=\"color: #000080;\" href=\"https:\/\/www.bbc.com\/news\/articles\/c3vkw7vg727o\" target=\"_blank\" rel=\"noopener noreferrer\" data-saferedirecturl=\"https:\/\/www.google.com\/url?q=https:\/\/www.bbc.com\/news\/articles\/c3vkw7vg727o&amp;source=gmail&amp;ust=1734743813867000&amp;usg=AOvVaw3wN8p_aNnFA4Y2c1jkd11P\">Israel had leaked a congratulatory letter<\/a>\u00a0he sent to Iran\u2019s newly appointed president, Masoud Pezeshkian, to make him look bad. It didn\u2019t take very long for the truth to emerge \u2014 Iranian officials had proudly posted the letter on social media. But the implication that Israel acted underhandedly revealed more than just poor judgment. It points to a pattern of reflexively pointing the finger at Israel and portraying it in the worst possible light, regardless of the facts.<\/span><\/p>\n<p style=\"text-align: left;\"><span style=\"color: #000080;\">It\u2019s all part of a broader narrative in which Ireland consistently singles out Israel for condemnation, claiming to be concerned about human rights while ignoring far graver human rights abuses elsewhere. Take this week\u2019s\u00a0<a style=\"color: #000080;\" href=\"https:\/\/nypost.com\/2024\/12\/17\/world-news\/at-least-100000-bodies-in-syrian-mass-grave-us-advocacy-group-says\/\" target=\"_blank\" rel=\"noopener noreferrer\" data-saferedirecturl=\"https:\/\/www.google.com\/url?q=https:\/\/nypost.com\/2024\/12\/17\/world-news\/at-least-100000-bodies-in-syrian-mass-grave-us-advocacy-group-says\/&amp;source=gmail&amp;ust=1734743813867000&amp;usg=AOvVaw0fHoEF1crwPPm2u0OEZRF1\">discovery of a mass grave in Syria<\/a>\u00a0containing the remains of 100,000 victims of Bashar al-Assad\u2019s brutal regime. Where was Ireland\u2019s outrage as Assad targeted minorities and perceived enemies for years, killing them in full view of the world? The silence was and remains deafening. But when it comes to Israel and Jews, Ireland is never short on criticism.<\/span><\/p>\n<p style=\"text-align: left;\"><span style=\"color: #000080;\">And the hostility towards Israel in Ireland isn\u2019t limited to political rhetoric \u2014 it\u2019s\u00a0<a style=\"color: #000080;\" href=\"https:\/\/www.timesofisrael.com\/amid-anti-israel-hostility-irish-jews-say-antisemitism-is-now-rooted-in-public-schools\/\" target=\"_blank\" rel=\"noopener noreferrer\" data-saferedirecturl=\"https:\/\/www.google.com\/url?q=https:\/\/www.timesofisrael.com\/amid-anti-israel-hostility-irish-jews-say-antisemitism-is-now-rooted-in-public-schools\/&amp;source=gmail&amp;ust=1734743813867000&amp;usg=AOvVaw1CvJ2jfhzckuUhctGIZKgS\">seeping into the education system<\/a>. According to reports, antisemitism has now rooted itself in Irish public schools, with students exposed to biased narratives that single out Israel for condemnation. Jewish leaders in Ireland have expressed growing concern about how these attitudes are shaping the next generation, perpetuating a cycle of prejudice that blurs the line between anti-Israel sentiment and outright antisemitism.<\/span><\/p>\n<p style=\"text-align: left;\"><span style=\"color: #000080;\">This age-old pattern of singling out Jews for criticism is as old as the Torah itself.<\/span><\/p>\n<p style=\"text-align: left;\"><span style=\"color: #000080;\">In Parshat\u00a0<a style=\"color: #000080;\" href=\"https:\/\/rabbidunner.com\/category\/articles\/torah-portions\/vayeshev\/\" target=\"_blank\" rel=\"noopener noreferrer\" data-saferedirecturl=\"https:\/\/www.google.com\/url?q=https:\/\/rabbidunner.com\/category\/articles\/torah-portions\/vayeshev\/&amp;source=gmail&amp;ust=1734743813867000&amp;usg=AOvVaw1enqjlM1qpvY9Xv8Y3wZie\">Vayeishev<\/a>, we meet Yosef (Joseph), a young man betrayed by his brothers, sold into slavery, only to be accused of a crime he didn\u2019t commit. Despite his innocence, the Torah tells us that Yosef was targeted because he is different \u2014\u00a0<a style=\"color: #000080;\" href=\"https:\/\/www.sefaria.org\/Genesis.39.14?lang=bi&amp;with=all&amp;lang2=en\" target=\"_blank\" rel=\"noopener noreferrer\" data-saferedirecturl=\"https:\/\/www.google.com\/url?q=https:\/\/www.sefaria.org\/Genesis.39.14?lang%3Dbi%26with%3Dall%26lang2%3Den&amp;source=gmail&amp;ust=1734743813867000&amp;usg=AOvVaw1AaPQ0fzhwOVWjQD6J9rzA\">he\u2019s an \u201cIvri<\/a>,\u201d a \u201cHebrew\u201d \u2014 an outsider in Egypt, easy to blame and accuse, making him the perfect scapegoat.<\/span><\/p>\n<p style=\"text-align: left;\"><span style=\"color: #000080;\">Ivri is a label that sets Yosef apart and makes him vulnerable to the kind of unjust treatment that has become emblematic of the way Jews have been treated throughout history. Whether it\u2019s Yosef in Egypt, Jews in Christian and Muslim lands, or modern Israel in the international arena, the parallels are striking. Time and again, the Jewish people are falsely accused, maligned, and held to standards no one else is expected to meet.<\/span><\/p>\n<p style=\"text-align: left;\"><span style=\"color: #000080;\">But being an Ivri isn\u2019t all bad. The Noam Elimelech explains that Ivri denotes someone who stands on the \u201cother side\u201d spiritually \u2014 a person willing to stand apart from societal norms and dedicate themselves to a higher Divine purpose. Being separate is not only about vulnerability but also about inner strength. Yosef\u2019s identity as an Ivri marked him as different, and while it made him a target, it also positioned him as a moral mentor in an environment of corruption.<\/span><\/p>\n<p style=\"text-align: left;\"><span style=\"color: #000080;\">Similarly, Rav Kook sees the term Ivri as an expression of the Jewish mission to remain distinct and steadfast in aspirational values, even when surrounded by hostility. For Rav Kook, Yosef represents the archetype of Jewish resilience \u2014 even when accused, maligned, and imprisoned, he remains true to his principles and emerges stronger. The Ivri identity is not a weakness but rather the foundation of the Jewish people\u2019s strength throughout history.<\/span><\/p>\n<p style=\"text-align: left;\"><span style=\"color: #000080;\">Standing apart has always been part of the Jewish experience. Whether it is Yosef in Egypt or modern Israel in the international arena, being distinct comes with challenges \u2014 but it also comes with strength. No matter how loud the criticism or how relentless the accusations, we must hold firm to who we are.<\/span><\/p>\n<p style=\"text-align: left;\"><span style=\"color: #000080;\">For Israel and for Jews everywhere, the lesson is clear: the negativity of our critics should not define us. Like Yosef, we must rise above the false accusations and the unfair standards. We can\u2019t control the world\u2019s double standards or prejudices, but we can control how we respond to them. As Rabbi Jonathan Sacks so eloquently put it: \u201cThe only sane response to antisemitism is to monitor it, fight it, but never let it affect our idea of who we are. Pride is always a healthier response than shame.\u201d<\/span><\/p>\n<hr \/>\n<p><span style=\"color: #808080;\"><em>The author is a <strong>rabbi<\/strong> in Beverly Hills, California.<\/em><\/span><\/p>\n<hr style=\"height: 15px; background: #d0e6fa; width: 100%;\" \/>\n<div id=\"content\" class=\"content-alignment\">\n<div id=\"watch-description\" class=\"yt-uix-button-panel\">\n<div id=\"watch-description-text\" style=\"text-align: center;\">\n<p><em>Zawarto\u015b\u0107 publikowanych artyku\u0142\u00f3w i materia\u0142\u00f3w nie reprezentuje pogl\u0105d\u00f3w ani opinii Reunion&#8217;68,<\/em><em><br \/>\nani te\u017c webmastera Blogu Reunion&#8217;68, chyba ze jest to wyra\u017anie zaznaczone.<br \/>\nTwoje uwagi, linki, w\u0142asne artyku\u0142y lub wiadomo\u015bci prze\u015blij na adres:<br \/>\n<\/em><span style=\"color: #000080;\"><strong><em><a style=\"color: #000080;\" href=\"mailto:webmaster@reunion68.com\"><span style=\"text-decoration: underline;\">webmaster@reunion68.com<\/span><\/a><\/em><\/strong><\/span><\/p>\n<\/div>\n<\/div>\n<\/div>\n<hr style=\"width: 100%;\" \/>\n","protected":false},"excerpt":{"rendered":"<p>Why Jews Should Not Let Our Critics \u2014 Such as the Antisemites of Ireland \u2014 Define Us Pini Dunner Demonstrators wearing masks depicting US Secretary of State Antony Blinken and Democratic presidential nominee and US Vice President Kamala Harris hold signs, in solidarity with Palestinians in Gaza, in Dublin, Ireland on Oct. 7, 2024. Photo: [&hellip;]<\/p>\n","protected":false},"author":1,"featured_media":0,"comment_status":"closed","ping_status":"closed","sticky":false,"template":"","format":"standard","meta":[],"categories":[6],"tags":[26,24],"_links":{"self":[{"href":"https:\/\/www.reunion68.se\/index.php?rest_route=\/wp\/v2\/posts\/117934"}],"collection":[{"href":"https:\/\/www.reunion68.se\/index.php?rest_route=\/wp\/v2\/posts"}],"about":[{"href":"https:\/\/www.reunion68.se\/index.php?rest_route=\/wp\/v2\/types\/post"}],"author":[{"embeddable":true,"href":"https:\/\/www.reunion68.se\/index.php?rest_route=\/wp\/v2\/users\/1"}],"replies":[{"embeddable":true,"href":"https:\/\/www.reunion68.se\/index.php?rest_route=%2Fwp%2Fv2%2Fcomments&post=117934"}],"version-history":[{"count":4,"href":"https:\/\/www.reunion68.se\/index.php?rest_route=\/wp\/v2\/posts\/117934\/revisions"}],"predecessor-version":[{"id":117950,"href":"https:\/\/www.reunion68.se\/index.php?rest_route=\/wp\/v2\/posts\/117934\/revisions\/117950"}],"wp:attachment":[{"href":"https:\/\/www.reunion68.se\/index.php?rest_route=%2Fwp%2Fv2%2Fmedia&parent=117934"}],"wp:term":[{"taxonomy":"category","embeddable":true,"href":"https:\/\/www.reunion68.se\/index.php?rest_route=%2Fwp%2Fv2%2Fcategories&post=117934"},{"taxonomy":"post_tag","embeddable":true,"href":"https:\/\/www.reunion68.se\/index.php?rest_route=%2Fwp%2Fv2%2Ftags&post=117934"}],"curies":[{"name":"wp","href":"https:\/\/api.w.org\/{rel}","templated":true}]}}