{"id":117957,"date":"2024-12-23T17:00:33","date_gmt":"2024-12-23T15:00:33","guid":{"rendered":"http:\/\/www.reunion68.se\/?p=117957"},"modified":"2024-12-23T15:53:00","modified_gmt":"2024-12-23T13:53:00","slug":"27-00-105","status":"publish","type":"post","link":"https:\/\/www.reunion68.se\/?p=117957","title":{"rendered":"Netanyahu Says Israel Will Continue to Act Against the Houthis"},"content":{"rendered":"<h5 style=\"text-align: center;\"><a href=\"https:\/\/www.algemeiner.com\/\" target=\"_blank\" rel=\"noopener noreferrer\"><img decoding=\"async\" class=\"center alignleft\" src=\"http:\/\/www.reunion68.com\/Biuletyn\/img\/algem.png\" alt=\"\" width=\"35%\" \/><\/a><span style=\"text-decoration: underline; color: #000080;\"><span><strong><a style=\"color: #000080; text-decoration: underline;\" href=\"https:\/\/www.algemeiner.com\/2024\/12\/22\/netanyahu-says-israel-will-continue-to-act-against-the-houthis\/\" target=\"_blank\" rel=\"noopener noreferrer\">Netanyahu Says Israel Will Continue to Act Against the Houthis<\/a><\/strong><\/span><\/span><\/h5>\n<p style=\"text-align: center;\"><span style=\"color: #000000;\"><strong> Reuters and Algemeiner Staff<\/strong><\/span><\/p>\n<hr style=\"height: 15px; background: #d0e6fa; width: 100%;\" \/>\n<p style=\"text-align: center;\"><img decoding=\"async\" class=\"aligncenter\" src=\"https:\/\/www.algemeiner.com\/wp-content\/uploads\/2024\/06\/2024-06-07T023040Z_1_LYNXMPEK5601T_RTROPTP_4_ISRAEL-PALESTINIANS-POLITICS1.jpg\" width=\"100%\" \/><em><span style=\"color: #808080;\">Israeli Prime Minister Benjamin Netanyahu attends a cabinet meeting at the Bible Lands Museum in Jerusalem on June 5, 2024. Photo: Gil Cohen-Magen\/Pool via REUTERS<\/span><\/em><\/p>\n<p style=\"text-align: left;\"><span style=\"color: #000080;\">Prime Minister Benjamin Netanyahu said on Sunday Israel would continue acting against the Iran-backed Houthis in Yemen, whom he accused of threatening world shipping and the international order, and called on Israelis to be steadfast.<\/span><\/p>\n<p style=\"text-align: left;\"><span style=\"color: #000080;\">\u201cJust as we acted forcefully against the terrorist arms of Iran\u2019s axis of evil, so we will act against the Houthis,\u201d he said in a video statement a day after a missile fired from Yemen fell in the Tel Aviv area, causing a number of mild injuries.<\/span><\/p>\n<p style=\"text-align: left;\"><span style=\"color: #000080;\">On Thursday, Israeli jets launched a series of strikes against energy and port infrastructure in Yemen in a move officials said was a response to hundreds of missile and drone attacks launched by the Houthis since the start of the Gaza war 14 months ago.<\/span><\/p>\n<p style=\"text-align: left;\"><span style=\"color: #000080;\">On Saturday, the US military said it conducted precision airstrikes against a missile storage facility and a command-and-control facility operated by Houthis in Yemen\u2019s capital, Sanaa.<\/span><\/p>\n<p style=\"text-align: left;\"><span style=\"color: #000080;\">Netanyahu, strengthened at home by the Israeli military\u2019s campaign against Iran-backed Hezbollah forces in southern Lebanon and by its destruction of most of the Syrian army\u2019s strategic weapons, said Israel would act with the United States.<\/span><\/p>\n<p style=\"text-align: left;\"><span style=\"color: #000080;\">\u201cTherefore, we will act with strength, determination and sophistication. I tell you that even if it takes time, the result will be the same,\u201d he said.<\/span><\/p>\n<p style=\"text-align: left;\"><span style=\"color: #000080;\">The Houthis have launched repeated attacks on international shipping in waters near Yemen since November 2023, in support of the Palestinians over Israel\u2019s war with Hamas.<\/span><\/p>\n<hr style=\"height: 15px; background: #d0e6fa; width: 100%;\" \/>\n<div id=\"content\" class=\"content-alignment\">\n<div id=\"watch-description\" class=\"yt-uix-button-panel\">\n<div id=\"watch-description-text\" style=\"text-align: center;\">\n<p><em>Zawarto\u015b\u0107 publikowanych artyku\u0142\u00f3w i materia\u0142\u00f3w nie reprezentuje pogl\u0105d\u00f3w ani opinii Reunion&#8217;68,<\/em><em><br \/>\nani te\u017c webmastera Blogu Reunion&#8217;68, chyba ze jest to wyra\u017anie zaznaczone.<br \/>\nTwoje uwagi, linki, w\u0142asne artyku\u0142y lub wiadomo\u015bci prze\u015blij na adres:<br \/>\n<\/em><span style=\"color: #000080;\"><strong><em><a style=\"color: #000080;\" href=\"mailto:webmaster@reunion68.com\"><span style=\"text-decoration: underline;\">webmaster@reunion68.com<\/span><\/a><\/em><\/strong><\/span><\/p>\n<\/div>\n<\/div>\n<\/div>\n<hr style=\"width: 100%;\" \/>\n","protected":false},"excerpt":{"rendered":"<p>Netanyahu Says Israel Will Continue to Act Against the Houthis Reuters and Algemeiner Staff Israeli Prime Minister Benjamin Netanyahu attends a cabinet meeting at the Bible Lands Museum in Jerusalem on June 5, 2024. Photo: Gil Cohen-Magen\/Pool via REUTERS Prime Minister Benjamin Netanyahu said on Sunday Israel would continue acting against the Iran-backed Houthis in [&hellip;]<\/p>\n","protected":false},"author":1,"featured_media":0,"comment_status":"closed","ping_status":"closed","sticky":false,"template":"","format":"standard","meta":[],"categories":[6],"tags":[26,24],"_links":{"self":[{"href":"https:\/\/www.reunion68.se\/index.php?rest_route=\/wp\/v2\/posts\/117957"}],"collection":[{"href":"https:\/\/www.reunion68.se\/index.php?rest_route=\/wp\/v2\/posts"}],"about":[{"href":"https:\/\/www.reunion68.se\/index.php?rest_route=\/wp\/v2\/types\/post"}],"author":[{"embeddable":true,"href":"https:\/\/www.reunion68.se\/index.php?rest_route=\/wp\/v2\/users\/1"}],"replies":[{"embeddable":true,"href":"https:\/\/www.reunion68.se\/index.php?rest_route=%2Fwp%2Fv2%2Fcomments&post=117957"}],"version-history":[{"count":6,"href":"https:\/\/www.reunion68.se\/index.php?rest_route=\/wp\/v2\/posts\/117957\/revisions"}],"predecessor-version":[{"id":117976,"href":"https:\/\/www.reunion68.se\/index.php?rest_route=\/wp\/v2\/posts\/117957\/revisions\/117976"}],"wp:attachment":[{"href":"https:\/\/www.reunion68.se\/index.php?rest_route=%2Fwp%2Fv2%2Fmedia&parent=117957"}],"wp:term":[{"taxonomy":"category","embeddable":true,"href":"https:\/\/www.reunion68.se\/index.php?rest_route=%2Fwp%2Fv2%2Fcategories&post=117957"},{"taxonomy":"post_tag","embeddable":true,"href":"https:\/\/www.reunion68.se\/index.php?rest_route=%2Fwp%2Fv2%2Ftags&post=117957"}],"curies":[{"name":"wp","href":"https:\/\/api.w.org\/{rel}","templated":true}]}}