{"id":117998,"date":"2024-12-29T17:05:02","date_gmt":"2024-12-29T15:05:02","guid":{"rendered":"http:\/\/www.reunion68.se\/?p=117998"},"modified":"2024-12-27T10:34:56","modified_gmt":"2024-12-27T08:34:56","slug":"29-05-104","status":"publish","type":"post","link":"https:\/\/www.reunion68.se\/?p=117998","title":{"rendered":"Rosn\u0105ce zagro\u017cenie terrorystyczne w p\u00f3\u0142nocnej cz\u0119\u015bci Zachodniego Brzegu"},"content":{"rendered":"<h5 style=\"text-align: center;\"><a href=\"http:\/\/www.listyznaszegosadu.pl\/\" target=\"_blank\" rel=\"noopener noreferrer\"><img decoding=\"async\" class=\"center alignleft\" src=\"http:\/\/www.reunion68.com\/Biuletyn\/img\/z-naszego.jpg\" alt=\"\" width=\"50%\" \/><\/a><span style=\"text-decoration: underline; color: #000080;\"><span><strong><a style=\"color: #000080; text-decoration: underline;\" href=\"http:\/\/www.listyznaszegosadu.pl\/brunatna-fala\/rosnace-zagrozenie-terrorystyczne-w-pallnocnej-czesci-zachodniego-brzegu\" target=\"_blank\" rel=\"noopener noreferrer\">Rosn\u0105ce zagro\u017cenie terrorystyczne w p\u00f3\u0142nocnej cz\u0119\u015bci Zachodniego Brzegu<\/a><\/strong><\/span><\/span><\/h5>\n<p style=\"text-align: center;\"><span style=\"color: #000000;\"><strong>Seth Frantzman<br \/>\n<\/strong><span style=\"color: #808080;\"><em>T\u0142umaczenie: <\/em><\/span><strong>Andrzej Koraszewski<\/strong><\/span><\/p>\n<hr style=\"height: 15px; background: #d0e6fa; width: 100%;\" \/>\n<p style=\"text-align: center;\"><img decoding=\"async\" class=\"aligncenter\" src=\"https:\/\/www.infobae.com\/resizer\/v2\/25NWPVN6WJD7HAALJARX5AV75A?auth=e6ec661f10a5cbfa4ec8e3745fee103c110a334c7d5dfb3893c0336131a52eff&amp;smart=true&amp;width=992&amp;height=606&amp;quality=85\" width=\"100%\" \/>Iran szmugluje tysi\u0105ce sztuk broni na Zachodni Brzeg, pr\u00f3buj\u0105c stworzy\u0107 <span style=\"color: #808080;\"><em>kolejny front. (Zdj\u0119cie: zrzut z ekranu wideo \/ https:\/\/www.youtube.com\/watch?v=K_pqHq_oys8<\/em><\/span><\/p>\n<div class=\"templateArticleIngress\" style=\"text-align: left;\"><span style=\"color: #000080;\">Bro\u0144 trafia na Zachodni Brzeg, co stwarza rosn\u0105ce zagro\u017cenie terrorystyczne. S\u0105 to ju\u017c podstawy pewnego rodzaju \u201egazafikacji\u201d.<\/span><\/p>\n<p><span style=\"color: #000080;\">Zar\u00f3wno Izrael, jak i\u00a0<a style=\"color: #000080;\" href=\"https:\/\/www.jpost.com\/tags\/palestinian-authority\">Autonomia Palesty\u0144ska<\/a>\u00a0walcz\u0105 z rosn\u0105cymi zagro\u017ceniami terrorystycznymi w p\u00f3\u0142nocnej cz\u0119\u015bci\u00a0<a style=\"color: #000080;\" href=\"https:\/\/www.jpost.com\/tags\/west-bank\">Zachodniego Brzegu<\/a>\u00a0[Judei i Samarii]. Tak by\u0142o przez ostatnie dwa lata; jednak kilka ostatnich incydent\u00f3w wskazuje na niepokoj\u0105cy trend.<\/span><\/div>\n<p style=\"text-align: left;\">\n<div class=\"templateArticleBrodtext\">\n<p style=\"text-align: left;\"><span style=\"color: #000080;\">Autonomia Palesty\u0144ska pr\u00f3bowa\u0142a przeprowadzi\u0107 operacj\u0119 w\u00a0<a style=\"color: #000080;\" href=\"https:\/\/www.jpost.com\/tags\/jenin\">D\u017caninie<\/a>,\u00a0by oczy\u015bci\u0107 tamtejszy ob\u00f3z uchod\u017ac\u00f3w z terroryst\u00f3w. Wojska izraelskie star\u0142y si\u0119 z uzbrojonymi Palesty\u0144czykami w obozie Nur Szams w Tulkarem. Powtarzaj\u0105ce si\u0119 operacje w p\u00f3\u0142nocnej cz\u0119\u015bci Zachodniego Brzegu pokazuj\u0105, jak zagro\u017cenie terrorystyczne ro\u015bnie i zmienia sw\u00f3j charakter.<\/span><\/p>\n<p style=\"text-align: left;\">\n<span style=\"color: #000080;\">Przede wszystkim wzrost aktywno\u015bci grup terrorystycznych wymaga od Izraela u\u017cycia wi\u0119kszej liczby atak\u00f3w dron\u00f3w na Zachodnim Brzegu. To r\u00f3wnie\u017c sta\u0142o si\u0119 nowym zjawiskiem w ci\u0105gu ostatnich dw\u00f3ch lat.<\/span><\/p>\n<p style=\"text-align: left;\">\n<span style=\"color: #000080;\">Og\u00f3lnie rzecz bior\u0105c, oznacza to, \u017ce zagro\u017cenie wzros\u0142o tak bardzo, \u017ce lepiej jest u\u017cywa\u0107 dron\u00f3w i atak\u00f3w z powietrza ni\u017c wysy\u0142a\u0107 piechot\u0119 na te obszary.<\/span><\/p>\n<p style=\"text-align: left;\">\n<span style=\"color: #000080;\">Cho\u0107 to mo\u017ce dzia\u0142a\u0107, historia pokaza\u0142a, \u017ce precyzyjne ataki z powietrzne zazwyczaj nie rozstrzygaj\u0105 konflikt\u00f3w. Drony mog\u0105 jedynie zmniejszy\u0107 zagro\u017cenie lub chwilowo odstraszy\u0107 wrog\u00f3w. Nie mog\u0105 jednak zast\u0105pi\u0107 wojsk l\u0105dowych.<\/span><\/p>\n<p style=\"text-align: left;\">\n<span style=\"color: #000080;\">W nowym doniesieniu \u201eMaariv\u201d\u00a0odnotowano, \u017ce wed\u0142ug IDF \u201esamolot Si\u0142 Powietrznych niedawno zaatakowa\u0142 kom\u00f3rk\u0119 terrorystyczn\u0105 w Tamun, w Dolinie Jordanu, kt\u00f3ra pod\u0142o\u017cy\u0142a \u0142adunki wybuchowe przeciwko si\u0142om dzia\u0142aj\u0105cym w tym rejonie\u201d.<\/span><\/p>\n<p style=\"text-align: left;\">\n<span style=\"color: #000080;\">Tamun to palesty\u0144ska wioska po\u0142o\u017cona 15 kilometr\u00f3w na p\u00f3\u0142nocny wsch\u00f3d od Nablusu w prowincji Tubas na Zachodnim Brzegu. Wie\u015b znajduje si\u0119 w pobli\u017cu szczytu Wadi al-Faria, du\u017cej doliny, kt\u00f3ra schodzi do rzeki Jordan. Terrory\u015bci pr\u00f3bowali infiltrowa\u0107 ten obszar w ci\u0105gu ostatniego roku, co doprowadzi\u0142o latem do star\u0107 z IDF w tym rejonie i w Tubas.<\/span><\/p>\n<p style=\"text-align: left;\">\n<span style=\"color: #000080;\">Ponadto dosz\u0142o do star\u0107 w obozie Fara, kt\u00f3ry znajduje si\u0119 niedaleko stamt\u0105d. Obszar ten nale\u017cy postrzega\u0107 jako pas wiosek, kt\u00f3re s\u0105 obecnie wykorzystywane przez terroryst\u00f3w, od Balata w Nablusie na p\u00f3\u0142noc przez Far\u0119 do Tubas, Tamun i innych wiosek na linii wzg\u00f3rz z widokiem na Dolin\u0119 Jordanu.<\/span><\/p>\n<p style=\"text-align: left;\">\n<span style=\"color: #000080;\">Bardziej niepokoj\u0105cy jest raport z IDF z ubieg\u0142ej nocy, \u017ce \u201epodczas operacji antyterrorystycznej IDF w rejonie Tukaram, izraelski samoch\u00f3d opancerzony zosta\u0142 uszkodzony przez \u0142adunek wybuchowy. Dow\u00f3dca dywizji Judea i Samaria, genera\u0142 brygady Jaki Dolf i dow\u00f3dca brygady regionalnej Menasze, p\u0142k Ajub Kajouf, znajdowali si\u0119 w poje\u017adzie\u201d. Raport dalej informuje, \u017ce \u201edow\u00f3dca brygady regionalnej Menasze zosta\u0142 ranny w stopniu umiarkowanym i ewakuowano go w celu otrzymania pomocy medycznej. Powiadomiono jego rodzin\u0119\u201d.<\/span><\/p>\n<p style=\"text-align: left;\">\n<span style=\"color: #000080;\">Walki w Tulkarem obejmowa\u0142y ataki powietrzne na kom\u00f3rki terrorystyczne i magazyny \u00a0materia\u0142\u00f3w wybuchowych. \u201eYnet\u201d poinformowa\u0142, \u017ce sze\u015bciu terroryst\u00f3w zosta\u0142o wyeliminowanych. (Palesty\u0144skie media twierdz\u0105, \u017ce w Tulkarem zgin\u0119\u0142o osiem os\u00f3b.)<\/span><\/p>\n<p style=\"text-align: left;\">\n<span style=\"color: #000080;\">R\u00f3wnocze\u015bnie fakt, \u017ce izraelski pojazd zosta\u0142 uszkodzony przez improwizowane urz\u0105dzenie wybuchowe, jest niepokoj\u0105cy.<\/span><\/p>\n<p style=\"text-align: left;\">\n<span style=\"color: #000080;\">Przypomina, \u017ce trzech \u017co\u0142nierzy IDF zgin\u0119\u0142o w tym tygodniu w Beit Hanoun w Gazie w wyniku wybuchu improwizowanego \u0142adunku wybuchowego. Wygl\u0105da na to, \u017ce terrory\u015bci zmieniaj\u0105 taktyk\u0119. To r\u00f3wnie\u017c powolny proces trwaj\u0105cych dwa lata przemian w p\u00f3\u0142nocnej cz\u0119\u015bci Zachodniego Brzegu. Wr\u00f3g wydaje si\u0119 rozwija\u0107 swoje mo\u017cliwo\u015bci.<\/span><\/p>\n<p style=\"text-align: left;\">\n<span style=\"color: #000080;\">Og\u00f3lny obraz wy\u0142aniaj\u0105cy si\u0119 na Zachodnim Brzegu jest niepokoj\u0105cy. Hamas i Palesty\u0144ski Islamski D\u017cihad staraj\u0105 si\u0119 rozpali\u0107 lokalne nastroje populistyczne przeciwko Autonomii Palesty\u0144skiej. Mog\u0105 teraz mie\u0107 nadziej\u0119, \u017ce niedawne zwyci\u0119stwo opozycji w Syrii mo\u017ce utorowa\u0107 drog\u0119 do powt\u00f3rki Arabskiej Wiosny.<\/span><\/p>\n<p style=\"text-align: left;\">\n<span style=\"color: #000080;\">W istocie chc\u0105, aby populistyczna w\u015bciek\u0142o\u015b\u0107 narasta\u0142a przeciwko AP. Wydaje si\u0119, \u017ce media powi\u0105zane z Doh\u0105, takie jak Al-D\u017cazira, mog\u0105 r\u00f3wnie\u017c podsyca\u0107 p\u0142omienie. Ponadto UNRWA w D\u017caninie nie pomog\u0142a w tej sprawie, czekaj\u0105c wiele dni z informacj\u0105, \u017ce terrory\u015bci przej\u0119li plac\u00f3wk\u0119 medyczn\u0105 i odmawiaj\u0105c pot\u0119pienia lub podania nazw \u201egrup zbrojnych\u201d, kt\u00f3re s\u0105 odpowiedzialne za rosn\u0105cy chaos. To wszystko \u015bwiadczy o swego rodzaju \u201eGazafikacji\u201d \u00a0w D\u017caninie i w innych miejscach na p\u00f3\u0142nocnym Zachodnim Brzegu.<\/span><\/p>\n<p style=\"text-align: left;\">\n<span style=\"color: #000080;\">Hamas prawdopodobnie zwleka w Gazie, odmawiaj\u0105c zawarcia umowy o zak\u0142adnikach, maj\u0105c nadziej\u0119, \u017ce b\u0119dzie m\u00f3g\u0142 wykorzysta\u0107 starcia na Zachodnim Brzegu. To niepokoj\u0105ce sygna\u0142y. Nalot IDF w Tulkarem, u\u017cycie nowych form \u0142adunk\u00f3w wybuchowych przez terroryst\u00f3w oraz pr\u00f3ba wykorzystania nalotu AP w D\u017caninie przez Hamas i PIJ s\u0105 cz\u0119\u015bci\u0105 rosn\u0105cego trendu, kt\u00f3ry nale\u017cy postrzega\u0107 jako co\u015b wi\u0119cej ni\u017c tylko sum\u0119 jego cz\u0119\u015bci.<\/span><\/p>\n<p style=\"text-align: left;\">\n<span style=\"color: #000080;\">Ponadto coraz cz\u0119\u015bciej widzimy na zdj\u0119ciach m\u0142odych m\u0119\u017cczyzn, w tym nastolatk\u00f3w, z karabinami typu M-4 i M-16 co wskazuje na inny powa\u017cny problem. Wiele karabin\u00f3w ma nowoczesne celowniki i akcesoria, co znaczy, \u017ce zosta\u0142y niedawno przemycone. Bro\u0144 przep\u0142ywa na Zachodni Brzeg i zwi\u0119ksza zagro\u017cenie terrorystyczne.\u00a0<\/span><\/p>\n<\/div>\n<hr style=\"height: 15px; background: #d0e6fa; width: 100%;\" \/>\n<div id=\"content\" class=\"content-alignment\">\n<div id=\"watch-description\" class=\"yt-uix-button-panel\">\n<div id=\"watch-description-text\" style=\"text-align: center;\">\n<p><em>Zawarto\u015b\u0107 publikowanych artyku\u0142\u00f3w i materia\u0142\u00f3w nie reprezentuje pogl\u0105d\u00f3w ani opinii Reunion&#8217;68,<\/em><em><br \/>\nani te\u017c webmastera Blogu Reunion&#8217;68, chyba ze jest to wyra\u017anie zaznaczone.<br \/>\nTwoje uwagi, linki, w\u0142asne artyku\u0142y lub wiadomo\u015bci prze\u015blij na adres:<br \/>\n<\/em><span style=\"color: #000080;\"><strong><em><a style=\"color: #000080;\" href=\"mailto:webmaster@reunion68.com\"><span style=\"text-decoration: underline;\">webmaster@reunion68.com<\/span><\/a><\/em><\/strong><\/span><\/p>\n<\/div>\n<\/div>\n<\/div>\n<hr style=\"width: 100%;\" \/>\n","protected":false},"excerpt":{"rendered":"<p>Rosn\u0105ce zagro\u017cenie terrorystyczne w p\u00f3\u0142nocnej cz\u0119\u015bci Zachodniego Brzegu Seth Frantzman T\u0142umaczenie: Andrzej Koraszewski Iran szmugluje tysi\u0105ce sztuk broni na Zachodni Brzeg, pr\u00f3buj\u0105c stworzy\u0107 kolejny front. (Zdj\u0119cie: zrzut z ekranu wideo \/ https:\/\/www.youtube.com\/watch?v=K_pqHq_oys8 Bro\u0144 trafia na Zachodni Brzeg, co stwarza rosn\u0105ce zagro\u017cenie terrorystyczne. S\u0105 to ju\u017c podstawy pewnego rodzaju \u201egazafikacji\u201d. Zar\u00f3wno Izrael, jak i\u00a0Autonomia Palesty\u0144ska\u00a0walcz\u0105 z [&hellip;]<\/p>\n","protected":false},"author":1,"featured_media":0,"comment_status":"closed","ping_status":"closed","sticky":false,"template":"","format":"standard","meta":[],"categories":[6],"tags":[26,24],"_links":{"self":[{"href":"https:\/\/www.reunion68.se\/index.php?rest_route=\/wp\/v2\/posts\/117998"}],"collection":[{"href":"https:\/\/www.reunion68.se\/index.php?rest_route=\/wp\/v2\/posts"}],"about":[{"href":"https:\/\/www.reunion68.se\/index.php?rest_route=\/wp\/v2\/types\/post"}],"author":[{"embeddable":true,"href":"https:\/\/www.reunion68.se\/index.php?rest_route=\/wp\/v2\/users\/1"}],"replies":[{"embeddable":true,"href":"https:\/\/www.reunion68.se\/index.php?rest_route=%2Fwp%2Fv2%2Fcomments&post=117998"}],"version-history":[{"count":6,"href":"https:\/\/www.reunion68.se\/index.php?rest_route=\/wp\/v2\/posts\/117998\/revisions"}],"predecessor-version":[{"id":118014,"href":"https:\/\/www.reunion68.se\/index.php?rest_route=\/wp\/v2\/posts\/117998\/revisions\/118014"}],"wp:attachment":[{"href":"https:\/\/www.reunion68.se\/index.php?rest_route=%2Fwp%2Fv2%2Fmedia&parent=117998"}],"wp:term":[{"taxonomy":"category","embeddable":true,"href":"https:\/\/www.reunion68.se\/index.php?rest_route=%2Fwp%2Fv2%2Fcategories&post=117998"},{"taxonomy":"post_tag","embeddable":true,"href":"https:\/\/www.reunion68.se\/index.php?rest_route=%2Fwp%2Fv2%2Ftags&post=117998"}],"curies":[{"name":"wp","href":"https:\/\/api.w.org\/{rel}","templated":true}]}}