{"id":11809,"date":"2015-01-03T19:00:00","date_gmt":"2015-01-03T17:00:00","guid":{"rendered":"http:\/\/www.reunion68.se\/?p=11809"},"modified":"2015-01-02T16:07:11","modified_gmt":"2015-01-02T14:07:11","slug":"11809","status":"publish","type":"post","link":"https:\/\/www.reunion68.se\/?p=11809","title":{"rendered":"Europa, prawdziwy wr\u00f3g Palesty\u0144czyk\u00f3w"},"content":{"rendered":"<h5 style=\"text-align: center;\"><a href=\"http:\/\/www.listyznaszegosadu.pl\/\" target=\"_blank\"><img decoding=\"async\" class=\"center alignleft\" src=\"http:\/\/www.reunion68.com\/Biuletyn\/img\/z-naszego.jpg\" alt=\"\" width=\"400\" \/><\/a><span style=\"text-decoration: underline; color: #000080;\"><span style=\"text-decoration: underline;\"><strong><a style=\"color: #000080; text-decoration: underline;\" href=\"http:\/\/www.listyznaszegosadu.pl\/brunatna-fala\/europa-prawdziwy-wrog-palestynczykow\" target=\"_blank\">Europa, prawdziwy wr\u00f3g Palesty\u0144czyk\u00f3w<\/a><\/strong><\/span><\/span><\/h5>\n<p style=\"text-align: center;\"><span style=\"color: #333333;\"><strong>Bassam Tawil <\/strong><\/span><\/p>\n<p style=\"text-align: center;\"><span style=\"color: #333333;\">T\u0142umaczenie: Ma\u0142gorzata Koraszewska<\/span><\/p>\n<hr style=\"height: 15px; background: #d0e6fa; width: 710px;\" \/>\n<div style=\"width: 360px\" class=\"wp-caption alignright\"><img decoding=\"async\" src=\"http:\/\/www.listyznaszegosadu.pl\/upload\/article\/bild\/6590\/608699\/677_s.jpg\" alt=\"Prezydent AP Mahmoud Abbas (po prawej) spotyka si\u0119 z szefem biura politycznego Hamasu Chaledem Maszaalem w Katarze, 20 lipca 2014. (Zdj\u0119cie: Handout from the Palestinian Authority President's Office\/Thaer Ghanem)\" width=\"350\" border=\"0\" \/><p class=\"wp-caption-text\"><span style=\"color: #000080;\"><em>Prezydent AP Mahmoud Abbas (po prawej) spotyka si\u0119 z szefem biura politycznego Hamasu Chaledem Maszaalem w Katarze, 20 lipca 2014. (Zdj\u0119cie: Handout from the Palestinian Authority President&#8217;s Office\/Thaer Ghanem)<\/em><\/span><\/p><\/div>\n<p style=\"text-align: left;\"><span style=\"color: #333333;\"><strong>S\u0142uchaj\u0105c, zar\u00f3wno po angielsku, jak po arabsku, najnowszych przem\u00f3wie\u0144 prezydenta Autonomii Palesty\u0144skiej [AP] Mahmouda Abbasa i jego towarzyszy, cz\u0142onk\u00f3w Komitetu Centralnego Fatahu, ogarnia nas niemi\u0142e uczucie, \u017ce pa\u0144stwo palesty\u0144skie, promowane obecnie w Europie, b\u0119dzie nie tylko zagro\u017ceniem dla ca\u0142ego regionu, ale i dla nas, kt\u00f3rzy musimy tutaj \u017cy\u0107, jak r\u00f3wnie\u017c dla kraj\u00f3w Europy, kt\u00f3re to propaguj\u0105.<\/strong><\/span><\/p>\n<p style=\"text-align: left;\"><span style=\"color: #000080;\">Jak Palesty\u0144czycy m\u00f3wi\u0105 mi\u0119dzy sob\u0105 \u2013 daleko od dyplomat\u00f3w zatrzymuj\u0105cych si\u0119 w pi\u0119ciogwiazdkowych hotelach \u2013 zamiast zaakceptowa\u0107 ten \u201cdar\u201d, kt\u00f3ry Europa wydaje si\u0119 zdeterminowana wepchn\u0105\u0107 nam w gard\u0142o, wielu ludzi coraz bardziej nie widzi innego wyboru, jak rozpocz\u0105\u0107 rewolucj\u0119 \u201cPalesty\u0144skiej Wiosny\u201d. Nie by\u0142oby to w celu, jak mo\u017cna s\u0105dzi\u0107, \u017ceby pozby\u0107 si\u0119 Izraela, ale \u017ceby wreszcie pozby\u0107 si\u0119 naszego koszmarnego kierownictwa i skorumpowanego systemu rz\u0105d\u00f3w \u2013 i powstrzyma\u0107 kraje europejskie, kt\u00f3re narzucaj\u0105 nam ten brutalny system przez finansowanie go.<\/span><\/p>\n<p style=\"text-align: left;\"><span style=\"color: #000080;\">Mieli\u015bmy dosy\u0107 szcz\u0119\u015bcia, by zobaczy\u0107 na przyk\u0142adzie Izraela, jak funkcjonuje demokracja. Chocia\u017c wi\u0119c rewolucja Palesty\u0144skiej Wiosny mo\u017ce na pewien czas spowodowa\u0107 chaos w regionie i gdzie indziej, jej szanse sukcesu s\u0105 du\u017co pewniejsze ni\u017c w innych miejscach na Bliskim Wschodzie, gdzie pr\u00f3bowano, ale nie zawsze si\u0119 to udawa\u0142o.<\/span><\/p>\n<p style=\"text-align: left;\"><span style=\"color: #000080;\">Oczywi\u015bcie, nie chcemy tego robi\u0107, ale je\u015bli Europa zmusi nas, by\u015bmy mieli t\u0119 skorumpowan\u0105 dyktatur\u0119 o nazwie Palestyna, grupy terrorystyczne, takie jak Hamas, Al-Kaida, Islamski D\u017cihad i ISIS zalej\u0105 Zachodni Brzeg w czasie kr\u00f3tszym ni\u017c tydzie\u0144 i nasze \u017cycie b\u0119dzie jeszcze gorsze ni\u017c jest teraz. Po prostu nie wiemy, co jeszcze mogliby\u015bmy zrobi\u0107, \u017ceby broni\u0107 si\u0119 przed tymi \u201edobroczy\u0144cami\u201d z Europy.<\/span><\/p>\n<p style=\"text-align: left;\"><span style=\"color: #000080;\">Kierownictwo palesty\u0144skie, kt\u00f3re uciska ludzi zamiast konsultowa\u0107 si\u0119 z nimi, zaprzeczy oczywi\u015bcie temu wszystkiemu w rozmowach z dyplomatami europejskimi. Przyw\u00f3dcy palesty\u0144scy chc\u0105, by fundusze nap\u0142ywa\u0142y nadal i chc\u0105 utrzyma\u0107 swoje posady. A europejscy dyplomaci nie rozmawiaj\u0105 z nami, z cz\u0142owiekiem z ulicy, ze sfrustrowan\u0105 reszt\u0105 naszego spo\u0142ecze\u0144stwa. Rozmawiaj\u0105 tylko ze sob\u0105, ze swoimi \u201eodpowiednikami\u201d, jak ich nazywaj\u0105, w klimatyzowanych salach spotka\u0144 i w hotelach.<\/span><\/p>\n<p style=\"text-align: left;\"><span style=\"color: #000080;\">My za\u015b m\u00f3wimy o tym, jak Europejczycy i ich dyplomaci p\u0142ac\u0105 naszym przyw\u00f3dcom, by dla nich zabijali \u017byd\u00f3w \u2013 za ich pieni\u0105dze i kosztem naszego \u017cycia \u2013 \u017ceby mo\u017cna by\u0142o doko\u0144czy\u0107 roboty bez ubrudzenia sobie r\u0105k i nadal dobrze my\u015ble\u0107 o sobie.<\/span><\/p>\n<p style=\"text-align: left;\"><span style=\"color: #000080;\">I najwyra\u017aniej uwa\u017caj\u0105, \u017ce nie potrafimy przejrze\u0107 ich plan\u00f3w. A jako podzi\u0119kowanie zamkn\u0105 nas w pu\u0142apce kolejnej, skorumpowanej dyktatury arabskiej.<\/span><\/p>\n<p style=\"text-align: left;\"><span style=\"color: #000080;\">Nie jest to win\u0105 Izraelczyk\u00f3w. W dziwaczny spos\u00f3b Izraelczycy s\u0105 tak\u017ce ofiarami, bo Europejczycy \u2013 w zmowie z naszymi przyw\u00f3dcami \u2013 manipuluj\u0105 nami, by\u015bmy ich nienawidzili. Jest to nieustanne pranie m\u00f3zg\u00f3w.<\/span><\/p>\n<p style=\"text-align: left;\"><span style=\"color: #000080;\">Europejczycy stawiaj\u0105 w\u0142asnych obywateli przed s\u0105dem za \u201cmow\u0119 nienawi\u015bci\u201d, kiedy m\u00f3wi\u0105 prawd\u0119; niemniej daj\u0105 miliony na nieustann\u0105 propagand\u0119 i krwio\u017cercze mowy nienawi\u015bci w naszej kontrolowanej przez rz\u0105d telewizji \u2013 jedynym rodzaju telewizji, jaki mamy. Finansuj\u0105 bezprzyk\u0142adny rynsztok, jaki tylko potrafi\u0105 wymy\u015ble\u0107 nasi przyw\u00f3dcy.<\/span><\/p>\n<p style=\"text-align: left;\"><span style=\"color: #000080;\">Powszechnym twierdzeniem jest \u201cokupacja\u201d, ale Izraelczycy \u201cokupuj\u0105\u201d Zachodni Brzeg tylko dlatego, \u017ce my \u2013 w postaci Jordanii \u2013 okupowali\u015bmy ziemi\u0119 im przyznan\u0105, a potem wielokrotnie atakowali\u015bmy ich.<\/span><\/p>\n<p style=\"text-align: left;\"><span style=\"color: #000080;\">Nowszym twierdzeniem s\u0105 \u201cosiedla\u201d, ale Organizacja Wyzwolenia Palestyny [OWP] zosta\u0142a utworzona w 1964 r., zanim istnia\u0142y jakiekolwiek \u201eosiedla\u201d, to co w\u0142a\u015bciwie mieli zamiar wyzwala\u0107? Je\u015bli spojrzysz na jak\u0105kolwiek map\u0119 palesty\u0144sk\u0105, do dnia dzisiejszego obejmuje ona zawsze ca\u0142y kraj Izraela. Dla Autonomii Palesty\u0144skiej i wielu Arab\u00f3w i muzu\u0142man\u00f3w ca\u0142y Izrael jest jednym, wielki \u201eosiedlem\u201d. W zesz\u0142ym tygodniu cz\u0142onek Komitetu Centralnego Fatahu Tawfiq Tirawi powiedzia\u0142: &#8220;Hajfa, Jaffa, Akko i Nazaret s\u0105 Palesty\u0144skie, mimo Amerykan\u00f3w i Izraelczyk\u00f3w\u201d. W nast\u0119pnym tygodniu b\u0119dzie jaki\u015b inny pretekst.<\/span><\/p>\n<p style=\"text-align: left;\"><span style=\"color: #000080;\">Staje si\u0119 coraz ja\u015bniejsze, \u017ce za wszystko w\u0142a\u015bciwie, co jest z\u0142e tutaj, mo\u017cemy dzi\u0119kowa\u0107 Europie, jej przyw\u00f3dcom, kt\u00f3rzy finansuj\u0105 i oklaskuj\u0105 korupcj\u0119 i bezprawie, jakich nie tolerowaliby przez minut\u0119 we w\u0142asnych krajach, ale od nas oczekuj\u0105, \u017ce je zniesiemy.<\/span><\/p>\n<p style=\"text-align: left;\"><span style=\"color: #000080;\">Palestyna jest tutaj, dok\u0142adnie w miejscu, gdzie zawsze by\u0142a. Ludzie zamieszkiwali j\u0105 od 4 tysi\u0119cy lat, Arabowie, chrze\u015bcijanie, \u017bydzi i ka\u017cdy, kto si\u0119 tutaj pokaza\u0142. Rzymski cesarz August nazywa\u0142 j\u0105 Iudaea. P\u00f3\u017aniej, w 135 r. n.e. Rzymianie nazwali j\u0105 Syria Palaestina, jako pr\u00f3b\u0119 zerwania wszystkich powi\u0105za\u0144 z \u017bydami[1]. By\u0142a cz\u0119\u015bci\u0105 Imperium Osma\u0144skiego a\u017c do jego rozwi\u0105zania w 1918 r., a potem zosta\u0142a ponownie nazwana Palestyn\u0105 pod mandatem brytyjskim. Po wojnie Izraela o niepodleg\u0142o\u015b\u0107 zosta\u0142a nazwana Izraelem i tak nazywa si\u0119 do dzisiaj.<\/span><\/p>\n<p style=\"text-align: right;\"><span style=\"color: #000080;\">Czytaj dalej tu: <span style=\"text-decoration: underline;\"><strong><a style=\"color: #000080; text-decoration: underline;\" href=\"http:\/\/www.listyznaszegosadu.pl\/brunatna-fala\/europa-prawdziwy-wrog-palestynczykow\" target=\"_blank\">Europa, prawdziwy&#8230;<\/a><\/strong><\/span><\/span><\/p>\n<hr style=\"height: 15px; background: #d0e6fa; width: 710px;\" \/>\n<div id=\"content\" class=\"  content-alignment&lt;br \/&gt;&lt;br \/&gt; \">\n<div id=\"watch-description\" class=\"yt-uix-button-panel\">\n<div id=\"watch-description-text\">\n<p style=\"text-align: center;\"><span style=\"color: #808080;\"> twoje uwagi, linki, wlasne artykuly, lub wiadomosci przeslij do: <strong><span style=\"text-decoration: underline;\"><span style=\"color: #808080; text-decoration: underline;\"><a href=\"mailto:webmaster@reunion68.com\">webmaster@reunion68.com<\/a><\/span><\/span><\/strong><\/span><\/p>\n<\/div>\n<\/div>\n<\/div>\n<p>&nbsp;<\/p>\n<hr style=\"width: 710px;\" \/>\n","protected":false},"excerpt":{"rendered":"<p>Europa, prawdziwy wr\u00f3g Palesty\u0144czyk\u00f3w Bassam Tawil T\u0142umaczenie: Ma\u0142gorzata Koraszewska S\u0142uchaj\u0105c, zar\u00f3wno po angielsku, jak po arabsku, najnowszych przem\u00f3wie\u0144 prezydenta Autonomii Palesty\u0144skiej [AP] Mahmouda Abbasa i jego towarzyszy, cz\u0142onk\u00f3w Komitetu Centralnego Fatahu, ogarnia nas niemi\u0142e uczucie, \u017ce pa\u0144stwo palesty\u0144skie, promowane obecnie w Europie, b\u0119dzie nie tylko zagro\u017ceniem dla ca\u0142ego regionu, ale i dla nas, kt\u00f3rzy musimy [&hellip;]<\/p>\n","protected":false},"author":1,"featured_media":0,"comment_status":"closed","ping_status":"closed","sticky":false,"template":"","format":"standard","meta":[],"categories":[6],"tags":[24],"_links":{"self":[{"href":"https:\/\/www.reunion68.se\/index.php?rest_route=\/wp\/v2\/posts\/11809"}],"collection":[{"href":"https:\/\/www.reunion68.se\/index.php?rest_route=\/wp\/v2\/posts"}],"about":[{"href":"https:\/\/www.reunion68.se\/index.php?rest_route=\/wp\/v2\/types\/post"}],"author":[{"embeddable":true,"href":"https:\/\/www.reunion68.se\/index.php?rest_route=\/wp\/v2\/users\/1"}],"replies":[{"embeddable":true,"href":"https:\/\/www.reunion68.se\/index.php?rest_route=%2Fwp%2Fv2%2Fcomments&post=11809"}],"version-history":[{"count":16,"href":"https:\/\/www.reunion68.se\/index.php?rest_route=\/wp\/v2\/posts\/11809\/revisions"}],"predecessor-version":[{"id":11826,"href":"https:\/\/www.reunion68.se\/index.php?rest_route=\/wp\/v2\/posts\/11809\/revisions\/11826"}],"wp:attachment":[{"href":"https:\/\/www.reunion68.se\/index.php?rest_route=%2Fwp%2Fv2%2Fmedia&parent=11809"}],"wp:term":[{"taxonomy":"category","embeddable":true,"href":"https:\/\/www.reunion68.se\/index.php?rest_route=%2Fwp%2Fv2%2Fcategories&post=11809"},{"taxonomy":"post_tag","embeddable":true,"href":"https:\/\/www.reunion68.se\/index.php?rest_route=%2Fwp%2Fv2%2Ftags&post=11809"}],"curies":[{"name":"wp","href":"https:\/\/api.w.org\/{rel}","templated":true}]}}