{"id":118228,"date":"2025-01-09T17:05:04","date_gmt":"2025-01-09T15:05:04","guid":{"rendered":"http:\/\/www.reunion68.se\/?p=118228"},"modified":"2025-01-07T17:10:00","modified_gmt":"2025-01-07T15:10:00","slug":"07-05-106","status":"publish","type":"post","link":"https:\/\/www.reunion68.se\/?p=118228","title":{"rendered":"Europe Is Canceling Christmas"},"content":{"rendered":"<h5 style=\"text-align: center;\"><a href=\"https:\/\/www.tabletmag.com\/\" target=\"_blank\" rel=\"noopener noreferrer\"><img decoding=\"async\" class=\"center alignleft\" src=\"http:\/\/www.reunion68.com\/Biuletyn\/img\/tablet-1.png\" alt=\"\" width=\"35%\"><\/a><span style=\"text-decoration: underline; color: #000080;\"><span><strong><a style=\"color: #000080; text-decoration: underline;\" href=\"https:\/\/www.tabletmag.com\/sections\/news\/articles\/europe-canceling-christmas\" target=\"_blank\" rel=\"noopener noreferrer\">Europe Is Canceling Christmas<\/a><\/strong><\/span><\/span><\/h5>\n<p style=\"text-align: center;\"><span style=\"color: #000000;\"><strong><br \/>\nItxu D\u00edaz<\/strong><\/span><\/p>\n<hr style=\"height: 15px; background: #d0e6fa; width: 100%;\">\n<div>\n<h4 style=\"text-align: center;\"><strong>Moves in France, Spain, the United Kingdom, and Germany are a worrying sign of the West\u2019s renunciation of its Judeo-Christian identity<\/strong><\/h4>\n<\/div>\n<p style=\"text-align: center;\">.<br \/>\n<img decoding=\"async\" class=\"aligncenter\" src=\"https:\/\/tablet-mag-images.b-cdn.net\/production\/fc4f7ce78a8a60673e4a21ae13c6415f20e3db78-3000x2000.jpg?w=1300&amp;q=70&amp;auto=format&amp;dpr=1\" width=\"100%\"><span style=\"color: #808080;\"><em>An artwork by French street artist James Colomina, depicting a Santa Claus lying on the ground, his head and torso crushed by a huge white gift box adorned with a red ribbon, on the Place de la Republique in Paris, on Dec. 19, 2024 \/ Julien De Rosa\/AFP via Getty Images<\/em><\/span><\/p>\n<div class=\"BlockContent col-12 lg:col-10 xl-wide:col-8 mxauto\">\n<p style=\"text-align: left;\"><span style=\"color: #000080;\">Christmas is a holiday of peace and goodwill. Families come together, angry friends forgive each other, everyone celebrates with a combination of happiness, champagne, and melancholy, and all those things we see in Frank Capra movies. It is difficult for anyone of any religion, or even an agnostic, to be offended by this celebration. But what I find puzzling is that celebrating the holiday with lights and Christmas motifs is now becoming frowned upon not, as one might expect, in Karachi or Mogadishu, but in the heart of Old Europe.<\/span><\/p>\n<\/div>\n<div class=\"BlockContent col-12 lg:col-10 xl-wide:col-8 mxauto\" style=\"text-align: left;\">\n<p><span style=\"color: #000080;\">The gradual cancellation of Christmas in countries such as France, Spain, the United Kingdom or Germany is perhaps the most worrying symptom of the West\u2019s renunciation of its Judeo-Christian cultural identity. It is happening at all levels: from governments and city councils to schools and associations. As ever, it\u2019s the secularists of the socialist left, behind the facade of \u201cinclusivity,\u201d who are the most determined to cancel Christmas, which for centuries has been celebrated in style throughout the continent. Indeed, it has been celebrated as a festivity of the union, not segregation, between different peoples. What Ronald Reagan explained simply and in his own unique way, that \u201cChristmas is a holiday that we celebrate not as individuals nor as a nation, but as a human family,\u201d now appears entirely incomprehensible.<\/span><\/p>\n<\/div>\n<div class=\"BlockContent col-12 lg:col-10 xl-wide:col-8 mxauto\" style=\"text-align: left;\">\n<p><span style=\"color: #000080;\">Let\u2019s look at some examples of what is happening in Europe. In November, the head teacher of Wherwell Primary School, in Andover, England, informed parents that there would be no reference to Christmas in the school\u2019s traditional festive pantomime, in order to be \u201cinclusive.\u201d Since \u201cChristmas songs were included in the performance,\u201d and some parents usually prevent their children from attending on religious grounds, the head teacher wrote, \u201cWe have requested that the show contain no reference to Christmas.\u201d According to the 2021 census, 62.4% of Andover\u2019s then-50,887 residents identified as Christian, compared with 0.6% who are Muslim.<\/span><\/p>\n<\/div>\n<div class=\"BlockContent col-12 lg:col-10 xl-wide:col-8 mxauto\" style=\"text-align: left;\">\n<p><span style=\"color: #000080;\">The trend of canceling Christmas in European schools didn\u2019t start this year, it simply spreads from one December to the next like an oil slick at sea. The first major controversy occurred in 2011, when kindergartens and schools in Denmark canceled their traditional Christmas celebrations so as not to offend Muslims, who are already the second-largest religion in the country, and who are densely&nbsp;<a style=\"color: #000080;\" href=\"https:\/\/www.nytimes.com\/2018\/07\/01\/world\/europe\/denmark-immigrant-ghettos.html?smid=tw-nytimes&amp;smtyp=cur\">concentrated<\/a>&nbsp;in ghettos in large cities.<\/span><\/p>\n<\/div>\n<div class=\"BlockContent col-12 lg:col-10 xl-wide:col-8 mxauto\">\n<p style=\"text-align: left;\"><span style=\"color: #000080;\">France, the European country with the most immigrants of Arab origin, has also been de-Christianizing Christmas for years. After the jihadist attack against a Christmas market in Strasbourg in 2018, far from redoubling the defense of freedom and pride in their Christian traditions, political leaders intensified the secularist drift, and this year there are already a majority of French cities whose authorities have decided to eliminate Christian referencing in Christmas&nbsp;<a style=\"color: #000080;\" href=\"https:\/\/www.liberation.fr\/checknews\/bel-hiver-voyage-en-hiver-des-villes-ont-elles-rebaptise-leur-marche-de-noel-pour-invisibiliser-la-fete-chretienne-20241216_JPO53UOKVJFMTHD4SMJJP34M5U\/\">celebrations<\/a>, sometimes going to ridiculous extremes. Nantes is now celebrating its \u201cWinter Journey\u201d (whatever that means), Angers is observing \u201cWinter Suns,\u201d Bordeaux is touting \u201cBordeaux in festivities,\u201d and Saint Denis is holding a Christmas vacation called \u201cDestination Beautiful Winter\u201d while its mayor celebrates the holiday by shouting \u201c<a style=\"color: #000080;\" href=\"https:\/\/www.articulo14.es\/internacional\/feliz-invierno-el-alcalde-de-saint-denis-se-olvida-de-la-navidad-20241208.html\">Happy Winter!<\/a>\u201d The official festive brochure of this French community includes puppets, fire-eaters, craft workshops for children, and no iconic Christian Christmas imagery.<\/span><\/p>\n<\/div>\n<div class=\"PullQuote PullQuote--center flex flex-col items-center pt1_5 pb3 mt1_75 mb_75 border-bottom-black\">\n<blockquote>\n<p class=\"PullQuote__text PullQuote--center__text text-center\" style=\"text-align: left;\"><strong>The main problem of the West\u2019s cultural and identity decadence lies not so much in external aggressors as in internal betrayals and renunciations.<\/strong><\/p>\n<\/blockquote>\n<div class=\"ArticleView__content-switch bradford text-article-body-md font-300 mxauto\">\n<div class=\"BlockContent col-12 lg:col-10 xl-wide:col-8 mxauto\">\n<p style=\"text-align: left;\"><span style=\"color: #000080;\">In France, the madness was best captured, ironically, by a French Muslim deliveryman in a&nbsp;<a style=\"color: #000080;\" href=\"https:\/\/www.dailymotion.com\/video\/x9accf6\">video<\/a>&nbsp;that went viral. In it, he relayed how, on one of his deliveries this year, he noticed that Christmas decorations and nativity scenes were absent at a town hall in the countryside. The mayor told him that the state had sent out instructions that there should be no decorations in city halls, which the Muslim man found \u201cscandalous\u201d: \u201cOur friends the Christians, our brothers, they are in a Christian country. Yes,&nbsp;<em>la\u00efcit\u00e9<\/em>, fine. But, no. They have the right to decorate their town hall for their holiday. Mangers don\u2019t bother me \u2026 Politicians, you are going to kill France, you are going to kill Christians! It\u2019s crazy!\u201d the man exclaimed.<\/span><\/p>\n<\/div>\n<div class=\"BlockContent col-12 lg:col-10 xl-wide:col-8 mxauto\" style=\"text-align: left;\">\n<p><span style=\"color: #000080;\">In Spain things are not much better, perhaps because, as they say there, fish always rots from the head. The prime minister received a lot of criticism this year for his supposed Christmas greeting (\u201cHere\u2019s to a new year full of health, hope and prosperity. Happy holidays\u201d) in which he expressly avoided congratulating Christians on Christmas, while a few months ago he had no qualms about congratulating Muslims by expressly referencing \u201cRamadan.\u201d Also, several municipalities governed by extreme left mayors have limited to a minimum Christmas decorations in the streets and removed from their festive programs anything that might sound minimally Christian.<\/span><\/p>\n<\/div>\n<div class=\"BlockContent col-12 lg:col-10 xl-wide:col-8 mxauto\" style=\"text-align: left;\">\n<p><span style=\"color: #000080;\">Paradoxically, despite the Spanish socialist government\u2019s attempts to turn off Christmas, private life, as so often happens, marches to the beat of its own drum. So-called company Christmas dinners, gatherings where people celebrate such an important date with their work colleagues, and which often end in the wee hours of the morning, are becoming more and more popular and bigger\u2014though not without risk, as Phyllis Diller remarked: \u201cWhat I don\u2019t like about office Christmas parties is looking for a job the next day.\u201d<\/span><\/p>\n<\/div>\n<div class=\"BlockContent col-12 lg:col-10 xl-wide:col-8 mxauto\" style=\"text-align: left;\">\n<p><span style=\"color: #000080;\">These examples of Christmas cancellation in Spain, France, the U.K., or Denmark, can similarly be found in Belgium, Germany, Sweden, and many other European countries. None of this could happen without the European left and social democrats. The same parties that have promoted mass immigration have now pioneered a strange paradox: promoting secularism to expel Christianity from all institutions, starting with the classrooms, and at the same time, attending the constant requests of Muslim communities to promote Islamic teachings and traditions, again, especially in schools.<\/span><\/p>\n<\/div>\n<div class=\"BlockContent col-12 lg:col-10 xl-wide:col-8 mxauto\" style=\"text-align: left;\">\n<p><span style=\"color: #000080;\">The main problem with mass Muslim immigration in the West is their very low rate of assimilation in the host cultures. But what\u2019s more dangerous is that native leaders are so determined to deny their own identity, and their Judeo-Christian cultural heritage which should only be a source of pride, and not the burden that seems to weigh them down now.<\/span><\/p>\n<\/div>\n<div class=\"BlockContent col-12 lg:col-10 xl-wide:col-8 mxauto\" style=\"text-align: left;\">\n<p><span style=\"color: #000080;\">For years, many private organizations have also been joining in the cultural change. Despite the fact that Christmas season is the most important one of the year for large retailers, many leading European brands have been replacing in their stores any minimally Christian reference with an amalgam of lights, random messages\u2014\u201chope,\u201d \u201clove,\u201d \u201chappiness\u201d\u2014and mountains of snow in the decoration, since cold and winter have always been the favorite alternative for those who wish to remove themselves from any religious association, for fear of a possible boycott by radical groups.<\/span><\/p>\n<\/div>\n<div class=\"BlockContent col-12 lg:col-10 xl-wide:col-8 mxauto\" style=\"text-align: left;\">\n<p><span style=\"color: #000080;\">All this leads us to conclude that the main problem of the West\u2019s cultural and identity decadence lies not so much in external aggressors as in internal betrayals and renunciations. \u201cTo the end, I will remain a child of Europe, of worry and of shame; I have no message of hope to deliver,\u201d wrote Michel Houellebecq in&nbsp;<em>Platform<\/em>, \u201cfor the West, I do not feel hatred; at most I feel a great contempt. I know only that every single one of us reeks of selfishness, masochism and death. We have created a system in which it has simply become impossible to live; and what\u2019s more, we continue to export it.\u201d<\/span><\/p>\n<\/div>\n<div class=\"BlockContent col-12 lg:col-10 xl-wide:col-8 mxauto\" style=\"text-align: left;\">\n<p><span style=\"color: #000080;\">To restore its confidence and sense of self, the West\u2014each one of its sovereign nations\u2014should look at the way Jews care for, respect, and take pride in their nation, their history, their religion, their traditions. Contrast Europe\u2019s cultural clashes with the peaceful, mutually enriching cultural coexistence offered by the Jewish experience in the United States. It is no accident that some of the most beautiful and melancholy Christmas songs have come from Jewish composers and lyricists such as Irving Berlin, Mel Torm\u00e9, Bob Wells, Felix Bernard, Jay Livingston, Ralph Blane, and Johnny Marks.<\/span><\/p>\n<\/div>\n<div class=\"BlockContent col-12 lg:col-10 xl-wide:col-8 mxauto\" style=\"text-align: left;\">\n<p><span style=\"color: #000080;\">No Christian would expect these songs to be a loudspeaker for religious beliefs they did not share. Still, these songwriters, immigrants or sons of immigrants desperately eager to assimilate in America and to express their love for it and for its customs, were able to help us all celebrate Christmas and the traditions that we associate with its celebration, including the importance of bringing family together, paying more attention to the disadvantaged, trying to recover lost friendships, or missing our elders, the ancestors who can no longer sit at the table with us on Christmas Eve, and to whom we owe everything we are, including what we are culturally.<\/span><\/p>\n<\/div>\n<div class=\"BlockContent col-12 lg:col-10 xl-wide:col-8 mxauto\">\n<p style=\"text-align: left;\"><span style=\"color: #000080;\">Religious beliefs are integral to who we are as human beings. And in a healthy society, harmonious coexistence, and mutual respect between people of different religions of their respective holidays, should be the norm. The capitulation that so many European leaders are spearheading will only embolden radicals and forestall migrant assimilation. And when they come to demand more, the dissolved identity of our people will no longer have the strength to stand up and claim a space of freedom to celebrate the traditions of our own Judeo-Christian heritage. It will then be too late.<\/span><\/p>\n<hr>\n<\/div>\n<\/div>\n<div class=\"AuthorBioBlock col-12 lg:col-10 xl-wide:col-8 w100 mt6 mxauto\">\n<div class=\"AuthorBioBlock__container graebenbach mt1_5 text-section-details-sm font-300 color-red\">\n<p><span style=\"color: #808080;\"><em><strong>Itxu D\u00edaz<\/strong> is a Spanish journalist, political satirist, author, and columnist at several Spanish magazines and newspapers. His latest book,&nbsp;I Will Not Eat Crickets: An Angry Satirist Declares War on the Globalist Elite,&nbsp;was recently released in the U.S.<\/em><\/span><\/p>\n<\/div>\n<\/div>\n<\/div>\n<hr style=\"height: 15px; background: #d0e6fa; width: 100%;\">\n<div id=\"content\" class=\"content-alignment\">\n<div id=\"watch-description\" class=\"yt-uix-button-panel\">\n<div id=\"watch-description-text\" style=\"text-align: center;\">\n<p><em>Zawarto\u015b\u0107 publikowanych artyku\u0142\u00f3w i materia\u0142\u00f3w nie reprezentuje pogl\u0105d\u00f3w ani opinii Reunion&#8217;68,<\/em><em><br \/>\nani te\u017c webmastera Blogu Reunion&#8217;68, chyba ze jest to wyra\u017anie zaznaczone.<br \/>\nTwoje uwagi, linki, w\u0142asne artyku\u0142y lub wiadomo\u015bci prze\u015blij na adres:<br \/>\n<\/em><span style=\"color: #000080;\"><strong><em><a style=\"color: #000080;\" href=\"mailto:webmaster@reunion68.com\"><span style=\"text-decoration: underline;\">webmaster@reunion68.com<\/span><\/a><\/em><\/strong><\/span><\/p>\n<\/div>\n<\/div>\n<\/div>\n<hr style=\"width: 100%;\">\n","protected":false},"excerpt":{"rendered":"<p>Europe Is Canceling Christmas Itxu D\u00edaz Moves in France, Spain, the United Kingdom, and Germany are a worrying sign of the West\u2019s renunciation of its Judeo-Christian identity . An artwork by French street artist James Colomina, depicting a Santa Claus lying on the ground, his head and torso crushed by a huge white gift box [&hellip;]<\/p>\n","protected":false},"author":1,"featured_media":0,"comment_status":"closed","ping_status":"closed","sticky":false,"template":"","format":"standard","meta":[],"categories":[6],"tags":[26,24],"_links":{"self":[{"href":"https:\/\/www.reunion68.se\/index.php?rest_route=\/wp\/v2\/posts\/118228"}],"collection":[{"href":"https:\/\/www.reunion68.se\/index.php?rest_route=\/wp\/v2\/posts"}],"about":[{"href":"https:\/\/www.reunion68.se\/index.php?rest_route=\/wp\/v2\/types\/post"}],"author":[{"embeddable":true,"href":"https:\/\/www.reunion68.se\/index.php?rest_route=\/wp\/v2\/users\/1"}],"replies":[{"embeddable":true,"href":"https:\/\/www.reunion68.se\/index.php?rest_route=%2Fwp%2Fv2%2Fcomments&post=118228"}],"version-history":[{"count":6,"href":"https:\/\/www.reunion68.se\/index.php?rest_route=\/wp\/v2\/posts\/118228\/revisions"}],"predecessor-version":[{"id":118314,"href":"https:\/\/www.reunion68.se\/index.php?rest_route=\/wp\/v2\/posts\/118228\/revisions\/118314"}],"wp:attachment":[{"href":"https:\/\/www.reunion68.se\/index.php?rest_route=%2Fwp%2Fv2%2Fmedia&parent=118228"}],"wp:term":[{"taxonomy":"category","embeddable":true,"href":"https:\/\/www.reunion68.se\/index.php?rest_route=%2Fwp%2Fv2%2Fcategories&post=118228"},{"taxonomy":"post_tag","embeddable":true,"href":"https:\/\/www.reunion68.se\/index.php?rest_route=%2Fwp%2Fv2%2Ftags&post=118228"}],"curies":[{"name":"wp","href":"https:\/\/api.w.org\/{rel}","templated":true}]}}